{"id":1658,"date":"2025-11-24T17:43:57","date_gmt":"2025-11-24T17:43:57","guid":{"rendered":"https:\/\/www.crea.gov.co\/crea-roma\/?p=1658"},"modified":"2025-11-24T17:50:31","modified_gmt":"2025-11-24T17:50:31","slug":"federico-sin-rayas-de-visita-en-cire","status":"publish","type":"post","link":"https:\/\/www.crea.gov.co\/crea-roma\/federico-sin-rayas-de-visita-en-cire\/","title":{"rendered":"\u00a1Federico sin rayas, de visita en CIR\u00c9!"},"content":{"rendered":"<figure class=\"wp-block-post-featured-image\"><img loading=\"lazy\" decoding=\"async\" width=\"1280\" height=\"960\" src=\"https:\/\/www.crea.gov.co\/crea-roma\/wp-content\/uploads\/sites\/10\/2025\/11\/WhatsApp-Image-2025-11-07-at-5.05.51-PM.jpeg\" class=\"attachment-post-thumbnail size-post-thumbnail wp-post-image\" alt=\"\" style=\"object-fit:cover;\" srcset=\"https:\/\/www.crea.gov.co\/crea-roma\/wp-content\/uploads\/sites\/10\/2025\/11\/WhatsApp-Image-2025-11-07-at-5.05.51-PM.jpeg 1280w, https:\/\/www.crea.gov.co\/crea-roma\/wp-content\/uploads\/sites\/10\/2025\/11\/WhatsApp-Image-2025-11-07-at-5.05.51-PM-300x225.jpeg 300w, https:\/\/www.crea.gov.co\/crea-roma\/wp-content\/uploads\/sites\/10\/2025\/11\/WhatsApp-Image-2025-11-07-at-5.05.51-PM-1024x768.jpeg 1024w, https:\/\/www.crea.gov.co\/crea-roma\/wp-content\/uploads\/sites\/10\/2025\/11\/WhatsApp-Image-2025-11-07-at-5.05.51-PM-768x576.jpeg 768w\" sizes=\"auto, (max-width: 1280px) 100vw, 1280px\" \/><\/figure>\n\n\n<p><strong><em>El artista formador Ciro Garz\u00f3n nos comparte su experiencia con los ni\u00f1os y las ni\u00f1as de la Organizaci\u00f3n Cir\u00e9, un espacio de extensi\u00f3n donde se desarroll\u00f3 un proceso de formaci\u00f3n y creaci\u00f3n en el \u00e1rea de literatura entre los meses de agosto y noviembre. \u00a1Esperamos lo disfruten!<\/em><\/strong><\/p>\n\n\n\n<p>\u00a1Bien! \u00a1Bien! \u00a1Bien! Dije, y ah\u00ed estaba yo, una tarde soleada, con Federico Sin Rayas, un t\u00edtere que me acompa\u00f1o a los espacios cuando hab\u00eda que romper el hielo. Y se rompi\u00f3 el hielo en la organizaci\u00f3n Cir\u00e9, organizaci\u00f3n que me sonaba a Ciro, entonces los talleres empezaron bien, se movieron, los acogieron y los sostuvieron los mismos participantes.<\/p>\n\n\n\n<p>Derly es la directora de la organizaci\u00f3n una mujer empoderada de los procesos comunitarios, su presencia hizo de cada actividad literaria en Cir\u00e9 momentos de alegr\u00eda, colectividad, familiaridad y disfrute. La idea, desde el principio, hasta el final, con este impulso colectivo, fue potenciar el disfrut\u00e9 de los participantes por la literatura del doblez, el grabado, lo artesanal: un fanzine, un tapiz, un collage, un poema Dad\u00e1, en fin, hasta el fin ese fue el norte. As\u00ed paso ese trayecto corto, durante tres meses, con participantes de 8 a 12 a\u00f1os de edad, eso, en Patio Bonito. As\u00ed pasamos dos horas los jueves y viernes, de tres a cinco de la tarde, en Cir\u00e9. La pasamos creando, <strong>imaginando, potenciando, obrando, explorando, experimentando, pensando, jugando, escuchando, leyendo, escribiendo, hablando, viendo y disfrutando <\/strong>\u00bfqu\u00e9 hac\u00edamos? \u00a1Eso! En los primeros talleres hicimos bestiarios, microrrelatos, poes\u00eda Dad\u00e1, fanzines, collages, grabados, vimos cortometrajes e hicimos origami.<\/p>\n\n\n\n<figure class=\"wp-block-gallery has-nested-images columns-default is-cropped wp-block-gallery-1 is-layout-flex wp-block-gallery-is-layout-flex\">\n<figure class=\"wp-block-image size-large\"><img loading=\"lazy\" decoding=\"async\" width=\"1024\" height=\"768\" data-id=\"1671\" src=\"https:\/\/www.crea.gov.co\/crea-roma\/wp-content\/uploads\/sites\/10\/2025\/11\/WhatsApp-Image-2025-11-24-at-12.47.17-PM-1024x768.jpeg\" alt=\"\" class=\"wp-image-1671\" srcset=\"https:\/\/www.crea.gov.co\/crea-roma\/wp-content\/uploads\/sites\/10\/2025\/11\/WhatsApp-Image-2025-11-24-at-12.47.17-PM-1024x768.jpeg 1024w, https:\/\/www.crea.gov.co\/crea-roma\/wp-content\/uploads\/sites\/10\/2025\/11\/WhatsApp-Image-2025-11-24-at-12.47.17-PM-300x225.jpeg 300w, https:\/\/www.crea.gov.co\/crea-roma\/wp-content\/uploads\/sites\/10\/2025\/11\/WhatsApp-Image-2025-11-24-at-12.47.17-PM-768x576.jpeg 768w, https:\/\/www.crea.gov.co\/crea-roma\/wp-content\/uploads\/sites\/10\/2025\/11\/WhatsApp-Image-2025-11-24-at-12.47.17-PM.jpeg 1280w\" sizes=\"auto, (max-width: 1024px) 100vw, 1024px\" \/><\/figure>\n\n\n\n<figure class=\"wp-block-image size-large\"><img loading=\"lazy\" decoding=\"async\" width=\"768\" height=\"1024\" data-id=\"1669\" src=\"https:\/\/www.crea.gov.co\/crea-roma\/wp-content\/uploads\/sites\/10\/2025\/11\/WhatsApp-Image-2025-11-07-at-5.05.52-PM-3-2-768x1024.jpeg\" alt=\"\" class=\"wp-image-1669\" srcset=\"https:\/\/www.crea.gov.co\/crea-roma\/wp-content\/uploads\/sites\/10\/2025\/11\/WhatsApp-Image-2025-11-07-at-5.05.52-PM-3-2-768x1024.jpeg 768w, https:\/\/www.crea.gov.co\/crea-roma\/wp-content\/uploads\/sites\/10\/2025\/11\/WhatsApp-Image-2025-11-07-at-5.05.52-PM-3-2-225x300.jpeg 225w, https:\/\/www.crea.gov.co\/crea-roma\/wp-content\/uploads\/sites\/10\/2025\/11\/WhatsApp-Image-2025-11-07-at-5.05.52-PM-3-2.jpeg 960w\" sizes=\"auto, (max-width: 768px) 100vw, 768px\" \/><\/figure>\n\n\n\n<figure class=\"wp-block-image size-large\"><img loading=\"lazy\" decoding=\"async\" width=\"1024\" height=\"768\" data-id=\"1668\" src=\"https:\/\/www.crea.gov.co\/crea-roma\/wp-content\/uploads\/sites\/10\/2025\/11\/WhatsApp-Image-2025-11-07-at-5.05.52-PM-2-2-1024x768.jpeg\" alt=\"\" class=\"wp-image-1668\" srcset=\"https:\/\/www.crea.gov.co\/crea-roma\/wp-content\/uploads\/sites\/10\/2025\/11\/WhatsApp-Image-2025-11-07-at-5.05.52-PM-2-2-1024x768.jpeg 1024w, https:\/\/www.crea.gov.co\/crea-roma\/wp-content\/uploads\/sites\/10\/2025\/11\/WhatsApp-Image-2025-11-07-at-5.05.52-PM-2-2-300x225.jpeg 300w, https:\/\/www.crea.gov.co\/crea-roma\/wp-content\/uploads\/sites\/10\/2025\/11\/WhatsApp-Image-2025-11-07-at-5.05.52-PM-2-2-768x576.jpeg 768w, https:\/\/www.crea.gov.co\/crea-roma\/wp-content\/uploads\/sites\/10\/2025\/11\/WhatsApp-Image-2025-11-07-at-5.05.52-PM-2-2.jpeg 1280w\" sizes=\"auto, (max-width: 1024px) 100vw, 1024px\" \/><\/figure>\n\n\n\n<figure class=\"wp-block-image size-large\"><img loading=\"lazy\" decoding=\"async\" width=\"1024\" height=\"768\" data-id=\"1670\" src=\"https:\/\/www.crea.gov.co\/crea-roma\/wp-content\/uploads\/sites\/10\/2025\/11\/WhatsApp-Image-2025-11-07-at-5.05.51-PM-1-1-1024x768.jpeg\" alt=\"\" class=\"wp-image-1670\" srcset=\"https:\/\/www.crea.gov.co\/crea-roma\/wp-content\/uploads\/sites\/10\/2025\/11\/WhatsApp-Image-2025-11-07-at-5.05.51-PM-1-1-1024x768.jpeg 1024w, https:\/\/www.crea.gov.co\/crea-roma\/wp-content\/uploads\/sites\/10\/2025\/11\/WhatsApp-Image-2025-11-07-at-5.05.51-PM-1-1-300x225.jpeg 300w, https:\/\/www.crea.gov.co\/crea-roma\/wp-content\/uploads\/sites\/10\/2025\/11\/WhatsApp-Image-2025-11-07-at-5.05.51-PM-1-1-768x576.jpeg 768w, https:\/\/www.crea.gov.co\/crea-roma\/wp-content\/uploads\/sites\/10\/2025\/11\/WhatsApp-Image-2025-11-07-at-5.05.51-PM-1-1.jpeg 1280w\" sizes=\"auto, (max-width: 1024px) 100vw, 1024px\" \/><\/figure>\n<\/figure>\n\n\n\n<p>Luego una tela azul convertida en r\u00edo por la que <strong>navegaban barcos de papel<\/strong> con frases ecol\u00f3gicas, despu\u00e9s una <strong>cartograf\u00eda barrial<\/strong> se\u00f1alando los lugares con sombra, tambi\u00e9n un<strong> paisaje sonoro<\/strong> compuesto a partir de sonidos Foley y, as\u00ed, fuimos potenciando ese trayecto con talleres de impacto e impulso. <strong>Agosto fue experimental, septiembre visual, octubre manual y noviembre el final.<\/strong><\/p>\n\n\n\n<p>En un taller, por ejemplo, fusionamos la narraci\u00f3n oral y el performance \u00bfc\u00f3mo? Explorando el <strong>teatro de sombras<\/strong> como lenguaje narrativo.<\/p>\n\n\n\n<p>Y las lecturas fueron: &#8220;Batacazos poemas para re\u00edrse&#8221; por Shel Silverstein; <strong>&#8220;Perdido y encontrado&#8221;<\/strong> por Olvier Jeffers; &#8220;Mientras tanto en la tierra&#8221; por Oliver Jeffers; <strong>&#8220;La casa del verde doncel&#8221;<\/strong> por Fanny Buitrago; <strong>&#8220;Dibujar el sol&#8221;<\/strong> por Bruno Munari;<strong> &#8220;Primer d\u00eda en un planeta extra\u00f1o&#8221;<\/strong> por Dan Yaccarino. Creo, por las palabras de algunos de los participantes y de sus dibujos tambi\u00e9n, que les gusto el trayecto corto. Profe dijo: &lt;&gt;. A m\u00ed me gusto dijo otro: &lt;&gt;. Y otro m\u00e1s dijo: &lt;&gt;. El impulso colectivo termin\u00f3 en Cir\u00e9, con una instalaci\u00f3n como muestra de lo trabajado durante el proceso. La creaci\u00f3n de un avatar de papel opalina a partir de una plantilla Minecraft fue de los m\u00e1s divertido junto con el tapiz de tela naranja representando una ciudad so\u00f1ada con sus casas so\u00f1adas y sus personajes so\u00f1ados y sus \u00e1rboles y r\u00edo so\u00f1ado.  <\/p>\n\n\n\n<div class=\"wp-block-cover is-light\"><span aria-hidden=\"true\" class=\"wp-block-cover__background has-light-green-cyan-background-color has-background-dim-100 has-background-dim\"><\/span><div class=\"wp-block-cover__inner-container is-layout-constrained wp-block-cover-is-layout-constrained\">\n<p class=\"has-text-align-center has-large-font-size\"><strong>Gracias a toda la comunidad CIR\u00c9 por abrirnos sus puertas y su coraz\u00f3n. Su acogida a la Gerencia Crea hizo posible que las experiencias art\u00edsticas viajaran a nuevos rincones de la localidad de Kennedy, donde la imaginaci\u00f3n se transforma, florece y da vida a mundos que antes solo so\u00f1\u00e1bamos.<\/strong><\/p>\n<\/div><\/div>\n\n\n\n<p class=\"has-text-align-center\"><\/p>\n\n\n\n<p><\/p>\n","protected":false},"excerpt":{"rendered":"<p>El artista formador Ciro Garz\u00f3n nos comparte su experiencia con los ni\u00f1os y las ni\u00f1as de la Organizaci\u00f3n Cir\u00e9, un espacio de extensi\u00f3n donde se desarroll\u00f3 un proceso de formaci\u00f3n y creaci\u00f3n en el \u00e1rea de literatura entre los meses de agosto y noviembre. \u00a1Esperamos lo disfruten! \u00a1Bien! \u00a1Bien! \u00a1Bien! Dije, y ah\u00ed estaba yo, [&hellip;]<\/p>\n","protected":false},"author":89,"featured_media":1659,"comment_status":"open","ping_status":"open","sticky":false,"template":"","format":"standard","meta":{"footnotes":""},"categories":[1],"tags":[],"class_list":["post-1658","post","type-post","status-publish","format-standard","has-post-thumbnail","hentry","category-sin-categoria"],"yoast_head":"<!-- This site is optimized with the Yoast SEO plugin v24.5 - https:\/\/yoast.com\/wordpress\/plugins\/seo\/ -->\n<title>\u00a1Federico sin rayas, de visita en CIR\u00c9! - Crea Roma<\/title>\n<meta name=\"robots\" content=\"index, follow, max-snippet:-1, max-image-preview:large, max-video-preview:-1\" \/>\n<link rel=\"canonical\" href=\"https:\/\/www.crea.gov.co\/crea-roma\/federico-sin-rayas-de-visita-en-cire\/\" \/>\n<meta property=\"og:locale\" content=\"es_ES\" \/>\n<meta property=\"og:type\" content=\"article\" \/>\n<meta property=\"og:title\" content=\"\u00a1Federico sin rayas, de visita en CIR\u00c9! - Crea Roma\" \/>\n<meta property=\"og:description\" content=\"El artista formador Ciro Garz\u00f3n nos comparte su experiencia con los ni\u00f1os y las ni\u00f1as de la Organizaci\u00f3n Cir\u00e9, un espacio de extensi\u00f3n donde se desarroll\u00f3 un proceso de formaci\u00f3n y creaci\u00f3n en el \u00e1rea de literatura entre los meses de agosto y noviembre. \u00a1Esperamos lo disfruten! \u00a1Bien! \u00a1Bien! \u00a1Bien! Dije, y ah\u00ed estaba yo, [&hellip;]\" \/>\n<meta property=\"og:url\" content=\"https:\/\/www.crea.gov.co\/crea-roma\/federico-sin-rayas-de-visita-en-cire\/\" \/>\n<meta property=\"og:site_name\" content=\"Crea Roma\" \/>\n<meta property=\"article:published_time\" content=\"2025-11-24T17:43:57+00:00\" \/>\n<meta property=\"article:modified_time\" content=\"2025-11-24T17:50:31+00:00\" \/>\n<meta property=\"og:image\" content=\"https:\/\/www.crea.gov.co\/crea-roma\/wp-content\/uploads\/sites\/10\/2025\/11\/WhatsApp-Image-2025-11-07-at-5.05.51-PM.jpeg\" \/>\n\t<meta property=\"og:image:width\" content=\"1280\" \/>\n\t<meta property=\"og:image:height\" content=\"960\" \/>\n\t<meta property=\"og:image:type\" content=\"image\/jpeg\" \/>\n<meta name=\"author\" content=\"crearoma\" \/>\n<meta name=\"twitter:card\" content=\"summary_large_image\" \/>\n<meta name=\"twitter:label1\" content=\"Escrito por\" \/>\n\t<meta name=\"twitter:data1\" content=\"crearoma\" \/>\n\t<meta name=\"twitter:label2\" content=\"Tiempo de lectura\" \/>\n\t<meta name=\"twitter:data2\" content=\"4 minutos\" \/>\n<script type=\"application\/ld+json\" class=\"yoast-schema-graph\">{\"@context\":\"https:\/\/schema.org\",\"@graph\":[{\"@type\":\"WebPage\",\"@id\":\"https:\/\/www.crea.gov.co\/crea-roma\/federico-sin-rayas-de-visita-en-cire\/\",\"url\":\"https:\/\/www.crea.gov.co\/crea-roma\/federico-sin-rayas-de-visita-en-cire\/\",\"name\":\"\u00a1Federico sin rayas, de visita en CIR\u00c9! - Crea Roma\",\"isPartOf\":{\"@id\":\"https:\/\/www.crea.gov.co\/crea-roma\/#website\"},\"primaryImageOfPage\":{\"@id\":\"https:\/\/www.crea.gov.co\/crea-roma\/federico-sin-rayas-de-visita-en-cire\/#primaryimage\"},\"image\":{\"@id\":\"https:\/\/www.crea.gov.co\/crea-roma\/federico-sin-rayas-de-visita-en-cire\/#primaryimage\"},\"thumbnailUrl\":\"https:\/\/www.crea.gov.co\/crea-roma\/wp-content\/uploads\/sites\/10\/2025\/11\/WhatsApp-Image-2025-11-07-at-5.05.51-PM.jpeg\",\"datePublished\":\"2025-11-24T17:43:57+00:00\",\"dateModified\":\"2025-11-24T17:50:31+00:00\",\"author\":{\"@id\":\"https:\/\/www.crea.gov.co\/crea-roma\/#\/schema\/person\/98d3131acf7d36de9766d95e8154256d\"},\"breadcrumb\":{\"@id\":\"https:\/\/www.crea.gov.co\/crea-roma\/federico-sin-rayas-de-visita-en-cire\/#breadcrumb\"},\"inLanguage\":\"es-CO\",\"potentialAction\":[{\"@type\":\"ReadAction\",\"target\":[\"https:\/\/www.crea.gov.co\/crea-roma\/federico-sin-rayas-de-visita-en-cire\/\"]}]},{\"@type\":\"ImageObject\",\"inLanguage\":\"es-CO\",\"@id\":\"https:\/\/www.crea.gov.co\/crea-roma\/federico-sin-rayas-de-visita-en-cire\/#primaryimage\",\"url\":\"https:\/\/www.crea.gov.co\/crea-roma\/wp-content\/uploads\/sites\/10\/2025\/11\/WhatsApp-Image-2025-11-07-at-5.05.51-PM.jpeg\",\"contentUrl\":\"https:\/\/www.crea.gov.co\/crea-roma\/wp-content\/uploads\/sites\/10\/2025\/11\/WhatsApp-Image-2025-11-07-at-5.05.51-PM.jpeg\",\"width\":1280,\"height\":960},{\"@type\":\"BreadcrumbList\",\"@id\":\"https:\/\/www.crea.gov.co\/crea-roma\/federico-sin-rayas-de-visita-en-cire\/#breadcrumb\",\"itemListElement\":[{\"@type\":\"ListItem\",\"position\":1,\"name\":\"Home\",\"item\":\"https:\/\/www.crea.gov.co\/crea-roma\/\"},{\"@type\":\"ListItem\",\"position\":2,\"name\":\"\u00a1Federico sin rayas, de visita en CIR\u00c9!\"}]},{\"@type\":\"WebSite\",\"@id\":\"https:\/\/www.crea.gov.co\/crea-roma\/#website\",\"url\":\"https:\/\/www.crea.gov.co\/crea-roma\/\",\"name\":\"Crea Roma\",\"description\":\"En Kennedy, rodeado de conjuntos y calles que guardan historias de familias que han crecido en el barrio, este espacio es un lugar donde la creatividad se entrelaza con la vida cotidiana. Aqu\u00ed, los lenguajes art\u00edsticos fortalecen lazos y dan voz a las experiencias de una comunidad que se reconoce en lo colectivo.\",\"potentialAction\":[{\"@type\":\"SearchAction\",\"target\":{\"@type\":\"EntryPoint\",\"urlTemplate\":\"https:\/\/www.crea.gov.co\/crea-roma\/?s={search_term_string}\"},\"query-input\":{\"@type\":\"PropertyValueSpecification\",\"valueRequired\":true,\"valueName\":\"search_term_string\"}}],\"inLanguage\":\"es-CO\"},{\"@type\":\"Person\",\"@id\":\"https:\/\/www.crea.gov.co\/crea-roma\/#\/schema\/person\/98d3131acf7d36de9766d95e8154256d\",\"name\":\"crearoma\",\"image\":{\"@type\":\"ImageObject\",\"inLanguage\":\"es-CO\",\"@id\":\"https:\/\/www.crea.gov.co\/crea-roma\/#\/schema\/person\/image\/\",\"url\":\"https:\/\/secure.gravatar.com\/avatar\/a932fc1012aeb823a10fc90d54ba8dd3?s=96&d=mm&r=g\",\"contentUrl\":\"https:\/\/secure.gravatar.com\/avatar\/a932fc1012aeb823a10fc90d54ba8dd3?s=96&d=mm&r=g\",\"caption\":\"crearoma\"},\"url\":\"https:\/\/www.crea.gov.co\/crea-roma\/author\/crearoma\/\"}]}<\/script>\n<!-- \/ Yoast SEO plugin. -->","yoast_head_json":{"title":"\u00a1Federico sin rayas, de visita en CIR\u00c9! - Crea Roma","robots":{"index":"index","follow":"follow","max-snippet":"max-snippet:-1","max-image-preview":"max-image-preview:large","max-video-preview":"max-video-preview:-1"},"canonical":"https:\/\/www.crea.gov.co\/crea-roma\/federico-sin-rayas-de-visita-en-cire\/","og_locale":"es_ES","og_type":"article","og_title":"\u00a1Federico sin rayas, de visita en CIR\u00c9! - Crea Roma","og_description":"El artista formador Ciro Garz\u00f3n nos comparte su experiencia con los ni\u00f1os y las ni\u00f1as de la Organizaci\u00f3n Cir\u00e9, un espacio de extensi\u00f3n donde se desarroll\u00f3 un proceso de formaci\u00f3n y creaci\u00f3n en el \u00e1rea de literatura entre los meses de agosto y noviembre. \u00a1Esperamos lo disfruten! \u00a1Bien! \u00a1Bien! \u00a1Bien! Dije, y ah\u00ed estaba yo, [&hellip;]","og_url":"https:\/\/www.crea.gov.co\/crea-roma\/federico-sin-rayas-de-visita-en-cire\/","og_site_name":"Crea Roma","article_published_time":"2025-11-24T17:43:57+00:00","article_modified_time":"2025-11-24T17:50:31+00:00","og_image":[{"width":1280,"height":960,"url":"https:\/\/www.crea.gov.co\/crea-roma\/wp-content\/uploads\/sites\/10\/2025\/11\/WhatsApp-Image-2025-11-07-at-5.05.51-PM.jpeg","type":"image\/jpeg"}],"author":"crearoma","twitter_card":"summary_large_image","twitter_misc":{"Escrito por":"crearoma","Tiempo de lectura":"4 minutos"},"schema":{"@context":"https:\/\/schema.org","@graph":[{"@type":"WebPage","@id":"https:\/\/www.crea.gov.co\/crea-roma\/federico-sin-rayas-de-visita-en-cire\/","url":"https:\/\/www.crea.gov.co\/crea-roma\/federico-sin-rayas-de-visita-en-cire\/","name":"\u00a1Federico sin rayas, de visita en CIR\u00c9! - Crea Roma","isPartOf":{"@id":"https:\/\/www.crea.gov.co\/crea-roma\/#website"},"primaryImageOfPage":{"@id":"https:\/\/www.crea.gov.co\/crea-roma\/federico-sin-rayas-de-visita-en-cire\/#primaryimage"},"image":{"@id":"https:\/\/www.crea.gov.co\/crea-roma\/federico-sin-rayas-de-visita-en-cire\/#primaryimage"},"thumbnailUrl":"https:\/\/www.crea.gov.co\/crea-roma\/wp-content\/uploads\/sites\/10\/2025\/11\/WhatsApp-Image-2025-11-07-at-5.05.51-PM.jpeg","datePublished":"2025-11-24T17:43:57+00:00","dateModified":"2025-11-24T17:50:31+00:00","author":{"@id":"https:\/\/www.crea.gov.co\/crea-roma\/#\/schema\/person\/98d3131acf7d36de9766d95e8154256d"},"breadcrumb":{"@id":"https:\/\/www.crea.gov.co\/crea-roma\/federico-sin-rayas-de-visita-en-cire\/#breadcrumb"},"inLanguage":"es-CO","potentialAction":[{"@type":"ReadAction","target":["https:\/\/www.crea.gov.co\/crea-roma\/federico-sin-rayas-de-visita-en-cire\/"]}]},{"@type":"ImageObject","inLanguage":"es-CO","@id":"https:\/\/www.crea.gov.co\/crea-roma\/federico-sin-rayas-de-visita-en-cire\/#primaryimage","url":"https:\/\/www.crea.gov.co\/crea-roma\/wp-content\/uploads\/sites\/10\/2025\/11\/WhatsApp-Image-2025-11-07-at-5.05.51-PM.jpeg","contentUrl":"https:\/\/www.crea.gov.co\/crea-roma\/wp-content\/uploads\/sites\/10\/2025\/11\/WhatsApp-Image-2025-11-07-at-5.05.51-PM.jpeg","width":1280,"height":960},{"@type":"BreadcrumbList","@id":"https:\/\/www.crea.gov.co\/crea-roma\/federico-sin-rayas-de-visita-en-cire\/#breadcrumb","itemListElement":[{"@type":"ListItem","position":1,"name":"Home","item":"https:\/\/www.crea.gov.co\/crea-roma\/"},{"@type":"ListItem","position":2,"name":"\u00a1Federico sin rayas, de visita en CIR\u00c9!"}]},{"@type":"WebSite","@id":"https:\/\/www.crea.gov.co\/crea-roma\/#website","url":"https:\/\/www.crea.gov.co\/crea-roma\/","name":"Crea Roma","description":"En Kennedy, rodeado de conjuntos y calles que guardan historias de familias que han crecido en el barrio, este espacio es un lugar donde la creatividad se entrelaza con la vida cotidiana. Aqu\u00ed, los lenguajes art\u00edsticos fortalecen lazos y dan voz a las experiencias de una comunidad que se reconoce en lo colectivo.","potentialAction":[{"@type":"SearchAction","target":{"@type":"EntryPoint","urlTemplate":"https:\/\/www.crea.gov.co\/crea-roma\/?s={search_term_string}"},"query-input":{"@type":"PropertyValueSpecification","valueRequired":true,"valueName":"search_term_string"}}],"inLanguage":"es-CO"},{"@type":"Person","@id":"https:\/\/www.crea.gov.co\/crea-roma\/#\/schema\/person\/98d3131acf7d36de9766d95e8154256d","name":"crearoma","image":{"@type":"ImageObject","inLanguage":"es-CO","@id":"https:\/\/www.crea.gov.co\/crea-roma\/#\/schema\/person\/image\/","url":"https:\/\/secure.gravatar.com\/avatar\/a932fc1012aeb823a10fc90d54ba8dd3?s=96&d=mm&r=g","contentUrl":"https:\/\/secure.gravatar.com\/avatar\/a932fc1012aeb823a10fc90d54ba8dd3?s=96&d=mm&r=g","caption":"crearoma"},"url":"https:\/\/www.crea.gov.co\/crea-roma\/author\/crearoma\/"}]}},"_links":{"self":[{"href":"https:\/\/www.crea.gov.co\/crea-roma\/wp-json\/wp\/v2\/posts\/1658","targetHints":{"allow":["GET"]}}],"collection":[{"href":"https:\/\/www.crea.gov.co\/crea-roma\/wp-json\/wp\/v2\/posts"}],"about":[{"href":"https:\/\/www.crea.gov.co\/crea-roma\/wp-json\/wp\/v2\/types\/post"}],"author":[{"embeddable":true,"href":"https:\/\/www.crea.gov.co\/crea-roma\/wp-json\/wp\/v2\/users\/89"}],"replies":[{"embeddable":true,"href":"https:\/\/www.crea.gov.co\/crea-roma\/wp-json\/wp\/v2\/comments?post=1658"}],"version-history":[{"count":2,"href":"https:\/\/www.crea.gov.co\/crea-roma\/wp-json\/wp\/v2\/posts\/1658\/revisions"}],"predecessor-version":[{"id":1672,"href":"https:\/\/www.crea.gov.co\/crea-roma\/wp-json\/wp\/v2\/posts\/1658\/revisions\/1672"}],"wp:featuredmedia":[{"embeddable":true,"href":"https:\/\/www.crea.gov.co\/crea-roma\/wp-json\/wp\/v2\/media\/1659"}],"wp:attachment":[{"href":"https:\/\/www.crea.gov.co\/crea-roma\/wp-json\/wp\/v2\/media?parent=1658"}],"wp:term":[{"taxonomy":"category","embeddable":true,"href":"https:\/\/www.crea.gov.co\/crea-roma\/wp-json\/wp\/v2\/categories?post=1658"},{"taxonomy":"post_tag","embeddable":true,"href":"https:\/\/www.crea.gov.co\/crea-roma\/wp-json\/wp\/v2\/tags?post=1658"}],"curies":[{"name":"wp","href":"https:\/\/api.w.org\/{rel}","templated":true}]}}