{"id":1630,"date":"2025-11-10T00:07:40","date_gmt":"2025-11-10T00:07:40","guid":{"rendered":"https:\/\/www.crea.gov.co\/crea-roma\/?p=1630"},"modified":"2025-11-10T00:07:41","modified_gmt":"2025-11-10T00:07:41","slug":"%f0%9f%8e%a8%e2%9c%a8-llegaron-las-vacaciones-al-crea-roma","status":"publish","type":"post","link":"https:\/\/www.crea.gov.co\/crea-roma\/%f0%9f%8e%a8%e2%9c%a8-llegaron-las-vacaciones-al-crea-roma\/","title":{"rendered":"\ud83c\udfa8\u2728 \u00a1Llegaron las vacaciones al Crea Roma!"},"content":{"rendered":"<figure class=\"wp-block-post-featured-image\"><img loading=\"lazy\" decoding=\"async\" width=\"1497\" height=\"570\" src=\"https:\/\/www.crea.gov.co\/crea-roma\/wp-content\/uploads\/sites\/10\/2025\/11\/Crea_VACACIONES-2_2025_Portada-redes-sociales_820x312.png\" class=\"attachment-post-thumbnail size-post-thumbnail wp-post-image\" alt=\"\" style=\"object-fit:cover;\" srcset=\"https:\/\/www.crea.gov.co\/crea-roma\/wp-content\/uploads\/sites\/10\/2025\/11\/Crea_VACACIONES-2_2025_Portada-redes-sociales_820x312.png 1497w, https:\/\/www.crea.gov.co\/crea-roma\/wp-content\/uploads\/sites\/10\/2025\/11\/Crea_VACACIONES-2_2025_Portada-redes-sociales_820x312-300x114.png 300w, https:\/\/www.crea.gov.co\/crea-roma\/wp-content\/uploads\/sites\/10\/2025\/11\/Crea_VACACIONES-2_2025_Portada-redes-sociales_820x312-1024x390.png 1024w, https:\/\/www.crea.gov.co\/crea-roma\/wp-content\/uploads\/sites\/10\/2025\/11\/Crea_VACACIONES-2_2025_Portada-redes-sociales_820x312-768x292.png 768w\" sizes=\"auto, (max-width: 1497px) 100vw, 1497px\" \/><\/figure>\n\n\n<p><strong>El Crea Roma da inicio a la temporada de vacaciones con una amplia programaci\u00f3n de talleres art\u00edsticos gratuitos, dise\u00f1ados para que ni\u00f1os, ni\u00f1as y j\u00f3venes exploren su creatividad sin l\u00edmites.&nbsp;<\/strong><\/p>\n\n\n\n<p><strong>Del 18 de noviembre al 5 de diciembre, vive una temporada llena de arte, movimiento e imaginaci\u00f3n. \ud83d\udc83\ud83d\udd8c\ufe0f\ud83d\udcd6<\/strong><\/p>\n\n\n\n<p><strong>Ven y d\u00e9jate llevar por la danza de los elementos, crea c\u00f3mics, experimenta con juguetes \u00f3pticos, descubre el proyecto <\/strong><strong><em>Frankenstein<\/em><\/strong><strong> y mucho m\u00e1s.&nbsp;<\/strong><\/p>\n\n\n<div class=\"wp-block-image\">\n<figure class=\"aligncenter size-large\"><img loading=\"lazy\" decoding=\"async\" width=\"576\" height=\"1024\" src=\"https:\/\/www.crea.gov.co\/crea-roma\/wp-content\/uploads\/sites\/10\/2025\/11\/PLANTILLA-CREA-ROMA-1-576x1024.png\" alt=\"\" class=\"wp-image-1637\" srcset=\"https:\/\/www.crea.gov.co\/crea-roma\/wp-content\/uploads\/sites\/10\/2025\/11\/PLANTILLA-CREA-ROMA-1-576x1024.png 576w, https:\/\/www.crea.gov.co\/crea-roma\/wp-content\/uploads\/sites\/10\/2025\/11\/PLANTILLA-CREA-ROMA-1-169x300.png 169w, https:\/\/www.crea.gov.co\/crea-roma\/wp-content\/uploads\/sites\/10\/2025\/11\/PLANTILLA-CREA-ROMA-1-768x1366.png 768w, https:\/\/www.crea.gov.co\/crea-roma\/wp-content\/uploads\/sites\/10\/2025\/11\/PLANTILLA-CREA-ROMA-1-864x1536.png 864w, https:\/\/www.crea.gov.co\/crea-roma\/wp-content\/uploads\/sites\/10\/2025\/11\/PLANTILLA-CREA-ROMA-1-1152x2048.png 1152w, https:\/\/www.crea.gov.co\/crea-roma\/wp-content\/uploads\/sites\/10\/2025\/11\/PLANTILLA-CREA-ROMA-1.png 1406w\" sizes=\"auto, (max-width: 576px) 100vw, 576px\" \/><\/figure><\/div>\n\n\n<p><strong>\ud83d\udccd Las inscripciones se pueden realizar de manera presencial en Av<\/strong><strong>. 1 de Mayo #79g-09, Bogot\u00e1 <\/strong><strong>o a trav\u00e9s de la p\u00e1gina web crea.gov.co.&nbsp;<\/strong><\/p>\n\n\n\n<figure class=\"wp-block-gallery has-nested-images columns-default is-cropped wp-block-gallery-1 is-layout-flex wp-block-gallery-is-layout-flex\">\n<figure class=\"wp-block-image size-large\"><img loading=\"lazy\" decoding=\"async\" width=\"819\" height=\"1024\" data-id=\"1633\" src=\"https:\/\/www.crea.gov.co\/crea-roma\/wp-content\/uploads\/sites\/10\/2025\/11\/2510_carrusel-vacaciones-parte-2_10-819x1024.png\" alt=\"\" class=\"wp-image-1633\" srcset=\"https:\/\/www.crea.gov.co\/crea-roma\/wp-content\/uploads\/sites\/10\/2025\/11\/2510_carrusel-vacaciones-parte-2_10-819x1024.png 819w, https:\/\/www.crea.gov.co\/crea-roma\/wp-content\/uploads\/sites\/10\/2025\/11\/2510_carrusel-vacaciones-parte-2_10-240x300.png 240w, https:\/\/www.crea.gov.co\/crea-roma\/wp-content\/uploads\/sites\/10\/2025\/11\/2510_carrusel-vacaciones-parte-2_10-768x960.png 768w, https:\/\/www.crea.gov.co\/crea-roma\/wp-content\/uploads\/sites\/10\/2025\/11\/2510_carrusel-vacaciones-parte-2_10.png 1080w\" sizes=\"auto, (max-width: 819px) 100vw, 819px\" \/><\/figure>\n\n\n\n<figure class=\"wp-block-image size-large\"><img loading=\"lazy\" decoding=\"async\" width=\"819\" height=\"1024\" data-id=\"1632\" src=\"https:\/\/www.crea.gov.co\/crea-roma\/wp-content\/uploads\/sites\/10\/2025\/11\/Mesa-de-trabajo-11-819x1024.png\" alt=\"\" class=\"wp-image-1632\" srcset=\"https:\/\/www.crea.gov.co\/crea-roma\/wp-content\/uploads\/sites\/10\/2025\/11\/Mesa-de-trabajo-11-819x1024.png 819w, https:\/\/www.crea.gov.co\/crea-roma\/wp-content\/uploads\/sites\/10\/2025\/11\/Mesa-de-trabajo-11-240x300.png 240w, https:\/\/www.crea.gov.co\/crea-roma\/wp-content\/uploads\/sites\/10\/2025\/11\/Mesa-de-trabajo-11-768x960.png 768w, https:\/\/www.crea.gov.co\/crea-roma\/wp-content\/uploads\/sites\/10\/2025\/11\/Mesa-de-trabajo-11.png 1080w\" sizes=\"auto, (max-width: 819px) 100vw, 819px\" \/><\/figure>\n\n\n\n<figure class=\"wp-block-image size-large\"><img loading=\"lazy\" decoding=\"async\" width=\"819\" height=\"1024\" data-id=\"1635\" src=\"https:\/\/www.crea.gov.co\/crea-roma\/wp-content\/uploads\/sites\/10\/2025\/11\/Mesa-de-trabajo-4-819x1024.png\" alt=\"\" class=\"wp-image-1635\" srcset=\"https:\/\/www.crea.gov.co\/crea-roma\/wp-content\/uploads\/sites\/10\/2025\/11\/Mesa-de-trabajo-4-819x1024.png 819w, https:\/\/www.crea.gov.co\/crea-roma\/wp-content\/uploads\/sites\/10\/2025\/11\/Mesa-de-trabajo-4-240x300.png 240w, https:\/\/www.crea.gov.co\/crea-roma\/wp-content\/uploads\/sites\/10\/2025\/11\/Mesa-de-trabajo-4-768x960.png 768w, https:\/\/www.crea.gov.co\/crea-roma\/wp-content\/uploads\/sites\/10\/2025\/11\/Mesa-de-trabajo-4.png 1080w\" sizes=\"auto, (max-width: 819px) 100vw, 819px\" \/><\/figure>\n\n\n\n<figure class=\"wp-block-image size-large\"><img loading=\"lazy\" decoding=\"async\" width=\"819\" height=\"1024\" data-id=\"1634\" src=\"https:\/\/www.crea.gov.co\/crea-roma\/wp-content\/uploads\/sites\/10\/2025\/11\/Mesa-de-trabajo-3-819x1024.png\" alt=\"\" class=\"wp-image-1634\" srcset=\"https:\/\/www.crea.gov.co\/crea-roma\/wp-content\/uploads\/sites\/10\/2025\/11\/Mesa-de-trabajo-3-819x1024.png 819w, https:\/\/www.crea.gov.co\/crea-roma\/wp-content\/uploads\/sites\/10\/2025\/11\/Mesa-de-trabajo-3-240x300.png 240w, https:\/\/www.crea.gov.co\/crea-roma\/wp-content\/uploads\/sites\/10\/2025\/11\/Mesa-de-trabajo-3-768x960.png 768w, https:\/\/www.crea.gov.co\/crea-roma\/wp-content\/uploads\/sites\/10\/2025\/11\/Mesa-de-trabajo-3.png 1080w\" sizes=\"auto, (max-width: 819px) 100vw, 819px\" \/><\/figure>\n\n\n\n<figure class=\"wp-block-image size-large\"><img loading=\"lazy\" decoding=\"async\" width=\"819\" height=\"1024\" data-id=\"1636\" src=\"https:\/\/www.crea.gov.co\/crea-roma\/wp-content\/uploads\/sites\/10\/2025\/11\/2510_carrusel-vacaciones-parte-2_2-819x1024.png\" alt=\"\" class=\"wp-image-1636\" srcset=\"https:\/\/www.crea.gov.co\/crea-roma\/wp-content\/uploads\/sites\/10\/2025\/11\/2510_carrusel-vacaciones-parte-2_2-819x1024.png 819w, https:\/\/www.crea.gov.co\/crea-roma\/wp-content\/uploads\/sites\/10\/2025\/11\/2510_carrusel-vacaciones-parte-2_2-240x300.png 240w, https:\/\/www.crea.gov.co\/crea-roma\/wp-content\/uploads\/sites\/10\/2025\/11\/2510_carrusel-vacaciones-parte-2_2-768x960.png 768w, https:\/\/www.crea.gov.co\/crea-roma\/wp-content\/uploads\/sites\/10\/2025\/11\/2510_carrusel-vacaciones-parte-2_2.png 1080w\" sizes=\"auto, (max-width: 819px) 100vw, 819px\" \/><\/figure>\n<\/figure>\n","protected":false},"excerpt":{"rendered":"<p>El Crea Roma da inicio a la temporada de vacaciones con una amplia programaci\u00f3n de talleres art\u00edsticos gratuitos, dise\u00f1ados para que ni\u00f1os, ni\u00f1as y j\u00f3venes exploren su creatividad sin l\u00edmites.&nbsp; Del 18 de noviembre al 5 de diciembre, vive una temporada llena de arte, movimiento e imaginaci\u00f3n. \ud83d\udc83\ud83d\udd8c\ufe0f\ud83d\udcd6 Ven y d\u00e9jate llevar por la danza [&hellip;]<\/p>\n","protected":false},"author":89,"featured_media":1631,"comment_status":"open","ping_status":"open","sticky":false,"template":"","format":"standard","meta":{"footnotes":""},"categories":[1],"tags":[],"class_list":["post-1630","post","type-post","status-publish","format-standard","has-post-thumbnail","hentry","category-sin-categoria"],"yoast_head":"<!-- This site is optimized with the Yoast SEO plugin v24.5 - https:\/\/yoast.com\/wordpress\/plugins\/seo\/ -->\n<title>\ud83c\udfa8\u2728 \u00a1Llegaron las vacaciones al Crea Roma! - Crea Roma<\/title>\n<meta name=\"robots\" content=\"index, follow, max-snippet:-1, max-image-preview:large, max-video-preview:-1\" \/>\n<link rel=\"canonical\" href=\"https:\/\/www.crea.gov.co\/crea-roma\/\ud83c\udfa8\u2728-llegaron-las-vacaciones-al-crea-roma\/\" \/>\n<meta property=\"og:locale\" content=\"es_ES\" \/>\n<meta property=\"og:type\" content=\"article\" \/>\n<meta property=\"og:title\" content=\"\ud83c\udfa8\u2728 \u00a1Llegaron las vacaciones al Crea Roma! - Crea Roma\" \/>\n<meta property=\"og:description\" content=\"El Crea Roma da inicio a la temporada de vacaciones con una amplia programaci\u00f3n de talleres art\u00edsticos gratuitos, dise\u00f1ados para que ni\u00f1os, ni\u00f1as y j\u00f3venes exploren su creatividad sin l\u00edmites.&nbsp; Del 18 de noviembre al 5 de diciembre, vive una temporada llena de arte, movimiento e imaginaci\u00f3n. \ud83d\udc83\ud83d\udd8c\ufe0f\ud83d\udcd6 Ven y d\u00e9jate llevar por la danza [&hellip;]\" \/>\n<meta property=\"og:url\" content=\"https:\/\/www.crea.gov.co\/crea-roma\/\ud83c\udfa8\u2728-llegaron-las-vacaciones-al-crea-roma\/\" \/>\n<meta property=\"og:site_name\" content=\"Crea Roma\" \/>\n<meta property=\"article:published_time\" content=\"2025-11-10T00:07:40+00:00\" \/>\n<meta property=\"article:modified_time\" content=\"2025-11-10T00:07:41+00:00\" \/>\n<meta property=\"og:image\" content=\"https:\/\/www.crea.gov.co\/crea-roma\/wp-content\/uploads\/sites\/10\/2025\/11\/Crea_VACACIONES-2_2025_Portada-redes-sociales_820x312.png\" \/>\n\t<meta property=\"og:image:width\" content=\"1497\" \/>\n\t<meta property=\"og:image:height\" content=\"570\" \/>\n\t<meta property=\"og:image:type\" content=\"image\/png\" \/>\n<meta name=\"author\" content=\"crearoma\" \/>\n<meta name=\"twitter:card\" content=\"summary_large_image\" \/>\n<meta name=\"twitter:label1\" content=\"Escrito por\" \/>\n\t<meta name=\"twitter:data1\" content=\"crearoma\" \/>\n\t<meta name=\"twitter:label2\" content=\"Tiempo de lectura\" \/>\n\t<meta name=\"twitter:data2\" content=\"2 minutos\" \/>\n<script type=\"application\/ld+json\" class=\"yoast-schema-graph\">{\"@context\":\"https:\/\/schema.org\",\"@graph\":[{\"@type\":\"WebPage\",\"@id\":\"https:\/\/www.crea.gov.co\/crea-roma\/%f0%9f%8e%a8%e2%9c%a8-llegaron-las-vacaciones-al-crea-roma\/\",\"url\":\"https:\/\/www.crea.gov.co\/crea-roma\/%f0%9f%8e%a8%e2%9c%a8-llegaron-las-vacaciones-al-crea-roma\/\",\"name\":\"\ud83c\udfa8\u2728 \u00a1Llegaron las vacaciones al Crea Roma! - Crea Roma\",\"isPartOf\":{\"@id\":\"https:\/\/www.crea.gov.co\/crea-roma\/#website\"},\"primaryImageOfPage\":{\"@id\":\"https:\/\/www.crea.gov.co\/crea-roma\/%f0%9f%8e%a8%e2%9c%a8-llegaron-las-vacaciones-al-crea-roma\/#primaryimage\"},\"image\":{\"@id\":\"https:\/\/www.crea.gov.co\/crea-roma\/%f0%9f%8e%a8%e2%9c%a8-llegaron-las-vacaciones-al-crea-roma\/#primaryimage\"},\"thumbnailUrl\":\"https:\/\/www.crea.gov.co\/crea-roma\/wp-content\/uploads\/sites\/10\/2025\/11\/Crea_VACACIONES-2_2025_Portada-redes-sociales_820x312.png\",\"datePublished\":\"2025-11-10T00:07:40+00:00\",\"dateModified\":\"2025-11-10T00:07:41+00:00\",\"author\":{\"@id\":\"https:\/\/www.crea.gov.co\/crea-roma\/#\/schema\/person\/98d3131acf7d36de9766d95e8154256d\"},\"breadcrumb\":{\"@id\":\"https:\/\/www.crea.gov.co\/crea-roma\/%f0%9f%8e%a8%e2%9c%a8-llegaron-las-vacaciones-al-crea-roma\/#breadcrumb\"},\"inLanguage\":\"es-CO\",\"potentialAction\":[{\"@type\":\"ReadAction\",\"target\":[\"https:\/\/www.crea.gov.co\/crea-roma\/%f0%9f%8e%a8%e2%9c%a8-llegaron-las-vacaciones-al-crea-roma\/\"]}]},{\"@type\":\"ImageObject\",\"inLanguage\":\"es-CO\",\"@id\":\"https:\/\/www.crea.gov.co\/crea-roma\/%f0%9f%8e%a8%e2%9c%a8-llegaron-las-vacaciones-al-crea-roma\/#primaryimage\",\"url\":\"https:\/\/www.crea.gov.co\/crea-roma\/wp-content\/uploads\/sites\/10\/2025\/11\/Crea_VACACIONES-2_2025_Portada-redes-sociales_820x312.png\",\"contentUrl\":\"https:\/\/www.crea.gov.co\/crea-roma\/wp-content\/uploads\/sites\/10\/2025\/11\/Crea_VACACIONES-2_2025_Portada-redes-sociales_820x312.png\",\"width\":1497,\"height\":570},{\"@type\":\"BreadcrumbList\",\"@id\":\"https:\/\/www.crea.gov.co\/crea-roma\/%f0%9f%8e%a8%e2%9c%a8-llegaron-las-vacaciones-al-crea-roma\/#breadcrumb\",\"itemListElement\":[{\"@type\":\"ListItem\",\"position\":1,\"name\":\"Home\",\"item\":\"https:\/\/www.crea.gov.co\/crea-roma\/\"},{\"@type\":\"ListItem\",\"position\":2,\"name\":\"\ud83c\udfa8\u2728 \u00a1Llegaron las vacaciones al Crea Roma!\"}]},{\"@type\":\"WebSite\",\"@id\":\"https:\/\/www.crea.gov.co\/crea-roma\/#website\",\"url\":\"https:\/\/www.crea.gov.co\/crea-roma\/\",\"name\":\"Crea Roma\",\"description\":\"En Kennedy, rodeado de conjuntos y calles que guardan historias de familias que han crecido en el barrio, este espacio es un lugar donde la creatividad se entrelaza con la vida cotidiana. Aqu\u00ed, los lenguajes art\u00edsticos fortalecen lazos y dan voz a las experiencias de una comunidad que se reconoce en lo colectivo.\",\"potentialAction\":[{\"@type\":\"SearchAction\",\"target\":{\"@type\":\"EntryPoint\",\"urlTemplate\":\"https:\/\/www.crea.gov.co\/crea-roma\/?s={search_term_string}\"},\"query-input\":{\"@type\":\"PropertyValueSpecification\",\"valueRequired\":true,\"valueName\":\"search_term_string\"}}],\"inLanguage\":\"es-CO\"},{\"@type\":\"Person\",\"@id\":\"https:\/\/www.crea.gov.co\/crea-roma\/#\/schema\/person\/98d3131acf7d36de9766d95e8154256d\",\"name\":\"crearoma\",\"image\":{\"@type\":\"ImageObject\",\"inLanguage\":\"es-CO\",\"@id\":\"https:\/\/www.crea.gov.co\/crea-roma\/#\/schema\/person\/image\/\",\"url\":\"https:\/\/secure.gravatar.com\/avatar\/a932fc1012aeb823a10fc90d54ba8dd3?s=96&d=mm&r=g\",\"contentUrl\":\"https:\/\/secure.gravatar.com\/avatar\/a932fc1012aeb823a10fc90d54ba8dd3?s=96&d=mm&r=g\",\"caption\":\"crearoma\"},\"url\":\"https:\/\/www.crea.gov.co\/crea-roma\/author\/crearoma\/\"}]}<\/script>\n<!-- \/ Yoast SEO plugin. -->","yoast_head_json":{"title":"\ud83c\udfa8\u2728 \u00a1Llegaron las vacaciones al Crea Roma! - Crea Roma","robots":{"index":"index","follow":"follow","max-snippet":"max-snippet:-1","max-image-preview":"max-image-preview:large","max-video-preview":"max-video-preview:-1"},"canonical":"https:\/\/www.crea.gov.co\/crea-roma\/\ud83c\udfa8\u2728-llegaron-las-vacaciones-al-crea-roma\/","og_locale":"es_ES","og_type":"article","og_title":"\ud83c\udfa8\u2728 \u00a1Llegaron las vacaciones al Crea Roma! - Crea Roma","og_description":"El Crea Roma da inicio a la temporada de vacaciones con una amplia programaci\u00f3n de talleres art\u00edsticos gratuitos, dise\u00f1ados para que ni\u00f1os, ni\u00f1as y j\u00f3venes exploren su creatividad sin l\u00edmites.&nbsp; Del 18 de noviembre al 5 de diciembre, vive una temporada llena de arte, movimiento e imaginaci\u00f3n. \ud83d\udc83\ud83d\udd8c\ufe0f\ud83d\udcd6 Ven y d\u00e9jate llevar por la danza [&hellip;]","og_url":"https:\/\/www.crea.gov.co\/crea-roma\/\ud83c\udfa8\u2728-llegaron-las-vacaciones-al-crea-roma\/","og_site_name":"Crea Roma","article_published_time":"2025-11-10T00:07:40+00:00","article_modified_time":"2025-11-10T00:07:41+00:00","og_image":[{"width":1497,"height":570,"url":"https:\/\/www.crea.gov.co\/crea-roma\/wp-content\/uploads\/sites\/10\/2025\/11\/Crea_VACACIONES-2_2025_Portada-redes-sociales_820x312.png","type":"image\/png"}],"author":"crearoma","twitter_card":"summary_large_image","twitter_misc":{"Escrito por":"crearoma","Tiempo de lectura":"2 minutos"},"schema":{"@context":"https:\/\/schema.org","@graph":[{"@type":"WebPage","@id":"https:\/\/www.crea.gov.co\/crea-roma\/%f0%9f%8e%a8%e2%9c%a8-llegaron-las-vacaciones-al-crea-roma\/","url":"https:\/\/www.crea.gov.co\/crea-roma\/%f0%9f%8e%a8%e2%9c%a8-llegaron-las-vacaciones-al-crea-roma\/","name":"\ud83c\udfa8\u2728 \u00a1Llegaron las vacaciones al Crea Roma! - Crea Roma","isPartOf":{"@id":"https:\/\/www.crea.gov.co\/crea-roma\/#website"},"primaryImageOfPage":{"@id":"https:\/\/www.crea.gov.co\/crea-roma\/%f0%9f%8e%a8%e2%9c%a8-llegaron-las-vacaciones-al-crea-roma\/#primaryimage"},"image":{"@id":"https:\/\/www.crea.gov.co\/crea-roma\/%f0%9f%8e%a8%e2%9c%a8-llegaron-las-vacaciones-al-crea-roma\/#primaryimage"},"thumbnailUrl":"https:\/\/www.crea.gov.co\/crea-roma\/wp-content\/uploads\/sites\/10\/2025\/11\/Crea_VACACIONES-2_2025_Portada-redes-sociales_820x312.png","datePublished":"2025-11-10T00:07:40+00:00","dateModified":"2025-11-10T00:07:41+00:00","author":{"@id":"https:\/\/www.crea.gov.co\/crea-roma\/#\/schema\/person\/98d3131acf7d36de9766d95e8154256d"},"breadcrumb":{"@id":"https:\/\/www.crea.gov.co\/crea-roma\/%f0%9f%8e%a8%e2%9c%a8-llegaron-las-vacaciones-al-crea-roma\/#breadcrumb"},"inLanguage":"es-CO","potentialAction":[{"@type":"ReadAction","target":["https:\/\/www.crea.gov.co\/crea-roma\/%f0%9f%8e%a8%e2%9c%a8-llegaron-las-vacaciones-al-crea-roma\/"]}]},{"@type":"ImageObject","inLanguage":"es-CO","@id":"https:\/\/www.crea.gov.co\/crea-roma\/%f0%9f%8e%a8%e2%9c%a8-llegaron-las-vacaciones-al-crea-roma\/#primaryimage","url":"https:\/\/www.crea.gov.co\/crea-roma\/wp-content\/uploads\/sites\/10\/2025\/11\/Crea_VACACIONES-2_2025_Portada-redes-sociales_820x312.png","contentUrl":"https:\/\/www.crea.gov.co\/crea-roma\/wp-content\/uploads\/sites\/10\/2025\/11\/Crea_VACACIONES-2_2025_Portada-redes-sociales_820x312.png","width":1497,"height":570},{"@type":"BreadcrumbList","@id":"https:\/\/www.crea.gov.co\/crea-roma\/%f0%9f%8e%a8%e2%9c%a8-llegaron-las-vacaciones-al-crea-roma\/#breadcrumb","itemListElement":[{"@type":"ListItem","position":1,"name":"Home","item":"https:\/\/www.crea.gov.co\/crea-roma\/"},{"@type":"ListItem","position":2,"name":"\ud83c\udfa8\u2728 \u00a1Llegaron las vacaciones al Crea Roma!"}]},{"@type":"WebSite","@id":"https:\/\/www.crea.gov.co\/crea-roma\/#website","url":"https:\/\/www.crea.gov.co\/crea-roma\/","name":"Crea Roma","description":"En Kennedy, rodeado de conjuntos y calles que guardan historias de familias que han crecido en el barrio, este espacio es un lugar donde la creatividad se entrelaza con la vida cotidiana. Aqu\u00ed, los lenguajes art\u00edsticos fortalecen lazos y dan voz a las experiencias de una comunidad que se reconoce en lo colectivo.","potentialAction":[{"@type":"SearchAction","target":{"@type":"EntryPoint","urlTemplate":"https:\/\/www.crea.gov.co\/crea-roma\/?s={search_term_string}"},"query-input":{"@type":"PropertyValueSpecification","valueRequired":true,"valueName":"search_term_string"}}],"inLanguage":"es-CO"},{"@type":"Person","@id":"https:\/\/www.crea.gov.co\/crea-roma\/#\/schema\/person\/98d3131acf7d36de9766d95e8154256d","name":"crearoma","image":{"@type":"ImageObject","inLanguage":"es-CO","@id":"https:\/\/www.crea.gov.co\/crea-roma\/#\/schema\/person\/image\/","url":"https:\/\/secure.gravatar.com\/avatar\/a932fc1012aeb823a10fc90d54ba8dd3?s=96&d=mm&r=g","contentUrl":"https:\/\/secure.gravatar.com\/avatar\/a932fc1012aeb823a10fc90d54ba8dd3?s=96&d=mm&r=g","caption":"crearoma"},"url":"https:\/\/www.crea.gov.co\/crea-roma\/author\/crearoma\/"}]}},"_links":{"self":[{"href":"https:\/\/www.crea.gov.co\/crea-roma\/wp-json\/wp\/v2\/posts\/1630","targetHints":{"allow":["GET"]}}],"collection":[{"href":"https:\/\/www.crea.gov.co\/crea-roma\/wp-json\/wp\/v2\/posts"}],"about":[{"href":"https:\/\/www.crea.gov.co\/crea-roma\/wp-json\/wp\/v2\/types\/post"}],"author":[{"embeddable":true,"href":"https:\/\/www.crea.gov.co\/crea-roma\/wp-json\/wp\/v2\/users\/89"}],"replies":[{"embeddable":true,"href":"https:\/\/www.crea.gov.co\/crea-roma\/wp-json\/wp\/v2\/comments?post=1630"}],"version-history":[{"count":1,"href":"https:\/\/www.crea.gov.co\/crea-roma\/wp-json\/wp\/v2\/posts\/1630\/revisions"}],"predecessor-version":[{"id":1638,"href":"https:\/\/www.crea.gov.co\/crea-roma\/wp-json\/wp\/v2\/posts\/1630\/revisions\/1638"}],"wp:featuredmedia":[{"embeddable":true,"href":"https:\/\/www.crea.gov.co\/crea-roma\/wp-json\/wp\/v2\/media\/1631"}],"wp:attachment":[{"href":"https:\/\/www.crea.gov.co\/crea-roma\/wp-json\/wp\/v2\/media?parent=1630"}],"wp:term":[{"taxonomy":"category","embeddable":true,"href":"https:\/\/www.crea.gov.co\/crea-roma\/wp-json\/wp\/v2\/categories?post=1630"},{"taxonomy":"post_tag","embeddable":true,"href":"https:\/\/www.crea.gov.co\/crea-roma\/wp-json\/wp\/v2\/tags?post=1630"}],"curies":[{"name":"wp","href":"https:\/\/api.w.org\/{rel}","templated":true}]}}