{"id":1621,"date":"2025-11-09T20:54:19","date_gmt":"2025-11-09T20:54:19","guid":{"rendered":"https:\/\/www.crea.gov.co\/crea-roma\/?p=1621"},"modified":"2025-11-09T20:54:19","modified_gmt":"2025-11-09T20:54:19","slug":"%e2%9c%a8-desde-mi-ciudad-recorro-el-pacifico%e2%9c%a8","status":"publish","type":"post","link":"https:\/\/www.crea.gov.co\/crea-roma\/%e2%9c%a8-desde-mi-ciudad-recorro-el-pacifico%e2%9c%a8\/","title":{"rendered":"\u2728 Desde mi ciudad recorro el Pac\u00edfico\u2728"},"content":{"rendered":"<figure class=\"wp-block-post-featured-image\"><img loading=\"lazy\" decoding=\"async\" width=\"1600\" height=\"1200\" src=\"https:\/\/www.crea.gov.co\/crea-roma\/wp-content\/uploads\/sites\/10\/2025\/11\/WhatsApp-Image-2025-11-09-at-3.43.04-PM.jpeg\" class=\"attachment-post-thumbnail size-post-thumbnail wp-post-image\" alt=\"\" style=\"object-fit:cover;\" srcset=\"https:\/\/www.crea.gov.co\/crea-roma\/wp-content\/uploads\/sites\/10\/2025\/11\/WhatsApp-Image-2025-11-09-at-3.43.04-PM.jpeg 1600w, https:\/\/www.crea.gov.co\/crea-roma\/wp-content\/uploads\/sites\/10\/2025\/11\/WhatsApp-Image-2025-11-09-at-3.43.04-PM-300x225.jpeg 300w, https:\/\/www.crea.gov.co\/crea-roma\/wp-content\/uploads\/sites\/10\/2025\/11\/WhatsApp-Image-2025-11-09-at-3.43.04-PM-1024x768.jpeg 1024w, https:\/\/www.crea.gov.co\/crea-roma\/wp-content\/uploads\/sites\/10\/2025\/11\/WhatsApp-Image-2025-11-09-at-3.43.04-PM-768x576.jpeg 768w, https:\/\/www.crea.gov.co\/crea-roma\/wp-content\/uploads\/sites\/10\/2025\/11\/WhatsApp-Image-2025-11-09-at-3.43.04-PM-1536x1152.jpeg 1536w\" sizes=\"auto, (max-width: 1600px) 100vw, 1600px\" \/><\/figure>\n\n\n<p>\u201c<strong>Desde mi ciudad recorro el Pac\u00edfico<\/strong>\u201d fue el nombre de la apuesta esc\u00e9nica presentada por un grupo de personas mayores que, desde 2024, participan en el taller de danza del Sal\u00f3n Comunal del barrio Las Luces, dirigido por el artista formador Arturo Prado. El pasado jueves 6 de noviembre, estos talentosos bailarines cerraron con entusiasmo su proceso de 2025. \ud83d\udc83\ud83d\udd7a<br>Acompa\u00f1ados por Arturo Prado y con el apoyo durante el \u00faltimo mes de la artista formadora Daisy Gordillo, los participantes se inspiraron en los espacios m\u00e1s cotidianos de su localidad: la plaza de mercado, el hospital, el parque, la iglesia y los paraderos de buses. A partir de estas vivencias, lograron entrelazar las tradiciones de la regi\u00f3n pac\u00edfica colombiana, tomando como base la <strong>historia del Viche<\/strong> y el dicho popular: <em>\u201c<\/em><strong><em>el muerto al hoyo y el vivo al baile\u201d<\/em><\/strong>.\ud83c\udfea\ud83d\ude8c\ud83c\udf33<\/p>\n\n\n\n<p>Esta historia representa la elaboraci\u00f3n de esta bebida ancestral, la cual, al ser ingerida, aporta lucidez y energ\u00eda para trabajar en el campo, la pesca y la miner\u00eda. Los participantes recrearon, con alegr\u00eda y expresividad, movimientos inspirados en la iguana \u2014un reptil que se encuentra durante la cosecha de ca\u00f1a junto a los r\u00edos y las playas\u2014, comparando sus movimientos con los gestos p\u00e9lvicos del hombre y la mujer. As\u00ed naci\u00f3 la danza conocida como <strong>Manteca de Iguana<\/strong>, acompa\u00f1ada de la danza<strong> <em>El Punto<\/em>,<\/strong> que invita a mover distintas partes del cuerpo con gran expresividad y coordinaci\u00f3n.<\/p>\n\n\n\n<figure class=\"wp-block-video\"><video controls src=\"https:\/\/www.crea.gov.co\/crea-roma\/wp-content\/uploads\/sites\/10\/2025\/11\/Desde-mi-ciudad-recorro-el-Pacifico.mp4\"><\/video><\/figure>\n\n\n\n<p>Los asistentes al evento fueron testigos de un despliegue de ritmo, alegr\u00eda y creatividad, mientras los bailarines ejecutaban sus pasos de manera arm\u00f3nica, creando un aut\u00e9ntico \u201ccuadro danzario\u201d representativo de la zona pac\u00edfica. \ud83c\udf0a\ud83c\udfb5<\/p>\n\n\n\n<p class=\"has-text-align-center\"><strong>Las participantes expresaron su gratitud al programa Crea por brindarles esta oportunidad: \u201cNos divertimos, aprend\u00ed a soltarme y a bailar en p\u00fablico. Aqu\u00ed uno comparte, se divierte y r\u00ede\u201d.\ud83d\ude0a\ud83d\udc96<\/strong><\/p>\n\n\n\n<p>El cierre de la muestra estuvo acompa\u00f1ado de un delicioso compartir: arroz de leche, arroz mixto y un buen caf\u00e9 preparado por las propias participantes, sellando con sabor y alegr\u00eda un cap\u00edtulo m\u00e1s de creaci\u00f3n y aprendizaje. \ud83c\udf5a\u2615<\/p>\n\n\n\n<figure class=\"wp-block-gallery has-nested-images columns-default is-cropped wp-block-gallery-1 is-layout-flex wp-block-gallery-is-layout-flex\">\n<figure class=\"wp-block-image size-large\"><img loading=\"lazy\" decoding=\"async\" width=\"1024\" height=\"768\" data-id=\"1625\" src=\"https:\/\/www.crea.gov.co\/crea-roma\/wp-content\/uploads\/sites\/10\/2025\/11\/WhatsApp-Image-2025-11-09-at-3.44.02-PM-1024x768.jpeg\" alt=\"\" class=\"wp-image-1625\" srcset=\"https:\/\/www.crea.gov.co\/crea-roma\/wp-content\/uploads\/sites\/10\/2025\/11\/WhatsApp-Image-2025-11-09-at-3.44.02-PM-1024x768.jpeg 1024w, https:\/\/www.crea.gov.co\/crea-roma\/wp-content\/uploads\/sites\/10\/2025\/11\/WhatsApp-Image-2025-11-09-at-3.44.02-PM-300x225.jpeg 300w, https:\/\/www.crea.gov.co\/crea-roma\/wp-content\/uploads\/sites\/10\/2025\/11\/WhatsApp-Image-2025-11-09-at-3.44.02-PM-768x576.jpeg 768w, https:\/\/www.crea.gov.co\/crea-roma\/wp-content\/uploads\/sites\/10\/2025\/11\/WhatsApp-Image-2025-11-09-at-3.44.02-PM-1536x1152.jpeg 1536w, https:\/\/www.crea.gov.co\/crea-roma\/wp-content\/uploads\/sites\/10\/2025\/11\/WhatsApp-Image-2025-11-09-at-3.44.02-PM.jpeg 1600w\" sizes=\"auto, (max-width: 1024px) 100vw, 1024px\" \/><\/figure>\n\n\n\n<figure class=\"wp-block-image size-large\"><img loading=\"lazy\" decoding=\"async\" width=\"1024\" height=\"768\" data-id=\"1624\" src=\"https:\/\/www.crea.gov.co\/crea-roma\/wp-content\/uploads\/sites\/10\/2025\/11\/WhatsApp-Image-2025-11-09-at-3.44.01-PM-2-1024x768.jpeg\" alt=\"\" class=\"wp-image-1624\" srcset=\"https:\/\/www.crea.gov.co\/crea-roma\/wp-content\/uploads\/sites\/10\/2025\/11\/WhatsApp-Image-2025-11-09-at-3.44.01-PM-2-1024x768.jpeg 1024w, https:\/\/www.crea.gov.co\/crea-roma\/wp-content\/uploads\/sites\/10\/2025\/11\/WhatsApp-Image-2025-11-09-at-3.44.01-PM-2-300x225.jpeg 300w, https:\/\/www.crea.gov.co\/crea-roma\/wp-content\/uploads\/sites\/10\/2025\/11\/WhatsApp-Image-2025-11-09-at-3.44.01-PM-2-768x576.jpeg 768w, https:\/\/www.crea.gov.co\/crea-roma\/wp-content\/uploads\/sites\/10\/2025\/11\/WhatsApp-Image-2025-11-09-at-3.44.01-PM-2.jpeg 1280w\" sizes=\"auto, (max-width: 1024px) 100vw, 1024px\" \/><\/figure>\n\n\n\n<figure class=\"wp-block-image size-large\"><img loading=\"lazy\" decoding=\"async\" width=\"1024\" height=\"768\" data-id=\"1626\" src=\"https:\/\/www.crea.gov.co\/crea-roma\/wp-content\/uploads\/sites\/10\/2025\/11\/WhatsApp-Image-2025-11-09-at-3.44.01-PM-1-1024x768.jpeg\" alt=\"\" class=\"wp-image-1626\" srcset=\"https:\/\/www.crea.gov.co\/crea-roma\/wp-content\/uploads\/sites\/10\/2025\/11\/WhatsApp-Image-2025-11-09-at-3.44.01-PM-1-1024x768.jpeg 1024w, https:\/\/www.crea.gov.co\/crea-roma\/wp-content\/uploads\/sites\/10\/2025\/11\/WhatsApp-Image-2025-11-09-at-3.44.01-PM-1-300x225.jpeg 300w, https:\/\/www.crea.gov.co\/crea-roma\/wp-content\/uploads\/sites\/10\/2025\/11\/WhatsApp-Image-2025-11-09-at-3.44.01-PM-1-768x576.jpeg 768w, https:\/\/www.crea.gov.co\/crea-roma\/wp-content\/uploads\/sites\/10\/2025\/11\/WhatsApp-Image-2025-11-09-at-3.44.01-PM-1-1536x1152.jpeg 1536w, https:\/\/www.crea.gov.co\/crea-roma\/wp-content\/uploads\/sites\/10\/2025\/11\/WhatsApp-Image-2025-11-09-at-3.44.01-PM-1.jpeg 1600w\" sizes=\"auto, (max-width: 1024px) 100vw, 1024px\" \/><\/figure>\n\n\n\n<figure class=\"wp-block-image size-large\"><img loading=\"lazy\" decoding=\"async\" width=\"1024\" height=\"768\" data-id=\"1627\" src=\"https:\/\/www.crea.gov.co\/crea-roma\/wp-content\/uploads\/sites\/10\/2025\/11\/WhatsApp-Image-2025-11-09-at-3.44.01-PM-1024x768.jpeg\" alt=\"\" class=\"wp-image-1627\" srcset=\"https:\/\/www.crea.gov.co\/crea-roma\/wp-content\/uploads\/sites\/10\/2025\/11\/WhatsApp-Image-2025-11-09-at-3.44.01-PM-1024x768.jpeg 1024w, https:\/\/www.crea.gov.co\/crea-roma\/wp-content\/uploads\/sites\/10\/2025\/11\/WhatsApp-Image-2025-11-09-at-3.44.01-PM-300x225.jpeg 300w, https:\/\/www.crea.gov.co\/crea-roma\/wp-content\/uploads\/sites\/10\/2025\/11\/WhatsApp-Image-2025-11-09-at-3.44.01-PM-768x576.jpeg 768w, https:\/\/www.crea.gov.co\/crea-roma\/wp-content\/uploads\/sites\/10\/2025\/11\/WhatsApp-Image-2025-11-09-at-3.44.01-PM-1536x1152.jpeg 1536w, https:\/\/www.crea.gov.co\/crea-roma\/wp-content\/uploads\/sites\/10\/2025\/11\/WhatsApp-Image-2025-11-09-at-3.44.01-PM.jpeg 1600w\" sizes=\"auto, (max-width: 1024px) 100vw, 1024px\" \/><\/figure>\n<\/figure>\n\n\n\n<p class=\"has-text-align-center\"><strong>\ud83c\udf1fLa danza, la m\u00fasica y la tradici\u00f3n no solo nos conectan con nuestras ra\u00edces, sino que nos ense\u00f1an que la edad no limita la creatividad ni la alegr\u00eda. Cada paso, cada movimiento y cada sonrisa compartida nos recuerda que <strong>siempre es posible aprender, divertirse y celebrar la vida juntos<\/strong>. \ud83d\udcab<\/strong><\/p>\n","protected":false},"excerpt":{"rendered":"<p>\u201cDesde mi ciudad recorro el Pac\u00edfico\u201d fue el nombre de la apuesta esc\u00e9nica presentada por un grupo de personas mayores que, desde 2024, participan en el taller de danza del Sal\u00f3n Comunal del barrio Las Luces, dirigido por el artista formador Arturo Prado. El pasado jueves 6 de noviembre, estos talentosos bailarines cerraron con entusiasmo [&hellip;]<\/p>\n","protected":false},"author":89,"featured_media":1622,"comment_status":"open","ping_status":"open","sticky":false,"template":"","format":"standard","meta":{"footnotes":""},"categories":[1],"tags":[],"class_list":["post-1621","post","type-post","status-publish","format-standard","has-post-thumbnail","hentry","category-sin-categoria"],"yoast_head":"<!-- This site is optimized with the Yoast SEO plugin v24.5 - https:\/\/yoast.com\/wordpress\/plugins\/seo\/ -->\n<title>\u2728 Desde mi ciudad recorro el Pac\u00edfico\u2728 - Crea Roma<\/title>\n<meta name=\"robots\" content=\"index, follow, max-snippet:-1, max-image-preview:large, max-video-preview:-1\" \/>\n<link rel=\"canonical\" href=\"https:\/\/www.crea.gov.co\/crea-roma\/\u2728-desde-mi-ciudad-recorro-el-pacifico\u2728\/\" \/>\n<meta property=\"og:locale\" content=\"es_ES\" \/>\n<meta property=\"og:type\" content=\"article\" \/>\n<meta property=\"og:title\" content=\"\u2728 Desde mi ciudad recorro el Pac\u00edfico\u2728 - Crea Roma\" \/>\n<meta property=\"og:description\" content=\"\u201cDesde mi ciudad recorro el Pac\u00edfico\u201d fue el nombre de la apuesta esc\u00e9nica presentada por un grupo de personas mayores que, desde 2024, participan en el taller de danza del Sal\u00f3n Comunal del barrio Las Luces, dirigido por el artista formador Arturo Prado. El pasado jueves 6 de noviembre, estos talentosos bailarines cerraron con entusiasmo [&hellip;]\" \/>\n<meta property=\"og:url\" content=\"https:\/\/www.crea.gov.co\/crea-roma\/\u2728-desde-mi-ciudad-recorro-el-pacifico\u2728\/\" \/>\n<meta property=\"og:site_name\" content=\"Crea Roma\" \/>\n<meta property=\"article:published_time\" content=\"2025-11-09T20:54:19+00:00\" \/>\n<meta property=\"og:image\" content=\"https:\/\/www.crea.gov.co\/crea-roma\/wp-content\/uploads\/sites\/10\/2025\/11\/WhatsApp-Image-2025-11-09-at-3.43.04-PM.jpeg\" \/>\n\t<meta property=\"og:image:width\" content=\"1600\" \/>\n\t<meta property=\"og:image:height\" content=\"1200\" \/>\n\t<meta property=\"og:image:type\" content=\"image\/jpeg\" \/>\n<meta name=\"author\" content=\"crearoma\" \/>\n<meta name=\"twitter:card\" content=\"summary_large_image\" \/>\n<meta name=\"twitter:label1\" content=\"Escrito por\" \/>\n\t<meta name=\"twitter:data1\" content=\"crearoma\" \/>\n\t<meta name=\"twitter:label2\" content=\"Tiempo de lectura\" \/>\n\t<meta name=\"twitter:data2\" content=\"3 minutos\" \/>\n<script type=\"application\/ld+json\" class=\"yoast-schema-graph\">{\"@context\":\"https:\/\/schema.org\",\"@graph\":[{\"@type\":\"WebPage\",\"@id\":\"https:\/\/www.crea.gov.co\/crea-roma\/%e2%9c%a8-desde-mi-ciudad-recorro-el-pacifico%e2%9c%a8\/\",\"url\":\"https:\/\/www.crea.gov.co\/crea-roma\/%e2%9c%a8-desde-mi-ciudad-recorro-el-pacifico%e2%9c%a8\/\",\"name\":\"\u2728 Desde mi ciudad recorro el Pac\u00edfico\u2728 - Crea Roma\",\"isPartOf\":{\"@id\":\"https:\/\/www.crea.gov.co\/crea-roma\/#website\"},\"primaryImageOfPage\":{\"@id\":\"https:\/\/www.crea.gov.co\/crea-roma\/%e2%9c%a8-desde-mi-ciudad-recorro-el-pacifico%e2%9c%a8\/#primaryimage\"},\"image\":{\"@id\":\"https:\/\/www.crea.gov.co\/crea-roma\/%e2%9c%a8-desde-mi-ciudad-recorro-el-pacifico%e2%9c%a8\/#primaryimage\"},\"thumbnailUrl\":\"https:\/\/www.crea.gov.co\/crea-roma\/wp-content\/uploads\/sites\/10\/2025\/11\/WhatsApp-Image-2025-11-09-at-3.43.04-PM.jpeg\",\"datePublished\":\"2025-11-09T20:54:19+00:00\",\"author\":{\"@id\":\"https:\/\/www.crea.gov.co\/crea-roma\/#\/schema\/person\/98d3131acf7d36de9766d95e8154256d\"},\"breadcrumb\":{\"@id\":\"https:\/\/www.crea.gov.co\/crea-roma\/%e2%9c%a8-desde-mi-ciudad-recorro-el-pacifico%e2%9c%a8\/#breadcrumb\"},\"inLanguage\":\"es-CO\",\"potentialAction\":[{\"@type\":\"ReadAction\",\"target\":[\"https:\/\/www.crea.gov.co\/crea-roma\/%e2%9c%a8-desde-mi-ciudad-recorro-el-pacifico%e2%9c%a8\/\"]}]},{\"@type\":\"ImageObject\",\"inLanguage\":\"es-CO\",\"@id\":\"https:\/\/www.crea.gov.co\/crea-roma\/%e2%9c%a8-desde-mi-ciudad-recorro-el-pacifico%e2%9c%a8\/#primaryimage\",\"url\":\"https:\/\/www.crea.gov.co\/crea-roma\/wp-content\/uploads\/sites\/10\/2025\/11\/WhatsApp-Image-2025-11-09-at-3.43.04-PM.jpeg\",\"contentUrl\":\"https:\/\/www.crea.gov.co\/crea-roma\/wp-content\/uploads\/sites\/10\/2025\/11\/WhatsApp-Image-2025-11-09-at-3.43.04-PM.jpeg\",\"width\":1600,\"height\":1200},{\"@type\":\"BreadcrumbList\",\"@id\":\"https:\/\/www.crea.gov.co\/crea-roma\/%e2%9c%a8-desde-mi-ciudad-recorro-el-pacifico%e2%9c%a8\/#breadcrumb\",\"itemListElement\":[{\"@type\":\"ListItem\",\"position\":1,\"name\":\"Home\",\"item\":\"https:\/\/www.crea.gov.co\/crea-roma\/\"},{\"@type\":\"ListItem\",\"position\":2,\"name\":\"\u2728 Desde mi ciudad recorro el Pac\u00edfico\u2728\"}]},{\"@type\":\"WebSite\",\"@id\":\"https:\/\/www.crea.gov.co\/crea-roma\/#website\",\"url\":\"https:\/\/www.crea.gov.co\/crea-roma\/\",\"name\":\"Crea Roma\",\"description\":\"En Kennedy, rodeado de conjuntos y calles que guardan historias de familias que han crecido en el barrio, este espacio es un lugar donde la creatividad se entrelaza con la vida cotidiana. Aqu\u00ed, los lenguajes art\u00edsticos fortalecen lazos y dan voz a las experiencias de una comunidad que se reconoce en lo colectivo.\",\"potentialAction\":[{\"@type\":\"SearchAction\",\"target\":{\"@type\":\"EntryPoint\",\"urlTemplate\":\"https:\/\/www.crea.gov.co\/crea-roma\/?s={search_term_string}\"},\"query-input\":{\"@type\":\"PropertyValueSpecification\",\"valueRequired\":true,\"valueName\":\"search_term_string\"}}],\"inLanguage\":\"es-CO\"},{\"@type\":\"Person\",\"@id\":\"https:\/\/www.crea.gov.co\/crea-roma\/#\/schema\/person\/98d3131acf7d36de9766d95e8154256d\",\"name\":\"crearoma\",\"image\":{\"@type\":\"ImageObject\",\"inLanguage\":\"es-CO\",\"@id\":\"https:\/\/www.crea.gov.co\/crea-roma\/#\/schema\/person\/image\/\",\"url\":\"https:\/\/secure.gravatar.com\/avatar\/a932fc1012aeb823a10fc90d54ba8dd3?s=96&d=mm&r=g\",\"contentUrl\":\"https:\/\/secure.gravatar.com\/avatar\/a932fc1012aeb823a10fc90d54ba8dd3?s=96&d=mm&r=g\",\"caption\":\"crearoma\"},\"url\":\"https:\/\/www.crea.gov.co\/crea-roma\/author\/crearoma\/\"}]}<\/script>\n<!-- \/ Yoast SEO plugin. -->","yoast_head_json":{"title":"\u2728 Desde mi ciudad recorro el Pac\u00edfico\u2728 - Crea Roma","robots":{"index":"index","follow":"follow","max-snippet":"max-snippet:-1","max-image-preview":"max-image-preview:large","max-video-preview":"max-video-preview:-1"},"canonical":"https:\/\/www.crea.gov.co\/crea-roma\/\u2728-desde-mi-ciudad-recorro-el-pacifico\u2728\/","og_locale":"es_ES","og_type":"article","og_title":"\u2728 Desde mi ciudad recorro el Pac\u00edfico\u2728 - Crea Roma","og_description":"\u201cDesde mi ciudad recorro el Pac\u00edfico\u201d fue el nombre de la apuesta esc\u00e9nica presentada por un grupo de personas mayores que, desde 2024, participan en el taller de danza del Sal\u00f3n Comunal del barrio Las Luces, dirigido por el artista formador Arturo Prado. El pasado jueves 6 de noviembre, estos talentosos bailarines cerraron con entusiasmo [&hellip;]","og_url":"https:\/\/www.crea.gov.co\/crea-roma\/\u2728-desde-mi-ciudad-recorro-el-pacifico\u2728\/","og_site_name":"Crea Roma","article_published_time":"2025-11-09T20:54:19+00:00","og_image":[{"width":1600,"height":1200,"url":"https:\/\/www.crea.gov.co\/crea-roma\/wp-content\/uploads\/sites\/10\/2025\/11\/WhatsApp-Image-2025-11-09-at-3.43.04-PM.jpeg","type":"image\/jpeg"}],"author":"crearoma","twitter_card":"summary_large_image","twitter_misc":{"Escrito por":"crearoma","Tiempo de lectura":"3 minutos"},"schema":{"@context":"https:\/\/schema.org","@graph":[{"@type":"WebPage","@id":"https:\/\/www.crea.gov.co\/crea-roma\/%e2%9c%a8-desde-mi-ciudad-recorro-el-pacifico%e2%9c%a8\/","url":"https:\/\/www.crea.gov.co\/crea-roma\/%e2%9c%a8-desde-mi-ciudad-recorro-el-pacifico%e2%9c%a8\/","name":"\u2728 Desde mi ciudad recorro el Pac\u00edfico\u2728 - Crea Roma","isPartOf":{"@id":"https:\/\/www.crea.gov.co\/crea-roma\/#website"},"primaryImageOfPage":{"@id":"https:\/\/www.crea.gov.co\/crea-roma\/%e2%9c%a8-desde-mi-ciudad-recorro-el-pacifico%e2%9c%a8\/#primaryimage"},"image":{"@id":"https:\/\/www.crea.gov.co\/crea-roma\/%e2%9c%a8-desde-mi-ciudad-recorro-el-pacifico%e2%9c%a8\/#primaryimage"},"thumbnailUrl":"https:\/\/www.crea.gov.co\/crea-roma\/wp-content\/uploads\/sites\/10\/2025\/11\/WhatsApp-Image-2025-11-09-at-3.43.04-PM.jpeg","datePublished":"2025-11-09T20:54:19+00:00","author":{"@id":"https:\/\/www.crea.gov.co\/crea-roma\/#\/schema\/person\/98d3131acf7d36de9766d95e8154256d"},"breadcrumb":{"@id":"https:\/\/www.crea.gov.co\/crea-roma\/%e2%9c%a8-desde-mi-ciudad-recorro-el-pacifico%e2%9c%a8\/#breadcrumb"},"inLanguage":"es-CO","potentialAction":[{"@type":"ReadAction","target":["https:\/\/www.crea.gov.co\/crea-roma\/%e2%9c%a8-desde-mi-ciudad-recorro-el-pacifico%e2%9c%a8\/"]}]},{"@type":"ImageObject","inLanguage":"es-CO","@id":"https:\/\/www.crea.gov.co\/crea-roma\/%e2%9c%a8-desde-mi-ciudad-recorro-el-pacifico%e2%9c%a8\/#primaryimage","url":"https:\/\/www.crea.gov.co\/crea-roma\/wp-content\/uploads\/sites\/10\/2025\/11\/WhatsApp-Image-2025-11-09-at-3.43.04-PM.jpeg","contentUrl":"https:\/\/www.crea.gov.co\/crea-roma\/wp-content\/uploads\/sites\/10\/2025\/11\/WhatsApp-Image-2025-11-09-at-3.43.04-PM.jpeg","width":1600,"height":1200},{"@type":"BreadcrumbList","@id":"https:\/\/www.crea.gov.co\/crea-roma\/%e2%9c%a8-desde-mi-ciudad-recorro-el-pacifico%e2%9c%a8\/#breadcrumb","itemListElement":[{"@type":"ListItem","position":1,"name":"Home","item":"https:\/\/www.crea.gov.co\/crea-roma\/"},{"@type":"ListItem","position":2,"name":"\u2728 Desde mi ciudad recorro el Pac\u00edfico\u2728"}]},{"@type":"WebSite","@id":"https:\/\/www.crea.gov.co\/crea-roma\/#website","url":"https:\/\/www.crea.gov.co\/crea-roma\/","name":"Crea Roma","description":"En Kennedy, rodeado de conjuntos y calles que guardan historias de familias que han crecido en el barrio, este espacio es un lugar donde la creatividad se entrelaza con la vida cotidiana. Aqu\u00ed, los lenguajes art\u00edsticos fortalecen lazos y dan voz a las experiencias de una comunidad que se reconoce en lo colectivo.","potentialAction":[{"@type":"SearchAction","target":{"@type":"EntryPoint","urlTemplate":"https:\/\/www.crea.gov.co\/crea-roma\/?s={search_term_string}"},"query-input":{"@type":"PropertyValueSpecification","valueRequired":true,"valueName":"search_term_string"}}],"inLanguage":"es-CO"},{"@type":"Person","@id":"https:\/\/www.crea.gov.co\/crea-roma\/#\/schema\/person\/98d3131acf7d36de9766d95e8154256d","name":"crearoma","image":{"@type":"ImageObject","inLanguage":"es-CO","@id":"https:\/\/www.crea.gov.co\/crea-roma\/#\/schema\/person\/image\/","url":"https:\/\/secure.gravatar.com\/avatar\/a932fc1012aeb823a10fc90d54ba8dd3?s=96&d=mm&r=g","contentUrl":"https:\/\/secure.gravatar.com\/avatar\/a932fc1012aeb823a10fc90d54ba8dd3?s=96&d=mm&r=g","caption":"crearoma"},"url":"https:\/\/www.crea.gov.co\/crea-roma\/author\/crearoma\/"}]}},"_links":{"self":[{"href":"https:\/\/www.crea.gov.co\/crea-roma\/wp-json\/wp\/v2\/posts\/1621","targetHints":{"allow":["GET"]}}],"collection":[{"href":"https:\/\/www.crea.gov.co\/crea-roma\/wp-json\/wp\/v2\/posts"}],"about":[{"href":"https:\/\/www.crea.gov.co\/crea-roma\/wp-json\/wp\/v2\/types\/post"}],"author":[{"embeddable":true,"href":"https:\/\/www.crea.gov.co\/crea-roma\/wp-json\/wp\/v2\/users\/89"}],"replies":[{"embeddable":true,"href":"https:\/\/www.crea.gov.co\/crea-roma\/wp-json\/wp\/v2\/comments?post=1621"}],"version-history":[{"count":1,"href":"https:\/\/www.crea.gov.co\/crea-roma\/wp-json\/wp\/v2\/posts\/1621\/revisions"}],"predecessor-version":[{"id":1628,"href":"https:\/\/www.crea.gov.co\/crea-roma\/wp-json\/wp\/v2\/posts\/1621\/revisions\/1628"}],"wp:featuredmedia":[{"embeddable":true,"href":"https:\/\/www.crea.gov.co\/crea-roma\/wp-json\/wp\/v2\/media\/1622"}],"wp:attachment":[{"href":"https:\/\/www.crea.gov.co\/crea-roma\/wp-json\/wp\/v2\/media?parent=1621"}],"wp:term":[{"taxonomy":"category","embeddable":true,"href":"https:\/\/www.crea.gov.co\/crea-roma\/wp-json\/wp\/v2\/categories?post=1621"},{"taxonomy":"post_tag","embeddable":true,"href":"https:\/\/www.crea.gov.co\/crea-roma\/wp-json\/wp\/v2\/tags?post=1621"}],"curies":[{"name":"wp","href":"https:\/\/api.w.org\/{rel}","templated":true}]}}