{"id":1617,"date":"2025-11-09T19:05:23","date_gmt":"2025-11-09T19:05:23","guid":{"rendered":"https:\/\/www.crea.gov.co\/crea-roma\/?p=1617"},"modified":"2025-11-09T19:05:23","modified_gmt":"2025-11-09T19:05:23","slug":"%f0%9f%8e%b6-%e2%9c%a8recital-timiza%e2%9c%a8-%f0%9f%aa%b6","status":"publish","type":"post","link":"https:\/\/www.crea.gov.co\/crea-roma\/%f0%9f%8e%b6-%e2%9c%a8recital-timiza%e2%9c%a8-%f0%9f%aa%b6\/","title":{"rendered":"\ud83c\udfb6 \u2728Recital Timiza\u2728 \ud83e\udeb6"},"content":{"rendered":"<figure class=\"wp-block-post-featured-image\"><img loading=\"lazy\" decoding=\"async\" width=\"1599\" height=\"1200\" src=\"https:\/\/www.crea.gov.co\/crea-roma\/wp-content\/uploads\/sites\/10\/2025\/11\/Recital-Timiza-Crea-Roma.jpeg\" class=\"attachment-post-thumbnail size-post-thumbnail wp-post-image\" alt=\"\" style=\"object-fit:cover;\" srcset=\"https:\/\/www.crea.gov.co\/crea-roma\/wp-content\/uploads\/sites\/10\/2025\/11\/Recital-Timiza-Crea-Roma.jpeg 1599w, https:\/\/www.crea.gov.co\/crea-roma\/wp-content\/uploads\/sites\/10\/2025\/11\/Recital-Timiza-Crea-Roma-300x225.jpeg 300w, https:\/\/www.crea.gov.co\/crea-roma\/wp-content\/uploads\/sites\/10\/2025\/11\/Recital-Timiza-Crea-Roma-1024x768.jpeg 1024w, https:\/\/www.crea.gov.co\/crea-roma\/wp-content\/uploads\/sites\/10\/2025\/11\/Recital-Timiza-Crea-Roma-768x576.jpeg 768w, https:\/\/www.crea.gov.co\/crea-roma\/wp-content\/uploads\/sites\/10\/2025\/11\/Recital-Timiza-Crea-Roma-1536x1153.jpeg 1536w\" sizes=\"auto, (max-width: 1599px) 100vw, 1599px\" \/><\/figure>\n\n\n<p>El pasado <strong>martes 28 de octubre<\/strong>, los grupos de <strong>M\u00fasica IC-6411<\/strong> y <strong>Literatura IC-5849<\/strong> de la l\u00ednea <strong>Impulso Colectivo<\/strong> se reunieron en el <strong>Crea Roma<\/strong> para compartir el proceso de <strong>formaci\u00f3n y creaci\u00f3n art\u00edstica<\/strong> desarrollado con adultos y personas mayores de la <strong>Biblioteca P\u00fablica Lago Timiza<\/strong> en el a\u00f1o 2025. \ud83d\udcab<\/p>\n\n\n\n<p>Bajo la gu\u00eda de las artistas formadoras <strong>Diana Egas<\/strong> y <strong>Laura Fl\u00f3rez<\/strong>, naci\u00f3 <strong>\u201cRecital Timiza\u201d<\/strong>, una experiencia interdisciplinar donde <strong>la m\u00fasica, la poes\u00eda y la narrativa<\/strong> se encontraron en un solo escenario. \ud83c\udfa4\ud83d\udcd6\ud83c\udfb6<\/p>\n\n\n\n<p>\ud83d\udc40 Como p\u00fablico especial asistieron los grupos de Arte en la Escuela, conformados por estudiantes de grado octavo, quienes disfrutaron de esta propuesta llena de sensibilidad y creatividad.<\/p>\n\n\n\n<p><strong>El Recital Timiza<\/strong> consisti\u00f3 en una puesta en escena donde convergieron la m\u00fasica, la poes\u00eda y la narrativa. <em>El Coro de Timiza<\/em> y el colectivo literario <em>Emergentes<\/em> trazaron un recorrido de intervenciones en el que el texto y la m\u00fasica dialogaron de manera arm\u00f3nica.\u00a0<\/p>\n\n\n\n<p>El repertorio incluy\u00f3 composiciones originales, as\u00ed como interpretaciones de obras de artistas como Natalia Lafourcade y Barbatuques. Las piezas musicales se entrelazaron con lecturas de poemas como \u201cEl grito de la ermita\u00f1a\u201d y relatos-acertijo, entre ellos Una mirada a la eternidad, invitando al p\u00fablico a participar mediante la resoluci\u00f3n de enigmas y la reflexi\u00f3n sobre los personajes. \ud83d\udcad\u2728<\/p>\n\n\n\n<figure class=\"wp-block-video\"><video controls src=\"https:\/\/www.crea.gov.co\/crea-roma\/wp-content\/uploads\/sites\/10\/2025\/11\/Recital-Timiza.mp4\"><\/video><\/figure>\n\n\n\n<p>&nbsp;\ud83c\udf3fAl finalizar la presentaci\u00f3n, se propici\u00f3 un espacio de di\u00e1logo entre los asistentes, en el que se reconoci\u00f3 el valor del <strong>trabajo creativo<\/strong> desarrollado por ambos colectivos. La conversaci\u00f3n permiti\u00f3 reflexionar sobre la capacidad del arte para conectar con la <strong>vida cotidiana <\/strong>y sobre las m\u00faltiples posibilidades de interdisciplinariedad entre los lenguajes art\u00edsticos. Este encuentro intergeneracional permiti\u00f3 apreciar la riqueza expresiva del <strong>ritmo<\/strong>, <strong>la voz<\/strong>, la palabra, el gesto y el sonido, consolid\u00e1ndose como un espacio de encuentro, <strong>aprendizaje<\/strong> y creaci\u00f3n compartida. \ud83d\udc95\ud83c\udfb6<\/p>\n","protected":false},"excerpt":{"rendered":"<p>El pasado martes 28 de octubre, los grupos de M\u00fasica IC-6411 y Literatura IC-5849 de la l\u00ednea Impulso Colectivo se reunieron en el Crea Roma para compartir el proceso de formaci\u00f3n y creaci\u00f3n art\u00edstica desarrollado con adultos y personas mayores de la Biblioteca P\u00fablica Lago Timiza en el a\u00f1o 2025. \ud83d\udcab Bajo la gu\u00eda de [&hellip;]<\/p>\n","protected":false},"author":89,"featured_media":1618,"comment_status":"open","ping_status":"open","sticky":false,"template":"","format":"standard","meta":{"footnotes":""},"categories":[1],"tags":[],"class_list":["post-1617","post","type-post","status-publish","format-standard","has-post-thumbnail","hentry","category-sin-categoria"],"yoast_head":"<!-- This site is optimized with the Yoast SEO plugin v24.5 - https:\/\/yoast.com\/wordpress\/plugins\/seo\/ -->\n<title>\ud83c\udfb6 \u2728Recital Timiza\u2728 \ud83e\udeb6 - Crea Roma<\/title>\n<meta name=\"robots\" content=\"index, follow, max-snippet:-1, max-image-preview:large, max-video-preview:-1\" \/>\n<link rel=\"canonical\" href=\"https:\/\/www.crea.gov.co\/crea-roma\/\ud83c\udfb6-\u2728recital-timiza\u2728-\ud83e\udeb6\/\" \/>\n<meta property=\"og:locale\" content=\"es_ES\" \/>\n<meta property=\"og:type\" content=\"article\" \/>\n<meta property=\"og:title\" content=\"\ud83c\udfb6 \u2728Recital Timiza\u2728 \ud83e\udeb6 - Crea Roma\" \/>\n<meta property=\"og:description\" content=\"El pasado martes 28 de octubre, los grupos de M\u00fasica IC-6411 y Literatura IC-5849 de la l\u00ednea Impulso Colectivo se reunieron en el Crea Roma para compartir el proceso de formaci\u00f3n y creaci\u00f3n art\u00edstica desarrollado con adultos y personas mayores de la Biblioteca P\u00fablica Lago Timiza en el a\u00f1o 2025. \ud83d\udcab Bajo la gu\u00eda de [&hellip;]\" \/>\n<meta property=\"og:url\" content=\"https:\/\/www.crea.gov.co\/crea-roma\/\ud83c\udfb6-\u2728recital-timiza\u2728-\ud83e\udeb6\/\" \/>\n<meta property=\"og:site_name\" content=\"Crea Roma\" \/>\n<meta property=\"article:published_time\" content=\"2025-11-09T19:05:23+00:00\" \/>\n<meta property=\"og:image\" content=\"https:\/\/www.crea.gov.co\/crea-roma\/wp-content\/uploads\/sites\/10\/2025\/11\/Recital-Timiza-Crea-Roma.jpeg\" \/>\n\t<meta property=\"og:image:width\" content=\"1599\" \/>\n\t<meta property=\"og:image:height\" content=\"1200\" \/>\n\t<meta property=\"og:image:type\" content=\"image\/jpeg\" \/>\n<meta name=\"author\" content=\"crearoma\" \/>\n<meta name=\"twitter:card\" content=\"summary_large_image\" \/>\n<meta name=\"twitter:label1\" content=\"Escrito por\" \/>\n\t<meta name=\"twitter:data1\" content=\"crearoma\" \/>\n\t<meta name=\"twitter:label2\" content=\"Tiempo de lectura\" \/>\n\t<meta name=\"twitter:data2\" content=\"2 minutos\" \/>\n<script type=\"application\/ld+json\" class=\"yoast-schema-graph\">{\"@context\":\"https:\/\/schema.org\",\"@graph\":[{\"@type\":\"WebPage\",\"@id\":\"https:\/\/www.crea.gov.co\/crea-roma\/%f0%9f%8e%b6-%e2%9c%a8recital-timiza%e2%9c%a8-%f0%9f%aa%b6\/\",\"url\":\"https:\/\/www.crea.gov.co\/crea-roma\/%f0%9f%8e%b6-%e2%9c%a8recital-timiza%e2%9c%a8-%f0%9f%aa%b6\/\",\"name\":\"\ud83c\udfb6 \u2728Recital Timiza\u2728 \ud83e\udeb6 - Crea Roma\",\"isPartOf\":{\"@id\":\"https:\/\/www.crea.gov.co\/crea-roma\/#website\"},\"primaryImageOfPage\":{\"@id\":\"https:\/\/www.crea.gov.co\/crea-roma\/%f0%9f%8e%b6-%e2%9c%a8recital-timiza%e2%9c%a8-%f0%9f%aa%b6\/#primaryimage\"},\"image\":{\"@id\":\"https:\/\/www.crea.gov.co\/crea-roma\/%f0%9f%8e%b6-%e2%9c%a8recital-timiza%e2%9c%a8-%f0%9f%aa%b6\/#primaryimage\"},\"thumbnailUrl\":\"https:\/\/www.crea.gov.co\/crea-roma\/wp-content\/uploads\/sites\/10\/2025\/11\/Recital-Timiza-Crea-Roma.jpeg\",\"datePublished\":\"2025-11-09T19:05:23+00:00\",\"author\":{\"@id\":\"https:\/\/www.crea.gov.co\/crea-roma\/#\/schema\/person\/98d3131acf7d36de9766d95e8154256d\"},\"breadcrumb\":{\"@id\":\"https:\/\/www.crea.gov.co\/crea-roma\/%f0%9f%8e%b6-%e2%9c%a8recital-timiza%e2%9c%a8-%f0%9f%aa%b6\/#breadcrumb\"},\"inLanguage\":\"es-CO\",\"potentialAction\":[{\"@type\":\"ReadAction\",\"target\":[\"https:\/\/www.crea.gov.co\/crea-roma\/%f0%9f%8e%b6-%e2%9c%a8recital-timiza%e2%9c%a8-%f0%9f%aa%b6\/\"]}]},{\"@type\":\"ImageObject\",\"inLanguage\":\"es-CO\",\"@id\":\"https:\/\/www.crea.gov.co\/crea-roma\/%f0%9f%8e%b6-%e2%9c%a8recital-timiza%e2%9c%a8-%f0%9f%aa%b6\/#primaryimage\",\"url\":\"https:\/\/www.crea.gov.co\/crea-roma\/wp-content\/uploads\/sites\/10\/2025\/11\/Recital-Timiza-Crea-Roma.jpeg\",\"contentUrl\":\"https:\/\/www.crea.gov.co\/crea-roma\/wp-content\/uploads\/sites\/10\/2025\/11\/Recital-Timiza-Crea-Roma.jpeg\",\"width\":1599,\"height\":1200},{\"@type\":\"BreadcrumbList\",\"@id\":\"https:\/\/www.crea.gov.co\/crea-roma\/%f0%9f%8e%b6-%e2%9c%a8recital-timiza%e2%9c%a8-%f0%9f%aa%b6\/#breadcrumb\",\"itemListElement\":[{\"@type\":\"ListItem\",\"position\":1,\"name\":\"Home\",\"item\":\"https:\/\/www.crea.gov.co\/crea-roma\/\"},{\"@type\":\"ListItem\",\"position\":2,\"name\":\"\ud83c\udfb6 \u2728Recital Timiza\u2728 \ud83e\udeb6\"}]},{\"@type\":\"WebSite\",\"@id\":\"https:\/\/www.crea.gov.co\/crea-roma\/#website\",\"url\":\"https:\/\/www.crea.gov.co\/crea-roma\/\",\"name\":\"Crea Roma\",\"description\":\"En Kennedy, rodeado de conjuntos y calles que guardan historias de familias que han crecido en el barrio, este espacio es un lugar donde la creatividad se entrelaza con la vida cotidiana. Aqu\u00ed, los lenguajes art\u00edsticos fortalecen lazos y dan voz a las experiencias de una comunidad que se reconoce en lo colectivo.\",\"potentialAction\":[{\"@type\":\"SearchAction\",\"target\":{\"@type\":\"EntryPoint\",\"urlTemplate\":\"https:\/\/www.crea.gov.co\/crea-roma\/?s={search_term_string}\"},\"query-input\":{\"@type\":\"PropertyValueSpecification\",\"valueRequired\":true,\"valueName\":\"search_term_string\"}}],\"inLanguage\":\"es-CO\"},{\"@type\":\"Person\",\"@id\":\"https:\/\/www.crea.gov.co\/crea-roma\/#\/schema\/person\/98d3131acf7d36de9766d95e8154256d\",\"name\":\"crearoma\",\"image\":{\"@type\":\"ImageObject\",\"inLanguage\":\"es-CO\",\"@id\":\"https:\/\/www.crea.gov.co\/crea-roma\/#\/schema\/person\/image\/\",\"url\":\"https:\/\/secure.gravatar.com\/avatar\/a932fc1012aeb823a10fc90d54ba8dd3?s=96&d=mm&r=g\",\"contentUrl\":\"https:\/\/secure.gravatar.com\/avatar\/a932fc1012aeb823a10fc90d54ba8dd3?s=96&d=mm&r=g\",\"caption\":\"crearoma\"},\"url\":\"https:\/\/www.crea.gov.co\/crea-roma\/author\/crearoma\/\"}]}<\/script>\n<!-- \/ Yoast SEO plugin. -->","yoast_head_json":{"title":"\ud83c\udfb6 \u2728Recital Timiza\u2728 \ud83e\udeb6 - Crea Roma","robots":{"index":"index","follow":"follow","max-snippet":"max-snippet:-1","max-image-preview":"max-image-preview:large","max-video-preview":"max-video-preview:-1"},"canonical":"https:\/\/www.crea.gov.co\/crea-roma\/\ud83c\udfb6-\u2728recital-timiza\u2728-\ud83e\udeb6\/","og_locale":"es_ES","og_type":"article","og_title":"\ud83c\udfb6 \u2728Recital Timiza\u2728 \ud83e\udeb6 - Crea Roma","og_description":"El pasado martes 28 de octubre, los grupos de M\u00fasica IC-6411 y Literatura IC-5849 de la l\u00ednea Impulso Colectivo se reunieron en el Crea Roma para compartir el proceso de formaci\u00f3n y creaci\u00f3n art\u00edstica desarrollado con adultos y personas mayores de la Biblioteca P\u00fablica Lago Timiza en el a\u00f1o 2025. \ud83d\udcab Bajo la gu\u00eda de [&hellip;]","og_url":"https:\/\/www.crea.gov.co\/crea-roma\/\ud83c\udfb6-\u2728recital-timiza\u2728-\ud83e\udeb6\/","og_site_name":"Crea Roma","article_published_time":"2025-11-09T19:05:23+00:00","og_image":[{"width":1599,"height":1200,"url":"https:\/\/www.crea.gov.co\/crea-roma\/wp-content\/uploads\/sites\/10\/2025\/11\/Recital-Timiza-Crea-Roma.jpeg","type":"image\/jpeg"}],"author":"crearoma","twitter_card":"summary_large_image","twitter_misc":{"Escrito por":"crearoma","Tiempo de lectura":"2 minutos"},"schema":{"@context":"https:\/\/schema.org","@graph":[{"@type":"WebPage","@id":"https:\/\/www.crea.gov.co\/crea-roma\/%f0%9f%8e%b6-%e2%9c%a8recital-timiza%e2%9c%a8-%f0%9f%aa%b6\/","url":"https:\/\/www.crea.gov.co\/crea-roma\/%f0%9f%8e%b6-%e2%9c%a8recital-timiza%e2%9c%a8-%f0%9f%aa%b6\/","name":"\ud83c\udfb6 \u2728Recital Timiza\u2728 \ud83e\udeb6 - Crea Roma","isPartOf":{"@id":"https:\/\/www.crea.gov.co\/crea-roma\/#website"},"primaryImageOfPage":{"@id":"https:\/\/www.crea.gov.co\/crea-roma\/%f0%9f%8e%b6-%e2%9c%a8recital-timiza%e2%9c%a8-%f0%9f%aa%b6\/#primaryimage"},"image":{"@id":"https:\/\/www.crea.gov.co\/crea-roma\/%f0%9f%8e%b6-%e2%9c%a8recital-timiza%e2%9c%a8-%f0%9f%aa%b6\/#primaryimage"},"thumbnailUrl":"https:\/\/www.crea.gov.co\/crea-roma\/wp-content\/uploads\/sites\/10\/2025\/11\/Recital-Timiza-Crea-Roma.jpeg","datePublished":"2025-11-09T19:05:23+00:00","author":{"@id":"https:\/\/www.crea.gov.co\/crea-roma\/#\/schema\/person\/98d3131acf7d36de9766d95e8154256d"},"breadcrumb":{"@id":"https:\/\/www.crea.gov.co\/crea-roma\/%f0%9f%8e%b6-%e2%9c%a8recital-timiza%e2%9c%a8-%f0%9f%aa%b6\/#breadcrumb"},"inLanguage":"es-CO","potentialAction":[{"@type":"ReadAction","target":["https:\/\/www.crea.gov.co\/crea-roma\/%f0%9f%8e%b6-%e2%9c%a8recital-timiza%e2%9c%a8-%f0%9f%aa%b6\/"]}]},{"@type":"ImageObject","inLanguage":"es-CO","@id":"https:\/\/www.crea.gov.co\/crea-roma\/%f0%9f%8e%b6-%e2%9c%a8recital-timiza%e2%9c%a8-%f0%9f%aa%b6\/#primaryimage","url":"https:\/\/www.crea.gov.co\/crea-roma\/wp-content\/uploads\/sites\/10\/2025\/11\/Recital-Timiza-Crea-Roma.jpeg","contentUrl":"https:\/\/www.crea.gov.co\/crea-roma\/wp-content\/uploads\/sites\/10\/2025\/11\/Recital-Timiza-Crea-Roma.jpeg","width":1599,"height":1200},{"@type":"BreadcrumbList","@id":"https:\/\/www.crea.gov.co\/crea-roma\/%f0%9f%8e%b6-%e2%9c%a8recital-timiza%e2%9c%a8-%f0%9f%aa%b6\/#breadcrumb","itemListElement":[{"@type":"ListItem","position":1,"name":"Home","item":"https:\/\/www.crea.gov.co\/crea-roma\/"},{"@type":"ListItem","position":2,"name":"\ud83c\udfb6 \u2728Recital Timiza\u2728 \ud83e\udeb6"}]},{"@type":"WebSite","@id":"https:\/\/www.crea.gov.co\/crea-roma\/#website","url":"https:\/\/www.crea.gov.co\/crea-roma\/","name":"Crea Roma","description":"En Kennedy, rodeado de conjuntos y calles que guardan historias de familias que han crecido en el barrio, este espacio es un lugar donde la creatividad se entrelaza con la vida cotidiana. Aqu\u00ed, los lenguajes art\u00edsticos fortalecen lazos y dan voz a las experiencias de una comunidad que se reconoce en lo colectivo.","potentialAction":[{"@type":"SearchAction","target":{"@type":"EntryPoint","urlTemplate":"https:\/\/www.crea.gov.co\/crea-roma\/?s={search_term_string}"},"query-input":{"@type":"PropertyValueSpecification","valueRequired":true,"valueName":"search_term_string"}}],"inLanguage":"es-CO"},{"@type":"Person","@id":"https:\/\/www.crea.gov.co\/crea-roma\/#\/schema\/person\/98d3131acf7d36de9766d95e8154256d","name":"crearoma","image":{"@type":"ImageObject","inLanguage":"es-CO","@id":"https:\/\/www.crea.gov.co\/crea-roma\/#\/schema\/person\/image\/","url":"https:\/\/secure.gravatar.com\/avatar\/a932fc1012aeb823a10fc90d54ba8dd3?s=96&d=mm&r=g","contentUrl":"https:\/\/secure.gravatar.com\/avatar\/a932fc1012aeb823a10fc90d54ba8dd3?s=96&d=mm&r=g","caption":"crearoma"},"url":"https:\/\/www.crea.gov.co\/crea-roma\/author\/crearoma\/"}]}},"_links":{"self":[{"href":"https:\/\/www.crea.gov.co\/crea-roma\/wp-json\/wp\/v2\/posts\/1617","targetHints":{"allow":["GET"]}}],"collection":[{"href":"https:\/\/www.crea.gov.co\/crea-roma\/wp-json\/wp\/v2\/posts"}],"about":[{"href":"https:\/\/www.crea.gov.co\/crea-roma\/wp-json\/wp\/v2\/types\/post"}],"author":[{"embeddable":true,"href":"https:\/\/www.crea.gov.co\/crea-roma\/wp-json\/wp\/v2\/users\/89"}],"replies":[{"embeddable":true,"href":"https:\/\/www.crea.gov.co\/crea-roma\/wp-json\/wp\/v2\/comments?post=1617"}],"version-history":[{"count":1,"href":"https:\/\/www.crea.gov.co\/crea-roma\/wp-json\/wp\/v2\/posts\/1617\/revisions"}],"predecessor-version":[{"id":1620,"href":"https:\/\/www.crea.gov.co\/crea-roma\/wp-json\/wp\/v2\/posts\/1617\/revisions\/1620"}],"wp:featuredmedia":[{"embeddable":true,"href":"https:\/\/www.crea.gov.co\/crea-roma\/wp-json\/wp\/v2\/media\/1618"}],"wp:attachment":[{"href":"https:\/\/www.crea.gov.co\/crea-roma\/wp-json\/wp\/v2\/media?parent=1617"}],"wp:term":[{"taxonomy":"category","embeddable":true,"href":"https:\/\/www.crea.gov.co\/crea-roma\/wp-json\/wp\/v2\/categories?post=1617"},{"taxonomy":"post_tag","embeddable":true,"href":"https:\/\/www.crea.gov.co\/crea-roma\/wp-json\/wp\/v2\/tags?post=1617"}],"curies":[{"name":"wp","href":"https:\/\/api.w.org\/{rel}","templated":true}]}}