{"id":1584,"date":"2025-11-09T17:55:12","date_gmt":"2025-11-09T17:55:12","guid":{"rendered":"https:\/\/www.crea.gov.co\/crea-roma\/?p=1584"},"modified":"2025-11-09T20:59:12","modified_gmt":"2025-11-09T20:59:12","slug":"%f0%9f%8e%ad%e2%9c%a8-jugar-y-crear-viaje-por-territorios-fantasticos-%e2%9c%a8%f0%9f%8e%ad","status":"publish","type":"post","link":"https:\/\/www.crea.gov.co\/crea-roma\/%f0%9f%8e%ad%e2%9c%a8-jugar-y-crear-viaje-por-territorios-fantasticos-%e2%9c%a8%f0%9f%8e%ad\/","title":{"rendered":"\ud83c\udfad\u2728 Jugar y Crear: Viaje por Territorios Fant\u00e1sticos \u2728\ud83c\udfad"},"content":{"rendered":"<figure class=\"wp-block-post-featured-image\"><img loading=\"lazy\" decoding=\"async\" width=\"2560\" height=\"1707\" src=\"https:\/\/www.crea.gov.co\/crea-roma\/wp-content\/uploads\/sites\/10\/2025\/11\/IMG_0063-scaled.jpg\" class=\"attachment-post-thumbnail size-post-thumbnail wp-post-image\" alt=\"\" style=\"object-fit:cover;\" srcset=\"https:\/\/www.crea.gov.co\/crea-roma\/wp-content\/uploads\/sites\/10\/2025\/11\/IMG_0063-scaled.jpg 2560w, https:\/\/www.crea.gov.co\/crea-roma\/wp-content\/uploads\/sites\/10\/2025\/11\/IMG_0063-300x200.jpg 300w, https:\/\/www.crea.gov.co\/crea-roma\/wp-content\/uploads\/sites\/10\/2025\/11\/IMG_0063-1024x683.jpg 1024w, https:\/\/www.crea.gov.co\/crea-roma\/wp-content\/uploads\/sites\/10\/2025\/11\/IMG_0063-768x512.jpg 768w, https:\/\/www.crea.gov.co\/crea-roma\/wp-content\/uploads\/sites\/10\/2025\/11\/IMG_0063-1536x1024.jpg 1536w, https:\/\/www.crea.gov.co\/crea-roma\/wp-content\/uploads\/sites\/10\/2025\/11\/IMG_0063-2048x1365.jpg 2048w\" sizes=\"auto, (max-width: 2560px) 100vw, 2560px\" \/><\/figure>\n\n\n<p>El pasado <strong>viernes 31 de octubre<\/strong>, el <strong>Crea Roma<\/strong> se llen\u00f3 de color, imaginaci\u00f3n y alegr\u00eda con la jornada de celebraci\u00f3n del <strong>D\u00eda de los Ni\u00f1os y las Ni\u00f1as<\/strong>. Una experiencia art\u00edstica y festiva que tuvo como prop\u00f3sito <strong>reconocer el derecho al juego, la imaginaci\u00f3n y la creaci\u00f3n colectiva<\/strong>, reuniendo a los distintos grupos de la l\u00ednea <strong>Impulso Colectivo<\/strong>.<\/p>\n\n\n\n<p>\ud83d\udc7bPersonajes m\u00edticos como <strong>el Moh\u00e1n, el Hombre Caim\u00e1n, la Llorona, la Patasola y el Silb\u00f3n<\/strong>, creados por los participantes junto a sus artistas formadores, se tomaron el escenario para ambientar el gran <strong>desfile de disfraces<\/strong>, donde ni\u00f1as, ni\u00f1os, j\u00f3venes, artistas y equipo Crea presentaron sus atuendos inspirados en los <strong>superh\u00e9roes<\/strong>, <strong>los anime<\/strong>,<strong> el profesor Super O<\/strong> y <strong>los<\/strong> <strong>mitos y leyendas<\/strong> de nuestra cultura.<\/p>\n\n\n\n<figure class=\"wp-block-gallery has-nested-images columns-default is-cropped wp-block-gallery-1 is-layout-flex wp-block-gallery-is-layout-flex\">\n<figure class=\"wp-block-image size-large\"><img loading=\"lazy\" decoding=\"async\" width=\"1024\" height=\"683\" data-id=\"1602\" src=\"https:\/\/www.crea.gov.co\/crea-roma\/wp-content\/uploads\/sites\/10\/2025\/11\/IMG_9983-1-1024x683.jpg\" alt=\"\" class=\"wp-image-1602\" srcset=\"https:\/\/www.crea.gov.co\/crea-roma\/wp-content\/uploads\/sites\/10\/2025\/11\/IMG_9983-1-1024x683.jpg 1024w, https:\/\/www.crea.gov.co\/crea-roma\/wp-content\/uploads\/sites\/10\/2025\/11\/IMG_9983-1-300x200.jpg 300w, https:\/\/www.crea.gov.co\/crea-roma\/wp-content\/uploads\/sites\/10\/2025\/11\/IMG_9983-1-768x512.jpg 768w, https:\/\/www.crea.gov.co\/crea-roma\/wp-content\/uploads\/sites\/10\/2025\/11\/IMG_9983-1-1536x1024.jpg 1536w, https:\/\/www.crea.gov.co\/crea-roma\/wp-content\/uploads\/sites\/10\/2025\/11\/IMG_9983-1-2048x1365.jpg 2048w\" sizes=\"auto, (max-width: 1024px) 100vw, 1024px\" \/><\/figure>\n\n\n\n<figure class=\"wp-block-image size-large\"><img loading=\"lazy\" decoding=\"async\" width=\"683\" height=\"1024\" data-id=\"1601\" src=\"https:\/\/www.crea.gov.co\/crea-roma\/wp-content\/uploads\/sites\/10\/2025\/11\/IMG_9969-1-683x1024.jpg\" alt=\"\" class=\"wp-image-1601\" srcset=\"https:\/\/www.crea.gov.co\/crea-roma\/wp-content\/uploads\/sites\/10\/2025\/11\/IMG_9969-1-683x1024.jpg 683w, https:\/\/www.crea.gov.co\/crea-roma\/wp-content\/uploads\/sites\/10\/2025\/11\/IMG_9969-1-200x300.jpg 200w, https:\/\/www.crea.gov.co\/crea-roma\/wp-content\/uploads\/sites\/10\/2025\/11\/IMG_9969-1-768x1152.jpg 768w, https:\/\/www.crea.gov.co\/crea-roma\/wp-content\/uploads\/sites\/10\/2025\/11\/IMG_9969-1-1024x1536.jpg 1024w, https:\/\/www.crea.gov.co\/crea-roma\/wp-content\/uploads\/sites\/10\/2025\/11\/IMG_9969-1-1365x2048.jpg 1365w, https:\/\/www.crea.gov.co\/crea-roma\/wp-content\/uploads\/sites\/10\/2025\/11\/IMG_9969-1-scaled.jpg 1707w\" sizes=\"auto, (max-width: 683px) 100vw, 683px\" \/><\/figure>\n\n\n\n<figure class=\"wp-block-image size-large\"><img loading=\"lazy\" decoding=\"async\" width=\"1024\" height=\"683\" data-id=\"1604\" src=\"https:\/\/www.crea.gov.co\/crea-roma\/wp-content\/uploads\/sites\/10\/2025\/11\/IMG_9904-1-1024x683.jpg\" alt=\"\" class=\"wp-image-1604\" srcset=\"https:\/\/www.crea.gov.co\/crea-roma\/wp-content\/uploads\/sites\/10\/2025\/11\/IMG_9904-1-1024x683.jpg 1024w, https:\/\/www.crea.gov.co\/crea-roma\/wp-content\/uploads\/sites\/10\/2025\/11\/IMG_9904-1-300x200.jpg 300w, https:\/\/www.crea.gov.co\/crea-roma\/wp-content\/uploads\/sites\/10\/2025\/11\/IMG_9904-1-768x512.jpg 768w, https:\/\/www.crea.gov.co\/crea-roma\/wp-content\/uploads\/sites\/10\/2025\/11\/IMG_9904-1-1536x1024.jpg 1536w, https:\/\/www.crea.gov.co\/crea-roma\/wp-content\/uploads\/sites\/10\/2025\/11\/IMG_9904-1-2048x1365.jpg 2048w\" sizes=\"auto, (max-width: 1024px) 100vw, 1024px\" \/><\/figure>\n\n\n\n<figure class=\"wp-block-image size-large\"><img loading=\"lazy\" decoding=\"async\" width=\"1024\" height=\"683\" data-id=\"1603\" src=\"https:\/\/www.crea.gov.co\/crea-roma\/wp-content\/uploads\/sites\/10\/2025\/11\/IMG_9871-1-1024x683.jpg\" alt=\"\" class=\"wp-image-1603\" srcset=\"https:\/\/www.crea.gov.co\/crea-roma\/wp-content\/uploads\/sites\/10\/2025\/11\/IMG_9871-1-1024x683.jpg 1024w, https:\/\/www.crea.gov.co\/crea-roma\/wp-content\/uploads\/sites\/10\/2025\/11\/IMG_9871-1-300x200.jpg 300w, https:\/\/www.crea.gov.co\/crea-roma\/wp-content\/uploads\/sites\/10\/2025\/11\/IMG_9871-1-768x512.jpg 768w, https:\/\/www.crea.gov.co\/crea-roma\/wp-content\/uploads\/sites\/10\/2025\/11\/IMG_9871-1-1536x1024.jpg 1536w, https:\/\/www.crea.gov.co\/crea-roma\/wp-content\/uploads\/sites\/10\/2025\/11\/IMG_9871-1-2048x1365.jpg 2048w\" sizes=\"auto, (max-width: 1024px) 100vw, 1024px\" \/><\/figure>\n\n\n\n<figure class=\"wp-block-image size-large\"><img loading=\"lazy\" decoding=\"async\" width=\"1024\" height=\"683\" data-id=\"1605\" src=\"https:\/\/www.crea.gov.co\/crea-roma\/wp-content\/uploads\/sites\/10\/2025\/11\/IMG_9844-1-1024x683.jpg\" alt=\"\" class=\"wp-image-1605\" srcset=\"https:\/\/www.crea.gov.co\/crea-roma\/wp-content\/uploads\/sites\/10\/2025\/11\/IMG_9844-1-1024x683.jpg 1024w, https:\/\/www.crea.gov.co\/crea-roma\/wp-content\/uploads\/sites\/10\/2025\/11\/IMG_9844-1-300x200.jpg 300w, https:\/\/www.crea.gov.co\/crea-roma\/wp-content\/uploads\/sites\/10\/2025\/11\/IMG_9844-1-768x512.jpg 768w, https:\/\/www.crea.gov.co\/crea-roma\/wp-content\/uploads\/sites\/10\/2025\/11\/IMG_9844-1-1536x1024.jpg 1536w, https:\/\/www.crea.gov.co\/crea-roma\/wp-content\/uploads\/sites\/10\/2025\/11\/IMG_9844-1-2048x1365.jpg 2048w\" sizes=\"auto, (max-width: 1024px) 100vw, 1024px\" \/><\/figure>\n\n\n\n<figure class=\"wp-block-image size-large\"><img loading=\"lazy\" decoding=\"async\" width=\"1024\" height=\"683\" data-id=\"1606\" src=\"https:\/\/www.crea.gov.co\/crea-roma\/wp-content\/uploads\/sites\/10\/2025\/11\/IMG_0100-1-1024x683.jpg\" alt=\"\" class=\"wp-image-1606\" srcset=\"https:\/\/www.crea.gov.co\/crea-roma\/wp-content\/uploads\/sites\/10\/2025\/11\/IMG_0100-1-1024x683.jpg 1024w, https:\/\/www.crea.gov.co\/crea-roma\/wp-content\/uploads\/sites\/10\/2025\/11\/IMG_0100-1-300x200.jpg 300w, https:\/\/www.crea.gov.co\/crea-roma\/wp-content\/uploads\/sites\/10\/2025\/11\/IMG_0100-1-768x512.jpg 768w, https:\/\/www.crea.gov.co\/crea-roma\/wp-content\/uploads\/sites\/10\/2025\/11\/IMG_0100-1-1536x1024.jpg 1536w, https:\/\/www.crea.gov.co\/crea-roma\/wp-content\/uploads\/sites\/10\/2025\/11\/IMG_0100-1-2048x1365.jpg 2048w\" sizes=\"auto, (max-width: 1024px) 100vw, 1024px\" \/><\/figure>\n\n\n\n<figure class=\"wp-block-image size-large\"><img loading=\"lazy\" decoding=\"async\" width=\"1024\" height=\"683\" data-id=\"1608\" src=\"https:\/\/www.crea.gov.co\/crea-roma\/wp-content\/uploads\/sites\/10\/2025\/11\/IMG_0099-1-1024x683.jpg\" alt=\"\" class=\"wp-image-1608\" srcset=\"https:\/\/www.crea.gov.co\/crea-roma\/wp-content\/uploads\/sites\/10\/2025\/11\/IMG_0099-1-1024x683.jpg 1024w, https:\/\/www.crea.gov.co\/crea-roma\/wp-content\/uploads\/sites\/10\/2025\/11\/IMG_0099-1-300x200.jpg 300w, https:\/\/www.crea.gov.co\/crea-roma\/wp-content\/uploads\/sites\/10\/2025\/11\/IMG_0099-1-768x512.jpg 768w, https:\/\/www.crea.gov.co\/crea-roma\/wp-content\/uploads\/sites\/10\/2025\/11\/IMG_0099-1-1536x1024.jpg 1536w, https:\/\/www.crea.gov.co\/crea-roma\/wp-content\/uploads\/sites\/10\/2025\/11\/IMG_0099-1-2048x1365.jpg 2048w\" sizes=\"auto, (max-width: 1024px) 100vw, 1024px\" \/><\/figure>\n\n\n\n<figure class=\"wp-block-image size-large\"><img loading=\"lazy\" decoding=\"async\" width=\"1024\" height=\"683\" data-id=\"1609\" src=\"https:\/\/www.crea.gov.co\/crea-roma\/wp-content\/uploads\/sites\/10\/2025\/11\/IMG_0097-1-1024x683.jpg\" alt=\"\" class=\"wp-image-1609\" srcset=\"https:\/\/www.crea.gov.co\/crea-roma\/wp-content\/uploads\/sites\/10\/2025\/11\/IMG_0097-1-1024x683.jpg 1024w, https:\/\/www.crea.gov.co\/crea-roma\/wp-content\/uploads\/sites\/10\/2025\/11\/IMG_0097-1-300x200.jpg 300w, https:\/\/www.crea.gov.co\/crea-roma\/wp-content\/uploads\/sites\/10\/2025\/11\/IMG_0097-1-768x512.jpg 768w, https:\/\/www.crea.gov.co\/crea-roma\/wp-content\/uploads\/sites\/10\/2025\/11\/IMG_0097-1-1536x1024.jpg 1536w, https:\/\/www.crea.gov.co\/crea-roma\/wp-content\/uploads\/sites\/10\/2025\/11\/IMG_0097-1-2048x1365.jpg 2048w\" sizes=\"auto, (max-width: 1024px) 100vw, 1024px\" \/><\/figure>\n\n\n\n<figure class=\"wp-block-image size-large\"><img loading=\"lazy\" decoding=\"async\" width=\"1024\" height=\"683\" data-id=\"1607\" src=\"https:\/\/www.crea.gov.co\/crea-roma\/wp-content\/uploads\/sites\/10\/2025\/11\/IMG_0086-1024x683.jpg\" alt=\"\" class=\"wp-image-1607\" srcset=\"https:\/\/www.crea.gov.co\/crea-roma\/wp-content\/uploads\/sites\/10\/2025\/11\/IMG_0086-1024x683.jpg 1024w, https:\/\/www.crea.gov.co\/crea-roma\/wp-content\/uploads\/sites\/10\/2025\/11\/IMG_0086-300x200.jpg 300w, https:\/\/www.crea.gov.co\/crea-roma\/wp-content\/uploads\/sites\/10\/2025\/11\/IMG_0086-768x512.jpg 768w, https:\/\/www.crea.gov.co\/crea-roma\/wp-content\/uploads\/sites\/10\/2025\/11\/IMG_0086-1536x1024.jpg 1536w, https:\/\/www.crea.gov.co\/crea-roma\/wp-content\/uploads\/sites\/10\/2025\/11\/IMG_0086-2048x1365.jpg 2048w\" sizes=\"auto, (max-width: 1024px) 100vw, 1024px\" \/><\/figure>\n<\/figure>\n\n\n\n<p>\ud83d\udc83\ud83d\udd7a La jornada tuvo una <strong>intervenci\u00f3n art\u00edstica y fiesta colectiva<\/strong>, al ritmo del cl\u00e1sico <em>Thriller<\/em>, integrando m\u00fasica, danza y animaci\u00f3n en un espacio de <strong>libre disfrute, baile e improvisaci\u00f3n<\/strong>, fortaleciendo el <strong>sentido de comunidad y pertenencia<\/strong> del Crea Roma.<\/p>\n\n\n\n<figure class=\"wp-block-video\"><video controls src=\"https:\/\/www.crea.gov.co\/crea-roma\/wp-content\/uploads\/sites\/10\/2025\/11\/Jugar-y-Crear-2.mp4\"><\/video><\/figure>\n\n\n\n<p>\ud83c\udf4e Para cerrar la celebraci\u00f3n, todos compartieron un <strong>espacio saludable<\/strong> lleno de fruta y masmelos, disfrutando juntos de una jornada inolvidable donde el <strong>arte, el juego y la alegr\u00eda<\/strong> fueron los protagonistas.<\/p>\n\n\n\n<p class=\"has-text-align-center\">\ud83d\ude4f <strong>Agradecemos profundamente<\/strong> a todos los <strong>participantes, familias, artistas formadores y equipo Crea Roma<\/strong> por hacer posible este encuentro lleno de creatividad, imaginaci\u00f3n y comunidad. \u00a1Sigamos celebrando juntos el poder del arte y el juego!<\/p>\n\n\n\n<figure class=\"wp-block-gallery has-nested-images columns-default is-cropped wp-block-gallery-2 is-layout-flex wp-block-gallery-is-layout-flex\">\n<figure class=\"wp-block-image size-large\"><img loading=\"lazy\" decoding=\"async\" width=\"1024\" height=\"768\" data-id=\"1613\" src=\"https:\/\/www.crea.gov.co\/crea-roma\/wp-content\/uploads\/sites\/10\/2025\/11\/WhatsApp-Image-2025-11-09-at-1.12.28-PM-2-1024x768.jpeg\" alt=\"\" class=\"wp-image-1613\" srcset=\"https:\/\/www.crea.gov.co\/crea-roma\/wp-content\/uploads\/sites\/10\/2025\/11\/WhatsApp-Image-2025-11-09-at-1.12.28-PM-2-1024x768.jpeg 1024w, https:\/\/www.crea.gov.co\/crea-roma\/wp-content\/uploads\/sites\/10\/2025\/11\/WhatsApp-Image-2025-11-09-at-1.12.28-PM-2-300x225.jpeg 300w, https:\/\/www.crea.gov.co\/crea-roma\/wp-content\/uploads\/sites\/10\/2025\/11\/WhatsApp-Image-2025-11-09-at-1.12.28-PM-2-768x576.jpeg 768w, https:\/\/www.crea.gov.co\/crea-roma\/wp-content\/uploads\/sites\/10\/2025\/11\/WhatsApp-Image-2025-11-09-at-1.12.28-PM-2-1536x1152.jpeg 1536w, https:\/\/www.crea.gov.co\/crea-roma\/wp-content\/uploads\/sites\/10\/2025\/11\/WhatsApp-Image-2025-11-09-at-1.12.28-PM-2.jpeg 1600w\" sizes=\"auto, (max-width: 1024px) 100vw, 1024px\" \/><\/figure>\n\n\n\n<figure class=\"wp-block-image size-large\"><img loading=\"lazy\" decoding=\"async\" width=\"1024\" height=\"768\" data-id=\"1614\" src=\"https:\/\/www.crea.gov.co\/crea-roma\/wp-content\/uploads\/sites\/10\/2025\/11\/WhatsApp-Image-2025-11-09-at-1.12.28-PM-1-1024x768.jpeg\" alt=\"\" class=\"wp-image-1614\" srcset=\"https:\/\/www.crea.gov.co\/crea-roma\/wp-content\/uploads\/sites\/10\/2025\/11\/WhatsApp-Image-2025-11-09-at-1.12.28-PM-1-1024x768.jpeg 1024w, https:\/\/www.crea.gov.co\/crea-roma\/wp-content\/uploads\/sites\/10\/2025\/11\/WhatsApp-Image-2025-11-09-at-1.12.28-PM-1-300x225.jpeg 300w, https:\/\/www.crea.gov.co\/crea-roma\/wp-content\/uploads\/sites\/10\/2025\/11\/WhatsApp-Image-2025-11-09-at-1.12.28-PM-1-768x576.jpeg 768w, https:\/\/www.crea.gov.co\/crea-roma\/wp-content\/uploads\/sites\/10\/2025\/11\/WhatsApp-Image-2025-11-09-at-1.12.28-PM-1-1536x1152.jpeg 1536w, https:\/\/www.crea.gov.co\/crea-roma\/wp-content\/uploads\/sites\/10\/2025\/11\/WhatsApp-Image-2025-11-09-at-1.12.28-PM-1.jpeg 1600w\" sizes=\"auto, (max-width: 1024px) 100vw, 1024px\" \/><\/figure>\n\n\n\n<figure class=\"wp-block-image size-large\"><img loading=\"lazy\" decoding=\"async\" width=\"1024\" height=\"576\" data-id=\"1615\" src=\"https:\/\/www.crea.gov.co\/crea-roma\/wp-content\/uploads\/sites\/10\/2025\/11\/WhatsApp-Image-2025-11-09-at-1.12.28-PM-1024x576.jpeg\" alt=\"\" class=\"wp-image-1615\" srcset=\"https:\/\/www.crea.gov.co\/crea-roma\/wp-content\/uploads\/sites\/10\/2025\/11\/WhatsApp-Image-2025-11-09-at-1.12.28-PM-1024x576.jpeg 1024w, https:\/\/www.crea.gov.co\/crea-roma\/wp-content\/uploads\/sites\/10\/2025\/11\/WhatsApp-Image-2025-11-09-at-1.12.28-PM-300x169.jpeg 300w, https:\/\/www.crea.gov.co\/crea-roma\/wp-content\/uploads\/sites\/10\/2025\/11\/WhatsApp-Image-2025-11-09-at-1.12.28-PM-768x432.jpeg 768w, https:\/\/www.crea.gov.co\/crea-roma\/wp-content\/uploads\/sites\/10\/2025\/11\/WhatsApp-Image-2025-11-09-at-1.12.28-PM-1536x864.jpeg 1536w, https:\/\/www.crea.gov.co\/crea-roma\/wp-content\/uploads\/sites\/10\/2025\/11\/WhatsApp-Image-2025-11-09-at-1.12.28-PM.jpeg 1600w\" sizes=\"auto, (max-width: 1024px) 100vw, 1024px\" \/><\/figure>\n<\/figure>\n\n\n\n<p><\/p>\n","protected":false},"excerpt":{"rendered":"<p>El pasado viernes 31 de octubre, el Crea Roma se llen\u00f3 de color, imaginaci\u00f3n y alegr\u00eda con la jornada de celebraci\u00f3n del D\u00eda de los Ni\u00f1os y las Ni\u00f1as. Una experiencia art\u00edstica y festiva que tuvo como prop\u00f3sito reconocer el derecho al juego, la imaginaci\u00f3n y la creaci\u00f3n colectiva, reuniendo a los distintos grupos de [&hellip;]<\/p>\n","protected":false},"author":89,"featured_media":1586,"comment_status":"open","ping_status":"open","sticky":false,"template":"","format":"standard","meta":{"footnotes":""},"categories":[1],"tags":[],"class_list":["post-1584","post","type-post","status-publish","format-standard","has-post-thumbnail","hentry","category-sin-categoria"],"yoast_head":"<!-- This site is optimized with the Yoast SEO plugin v24.5 - https:\/\/yoast.com\/wordpress\/plugins\/seo\/ -->\n<title>\ud83c\udfad\u2728 Jugar y Crear: Viaje por Territorios Fant\u00e1sticos \u2728\ud83c\udfad - Crea Roma<\/title>\n<meta name=\"robots\" content=\"index, follow, max-snippet:-1, max-image-preview:large, max-video-preview:-1\" \/>\n<link rel=\"canonical\" href=\"https:\/\/www.crea.gov.co\/crea-roma\/\ud83c\udfad\u2728-jugar-y-crear-viaje-por-territorios-fantasticos-\u2728\ud83c\udfad\/\" \/>\n<meta property=\"og:locale\" content=\"es_ES\" \/>\n<meta property=\"og:type\" content=\"article\" \/>\n<meta property=\"og:title\" content=\"\ud83c\udfad\u2728 Jugar y Crear: Viaje por Territorios Fant\u00e1sticos \u2728\ud83c\udfad - Crea Roma\" \/>\n<meta property=\"og:description\" content=\"El pasado viernes 31 de octubre, el Crea Roma se llen\u00f3 de color, imaginaci\u00f3n y alegr\u00eda con la jornada de celebraci\u00f3n del D\u00eda de los Ni\u00f1os y las Ni\u00f1as. Una experiencia art\u00edstica y festiva que tuvo como prop\u00f3sito reconocer el derecho al juego, la imaginaci\u00f3n y la creaci\u00f3n colectiva, reuniendo a los distintos grupos de [&hellip;]\" \/>\n<meta property=\"og:url\" content=\"https:\/\/www.crea.gov.co\/crea-roma\/\ud83c\udfad\u2728-jugar-y-crear-viaje-por-territorios-fantasticos-\u2728\ud83c\udfad\/\" \/>\n<meta property=\"og:site_name\" content=\"Crea Roma\" \/>\n<meta property=\"article:published_time\" content=\"2025-11-09T17:55:12+00:00\" \/>\n<meta property=\"article:modified_time\" content=\"2025-11-09T20:59:12+00:00\" \/>\n<meta property=\"og:image\" content=\"https:\/\/www.crea.gov.co\/crea-roma\/wp-content\/uploads\/sites\/10\/2025\/11\/IMG_0063-scaled.jpg\" \/>\n\t<meta property=\"og:image:width\" content=\"2560\" \/>\n\t<meta property=\"og:image:height\" content=\"1707\" \/>\n\t<meta property=\"og:image:type\" content=\"image\/jpeg\" \/>\n<meta name=\"author\" content=\"crearoma\" \/>\n<meta name=\"twitter:card\" content=\"summary_large_image\" \/>\n<meta name=\"twitter:label1\" content=\"Escrito por\" \/>\n\t<meta name=\"twitter:data1\" content=\"crearoma\" \/>\n\t<meta name=\"twitter:label2\" content=\"Tiempo de lectura\" \/>\n\t<meta name=\"twitter:data2\" content=\"4 minutos\" \/>\n<script type=\"application\/ld+json\" class=\"yoast-schema-graph\">{\"@context\":\"https:\/\/schema.org\",\"@graph\":[{\"@type\":\"WebPage\",\"@id\":\"https:\/\/www.crea.gov.co\/crea-roma\/%f0%9f%8e%ad%e2%9c%a8-jugar-y-crear-viaje-por-territorios-fantasticos-%e2%9c%a8%f0%9f%8e%ad\/\",\"url\":\"https:\/\/www.crea.gov.co\/crea-roma\/%f0%9f%8e%ad%e2%9c%a8-jugar-y-crear-viaje-por-territorios-fantasticos-%e2%9c%a8%f0%9f%8e%ad\/\",\"name\":\"\ud83c\udfad\u2728 Jugar y Crear: Viaje por Territorios Fant\u00e1sticos \u2728\ud83c\udfad - Crea Roma\",\"isPartOf\":{\"@id\":\"https:\/\/www.crea.gov.co\/crea-roma\/#website\"},\"primaryImageOfPage\":{\"@id\":\"https:\/\/www.crea.gov.co\/crea-roma\/%f0%9f%8e%ad%e2%9c%a8-jugar-y-crear-viaje-por-territorios-fantasticos-%e2%9c%a8%f0%9f%8e%ad\/#primaryimage\"},\"image\":{\"@id\":\"https:\/\/www.crea.gov.co\/crea-roma\/%f0%9f%8e%ad%e2%9c%a8-jugar-y-crear-viaje-por-territorios-fantasticos-%e2%9c%a8%f0%9f%8e%ad\/#primaryimage\"},\"thumbnailUrl\":\"https:\/\/www.crea.gov.co\/crea-roma\/wp-content\/uploads\/sites\/10\/2025\/11\/IMG_0063-scaled.jpg\",\"datePublished\":\"2025-11-09T17:55:12+00:00\",\"dateModified\":\"2025-11-09T20:59:12+00:00\",\"author\":{\"@id\":\"https:\/\/www.crea.gov.co\/crea-roma\/#\/schema\/person\/98d3131acf7d36de9766d95e8154256d\"},\"breadcrumb\":{\"@id\":\"https:\/\/www.crea.gov.co\/crea-roma\/%f0%9f%8e%ad%e2%9c%a8-jugar-y-crear-viaje-por-territorios-fantasticos-%e2%9c%a8%f0%9f%8e%ad\/#breadcrumb\"},\"inLanguage\":\"es-CO\",\"potentialAction\":[{\"@type\":\"ReadAction\",\"target\":[\"https:\/\/www.crea.gov.co\/crea-roma\/%f0%9f%8e%ad%e2%9c%a8-jugar-y-crear-viaje-por-territorios-fantasticos-%e2%9c%a8%f0%9f%8e%ad\/\"]}]},{\"@type\":\"ImageObject\",\"inLanguage\":\"es-CO\",\"@id\":\"https:\/\/www.crea.gov.co\/crea-roma\/%f0%9f%8e%ad%e2%9c%a8-jugar-y-crear-viaje-por-territorios-fantasticos-%e2%9c%a8%f0%9f%8e%ad\/#primaryimage\",\"url\":\"https:\/\/www.crea.gov.co\/crea-roma\/wp-content\/uploads\/sites\/10\/2025\/11\/IMG_0063-scaled.jpg\",\"contentUrl\":\"https:\/\/www.crea.gov.co\/crea-roma\/wp-content\/uploads\/sites\/10\/2025\/11\/IMG_0063-scaled.jpg\",\"width\":2560,\"height\":1707},{\"@type\":\"BreadcrumbList\",\"@id\":\"https:\/\/www.crea.gov.co\/crea-roma\/%f0%9f%8e%ad%e2%9c%a8-jugar-y-crear-viaje-por-territorios-fantasticos-%e2%9c%a8%f0%9f%8e%ad\/#breadcrumb\",\"itemListElement\":[{\"@type\":\"ListItem\",\"position\":1,\"name\":\"Home\",\"item\":\"https:\/\/www.crea.gov.co\/crea-roma\/\"},{\"@type\":\"ListItem\",\"position\":2,\"name\":\"\ud83c\udfad\u2728 Jugar y Crear: Viaje por Territorios Fant\u00e1sticos \u2728\ud83c\udfad\"}]},{\"@type\":\"WebSite\",\"@id\":\"https:\/\/www.crea.gov.co\/crea-roma\/#website\",\"url\":\"https:\/\/www.crea.gov.co\/crea-roma\/\",\"name\":\"Crea Roma\",\"description\":\"En Kennedy, rodeado de conjuntos y calles que guardan historias de familias que han crecido en el barrio, este espacio es un lugar donde la creatividad se entrelaza con la vida cotidiana. Aqu\u00ed, los lenguajes art\u00edsticos fortalecen lazos y dan voz a las experiencias de una comunidad que se reconoce en lo colectivo.\",\"potentialAction\":[{\"@type\":\"SearchAction\",\"target\":{\"@type\":\"EntryPoint\",\"urlTemplate\":\"https:\/\/www.crea.gov.co\/crea-roma\/?s={search_term_string}\"},\"query-input\":{\"@type\":\"PropertyValueSpecification\",\"valueRequired\":true,\"valueName\":\"search_term_string\"}}],\"inLanguage\":\"es-CO\"},{\"@type\":\"Person\",\"@id\":\"https:\/\/www.crea.gov.co\/crea-roma\/#\/schema\/person\/98d3131acf7d36de9766d95e8154256d\",\"name\":\"crearoma\",\"image\":{\"@type\":\"ImageObject\",\"inLanguage\":\"es-CO\",\"@id\":\"https:\/\/www.crea.gov.co\/crea-roma\/#\/schema\/person\/image\/\",\"url\":\"https:\/\/secure.gravatar.com\/avatar\/a932fc1012aeb823a10fc90d54ba8dd3?s=96&d=mm&r=g\",\"contentUrl\":\"https:\/\/secure.gravatar.com\/avatar\/a932fc1012aeb823a10fc90d54ba8dd3?s=96&d=mm&r=g\",\"caption\":\"crearoma\"},\"url\":\"https:\/\/www.crea.gov.co\/crea-roma\/author\/crearoma\/\"}]}<\/script>\n<!-- \/ Yoast SEO plugin. -->","yoast_head_json":{"title":"\ud83c\udfad\u2728 Jugar y Crear: Viaje por Territorios Fant\u00e1sticos \u2728\ud83c\udfad - Crea Roma","robots":{"index":"index","follow":"follow","max-snippet":"max-snippet:-1","max-image-preview":"max-image-preview:large","max-video-preview":"max-video-preview:-1"},"canonical":"https:\/\/www.crea.gov.co\/crea-roma\/\ud83c\udfad\u2728-jugar-y-crear-viaje-por-territorios-fantasticos-\u2728\ud83c\udfad\/","og_locale":"es_ES","og_type":"article","og_title":"\ud83c\udfad\u2728 Jugar y Crear: Viaje por Territorios Fant\u00e1sticos \u2728\ud83c\udfad - Crea Roma","og_description":"El pasado viernes 31 de octubre, el Crea Roma se llen\u00f3 de color, imaginaci\u00f3n y alegr\u00eda con la jornada de celebraci\u00f3n del D\u00eda de los Ni\u00f1os y las Ni\u00f1as. Una experiencia art\u00edstica y festiva que tuvo como prop\u00f3sito reconocer el derecho al juego, la imaginaci\u00f3n y la creaci\u00f3n colectiva, reuniendo a los distintos grupos de [&hellip;]","og_url":"https:\/\/www.crea.gov.co\/crea-roma\/\ud83c\udfad\u2728-jugar-y-crear-viaje-por-territorios-fantasticos-\u2728\ud83c\udfad\/","og_site_name":"Crea Roma","article_published_time":"2025-11-09T17:55:12+00:00","article_modified_time":"2025-11-09T20:59:12+00:00","og_image":[{"width":2560,"height":1707,"url":"https:\/\/www.crea.gov.co\/crea-roma\/wp-content\/uploads\/sites\/10\/2025\/11\/IMG_0063-scaled.jpg","type":"image\/jpeg"}],"author":"crearoma","twitter_card":"summary_large_image","twitter_misc":{"Escrito por":"crearoma","Tiempo de lectura":"4 minutos"},"schema":{"@context":"https:\/\/schema.org","@graph":[{"@type":"WebPage","@id":"https:\/\/www.crea.gov.co\/crea-roma\/%f0%9f%8e%ad%e2%9c%a8-jugar-y-crear-viaje-por-territorios-fantasticos-%e2%9c%a8%f0%9f%8e%ad\/","url":"https:\/\/www.crea.gov.co\/crea-roma\/%f0%9f%8e%ad%e2%9c%a8-jugar-y-crear-viaje-por-territorios-fantasticos-%e2%9c%a8%f0%9f%8e%ad\/","name":"\ud83c\udfad\u2728 Jugar y Crear: Viaje por Territorios Fant\u00e1sticos \u2728\ud83c\udfad - Crea Roma","isPartOf":{"@id":"https:\/\/www.crea.gov.co\/crea-roma\/#website"},"primaryImageOfPage":{"@id":"https:\/\/www.crea.gov.co\/crea-roma\/%f0%9f%8e%ad%e2%9c%a8-jugar-y-crear-viaje-por-territorios-fantasticos-%e2%9c%a8%f0%9f%8e%ad\/#primaryimage"},"image":{"@id":"https:\/\/www.crea.gov.co\/crea-roma\/%f0%9f%8e%ad%e2%9c%a8-jugar-y-crear-viaje-por-territorios-fantasticos-%e2%9c%a8%f0%9f%8e%ad\/#primaryimage"},"thumbnailUrl":"https:\/\/www.crea.gov.co\/crea-roma\/wp-content\/uploads\/sites\/10\/2025\/11\/IMG_0063-scaled.jpg","datePublished":"2025-11-09T17:55:12+00:00","dateModified":"2025-11-09T20:59:12+00:00","author":{"@id":"https:\/\/www.crea.gov.co\/crea-roma\/#\/schema\/person\/98d3131acf7d36de9766d95e8154256d"},"breadcrumb":{"@id":"https:\/\/www.crea.gov.co\/crea-roma\/%f0%9f%8e%ad%e2%9c%a8-jugar-y-crear-viaje-por-territorios-fantasticos-%e2%9c%a8%f0%9f%8e%ad\/#breadcrumb"},"inLanguage":"es-CO","potentialAction":[{"@type":"ReadAction","target":["https:\/\/www.crea.gov.co\/crea-roma\/%f0%9f%8e%ad%e2%9c%a8-jugar-y-crear-viaje-por-territorios-fantasticos-%e2%9c%a8%f0%9f%8e%ad\/"]}]},{"@type":"ImageObject","inLanguage":"es-CO","@id":"https:\/\/www.crea.gov.co\/crea-roma\/%f0%9f%8e%ad%e2%9c%a8-jugar-y-crear-viaje-por-territorios-fantasticos-%e2%9c%a8%f0%9f%8e%ad\/#primaryimage","url":"https:\/\/www.crea.gov.co\/crea-roma\/wp-content\/uploads\/sites\/10\/2025\/11\/IMG_0063-scaled.jpg","contentUrl":"https:\/\/www.crea.gov.co\/crea-roma\/wp-content\/uploads\/sites\/10\/2025\/11\/IMG_0063-scaled.jpg","width":2560,"height":1707},{"@type":"BreadcrumbList","@id":"https:\/\/www.crea.gov.co\/crea-roma\/%f0%9f%8e%ad%e2%9c%a8-jugar-y-crear-viaje-por-territorios-fantasticos-%e2%9c%a8%f0%9f%8e%ad\/#breadcrumb","itemListElement":[{"@type":"ListItem","position":1,"name":"Home","item":"https:\/\/www.crea.gov.co\/crea-roma\/"},{"@type":"ListItem","position":2,"name":"\ud83c\udfad\u2728 Jugar y Crear: Viaje por Territorios Fant\u00e1sticos \u2728\ud83c\udfad"}]},{"@type":"WebSite","@id":"https:\/\/www.crea.gov.co\/crea-roma\/#website","url":"https:\/\/www.crea.gov.co\/crea-roma\/","name":"Crea Roma","description":"En Kennedy, rodeado de conjuntos y calles que guardan historias de familias que han crecido en el barrio, este espacio es un lugar donde la creatividad se entrelaza con la vida cotidiana. Aqu\u00ed, los lenguajes art\u00edsticos fortalecen lazos y dan voz a las experiencias de una comunidad que se reconoce en lo colectivo.","potentialAction":[{"@type":"SearchAction","target":{"@type":"EntryPoint","urlTemplate":"https:\/\/www.crea.gov.co\/crea-roma\/?s={search_term_string}"},"query-input":{"@type":"PropertyValueSpecification","valueRequired":true,"valueName":"search_term_string"}}],"inLanguage":"es-CO"},{"@type":"Person","@id":"https:\/\/www.crea.gov.co\/crea-roma\/#\/schema\/person\/98d3131acf7d36de9766d95e8154256d","name":"crearoma","image":{"@type":"ImageObject","inLanguage":"es-CO","@id":"https:\/\/www.crea.gov.co\/crea-roma\/#\/schema\/person\/image\/","url":"https:\/\/secure.gravatar.com\/avatar\/a932fc1012aeb823a10fc90d54ba8dd3?s=96&d=mm&r=g","contentUrl":"https:\/\/secure.gravatar.com\/avatar\/a932fc1012aeb823a10fc90d54ba8dd3?s=96&d=mm&r=g","caption":"crearoma"},"url":"https:\/\/www.crea.gov.co\/crea-roma\/author\/crearoma\/"}]}},"_links":{"self":[{"href":"https:\/\/www.crea.gov.co\/crea-roma\/wp-json\/wp\/v2\/posts\/1584","targetHints":{"allow":["GET"]}}],"collection":[{"href":"https:\/\/www.crea.gov.co\/crea-roma\/wp-json\/wp\/v2\/posts"}],"about":[{"href":"https:\/\/www.crea.gov.co\/crea-roma\/wp-json\/wp\/v2\/types\/post"}],"author":[{"embeddable":true,"href":"https:\/\/www.crea.gov.co\/crea-roma\/wp-json\/wp\/v2\/users\/89"}],"replies":[{"embeddable":true,"href":"https:\/\/www.crea.gov.co\/crea-roma\/wp-json\/wp\/v2\/comments?post=1584"}],"version-history":[{"count":3,"href":"https:\/\/www.crea.gov.co\/crea-roma\/wp-json\/wp\/v2\/posts\/1584\/revisions"}],"predecessor-version":[{"id":1629,"href":"https:\/\/www.crea.gov.co\/crea-roma\/wp-json\/wp\/v2\/posts\/1584\/revisions\/1629"}],"wp:featuredmedia":[{"embeddable":true,"href":"https:\/\/www.crea.gov.co\/crea-roma\/wp-json\/wp\/v2\/media\/1586"}],"wp:attachment":[{"href":"https:\/\/www.crea.gov.co\/crea-roma\/wp-json\/wp\/v2\/media?parent=1584"}],"wp:term":[{"taxonomy":"category","embeddable":true,"href":"https:\/\/www.crea.gov.co\/crea-roma\/wp-json\/wp\/v2\/categories?post=1584"},{"taxonomy":"post_tag","embeddable":true,"href":"https:\/\/www.crea.gov.co\/crea-roma\/wp-json\/wp\/v2\/tags?post=1584"}],"curies":[{"name":"wp","href":"https:\/\/api.w.org\/{rel}","templated":true}]}}