{"id":156,"date":"2021-10-27T17:31:09","date_gmt":"2021-10-27T17:31:09","guid":{"rendered":"https:\/\/www.crea.gov.co\/crea-roma\/?post_type=news&#038;p=156"},"modified":"2021-10-27T17:35:35","modified_gmt":"2021-10-27T17:35:35","slug":"circuito-arte-en-la-escuela","status":"publish","type":"post","link":"https:\/\/www.crea.gov.co\/crea-roma\/circuito-arte-en-la-escuela\/","title":{"rendered":"CIRCUITO ARTE EN LA ESCUELA"},"content":{"rendered":"\n<figure class=\"wp-block-image size-large is-resized\"><img loading=\"lazy\" decoding=\"async\" src=\"https:\/\/www.crea.gov.co\/crea-roma\/wp-content\/uploads\/sites\/10\/2021\/10\/opcion-1-Circuito-Arte-en-la-Escuela_1500x1500px_v2_2-1024x1024.jpeg\" alt=\"\" class=\"wp-image-157\" width=\"615\" height=\"615\" srcset=\"https:\/\/www.crea.gov.co\/crea-roma\/wp-content\/uploads\/sites\/10\/2021\/10\/opcion-1-Circuito-Arte-en-la-Escuela_1500x1500px_v2_2-1024x1024.jpeg 1024w, https:\/\/www.crea.gov.co\/crea-roma\/wp-content\/uploads\/sites\/10\/2021\/10\/opcion-1-Circuito-Arte-en-la-Escuela_1500x1500px_v2_2-300x300.jpeg 300w, https:\/\/www.crea.gov.co\/crea-roma\/wp-content\/uploads\/sites\/10\/2021\/10\/opcion-1-Circuito-Arte-en-la-Escuela_1500x1500px_v2_2-150x150.jpeg 150w, https:\/\/www.crea.gov.co\/crea-roma\/wp-content\/uploads\/sites\/10\/2021\/10\/opcion-1-Circuito-Arte-en-la-Escuela_1500x1500px_v2_2-768x768.jpeg 768w, https:\/\/www.crea.gov.co\/crea-roma\/wp-content\/uploads\/sites\/10\/2021\/10\/opcion-1-Circuito-Arte-en-la-Escuela_1500x1500px_v2_2.jpeg 1500w\" sizes=\"auto, (max-width: 615px) 100vw, 615px\" \/><\/figure>\n\n\n\n<p class=\"has-text-align-left\"><\/p>\n\n\n\n<p>Si te interesa:<br><img decoding=\"async\" alt=\"\u2705\" src=\"https:\/\/fonts.gstatic.com\/s\/e\/notoemoji\/13.1.1\/2705\/32.png\">&nbsp;La relaci\u00f3n entre territorio y escuela.<br><img decoding=\"async\" alt=\"\u2705\" src=\"https:\/\/fonts.gstatic.com\/s\/e\/notoemoji\/13.1.1\/2705\/32.png\">&nbsp;Los procesos de formaci\u00f3n art\u00edstica.<br><img decoding=\"async\" alt=\"\u2705\" src=\"https:\/\/fonts.gstatic.com\/s\/e\/notoemoji\/13.1.1\/2705\/32.png\">&nbsp;El impacto del arte en la comunidad educativa.<br>Entonces,&nbsp;<img decoding=\"async\" alt=\"\ud83d\udce2\" src=\"https:\/\/fonts.gstatic.com\/s\/e\/notoemoji\/13.1.1\/1f4e2\/32.png\">&nbsp;Este evento es para ti&nbsp;<img decoding=\"async\" alt=\"\ud83d\udce2\" src=\"https:\/\/fonts.gstatic.com\/s\/e\/notoemoji\/13.1.1\/1f4e2\/32.png\"><br>El Circuito Arte en la Escuela destacar\u00e1 las expresiones que nacen de la cotidianidad del territorio y la escuela, desde la experiencia de sus actores:&nbsp;<img decoding=\"async\" alt=\"\ud83d\udc68\u200d\ud83d\udc68\u200d\ud83d\udc67\" src=\"https:\/\/fonts.gstatic.com\/s\/e\/notoemoji\/13.1.1\/1f468_200d_1f468_200d_1f467\/32.png\">&nbsp;padres,&nbsp;<img decoding=\"async\" alt=\"\ud83d\udc69\u200d\ud83d\udc69\u200d\ud83d\udc66\u200d\ud83d\udc66\" src=\"https:\/\/fonts.gstatic.com\/s\/e\/notoemoji\/13.1.1\/1f469_200d_1f469_200d_1f466_200d_1f466\/32.png\">&nbsp;madres,&nbsp;<img decoding=\"async\" alt=\"\ud83d\udc69\ud83c\udffb\u200d\ud83d\udcbb\" src=\"https:\/\/fonts.gstatic.com\/s\/e\/notoemoji\/13.1.1\/1f469_1f3fb_200d_1f4bb\/32.png\">directivos,&nbsp;<img decoding=\"async\" alt=\"\ud83e\uddd1\ud83c\udffb\u200d\ud83c\udf93\" src=\"https:\/\/fonts.gstatic.com\/s\/e\/notoemoji\/13.1.1\/1f9d1_1f3fb_200d_1f393\/32.png\">acad\u00e9micos,&nbsp;<img decoding=\"async\" alt=\"\ud83d\ude46\ud83c\udffb\u200d\u2642\ufe0f\" src=\"https:\/\/fonts.gstatic.com\/s\/e\/notoemoji\/13.1.1\/1f646_1f3fb_200d_2642_fe0f\/32.png\">&nbsp;vecinos y&nbsp;<img decoding=\"async\" alt=\"\ud83d\udc69\ud83c\udffb\u200d\ud83c\udfa8\" src=\"https:\/\/fonts.gstatic.com\/s\/e\/notoemoji\/13.1.1\/1f469_1f3fb_200d_1f3a8\/32.png\">&nbsp;participantes, en el marco de los procesos de formaci\u00f3n art\u00edstica.<br>Conoce todas las actividades de las que podr\u00e1s ser parte este 2 y 3 de noviembre. Ingresa a&nbsp;<a href=\"http:\/\/www.idartes.gov.co\/\" rel=\"noreferrer noopener\" target=\"_blank\">www.idartes.gov.co<\/a>&nbsp;para obtener m\u00e1s informaci\u00f3n y ser parte de este gran circuito.<br>#CircuitoArteEnLaEscuela es posible gracias al convenio con @educacion_bogota<br>#IdartesEsBogot\u00e1&#8211;<\/p>\n\n\n\n<figure class=\"wp-block-video\"><video controls src=\"https:\/\/www.crea.gov.co\/crea-roma\/wp-content\/uploads\/sites\/10\/2021\/10\/Video-promo-circuito-arte-en-la-escuela-2021.mp4\"><\/video><\/figure>\n","protected":false},"excerpt":{"rendered":"<p>Si te interesa:&nbsp;La relaci\u00f3n entre territorio y escuela.&nbsp;Los procesos de formaci\u00f3n art\u00edstica.&nbsp;El impacto del arte en la comunidad educativa.Entonces,&nbsp;&nbsp;Este evento es para ti&nbsp;El Circuito Arte en la Escuela destacar\u00e1 las expresiones que nacen de la cotidianidad del territorio y la escuela, desde la experiencia de sus actores:&nbsp;&nbsp;padres,&nbsp;&nbsp;madres,&nbsp;directivos,&nbsp;acad\u00e9micos,&nbsp;&nbsp;vecinos y&nbsp;&nbsp;participantes, en el marco de los procesos de [&hellip;]<\/p>\n","protected":false},"author":44,"featured_media":157,"comment_status":"open","ping_status":"closed","sticky":false,"template":"","format":"standard","meta":{"footnotes":""},"categories":[],"tags":[],"class_list":["post-156","post","type-post","status-publish","format-standard","has-post-thumbnail","hentry"],"yoast_head":"<!-- This site is optimized with the Yoast SEO plugin v24.5 - https:\/\/yoast.com\/wordpress\/plugins\/seo\/ -->\n<title>CIRCUITO ARTE EN LA ESCUELA - Crea Roma<\/title>\n<meta name=\"robots\" content=\"index, follow, max-snippet:-1, max-image-preview:large, max-video-preview:-1\" \/>\n<link rel=\"canonical\" href=\"https:\/\/www.crea.gov.co\/crea-roma\/circuito-arte-en-la-escuela\/\" \/>\n<meta property=\"og:locale\" content=\"es_ES\" \/>\n<meta property=\"og:type\" content=\"article\" \/>\n<meta property=\"og:title\" content=\"CIRCUITO ARTE EN LA ESCUELA - Crea Roma\" \/>\n<meta property=\"og:description\" content=\"Si te interesa:&nbsp;La relaci\u00f3n entre territorio y escuela.&nbsp;Los procesos de formaci\u00f3n art\u00edstica.&nbsp;El impacto del arte en la comunidad educativa.Entonces,&nbsp;&nbsp;Este evento es para ti&nbsp;El Circuito Arte en la Escuela destacar\u00e1 las expresiones que nacen de la cotidianidad del territorio y la escuela, desde la experiencia de sus actores:&nbsp;&nbsp;padres,&nbsp;&nbsp;madres,&nbsp;directivos,&nbsp;acad\u00e9micos,&nbsp;&nbsp;vecinos y&nbsp;&nbsp;participantes, en el marco de los procesos de [&hellip;]\" \/>\n<meta property=\"og:url\" content=\"https:\/\/www.crea.gov.co\/crea-roma\/circuito-arte-en-la-escuela\/\" \/>\n<meta property=\"og:site_name\" content=\"Crea Roma\" \/>\n<meta property=\"article:published_time\" content=\"2021-10-27T17:31:09+00:00\" \/>\n<meta property=\"article:modified_time\" content=\"2021-10-27T17:35:35+00:00\" \/>\n<meta property=\"og:image\" content=\"https:\/\/www.crea.gov.co\/crea-roma\/wp-content\/uploads\/sites\/10\/2021\/10\/opcion-1-Circuito-Arte-en-la-Escuela_1500x1500px_v2_2.jpeg\" \/>\n\t<meta property=\"og:image:width\" content=\"1500\" \/>\n\t<meta property=\"og:image:height\" content=\"1500\" \/>\n\t<meta property=\"og:image:type\" content=\"image\/jpeg\" \/>\n<meta name=\"author\" content=\"dianahenao\" \/>\n<meta name=\"twitter:card\" content=\"summary_large_image\" \/>\n<meta name=\"twitter:label1\" content=\"Escrito por\" \/>\n\t<meta name=\"twitter:data1\" content=\"dianahenao\" \/>\n\t<meta name=\"twitter:label2\" content=\"Tiempo de lectura\" \/>\n\t<meta name=\"twitter:data2\" content=\"1 minuto\" \/>\n<script type=\"application\/ld+json\" class=\"yoast-schema-graph\">{\"@context\":\"https:\/\/schema.org\",\"@graph\":[{\"@type\":\"WebPage\",\"@id\":\"https:\/\/www.crea.gov.co\/crea-roma\/circuito-arte-en-la-escuela\/\",\"url\":\"https:\/\/www.crea.gov.co\/crea-roma\/circuito-arte-en-la-escuela\/\",\"name\":\"CIRCUITO ARTE EN LA ESCUELA - Crea Roma\",\"isPartOf\":{\"@id\":\"https:\/\/www.crea.gov.co\/crea-roma\/#website\"},\"primaryImageOfPage\":{\"@id\":\"https:\/\/www.crea.gov.co\/crea-roma\/circuito-arte-en-la-escuela\/#primaryimage\"},\"image\":{\"@id\":\"https:\/\/www.crea.gov.co\/crea-roma\/circuito-arte-en-la-escuela\/#primaryimage\"},\"thumbnailUrl\":\"https:\/\/www.crea.gov.co\/crea-roma\/wp-content\/uploads\/sites\/10\/2021\/10\/opcion-1-Circuito-Arte-en-la-Escuela_1500x1500px_v2_2.jpeg\",\"datePublished\":\"2021-10-27T17:31:09+00:00\",\"dateModified\":\"2021-10-27T17:35:35+00:00\",\"author\":{\"@id\":\"https:\/\/www.crea.gov.co\/crea-roma\/#\/schema\/person\/21f4af65becded92a4d94437f5b2a956\"},\"breadcrumb\":{\"@id\":\"https:\/\/www.crea.gov.co\/crea-roma\/circuito-arte-en-la-escuela\/#breadcrumb\"},\"inLanguage\":\"es-CO\",\"potentialAction\":[{\"@type\":\"ReadAction\",\"target\":[\"https:\/\/www.crea.gov.co\/crea-roma\/circuito-arte-en-la-escuela\/\"]}]},{\"@type\":\"ImageObject\",\"inLanguage\":\"es-CO\",\"@id\":\"https:\/\/www.crea.gov.co\/crea-roma\/circuito-arte-en-la-escuela\/#primaryimage\",\"url\":\"https:\/\/www.crea.gov.co\/crea-roma\/wp-content\/uploads\/sites\/10\/2021\/10\/opcion-1-Circuito-Arte-en-la-Escuela_1500x1500px_v2_2.jpeg\",\"contentUrl\":\"https:\/\/www.crea.gov.co\/crea-roma\/wp-content\/uploads\/sites\/10\/2021\/10\/opcion-1-Circuito-Arte-en-la-Escuela_1500x1500px_v2_2.jpeg\",\"width\":1500,\"height\":1500},{\"@type\":\"BreadcrumbList\",\"@id\":\"https:\/\/www.crea.gov.co\/crea-roma\/circuito-arte-en-la-escuela\/#breadcrumb\",\"itemListElement\":[{\"@type\":\"ListItem\",\"position\":1,\"name\":\"Home\",\"item\":\"https:\/\/www.crea.gov.co\/crea-roma\/\"},{\"@type\":\"ListItem\",\"position\":2,\"name\":\"CIRCUITO ARTE EN LA ESCUELA\"}]},{\"@type\":\"WebSite\",\"@id\":\"https:\/\/www.crea.gov.co\/crea-roma\/#website\",\"url\":\"https:\/\/www.crea.gov.co\/crea-roma\/\",\"name\":\"Crea Roma\",\"description\":\"En Kennedy, rodeado de conjuntos y calles que guardan historias de familias que han crecido en el barrio, este espacio es un lugar donde la creatividad se entrelaza con la vida cotidiana. Aqu\u00ed, los lenguajes art\u00edsticos fortalecen lazos y dan voz a las experiencias de una comunidad que se reconoce en lo colectivo.\",\"potentialAction\":[{\"@type\":\"SearchAction\",\"target\":{\"@type\":\"EntryPoint\",\"urlTemplate\":\"https:\/\/www.crea.gov.co\/crea-roma\/?s={search_term_string}\"},\"query-input\":{\"@type\":\"PropertyValueSpecification\",\"valueRequired\":true,\"valueName\":\"search_term_string\"}}],\"inLanguage\":\"es-CO\"},{\"@type\":\"Person\",\"@id\":\"https:\/\/www.crea.gov.co\/crea-roma\/#\/schema\/person\/21f4af65becded92a4d94437f5b2a956\",\"name\":\"dianahenao\",\"image\":{\"@type\":\"ImageObject\",\"inLanguage\":\"es-CO\",\"@id\":\"https:\/\/www.crea.gov.co\/crea-roma\/#\/schema\/person\/image\/\",\"url\":\"https:\/\/secure.gravatar.com\/avatar\/21a46432310ad2712e5b660e19cb0b22?s=96&d=mm&r=g\",\"contentUrl\":\"https:\/\/secure.gravatar.com\/avatar\/21a46432310ad2712e5b660e19cb0b22?s=96&d=mm&r=g\",\"caption\":\"dianahenao\"},\"url\":\"https:\/\/www.crea.gov.co\/crea-roma\/author\/dianahenao\/\"}]}<\/script>\n<!-- \/ Yoast SEO plugin. -->","yoast_head_json":{"title":"CIRCUITO ARTE EN LA ESCUELA - Crea Roma","robots":{"index":"index","follow":"follow","max-snippet":"max-snippet:-1","max-image-preview":"max-image-preview:large","max-video-preview":"max-video-preview:-1"},"canonical":"https:\/\/www.crea.gov.co\/crea-roma\/circuito-arte-en-la-escuela\/","og_locale":"es_ES","og_type":"article","og_title":"CIRCUITO ARTE EN LA ESCUELA - Crea Roma","og_description":"Si te interesa:&nbsp;La relaci\u00f3n entre territorio y escuela.&nbsp;Los procesos de formaci\u00f3n art\u00edstica.&nbsp;El impacto del arte en la comunidad educativa.Entonces,&nbsp;&nbsp;Este evento es para ti&nbsp;El Circuito Arte en la Escuela destacar\u00e1 las expresiones que nacen de la cotidianidad del territorio y la escuela, desde la experiencia de sus actores:&nbsp;&nbsp;padres,&nbsp;&nbsp;madres,&nbsp;directivos,&nbsp;acad\u00e9micos,&nbsp;&nbsp;vecinos y&nbsp;&nbsp;participantes, en el marco de los procesos de [&hellip;]","og_url":"https:\/\/www.crea.gov.co\/crea-roma\/circuito-arte-en-la-escuela\/","og_site_name":"Crea Roma","article_published_time":"2021-10-27T17:31:09+00:00","article_modified_time":"2021-10-27T17:35:35+00:00","og_image":[{"width":1500,"height":1500,"url":"https:\/\/www.crea.gov.co\/crea-roma\/wp-content\/uploads\/sites\/10\/2021\/10\/opcion-1-Circuito-Arte-en-la-Escuela_1500x1500px_v2_2.jpeg","type":"image\/jpeg"}],"author":"dianahenao","twitter_card":"summary_large_image","twitter_misc":{"Escrito por":"dianahenao","Tiempo de lectura":"1 minuto"},"schema":{"@context":"https:\/\/schema.org","@graph":[{"@type":"WebPage","@id":"https:\/\/www.crea.gov.co\/crea-roma\/circuito-arte-en-la-escuela\/","url":"https:\/\/www.crea.gov.co\/crea-roma\/circuito-arte-en-la-escuela\/","name":"CIRCUITO ARTE EN LA ESCUELA - Crea Roma","isPartOf":{"@id":"https:\/\/www.crea.gov.co\/crea-roma\/#website"},"primaryImageOfPage":{"@id":"https:\/\/www.crea.gov.co\/crea-roma\/circuito-arte-en-la-escuela\/#primaryimage"},"image":{"@id":"https:\/\/www.crea.gov.co\/crea-roma\/circuito-arte-en-la-escuela\/#primaryimage"},"thumbnailUrl":"https:\/\/www.crea.gov.co\/crea-roma\/wp-content\/uploads\/sites\/10\/2021\/10\/opcion-1-Circuito-Arte-en-la-Escuela_1500x1500px_v2_2.jpeg","datePublished":"2021-10-27T17:31:09+00:00","dateModified":"2021-10-27T17:35:35+00:00","author":{"@id":"https:\/\/www.crea.gov.co\/crea-roma\/#\/schema\/person\/21f4af65becded92a4d94437f5b2a956"},"breadcrumb":{"@id":"https:\/\/www.crea.gov.co\/crea-roma\/circuito-arte-en-la-escuela\/#breadcrumb"},"inLanguage":"es-CO","potentialAction":[{"@type":"ReadAction","target":["https:\/\/www.crea.gov.co\/crea-roma\/circuito-arte-en-la-escuela\/"]}]},{"@type":"ImageObject","inLanguage":"es-CO","@id":"https:\/\/www.crea.gov.co\/crea-roma\/circuito-arte-en-la-escuela\/#primaryimage","url":"https:\/\/www.crea.gov.co\/crea-roma\/wp-content\/uploads\/sites\/10\/2021\/10\/opcion-1-Circuito-Arte-en-la-Escuela_1500x1500px_v2_2.jpeg","contentUrl":"https:\/\/www.crea.gov.co\/crea-roma\/wp-content\/uploads\/sites\/10\/2021\/10\/opcion-1-Circuito-Arte-en-la-Escuela_1500x1500px_v2_2.jpeg","width":1500,"height":1500},{"@type":"BreadcrumbList","@id":"https:\/\/www.crea.gov.co\/crea-roma\/circuito-arte-en-la-escuela\/#breadcrumb","itemListElement":[{"@type":"ListItem","position":1,"name":"Home","item":"https:\/\/www.crea.gov.co\/crea-roma\/"},{"@type":"ListItem","position":2,"name":"CIRCUITO ARTE EN LA ESCUELA"}]},{"@type":"WebSite","@id":"https:\/\/www.crea.gov.co\/crea-roma\/#website","url":"https:\/\/www.crea.gov.co\/crea-roma\/","name":"Crea Roma","description":"En Kennedy, rodeado de conjuntos y calles que guardan historias de familias que han crecido en el barrio, este espacio es un lugar donde la creatividad se entrelaza con la vida cotidiana. Aqu\u00ed, los lenguajes art\u00edsticos fortalecen lazos y dan voz a las experiencias de una comunidad que se reconoce en lo colectivo.","potentialAction":[{"@type":"SearchAction","target":{"@type":"EntryPoint","urlTemplate":"https:\/\/www.crea.gov.co\/crea-roma\/?s={search_term_string}"},"query-input":{"@type":"PropertyValueSpecification","valueRequired":true,"valueName":"search_term_string"}}],"inLanguage":"es-CO"},{"@type":"Person","@id":"https:\/\/www.crea.gov.co\/crea-roma\/#\/schema\/person\/21f4af65becded92a4d94437f5b2a956","name":"dianahenao","image":{"@type":"ImageObject","inLanguage":"es-CO","@id":"https:\/\/www.crea.gov.co\/crea-roma\/#\/schema\/person\/image\/","url":"https:\/\/secure.gravatar.com\/avatar\/21a46432310ad2712e5b660e19cb0b22?s=96&d=mm&r=g","contentUrl":"https:\/\/secure.gravatar.com\/avatar\/21a46432310ad2712e5b660e19cb0b22?s=96&d=mm&r=g","caption":"dianahenao"},"url":"https:\/\/www.crea.gov.co\/crea-roma\/author\/dianahenao\/"}]}},"_links":{"self":[{"href":"https:\/\/www.crea.gov.co\/crea-roma\/wp-json\/wp\/v2\/posts\/156","targetHints":{"allow":["GET"]}}],"collection":[{"href":"https:\/\/www.crea.gov.co\/crea-roma\/wp-json\/wp\/v2\/posts"}],"about":[{"href":"https:\/\/www.crea.gov.co\/crea-roma\/wp-json\/wp\/v2\/types\/post"}],"author":[{"embeddable":true,"href":"https:\/\/www.crea.gov.co\/crea-roma\/wp-json\/wp\/v2\/users\/44"}],"replies":[{"embeddable":true,"href":"https:\/\/www.crea.gov.co\/crea-roma\/wp-json\/wp\/v2\/comments?post=156"}],"version-history":[{"count":1,"href":"https:\/\/www.crea.gov.co\/crea-roma\/wp-json\/wp\/v2\/posts\/156\/revisions"}],"predecessor-version":[{"id":160,"href":"https:\/\/www.crea.gov.co\/crea-roma\/wp-json\/wp\/v2\/posts\/156\/revisions\/160"}],"wp:featuredmedia":[{"embeddable":true,"href":"https:\/\/www.crea.gov.co\/crea-roma\/wp-json\/wp\/v2\/media\/157"}],"wp:attachment":[{"href":"https:\/\/www.crea.gov.co\/crea-roma\/wp-json\/wp\/v2\/media?parent=156"}],"wp:term":[{"taxonomy":"category","embeddable":true,"href":"https:\/\/www.crea.gov.co\/crea-roma\/wp-json\/wp\/v2\/categories?post=156"},{"taxonomy":"post_tag","embeddable":true,"href":"https:\/\/www.crea.gov.co\/crea-roma\/wp-json\/wp\/v2\/tags?post=156"}],"curies":[{"name":"wp","href":"https:\/\/api.w.org\/{rel}","templated":true}]}}