{"id":1536,"date":"2025-10-24T16:34:21","date_gmt":"2025-10-24T16:34:21","guid":{"rendered":"https:\/\/www.crea.gov.co\/crea-roma\/?p=1536"},"modified":"2025-10-24T16:38:44","modified_gmt":"2025-10-24T16:38:44","slug":"%f0%9f%8e%b6-mis-raices-un-proyecto-artistico-que-enaltece-la-memoria-y-la-identidad-%f0%9f%8c%bf","status":"publish","type":"post","link":"https:\/\/www.crea.gov.co\/crea-roma\/%f0%9f%8e%b6-mis-raices-un-proyecto-artistico-que-enaltece-la-memoria-y-la-identidad-%f0%9f%8c%bf\/","title":{"rendered":"\ud83c\udfb6 \u201cMis ra\u00edces\u201d: un proyecto art\u00edstico que enaltece la memoria y la identidad \ud83c\udf3f"},"content":{"rendered":"<figure class=\"wp-block-post-featured-image\"><img loading=\"lazy\" decoding=\"async\" width=\"1830\" height=\"882\" src=\"https:\/\/www.crea.gov.co\/crea-roma\/wp-content\/uploads\/sites\/10\/2025\/10\/mis-raices-ok.jpg\" class=\"attachment-post-thumbnail size-post-thumbnail wp-post-image\" alt=\"\" style=\"object-fit:cover;\" srcset=\"https:\/\/www.crea.gov.co\/crea-roma\/wp-content\/uploads\/sites\/10\/2025\/10\/mis-raices-ok.jpg 1830w, https:\/\/www.crea.gov.co\/crea-roma\/wp-content\/uploads\/sites\/10\/2025\/10\/mis-raices-ok-300x145.jpg 300w, https:\/\/www.crea.gov.co\/crea-roma\/wp-content\/uploads\/sites\/10\/2025\/10\/mis-raices-ok-1024x494.jpg 1024w, https:\/\/www.crea.gov.co\/crea-roma\/wp-content\/uploads\/sites\/10\/2025\/10\/mis-raices-ok-768x370.jpg 768w, https:\/\/www.crea.gov.co\/crea-roma\/wp-content\/uploads\/sites\/10\/2025\/10\/mis-raices-ok-1536x740.jpg 1536w\" sizes=\"auto, (max-width: 1830px) 100vw, 1830px\" \/><\/figure>\n\n\n<p>El proyecto <strong>\u201cMis ra\u00edces\u201d<\/strong> naci\u00f3 como un proceso de formaci\u00f3n y creaci\u00f3n art\u00edstica colaborativa que reuni\u00f3 a estudiantes y formadores de distintas instituciones educativas y lenguajes art\u00edsticos.<\/p>\n\n\n\n<p>Bajo la gu\u00eda del artista formador <strong>Alejandro Zaldua<\/strong> y con el apoyo de la artista audiovisual <strong>Eulindane Pi\u00f1eros<\/strong>, los estudiantes del <strong>Colegio Villas del Progreso IED<\/strong> lideraron esta propuesta que integr\u00f3 danza, literatura, teatro, audiovisuales y m\u00fasica. \ud83d\udc83\ud83c\udfad\ud83d\udcda\ud83c\udfa5\ud83c\udfb6<\/p>\n\n\n\n<p>Desde la danza, se sum\u00f3 el <strong>Colegio Calandaima<\/strong> junto a la formadora <strong>Claudia Acevedo<\/strong> del <strong>Crea Castilla<\/strong>; en literatura y teatro participaron j\u00f3venes del <strong>Colegio O.E.A.<\/strong>, guiados por <strong>Paola Borda<\/strong> y <strong>Carolina Ch\u00e1vez<\/strong> del <strong>Crea Delicias<\/strong>; y el \u00e1rea de teatro del <strong>Colegio Villas del Progreso<\/strong> cont\u00f3 con la orientaci\u00f3n de <strong>Ivonne Ch\u00e1vez<\/strong>.<\/p>\n\n\n\n<p>La m\u00fasica fue el eje anfitri\u00f3n, a cargo de los estudiantes del curso <strong>801<\/strong>, quienes junto a los dem\u00e1s artistas construyeron un proceso que va m\u00e1s all\u00e1 del arte: una <strong>experiencia pedag\u00f3gica y comunitaria<\/strong> que invita a reconocerse, escucharse y crear en colectivo. \ud83e\udd1d\u2728<\/p>\n\n\n\n<p>El resultado: el video musical <strong>\u201cMis ra\u00edces\u201d<\/strong>, una <strong>cumbia<\/strong> que celebra el origen, la memoria de los abuelos y el valor de la identidad comunitaria.<\/p>\n\n\n\n<figure class=\"wp-block-video\"><video controls src=\"https:\/\/www.crea.gov.co\/crea-roma\/wp-content\/uploads\/sites\/10\/2025\/10\/Mis-Raices.mp4\"><\/video><\/figure>\n\n\n\n<p class=\"has-text-align-center\">\ud83d\udde3\ufe0f \u201cAgradecemos profundamente a todos los grupos y participantes que hicieron parte de este camino, porque solo en comunidad se logran procesos tan significativos como este\u201d, expresaron los artistas formadores Crea.\ud83d\udccd <\/p>\n\n\n\n<figure class=\"wp-block-gallery has-nested-images columns-default is-cropped wp-block-gallery-1 is-layout-flex wp-block-gallery-is-layout-flex\">\n<figure class=\"wp-block-image size-large\"><img loading=\"lazy\" decoding=\"async\" width=\"1024\" height=\"768\" data-id=\"1540\" src=\"https:\/\/www.crea.gov.co\/crea-roma\/wp-content\/uploads\/sites\/10\/2025\/10\/WhatsApp-Image-2025-10-24-at-10.50.04-AM-2-1024x768.jpeg\" alt=\"\" class=\"wp-image-1540\" srcset=\"https:\/\/www.crea.gov.co\/crea-roma\/wp-content\/uploads\/sites\/10\/2025\/10\/WhatsApp-Image-2025-10-24-at-10.50.04-AM-2-1024x768.jpeg 1024w, https:\/\/www.crea.gov.co\/crea-roma\/wp-content\/uploads\/sites\/10\/2025\/10\/WhatsApp-Image-2025-10-24-at-10.50.04-AM-2-300x225.jpeg 300w, https:\/\/www.crea.gov.co\/crea-roma\/wp-content\/uploads\/sites\/10\/2025\/10\/WhatsApp-Image-2025-10-24-at-10.50.04-AM-2-768x576.jpeg 768w, https:\/\/www.crea.gov.co\/crea-roma\/wp-content\/uploads\/sites\/10\/2025\/10\/WhatsApp-Image-2025-10-24-at-10.50.04-AM-2-1536x1152.jpeg 1536w, https:\/\/www.crea.gov.co\/crea-roma\/wp-content\/uploads\/sites\/10\/2025\/10\/WhatsApp-Image-2025-10-24-at-10.50.04-AM-2.jpeg 1600w\" sizes=\"auto, (max-width: 1024px) 100vw, 1024px\" \/><\/figure>\n\n\n\n<figure class=\"wp-block-image size-large\"><img loading=\"lazy\" decoding=\"async\" width=\"1024\" height=\"768\" data-id=\"1539\" src=\"https:\/\/www.crea.gov.co\/crea-roma\/wp-content\/uploads\/sites\/10\/2025\/10\/WhatsApp-Image-2025-10-24-at-10.50.04-AM-1024x768.jpeg\" alt=\"\" class=\"wp-image-1539\" srcset=\"https:\/\/www.crea.gov.co\/crea-roma\/wp-content\/uploads\/sites\/10\/2025\/10\/WhatsApp-Image-2025-10-24-at-10.50.04-AM-1024x768.jpeg 1024w, https:\/\/www.crea.gov.co\/crea-roma\/wp-content\/uploads\/sites\/10\/2025\/10\/WhatsApp-Image-2025-10-24-at-10.50.04-AM-300x225.jpeg 300w, https:\/\/www.crea.gov.co\/crea-roma\/wp-content\/uploads\/sites\/10\/2025\/10\/WhatsApp-Image-2025-10-24-at-10.50.04-AM-768x576.jpeg 768w, https:\/\/www.crea.gov.co\/crea-roma\/wp-content\/uploads\/sites\/10\/2025\/10\/WhatsApp-Image-2025-10-24-at-10.50.04-AM-1536x1152.jpeg 1536w, https:\/\/www.crea.gov.co\/crea-roma\/wp-content\/uploads\/sites\/10\/2025\/10\/WhatsApp-Image-2025-10-24-at-10.50.04-AM.jpeg 1600w\" sizes=\"auto, (max-width: 1024px) 100vw, 1024px\" \/><\/figure>\n\n\n\n<figure class=\"wp-block-image size-large\"><img loading=\"lazy\" decoding=\"async\" width=\"1024\" height=\"768\" data-id=\"1541\" src=\"https:\/\/www.crea.gov.co\/crea-roma\/wp-content\/uploads\/sites\/10\/2025\/10\/WhatsApp-Image-2025-10-24-at-10.50.05-AM-1024x768.jpeg\" alt=\"\" class=\"wp-image-1541\" srcset=\"https:\/\/www.crea.gov.co\/crea-roma\/wp-content\/uploads\/sites\/10\/2025\/10\/WhatsApp-Image-2025-10-24-at-10.50.05-AM-1024x768.jpeg 1024w, https:\/\/www.crea.gov.co\/crea-roma\/wp-content\/uploads\/sites\/10\/2025\/10\/WhatsApp-Image-2025-10-24-at-10.50.05-AM-300x225.jpeg 300w, https:\/\/www.crea.gov.co\/crea-roma\/wp-content\/uploads\/sites\/10\/2025\/10\/WhatsApp-Image-2025-10-24-at-10.50.05-AM-768x576.jpeg 768w, https:\/\/www.crea.gov.co\/crea-roma\/wp-content\/uploads\/sites\/10\/2025\/10\/WhatsApp-Image-2025-10-24-at-10.50.05-AM-1536x1152.jpeg 1536w, https:\/\/www.crea.gov.co\/crea-roma\/wp-content\/uploads\/sites\/10\/2025\/10\/WhatsApp-Image-2025-10-24-at-10.50.05-AM.jpeg 1600w\" sizes=\"auto, (max-width: 1024px) 100vw, 1024px\" \/><\/figure>\n\n\n\n<figure class=\"wp-block-image size-large\"><img loading=\"lazy\" decoding=\"async\" width=\"1024\" height=\"768\" data-id=\"1542\" src=\"https:\/\/www.crea.gov.co\/crea-roma\/wp-content\/uploads\/sites\/10\/2025\/10\/WhatsApp-Image-2025-10-24-at-10.50.22-AM-1-1024x768.jpeg\" alt=\"\" class=\"wp-image-1542\" srcset=\"https:\/\/www.crea.gov.co\/crea-roma\/wp-content\/uploads\/sites\/10\/2025\/10\/WhatsApp-Image-2025-10-24-at-10.50.22-AM-1-1024x768.jpeg 1024w, https:\/\/www.crea.gov.co\/crea-roma\/wp-content\/uploads\/sites\/10\/2025\/10\/WhatsApp-Image-2025-10-24-at-10.50.22-AM-1-300x225.jpeg 300w, https:\/\/www.crea.gov.co\/crea-roma\/wp-content\/uploads\/sites\/10\/2025\/10\/WhatsApp-Image-2025-10-24-at-10.50.22-AM-1-768x576.jpeg 768w, https:\/\/www.crea.gov.co\/crea-roma\/wp-content\/uploads\/sites\/10\/2025\/10\/WhatsApp-Image-2025-10-24-at-10.50.22-AM-1.jpeg 1280w\" sizes=\"auto, (max-width: 1024px) 100vw, 1024px\" \/><\/figure>\n<\/figure>\n\n\n\n<p class=\"has-text-align-center\">El proyecto fue presentado en el <strong>Festival Escolar de las Artes<\/strong>, realizado el pasado <strong>1 de octubre en el Teatro El Ensue\u00f1o<\/strong>, como muestra del <strong>poder transformador del arte en la educaci\u00f3n<\/strong>. \ud83c\udfad\ud83d\udcab<\/p>\n\n\n\n<p><\/p>\n","protected":false},"excerpt":{"rendered":"<p>El proyecto \u201cMis ra\u00edces\u201d naci\u00f3 como un proceso de formaci\u00f3n y creaci\u00f3n art\u00edstica colaborativa que reuni\u00f3 a estudiantes y formadores de distintas instituciones educativas y lenguajes art\u00edsticos. Bajo la gu\u00eda del artista formador Alejandro Zaldua y con el apoyo de la artista audiovisual Eulindane Pi\u00f1eros, los estudiantes del Colegio Villas del Progreso IED lideraron esta [&hellip;]<\/p>\n","protected":false},"author":89,"featured_media":1545,"comment_status":"open","ping_status":"open","sticky":false,"template":"","format":"standard","meta":{"footnotes":""},"categories":[1],"tags":[],"class_list":["post-1536","post","type-post","status-publish","format-standard","has-post-thumbnail","hentry","category-sin-categoria"],"yoast_head":"<!-- This site is optimized with the Yoast SEO plugin v24.5 - https:\/\/yoast.com\/wordpress\/plugins\/seo\/ -->\n<title>\ud83c\udfb6 \u201cMis ra\u00edces\u201d: un proyecto art\u00edstico que enaltece la memoria y la identidad \ud83c\udf3f - Crea Roma<\/title>\n<meta name=\"robots\" content=\"index, follow, max-snippet:-1, max-image-preview:large, max-video-preview:-1\" \/>\n<link rel=\"canonical\" href=\"https:\/\/www.crea.gov.co\/crea-roma\/\ud83c\udfb6-mis-raices-un-proyecto-artistico-que-enaltece-la-memoria-y-la-identidad-\ud83c\udf3f\/\" \/>\n<meta property=\"og:locale\" content=\"es_ES\" \/>\n<meta property=\"og:type\" content=\"article\" \/>\n<meta property=\"og:title\" content=\"\ud83c\udfb6 \u201cMis ra\u00edces\u201d: un proyecto art\u00edstico que enaltece la memoria y la identidad \ud83c\udf3f - Crea Roma\" \/>\n<meta property=\"og:description\" content=\"El proyecto \u201cMis ra\u00edces\u201d naci\u00f3 como un proceso de formaci\u00f3n y creaci\u00f3n art\u00edstica colaborativa que reuni\u00f3 a estudiantes y formadores de distintas instituciones educativas y lenguajes art\u00edsticos. Bajo la gu\u00eda del artista formador Alejandro Zaldua y con el apoyo de la artista audiovisual Eulindane Pi\u00f1eros, los estudiantes del Colegio Villas del Progreso IED lideraron esta [&hellip;]\" \/>\n<meta property=\"og:url\" content=\"https:\/\/www.crea.gov.co\/crea-roma\/\ud83c\udfb6-mis-raices-un-proyecto-artistico-que-enaltece-la-memoria-y-la-identidad-\ud83c\udf3f\/\" \/>\n<meta property=\"og:site_name\" content=\"Crea Roma\" \/>\n<meta property=\"article:published_time\" content=\"2025-10-24T16:34:21+00:00\" \/>\n<meta property=\"article:modified_time\" content=\"2025-10-24T16:38:44+00:00\" \/>\n<meta property=\"og:image\" content=\"https:\/\/www.crea.gov.co\/crea-roma\/wp-content\/uploads\/sites\/10\/2025\/10\/mis-raices-ok.jpg\" \/>\n\t<meta property=\"og:image:width\" content=\"1830\" \/>\n\t<meta property=\"og:image:height\" content=\"882\" \/>\n\t<meta property=\"og:image:type\" content=\"image\/jpeg\" \/>\n<meta name=\"author\" content=\"crearoma\" \/>\n<meta name=\"twitter:card\" content=\"summary_large_image\" \/>\n<meta name=\"twitter:label1\" content=\"Escrito por\" \/>\n\t<meta name=\"twitter:data1\" content=\"crearoma\" \/>\n\t<meta name=\"twitter:label2\" content=\"Tiempo de lectura\" \/>\n\t<meta name=\"twitter:data2\" content=\"3 minutos\" \/>\n<script type=\"application\/ld+json\" class=\"yoast-schema-graph\">{\"@context\":\"https:\/\/schema.org\",\"@graph\":[{\"@type\":\"WebPage\",\"@id\":\"https:\/\/www.crea.gov.co\/crea-roma\/%f0%9f%8e%b6-mis-raices-un-proyecto-artistico-que-enaltece-la-memoria-y-la-identidad-%f0%9f%8c%bf\/\",\"url\":\"https:\/\/www.crea.gov.co\/crea-roma\/%f0%9f%8e%b6-mis-raices-un-proyecto-artistico-que-enaltece-la-memoria-y-la-identidad-%f0%9f%8c%bf\/\",\"name\":\"\ud83c\udfb6 \u201cMis ra\u00edces\u201d: un proyecto art\u00edstico que enaltece la memoria y la identidad \ud83c\udf3f - Crea Roma\",\"isPartOf\":{\"@id\":\"https:\/\/www.crea.gov.co\/crea-roma\/#website\"},\"primaryImageOfPage\":{\"@id\":\"https:\/\/www.crea.gov.co\/crea-roma\/%f0%9f%8e%b6-mis-raices-un-proyecto-artistico-que-enaltece-la-memoria-y-la-identidad-%f0%9f%8c%bf\/#primaryimage\"},\"image\":{\"@id\":\"https:\/\/www.crea.gov.co\/crea-roma\/%f0%9f%8e%b6-mis-raices-un-proyecto-artistico-que-enaltece-la-memoria-y-la-identidad-%f0%9f%8c%bf\/#primaryimage\"},\"thumbnailUrl\":\"https:\/\/www.crea.gov.co\/crea-roma\/wp-content\/uploads\/sites\/10\/2025\/10\/mis-raices-ok.jpg\",\"datePublished\":\"2025-10-24T16:34:21+00:00\",\"dateModified\":\"2025-10-24T16:38:44+00:00\",\"author\":{\"@id\":\"https:\/\/www.crea.gov.co\/crea-roma\/#\/schema\/person\/98d3131acf7d36de9766d95e8154256d\"},\"breadcrumb\":{\"@id\":\"https:\/\/www.crea.gov.co\/crea-roma\/%f0%9f%8e%b6-mis-raices-un-proyecto-artistico-que-enaltece-la-memoria-y-la-identidad-%f0%9f%8c%bf\/#breadcrumb\"},\"inLanguage\":\"es-CO\",\"potentialAction\":[{\"@type\":\"ReadAction\",\"target\":[\"https:\/\/www.crea.gov.co\/crea-roma\/%f0%9f%8e%b6-mis-raices-un-proyecto-artistico-que-enaltece-la-memoria-y-la-identidad-%f0%9f%8c%bf\/\"]}]},{\"@type\":\"ImageObject\",\"inLanguage\":\"es-CO\",\"@id\":\"https:\/\/www.crea.gov.co\/crea-roma\/%f0%9f%8e%b6-mis-raices-un-proyecto-artistico-que-enaltece-la-memoria-y-la-identidad-%f0%9f%8c%bf\/#primaryimage\",\"url\":\"https:\/\/www.crea.gov.co\/crea-roma\/wp-content\/uploads\/sites\/10\/2025\/10\/mis-raices-ok.jpg\",\"contentUrl\":\"https:\/\/www.crea.gov.co\/crea-roma\/wp-content\/uploads\/sites\/10\/2025\/10\/mis-raices-ok.jpg\",\"width\":1830,\"height\":882},{\"@type\":\"BreadcrumbList\",\"@id\":\"https:\/\/www.crea.gov.co\/crea-roma\/%f0%9f%8e%b6-mis-raices-un-proyecto-artistico-que-enaltece-la-memoria-y-la-identidad-%f0%9f%8c%bf\/#breadcrumb\",\"itemListElement\":[{\"@type\":\"ListItem\",\"position\":1,\"name\":\"Home\",\"item\":\"https:\/\/www.crea.gov.co\/crea-roma\/\"},{\"@type\":\"ListItem\",\"position\":2,\"name\":\"\ud83c\udfb6 \u201cMis ra\u00edces\u201d: un proyecto art\u00edstico que enaltece la memoria y la identidad \ud83c\udf3f\"}]},{\"@type\":\"WebSite\",\"@id\":\"https:\/\/www.crea.gov.co\/crea-roma\/#website\",\"url\":\"https:\/\/www.crea.gov.co\/crea-roma\/\",\"name\":\"Crea Roma\",\"description\":\"En Kennedy, rodeado de conjuntos y calles que guardan historias de familias que han crecido en el barrio, este espacio es un lugar donde la creatividad se entrelaza con la vida cotidiana. Aqu\u00ed, los lenguajes art\u00edsticos fortalecen lazos y dan voz a las experiencias de una comunidad que se reconoce en lo colectivo.\",\"potentialAction\":[{\"@type\":\"SearchAction\",\"target\":{\"@type\":\"EntryPoint\",\"urlTemplate\":\"https:\/\/www.crea.gov.co\/crea-roma\/?s={search_term_string}\"},\"query-input\":{\"@type\":\"PropertyValueSpecification\",\"valueRequired\":true,\"valueName\":\"search_term_string\"}}],\"inLanguage\":\"es-CO\"},{\"@type\":\"Person\",\"@id\":\"https:\/\/www.crea.gov.co\/crea-roma\/#\/schema\/person\/98d3131acf7d36de9766d95e8154256d\",\"name\":\"crearoma\",\"image\":{\"@type\":\"ImageObject\",\"inLanguage\":\"es-CO\",\"@id\":\"https:\/\/www.crea.gov.co\/crea-roma\/#\/schema\/person\/image\/\",\"url\":\"https:\/\/secure.gravatar.com\/avatar\/a932fc1012aeb823a10fc90d54ba8dd3?s=96&d=mm&r=g\",\"contentUrl\":\"https:\/\/secure.gravatar.com\/avatar\/a932fc1012aeb823a10fc90d54ba8dd3?s=96&d=mm&r=g\",\"caption\":\"crearoma\"},\"url\":\"https:\/\/www.crea.gov.co\/crea-roma\/author\/crearoma\/\"}]}<\/script>\n<!-- \/ Yoast SEO plugin. -->","yoast_head_json":{"title":"\ud83c\udfb6 \u201cMis ra\u00edces\u201d: un proyecto art\u00edstico que enaltece la memoria y la identidad \ud83c\udf3f - Crea Roma","robots":{"index":"index","follow":"follow","max-snippet":"max-snippet:-1","max-image-preview":"max-image-preview:large","max-video-preview":"max-video-preview:-1"},"canonical":"https:\/\/www.crea.gov.co\/crea-roma\/\ud83c\udfb6-mis-raices-un-proyecto-artistico-que-enaltece-la-memoria-y-la-identidad-\ud83c\udf3f\/","og_locale":"es_ES","og_type":"article","og_title":"\ud83c\udfb6 \u201cMis ra\u00edces\u201d: un proyecto art\u00edstico que enaltece la memoria y la identidad \ud83c\udf3f - Crea Roma","og_description":"El proyecto \u201cMis ra\u00edces\u201d naci\u00f3 como un proceso de formaci\u00f3n y creaci\u00f3n art\u00edstica colaborativa que reuni\u00f3 a estudiantes y formadores de distintas instituciones educativas y lenguajes art\u00edsticos. Bajo la gu\u00eda del artista formador Alejandro Zaldua y con el apoyo de la artista audiovisual Eulindane Pi\u00f1eros, los estudiantes del Colegio Villas del Progreso IED lideraron esta [&hellip;]","og_url":"https:\/\/www.crea.gov.co\/crea-roma\/\ud83c\udfb6-mis-raices-un-proyecto-artistico-que-enaltece-la-memoria-y-la-identidad-\ud83c\udf3f\/","og_site_name":"Crea Roma","article_published_time":"2025-10-24T16:34:21+00:00","article_modified_time":"2025-10-24T16:38:44+00:00","og_image":[{"width":1830,"height":882,"url":"https:\/\/www.crea.gov.co\/crea-roma\/wp-content\/uploads\/sites\/10\/2025\/10\/mis-raices-ok.jpg","type":"image\/jpeg"}],"author":"crearoma","twitter_card":"summary_large_image","twitter_misc":{"Escrito por":"crearoma","Tiempo de lectura":"3 minutos"},"schema":{"@context":"https:\/\/schema.org","@graph":[{"@type":"WebPage","@id":"https:\/\/www.crea.gov.co\/crea-roma\/%f0%9f%8e%b6-mis-raices-un-proyecto-artistico-que-enaltece-la-memoria-y-la-identidad-%f0%9f%8c%bf\/","url":"https:\/\/www.crea.gov.co\/crea-roma\/%f0%9f%8e%b6-mis-raices-un-proyecto-artistico-que-enaltece-la-memoria-y-la-identidad-%f0%9f%8c%bf\/","name":"\ud83c\udfb6 \u201cMis ra\u00edces\u201d: un proyecto art\u00edstico que enaltece la memoria y la identidad \ud83c\udf3f - Crea Roma","isPartOf":{"@id":"https:\/\/www.crea.gov.co\/crea-roma\/#website"},"primaryImageOfPage":{"@id":"https:\/\/www.crea.gov.co\/crea-roma\/%f0%9f%8e%b6-mis-raices-un-proyecto-artistico-que-enaltece-la-memoria-y-la-identidad-%f0%9f%8c%bf\/#primaryimage"},"image":{"@id":"https:\/\/www.crea.gov.co\/crea-roma\/%f0%9f%8e%b6-mis-raices-un-proyecto-artistico-que-enaltece-la-memoria-y-la-identidad-%f0%9f%8c%bf\/#primaryimage"},"thumbnailUrl":"https:\/\/www.crea.gov.co\/crea-roma\/wp-content\/uploads\/sites\/10\/2025\/10\/mis-raices-ok.jpg","datePublished":"2025-10-24T16:34:21+00:00","dateModified":"2025-10-24T16:38:44+00:00","author":{"@id":"https:\/\/www.crea.gov.co\/crea-roma\/#\/schema\/person\/98d3131acf7d36de9766d95e8154256d"},"breadcrumb":{"@id":"https:\/\/www.crea.gov.co\/crea-roma\/%f0%9f%8e%b6-mis-raices-un-proyecto-artistico-que-enaltece-la-memoria-y-la-identidad-%f0%9f%8c%bf\/#breadcrumb"},"inLanguage":"es-CO","potentialAction":[{"@type":"ReadAction","target":["https:\/\/www.crea.gov.co\/crea-roma\/%f0%9f%8e%b6-mis-raices-un-proyecto-artistico-que-enaltece-la-memoria-y-la-identidad-%f0%9f%8c%bf\/"]}]},{"@type":"ImageObject","inLanguage":"es-CO","@id":"https:\/\/www.crea.gov.co\/crea-roma\/%f0%9f%8e%b6-mis-raices-un-proyecto-artistico-que-enaltece-la-memoria-y-la-identidad-%f0%9f%8c%bf\/#primaryimage","url":"https:\/\/www.crea.gov.co\/crea-roma\/wp-content\/uploads\/sites\/10\/2025\/10\/mis-raices-ok.jpg","contentUrl":"https:\/\/www.crea.gov.co\/crea-roma\/wp-content\/uploads\/sites\/10\/2025\/10\/mis-raices-ok.jpg","width":1830,"height":882},{"@type":"BreadcrumbList","@id":"https:\/\/www.crea.gov.co\/crea-roma\/%f0%9f%8e%b6-mis-raices-un-proyecto-artistico-que-enaltece-la-memoria-y-la-identidad-%f0%9f%8c%bf\/#breadcrumb","itemListElement":[{"@type":"ListItem","position":1,"name":"Home","item":"https:\/\/www.crea.gov.co\/crea-roma\/"},{"@type":"ListItem","position":2,"name":"\ud83c\udfb6 \u201cMis ra\u00edces\u201d: un proyecto art\u00edstico que enaltece la memoria y la identidad \ud83c\udf3f"}]},{"@type":"WebSite","@id":"https:\/\/www.crea.gov.co\/crea-roma\/#website","url":"https:\/\/www.crea.gov.co\/crea-roma\/","name":"Crea Roma","description":"En Kennedy, rodeado de conjuntos y calles que guardan historias de familias que han crecido en el barrio, este espacio es un lugar donde la creatividad se entrelaza con la vida cotidiana. Aqu\u00ed, los lenguajes art\u00edsticos fortalecen lazos y dan voz a las experiencias de una comunidad que se reconoce en lo colectivo.","potentialAction":[{"@type":"SearchAction","target":{"@type":"EntryPoint","urlTemplate":"https:\/\/www.crea.gov.co\/crea-roma\/?s={search_term_string}"},"query-input":{"@type":"PropertyValueSpecification","valueRequired":true,"valueName":"search_term_string"}}],"inLanguage":"es-CO"},{"@type":"Person","@id":"https:\/\/www.crea.gov.co\/crea-roma\/#\/schema\/person\/98d3131acf7d36de9766d95e8154256d","name":"crearoma","image":{"@type":"ImageObject","inLanguage":"es-CO","@id":"https:\/\/www.crea.gov.co\/crea-roma\/#\/schema\/person\/image\/","url":"https:\/\/secure.gravatar.com\/avatar\/a932fc1012aeb823a10fc90d54ba8dd3?s=96&d=mm&r=g","contentUrl":"https:\/\/secure.gravatar.com\/avatar\/a932fc1012aeb823a10fc90d54ba8dd3?s=96&d=mm&r=g","caption":"crearoma"},"url":"https:\/\/www.crea.gov.co\/crea-roma\/author\/crearoma\/"}]}},"_links":{"self":[{"href":"https:\/\/www.crea.gov.co\/crea-roma\/wp-json\/wp\/v2\/posts\/1536","targetHints":{"allow":["GET"]}}],"collection":[{"href":"https:\/\/www.crea.gov.co\/crea-roma\/wp-json\/wp\/v2\/posts"}],"about":[{"href":"https:\/\/www.crea.gov.co\/crea-roma\/wp-json\/wp\/v2\/types\/post"}],"author":[{"embeddable":true,"href":"https:\/\/www.crea.gov.co\/crea-roma\/wp-json\/wp\/v2\/users\/89"}],"replies":[{"embeddable":true,"href":"https:\/\/www.crea.gov.co\/crea-roma\/wp-json\/wp\/v2\/comments?post=1536"}],"version-history":[{"count":4,"href":"https:\/\/www.crea.gov.co\/crea-roma\/wp-json\/wp\/v2\/posts\/1536\/revisions"}],"predecessor-version":[{"id":1547,"href":"https:\/\/www.crea.gov.co\/crea-roma\/wp-json\/wp\/v2\/posts\/1536\/revisions\/1547"}],"wp:featuredmedia":[{"embeddable":true,"href":"https:\/\/www.crea.gov.co\/crea-roma\/wp-json\/wp\/v2\/media\/1545"}],"wp:attachment":[{"href":"https:\/\/www.crea.gov.co\/crea-roma\/wp-json\/wp\/v2\/media?parent=1536"}],"wp:term":[{"taxonomy":"category","embeddable":true,"href":"https:\/\/www.crea.gov.co\/crea-roma\/wp-json\/wp\/v2\/categories?post=1536"},{"taxonomy":"post_tag","embeddable":true,"href":"https:\/\/www.crea.gov.co\/crea-roma\/wp-json\/wp\/v2\/tags?post=1536"}],"curies":[{"name":"wp","href":"https:\/\/api.w.org\/{rel}","templated":true}]}}