{"id":1529,"date":"2025-10-24T19:23:44","date_gmt":"2025-10-24T19:23:44","guid":{"rendered":"https:\/\/www.crea.gov.co\/crea-roma\/?p=1529"},"modified":"2025-11-09T15:02:40","modified_gmt":"2025-11-09T15:02:40","slug":"%f0%9f%8e%89-recordemos-lo-vivido-en-comunidades-crea-%f0%9f%8e%ad%e2%9c%a8","status":"publish","type":"post","link":"https:\/\/www.crea.gov.co\/crea-roma\/%f0%9f%8e%89-recordemos-lo-vivido-en-comunidades-crea-%f0%9f%8e%ad%e2%9c%a8\/","title":{"rendered":"\ud83c\udf89 \u00a1Recordemos lo vivido en Comunidades Crea! \ud83c\udfad\u2728"},"content":{"rendered":"\n<p>El pasado <strong>s\u00e1bado 27 de septiembre<\/strong>, el Crea Roma se llen\u00f3 de vida, emociones y memorias compartidas en una jornada inolvidable: <strong>Comunidades Crea<\/strong>, un espacio donde el arte fue puente de expresi\u00f3n, encuentro y alegr\u00eda.<\/p>\n\n\n<figure class=\"wp-block-post-featured-image\"><img loading=\"lazy\" decoding=\"async\" width=\"1600\" height=\"1200\" src=\"https:\/\/www.crea.gov.co\/crea-roma\/wp-content\/uploads\/sites\/10\/2025\/10\/WhatsApp-Image-2025-10-28-at-11.39.43-AM.jpeg\" class=\"attachment-post-thumbnail size-post-thumbnail wp-post-image\" alt=\"\" style=\"object-fit:cover;\" srcset=\"https:\/\/www.crea.gov.co\/crea-roma\/wp-content\/uploads\/sites\/10\/2025\/10\/WhatsApp-Image-2025-10-28-at-11.39.43-AM.jpeg 1600w, https:\/\/www.crea.gov.co\/crea-roma\/wp-content\/uploads\/sites\/10\/2025\/10\/WhatsApp-Image-2025-10-28-at-11.39.43-AM-300x225.jpeg 300w, https:\/\/www.crea.gov.co\/crea-roma\/wp-content\/uploads\/sites\/10\/2025\/10\/WhatsApp-Image-2025-10-28-at-11.39.43-AM-1024x768.jpeg 1024w, https:\/\/www.crea.gov.co\/crea-roma\/wp-content\/uploads\/sites\/10\/2025\/10\/WhatsApp-Image-2025-10-28-at-11.39.43-AM-768x576.jpeg 768w, https:\/\/www.crea.gov.co\/crea-roma\/wp-content\/uploads\/sites\/10\/2025\/10\/WhatsApp-Image-2025-10-28-at-11.39.43-AM-1536x1152.jpeg 1536w\" sizes=\"auto, (max-width: 1600px) 100vw, 1600px\" \/><\/figure>\n\n\n<p>\ud83c\udfd8\ufe0f Nuestra comunidad celebr\u00f3 el barrio, los lazos construidos en el espacio Crea y los talentos que florecen cuando el arte se vive colectivamente.<\/p>\n\n\n\n<p>Durante la jornada, los y las asistentes participaron en actividades interactivas como:<br>\ud83d\udd7a La <strong>bailat\u00f3n<br><\/strong> \ud83c\udfa8 El mural de <strong>stickers con pensamientos y secretos del barrio<br><\/strong> \ud83d\udcf2 Experiencias con <strong>realidad aumentada<br><\/strong> \ud83e\udde0 Juegos de <strong>datos curiosos sobre Kennedy<br><\/strong> \ud83d\uddbc\ufe0f Exhibici\u00f3n de <strong>obras en \u00f3leo<\/strong> del AF Santiago Cort\u00e9s<br> \ud83d\udde3 \ufe0f Y un conversatorio enriquecedor sobre las <strong>poblaciones atendidas en los espacios de extensi\u00f3n<\/strong>, fortaleciendo un di\u00e1logo intergeneracional lleno de aprendizajes.<\/p>\n\n\n\n<p>\ud83d\udc83 <strong>El grupo de tango para personas mayores<\/strong>, dirigido por el artista formador <strong>Javier Corrales<\/strong>, deslumbr\u00f3 con una presentaci\u00f3n llena de elegancia, alegr\u00eda y conexi\u00f3n a ritmo de <strong>tango y bachata<\/strong><\/p>\n\n\n\n<p>\ud83c\udfb6 <strong>El grupo de m\u00fasica para personas con discapacidad<\/strong>, guiado por el artista formador <strong>Jhonnatan Guti\u00e9rrez<\/strong>, present\u00f3 la emotiva pieza <strong>\u201cTiempo Compartido\u201d<\/strong>, una composici\u00f3n construida a partir del pulso natural de uno de sus participantes, convertida en un ostinato r\u00edtmico sobre xil\u00f3fonos y metal\u00f3fonos.<\/p>\n\n\n\n<p>\ud83d\udc69\u200d\ud83c\udfa4 Y para cerrar, <strong>el grupo de mujeres<\/strong>, liderado por el artista formador <strong>Orlando M\u00e1rquez<\/strong>, elev\u00f3 sus voces con melod\u00edas del folclor colombiano y canciones que reivindican el poder femenino. Una presentaci\u00f3n que toc\u00f3 fibras profundas y enalteci\u00f3 su esencia como <strong>creadoras, sensibles y transformadoras<\/strong>.<\/p>\n\n\n\n<figure class=\"wp-block-video\"><video controls src=\"https:\/\/www.crea.gov.co\/crea-roma\/wp-content\/uploads\/sites\/10\/2025\/10\/1.-Comunidades-Crea-Roma.mp4\"><\/video><\/figure>\n\n\n\n<figure class=\"wp-block-video\"><video controls src=\"https:\/\/www.crea.gov.co\/crea-roma\/wp-content\/uploads\/sites\/10\/2025\/10\/2.2-Comunidades-Crea-Roma.mp4\"><\/video><\/figure>\n\n\n\n<figure class=\"wp-block-video\"><video controls src=\"https:\/\/www.crea.gov.co\/crea-roma\/wp-content\/uploads\/sites\/10\/2025\/10\/2.-Comunidades-Crea-Roma-1.mp4\"><\/video><\/figure>\n\n\n\n<p class=\"has-text-align-center\"><strong>\ud83c\udf1f Gracias a cada persona que hizo parte de esta gran historia. \u00a1Seguimos construyendo comunidad desde el arte, la memoria y el afecto!<\/strong><\/p>\n\n\n\n<figure class=\"wp-block-video\"><video controls src=\"https:\/\/www.crea.gov.co\/crea-roma\/wp-content\/uploads\/sites\/10\/2025\/10\/Parceros-del-Crea-Roma.mp4\"><\/video><\/figure>\n","protected":false},"excerpt":{"rendered":"<p>El pasado s\u00e1bado 27 de septiembre, el Crea Roma se llen\u00f3 de vida, emociones y memorias compartidas en una jornada inolvidable: Comunidades Crea, un espacio donde el arte fue puente de expresi\u00f3n, encuentro y alegr\u00eda. \ud83c\udfd8\ufe0f Nuestra comunidad celebr\u00f3 el barrio, los lazos construidos en el espacio Crea y los talentos que florecen cuando el [&hellip;]<\/p>\n","protected":false},"author":89,"featured_media":1566,"comment_status":"open","ping_status":"open","sticky":false,"template":"","format":"standard","meta":{"footnotes":""},"categories":[1],"tags":[],"class_list":["post-1529","post","type-post","status-publish","format-standard","has-post-thumbnail","hentry","category-sin-categoria"],"yoast_head":"<!-- This site is optimized with the Yoast SEO plugin v24.5 - https:\/\/yoast.com\/wordpress\/plugins\/seo\/ -->\n<title>\ud83c\udf89 \u00a1Recordemos lo vivido en Comunidades Crea! \ud83c\udfad\u2728 - Crea Roma<\/title>\n<meta name=\"robots\" content=\"index, follow, max-snippet:-1, max-image-preview:large, max-video-preview:-1\" \/>\n<link rel=\"canonical\" href=\"https:\/\/www.crea.gov.co\/crea-roma\/\ud83c\udf89-recordemos-lo-vivido-en-comunidades-crea-\ud83c\udfad\u2728\/\" \/>\n<meta property=\"og:locale\" content=\"es_ES\" \/>\n<meta property=\"og:type\" content=\"article\" \/>\n<meta property=\"og:title\" content=\"\ud83c\udf89 \u00a1Recordemos lo vivido en Comunidades Crea! \ud83c\udfad\u2728 - Crea Roma\" \/>\n<meta property=\"og:description\" content=\"El pasado s\u00e1bado 27 de septiembre, el Crea Roma se llen\u00f3 de vida, emociones y memorias compartidas en una jornada inolvidable: Comunidades Crea, un espacio donde el arte fue puente de expresi\u00f3n, encuentro y alegr\u00eda. \ud83c\udfd8\ufe0f Nuestra comunidad celebr\u00f3 el barrio, los lazos construidos en el espacio Crea y los talentos que florecen cuando el [&hellip;]\" \/>\n<meta property=\"og:url\" content=\"https:\/\/www.crea.gov.co\/crea-roma\/\ud83c\udf89-recordemos-lo-vivido-en-comunidades-crea-\ud83c\udfad\u2728\/\" \/>\n<meta property=\"og:site_name\" content=\"Crea Roma\" \/>\n<meta property=\"article:published_time\" content=\"2025-10-24T19:23:44+00:00\" \/>\n<meta property=\"article:modified_time\" content=\"2025-11-09T15:02:40+00:00\" \/>\n<meta property=\"og:image\" content=\"https:\/\/www.crea.gov.co\/crea-roma\/wp-content\/uploads\/sites\/10\/2025\/10\/WhatsApp-Image-2025-10-28-at-11.39.43-AM.jpeg\" \/>\n\t<meta property=\"og:image:width\" content=\"1600\" \/>\n\t<meta property=\"og:image:height\" content=\"1200\" \/>\n\t<meta property=\"og:image:type\" content=\"image\/jpeg\" \/>\n<meta name=\"author\" content=\"crearoma\" \/>\n<meta name=\"twitter:card\" content=\"summary_large_image\" \/>\n<meta name=\"twitter:label1\" content=\"Escrito por\" \/>\n\t<meta name=\"twitter:data1\" content=\"crearoma\" \/>\n\t<meta name=\"twitter:label2\" content=\"Tiempo de lectura\" \/>\n\t<meta name=\"twitter:data2\" content=\"2 minutos\" \/>\n<script type=\"application\/ld+json\" class=\"yoast-schema-graph\">{\"@context\":\"https:\/\/schema.org\",\"@graph\":[{\"@type\":\"WebPage\",\"@id\":\"https:\/\/www.crea.gov.co\/crea-roma\/%f0%9f%8e%89-recordemos-lo-vivido-en-comunidades-crea-%f0%9f%8e%ad%e2%9c%a8\/\",\"url\":\"https:\/\/www.crea.gov.co\/crea-roma\/%f0%9f%8e%89-recordemos-lo-vivido-en-comunidades-crea-%f0%9f%8e%ad%e2%9c%a8\/\",\"name\":\"\ud83c\udf89 \u00a1Recordemos lo vivido en Comunidades Crea! \ud83c\udfad\u2728 - Crea Roma\",\"isPartOf\":{\"@id\":\"https:\/\/www.crea.gov.co\/crea-roma\/#website\"},\"primaryImageOfPage\":{\"@id\":\"https:\/\/www.crea.gov.co\/crea-roma\/%f0%9f%8e%89-recordemos-lo-vivido-en-comunidades-crea-%f0%9f%8e%ad%e2%9c%a8\/#primaryimage\"},\"image\":{\"@id\":\"https:\/\/www.crea.gov.co\/crea-roma\/%f0%9f%8e%89-recordemos-lo-vivido-en-comunidades-crea-%f0%9f%8e%ad%e2%9c%a8\/#primaryimage\"},\"thumbnailUrl\":\"https:\/\/www.crea.gov.co\/crea-roma\/wp-content\/uploads\/sites\/10\/2025\/10\/WhatsApp-Image-2025-10-28-at-11.39.43-AM.jpeg\",\"datePublished\":\"2025-10-24T19:23:44+00:00\",\"dateModified\":\"2025-11-09T15:02:40+00:00\",\"author\":{\"@id\":\"https:\/\/www.crea.gov.co\/crea-roma\/#\/schema\/person\/98d3131acf7d36de9766d95e8154256d\"},\"breadcrumb\":{\"@id\":\"https:\/\/www.crea.gov.co\/crea-roma\/%f0%9f%8e%89-recordemos-lo-vivido-en-comunidades-crea-%f0%9f%8e%ad%e2%9c%a8\/#breadcrumb\"},\"inLanguage\":\"es-CO\",\"potentialAction\":[{\"@type\":\"ReadAction\",\"target\":[\"https:\/\/www.crea.gov.co\/crea-roma\/%f0%9f%8e%89-recordemos-lo-vivido-en-comunidades-crea-%f0%9f%8e%ad%e2%9c%a8\/\"]}]},{\"@type\":\"ImageObject\",\"inLanguage\":\"es-CO\",\"@id\":\"https:\/\/www.crea.gov.co\/crea-roma\/%f0%9f%8e%89-recordemos-lo-vivido-en-comunidades-crea-%f0%9f%8e%ad%e2%9c%a8\/#primaryimage\",\"url\":\"https:\/\/www.crea.gov.co\/crea-roma\/wp-content\/uploads\/sites\/10\/2025\/10\/WhatsApp-Image-2025-10-28-at-11.39.43-AM.jpeg\",\"contentUrl\":\"https:\/\/www.crea.gov.co\/crea-roma\/wp-content\/uploads\/sites\/10\/2025\/10\/WhatsApp-Image-2025-10-28-at-11.39.43-AM.jpeg\",\"width\":1600,\"height\":1200},{\"@type\":\"BreadcrumbList\",\"@id\":\"https:\/\/www.crea.gov.co\/crea-roma\/%f0%9f%8e%89-recordemos-lo-vivido-en-comunidades-crea-%f0%9f%8e%ad%e2%9c%a8\/#breadcrumb\",\"itemListElement\":[{\"@type\":\"ListItem\",\"position\":1,\"name\":\"Home\",\"item\":\"https:\/\/www.crea.gov.co\/crea-roma\/\"},{\"@type\":\"ListItem\",\"position\":2,\"name\":\"\ud83c\udf89 \u00a1Recordemos lo vivido en Comunidades Crea! \ud83c\udfad\u2728\"}]},{\"@type\":\"WebSite\",\"@id\":\"https:\/\/www.crea.gov.co\/crea-roma\/#website\",\"url\":\"https:\/\/www.crea.gov.co\/crea-roma\/\",\"name\":\"Crea Roma\",\"description\":\"En Kennedy, rodeado de conjuntos y calles que guardan historias de familias que han crecido en el barrio, este espacio es un lugar donde la creatividad se entrelaza con la vida cotidiana. Aqu\u00ed, los lenguajes art\u00edsticos fortalecen lazos y dan voz a las experiencias de una comunidad que se reconoce en lo colectivo.\",\"potentialAction\":[{\"@type\":\"SearchAction\",\"target\":{\"@type\":\"EntryPoint\",\"urlTemplate\":\"https:\/\/www.crea.gov.co\/crea-roma\/?s={search_term_string}\"},\"query-input\":{\"@type\":\"PropertyValueSpecification\",\"valueRequired\":true,\"valueName\":\"search_term_string\"}}],\"inLanguage\":\"es-CO\"},{\"@type\":\"Person\",\"@id\":\"https:\/\/www.crea.gov.co\/crea-roma\/#\/schema\/person\/98d3131acf7d36de9766d95e8154256d\",\"name\":\"crearoma\",\"image\":{\"@type\":\"ImageObject\",\"inLanguage\":\"es-CO\",\"@id\":\"https:\/\/www.crea.gov.co\/crea-roma\/#\/schema\/person\/image\/\",\"url\":\"https:\/\/secure.gravatar.com\/avatar\/a932fc1012aeb823a10fc90d54ba8dd3?s=96&d=mm&r=g\",\"contentUrl\":\"https:\/\/secure.gravatar.com\/avatar\/a932fc1012aeb823a10fc90d54ba8dd3?s=96&d=mm&r=g\",\"caption\":\"crearoma\"},\"url\":\"https:\/\/www.crea.gov.co\/crea-roma\/author\/crearoma\/\"}]}<\/script>\n<!-- \/ Yoast SEO plugin. -->","yoast_head_json":{"title":"\ud83c\udf89 \u00a1Recordemos lo vivido en Comunidades Crea! \ud83c\udfad\u2728 - Crea Roma","robots":{"index":"index","follow":"follow","max-snippet":"max-snippet:-1","max-image-preview":"max-image-preview:large","max-video-preview":"max-video-preview:-1"},"canonical":"https:\/\/www.crea.gov.co\/crea-roma\/\ud83c\udf89-recordemos-lo-vivido-en-comunidades-crea-\ud83c\udfad\u2728\/","og_locale":"es_ES","og_type":"article","og_title":"\ud83c\udf89 \u00a1Recordemos lo vivido en Comunidades Crea! \ud83c\udfad\u2728 - Crea Roma","og_description":"El pasado s\u00e1bado 27 de septiembre, el Crea Roma se llen\u00f3 de vida, emociones y memorias compartidas en una jornada inolvidable: Comunidades Crea, un espacio donde el arte fue puente de expresi\u00f3n, encuentro y alegr\u00eda. \ud83c\udfd8\ufe0f Nuestra comunidad celebr\u00f3 el barrio, los lazos construidos en el espacio Crea y los talentos que florecen cuando el [&hellip;]","og_url":"https:\/\/www.crea.gov.co\/crea-roma\/\ud83c\udf89-recordemos-lo-vivido-en-comunidades-crea-\ud83c\udfad\u2728\/","og_site_name":"Crea Roma","article_published_time":"2025-10-24T19:23:44+00:00","article_modified_time":"2025-11-09T15:02:40+00:00","og_image":[{"width":1600,"height":1200,"url":"https:\/\/www.crea.gov.co\/crea-roma\/wp-content\/uploads\/sites\/10\/2025\/10\/WhatsApp-Image-2025-10-28-at-11.39.43-AM.jpeg","type":"image\/jpeg"}],"author":"crearoma","twitter_card":"summary_large_image","twitter_misc":{"Escrito por":"crearoma","Tiempo de lectura":"2 minutos"},"schema":{"@context":"https:\/\/schema.org","@graph":[{"@type":"WebPage","@id":"https:\/\/www.crea.gov.co\/crea-roma\/%f0%9f%8e%89-recordemos-lo-vivido-en-comunidades-crea-%f0%9f%8e%ad%e2%9c%a8\/","url":"https:\/\/www.crea.gov.co\/crea-roma\/%f0%9f%8e%89-recordemos-lo-vivido-en-comunidades-crea-%f0%9f%8e%ad%e2%9c%a8\/","name":"\ud83c\udf89 \u00a1Recordemos lo vivido en Comunidades Crea! \ud83c\udfad\u2728 - Crea Roma","isPartOf":{"@id":"https:\/\/www.crea.gov.co\/crea-roma\/#website"},"primaryImageOfPage":{"@id":"https:\/\/www.crea.gov.co\/crea-roma\/%f0%9f%8e%89-recordemos-lo-vivido-en-comunidades-crea-%f0%9f%8e%ad%e2%9c%a8\/#primaryimage"},"image":{"@id":"https:\/\/www.crea.gov.co\/crea-roma\/%f0%9f%8e%89-recordemos-lo-vivido-en-comunidades-crea-%f0%9f%8e%ad%e2%9c%a8\/#primaryimage"},"thumbnailUrl":"https:\/\/www.crea.gov.co\/crea-roma\/wp-content\/uploads\/sites\/10\/2025\/10\/WhatsApp-Image-2025-10-28-at-11.39.43-AM.jpeg","datePublished":"2025-10-24T19:23:44+00:00","dateModified":"2025-11-09T15:02:40+00:00","author":{"@id":"https:\/\/www.crea.gov.co\/crea-roma\/#\/schema\/person\/98d3131acf7d36de9766d95e8154256d"},"breadcrumb":{"@id":"https:\/\/www.crea.gov.co\/crea-roma\/%f0%9f%8e%89-recordemos-lo-vivido-en-comunidades-crea-%f0%9f%8e%ad%e2%9c%a8\/#breadcrumb"},"inLanguage":"es-CO","potentialAction":[{"@type":"ReadAction","target":["https:\/\/www.crea.gov.co\/crea-roma\/%f0%9f%8e%89-recordemos-lo-vivido-en-comunidades-crea-%f0%9f%8e%ad%e2%9c%a8\/"]}]},{"@type":"ImageObject","inLanguage":"es-CO","@id":"https:\/\/www.crea.gov.co\/crea-roma\/%f0%9f%8e%89-recordemos-lo-vivido-en-comunidades-crea-%f0%9f%8e%ad%e2%9c%a8\/#primaryimage","url":"https:\/\/www.crea.gov.co\/crea-roma\/wp-content\/uploads\/sites\/10\/2025\/10\/WhatsApp-Image-2025-10-28-at-11.39.43-AM.jpeg","contentUrl":"https:\/\/www.crea.gov.co\/crea-roma\/wp-content\/uploads\/sites\/10\/2025\/10\/WhatsApp-Image-2025-10-28-at-11.39.43-AM.jpeg","width":1600,"height":1200},{"@type":"BreadcrumbList","@id":"https:\/\/www.crea.gov.co\/crea-roma\/%f0%9f%8e%89-recordemos-lo-vivido-en-comunidades-crea-%f0%9f%8e%ad%e2%9c%a8\/#breadcrumb","itemListElement":[{"@type":"ListItem","position":1,"name":"Home","item":"https:\/\/www.crea.gov.co\/crea-roma\/"},{"@type":"ListItem","position":2,"name":"\ud83c\udf89 \u00a1Recordemos lo vivido en Comunidades Crea! \ud83c\udfad\u2728"}]},{"@type":"WebSite","@id":"https:\/\/www.crea.gov.co\/crea-roma\/#website","url":"https:\/\/www.crea.gov.co\/crea-roma\/","name":"Crea Roma","description":"En Kennedy, rodeado de conjuntos y calles que guardan historias de familias que han crecido en el barrio, este espacio es un lugar donde la creatividad se entrelaza con la vida cotidiana. Aqu\u00ed, los lenguajes art\u00edsticos fortalecen lazos y dan voz a las experiencias de una comunidad que se reconoce en lo colectivo.","potentialAction":[{"@type":"SearchAction","target":{"@type":"EntryPoint","urlTemplate":"https:\/\/www.crea.gov.co\/crea-roma\/?s={search_term_string}"},"query-input":{"@type":"PropertyValueSpecification","valueRequired":true,"valueName":"search_term_string"}}],"inLanguage":"es-CO"},{"@type":"Person","@id":"https:\/\/www.crea.gov.co\/crea-roma\/#\/schema\/person\/98d3131acf7d36de9766d95e8154256d","name":"crearoma","image":{"@type":"ImageObject","inLanguage":"es-CO","@id":"https:\/\/www.crea.gov.co\/crea-roma\/#\/schema\/person\/image\/","url":"https:\/\/secure.gravatar.com\/avatar\/a932fc1012aeb823a10fc90d54ba8dd3?s=96&d=mm&r=g","contentUrl":"https:\/\/secure.gravatar.com\/avatar\/a932fc1012aeb823a10fc90d54ba8dd3?s=96&d=mm&r=g","caption":"crearoma"},"url":"https:\/\/www.crea.gov.co\/crea-roma\/author\/crearoma\/"}]}},"_links":{"self":[{"href":"https:\/\/www.crea.gov.co\/crea-roma\/wp-json\/wp\/v2\/posts\/1529","targetHints":{"allow":["GET"]}}],"collection":[{"href":"https:\/\/www.crea.gov.co\/crea-roma\/wp-json\/wp\/v2\/posts"}],"about":[{"href":"https:\/\/www.crea.gov.co\/crea-roma\/wp-json\/wp\/v2\/types\/post"}],"author":[{"embeddable":true,"href":"https:\/\/www.crea.gov.co\/crea-roma\/wp-json\/wp\/v2\/users\/89"}],"replies":[{"embeddable":true,"href":"https:\/\/www.crea.gov.co\/crea-roma\/wp-json\/wp\/v2\/comments?post=1529"}],"version-history":[{"count":5,"href":"https:\/\/www.crea.gov.co\/crea-roma\/wp-json\/wp\/v2\/posts\/1529\/revisions"}],"predecessor-version":[{"id":1573,"href":"https:\/\/www.crea.gov.co\/crea-roma\/wp-json\/wp\/v2\/posts\/1529\/revisions\/1573"}],"wp:featuredmedia":[{"embeddable":true,"href":"https:\/\/www.crea.gov.co\/crea-roma\/wp-json\/wp\/v2\/media\/1566"}],"wp:attachment":[{"href":"https:\/\/www.crea.gov.co\/crea-roma\/wp-json\/wp\/v2\/media?parent=1529"}],"wp:term":[{"taxonomy":"category","embeddable":true,"href":"https:\/\/www.crea.gov.co\/crea-roma\/wp-json\/wp\/v2\/categories?post=1529"},{"taxonomy":"post_tag","embeddable":true,"href":"https:\/\/www.crea.gov.co\/crea-roma\/wp-json\/wp\/v2\/tags?post=1529"}],"curies":[{"name":"wp","href":"https:\/\/api.w.org\/{rel}","templated":true}]}}