{"id":1524,"date":"2025-10-24T17:37:37","date_gmt":"2025-10-24T17:37:37","guid":{"rendered":"https:\/\/www.crea.gov.co\/crea-roma\/?p=1524"},"modified":"2025-10-24T17:37:37","modified_gmt":"2025-10-24T17:37:37","slug":"%f0%9f%a7%b6%e2%9c%a8-creando-entre-pares-un-dialogo-entre-cuerpos-colores-y-memorias-%f0%9f%8e%a8%f0%9f%a9%b0","status":"publish","type":"post","link":"https:\/\/www.crea.gov.co\/crea-roma\/%f0%9f%a7%b6%e2%9c%a8-creando-entre-pares-un-dialogo-entre-cuerpos-colores-y-memorias-%f0%9f%8e%a8%f0%9f%a9%b0\/","title":{"rendered":"\ud83e\uddf6\u2728 Creando entre Pares: un di\u00e1logo entre cuerpos, colores y memorias \ud83c\udfa8\ud83e\ude70"},"content":{"rendered":"\n<p>Durante este 2025, los colectivos <strong>IntegrARTE<\/strong> (dirigido por el AF John S\u00e1nchez) y <strong>Arte y Danza Sin Edad<\/strong> (dirigido por la AF Andrea Hern\u00e1ndez), conformados por personas adultas y mayores del Crea Roma, han tejido una experiencia art\u00edstica profunda desde el coraz\u00f3n de las l\u00edneas <strong>Impulso Colectivo<\/strong> y <strong>Arte y Salud<\/strong>.<\/p>\n\n\n\n<p>En un intercambio lleno de sentido, ambos colectivos se han encontrado desde sus lenguajes: la danza y las artes pl\u00e1sticas, compartiendo saberes, historias de vida y emociones a flor de piel. \ud83d\udcac\u2764\ufe0f<\/p>\n\n\n<figure class=\"wp-block-post-featured-image\"><img loading=\"lazy\" decoding=\"async\" width=\"1600\" height=\"1200\" src=\"https:\/\/www.crea.gov.co\/crea-roma\/wp-content\/uploads\/sites\/10\/2025\/10\/WhatsApp-Image-2025-09-18-at-6.23.16-PM.jpeg\" class=\"attachment-post-thumbnail size-post-thumbnail wp-post-image\" alt=\"\" style=\"object-fit:cover;\" srcset=\"https:\/\/www.crea.gov.co\/crea-roma\/wp-content\/uploads\/sites\/10\/2025\/10\/WhatsApp-Image-2025-09-18-at-6.23.16-PM.jpeg 1600w, https:\/\/www.crea.gov.co\/crea-roma\/wp-content\/uploads\/sites\/10\/2025\/10\/WhatsApp-Image-2025-09-18-at-6.23.16-PM-300x225.jpeg 300w, https:\/\/www.crea.gov.co\/crea-roma\/wp-content\/uploads\/sites\/10\/2025\/10\/WhatsApp-Image-2025-09-18-at-6.23.16-PM-1024x768.jpeg 1024w, https:\/\/www.crea.gov.co\/crea-roma\/wp-content\/uploads\/sites\/10\/2025\/10\/WhatsApp-Image-2025-09-18-at-6.23.16-PM-768x576.jpeg 768w, https:\/\/www.crea.gov.co\/crea-roma\/wp-content\/uploads\/sites\/10\/2025\/10\/WhatsApp-Image-2025-09-18-at-6.23.16-PM-1536x1152.jpeg 1536w\" sizes=\"auto, (max-width: 1600px) 100vw, 1600px\" \/><\/figure>\n\n\n<p>\ud83e\ude70 En el pasado <strong>ECOS II (julio)<\/strong>, el grupo de danza comparti\u00f3 relatos de vida a trav\u00e9s del movimiento, mientras que el grupo de artes pl\u00e1sticas present\u00f3 exploraciones en t\u00e9cnicas mixtas, retratos, texturas y color, abriendo un espacio introspectivo lleno de simbolismo.<\/p>\n\n\n\n<p>\ud83d\udd8c\ufe0f Las <strong>bit\u00e1coras, cartograf\u00edas y dibujos<\/strong> fueron el alma de un recorrido art\u00edstico donde cada obra fue puente de di\u00e1logo y reconocimiento mutuo. Adem\u00e1s, se vivieron momentos \u00fanicos de integraci\u00f3n:<br>\ud83d\udd39 Creaci\u00f3n de un tejido colectivo con trapillo<br>\ud83d\udd39 Meditaci\u00f3n guiada para reconocer nuestro rostro con afecto<\/p>\n\n\n\n<p>Y el pasado <strong>18 de septiembre<\/strong>, la maquilladora profesional <strong>Bella Farfi<\/strong> ofreci\u00f3 un taller de maquillaje esc\u00e9nico \u2014rostros, cr\u00e1neos y catrinas\u2014, preparando a los colectivos para una gran apuesta visual en el pr\u00f3ximo <strong>ECOS III<\/strong>.<\/p>\n\n\n\n<p>\ud83c\udfad En noviembre, los participantes de artes pl\u00e1sticas ser\u00e1n quienes maquillen a los danzantes, dando vida a una escena que unir\u00e1 la danza mexicana, el cuerpo y el color en una fusi\u00f3n esc\u00e9nica cargada de identidad y expresi\u00f3n.<\/p>\n\n\n\n<p>Desde la diversidad, el arte y el afecto, celebramos la posibilidad de <strong>crear v\u00ednculos\u00a0 sensibles y potentes<\/strong> entre generaciones, experiencias y territorios. \ud83c\udf31\u2728<\/p>\n\n\n\n<p class=\"has-text-align-center\">\ud83d\udcac <strong>Esta historia de encuentro contin\u00faa&#8230;<\/strong><\/p>\n\n\n\n<figure class=\"wp-block-video\"><video controls src=\"https:\/\/www.crea.gov.co\/crea-roma\/wp-content\/uploads\/sites\/10\/2025\/10\/Encuentro-entre-pares.mp4\"><\/video><\/figure>\n\n\n\n<p class=\"has-text-align-center\"><\/p>\n","protected":false},"excerpt":{"rendered":"<p>Durante este 2025, los colectivos IntegrARTE (dirigido por el AF John S\u00e1nchez) y Arte y Danza Sin Edad (dirigido por la AF Andrea Hern\u00e1ndez), conformados por personas adultas y mayores del Crea Roma, han tejido una experiencia art\u00edstica profunda desde el coraz\u00f3n de las l\u00edneas Impulso Colectivo y Arte y Salud. En un intercambio lleno [&hellip;]<\/p>\n","protected":false},"author":89,"featured_media":1555,"comment_status":"open","ping_status":"open","sticky":false,"template":"","format":"standard","meta":{"footnotes":""},"categories":[1],"tags":[],"class_list":["post-1524","post","type-post","status-publish","format-standard","has-post-thumbnail","hentry","category-sin-categoria"],"yoast_head":"<!-- This site is optimized with the Yoast SEO plugin v24.5 - https:\/\/yoast.com\/wordpress\/plugins\/seo\/ -->\n<title>\ud83e\uddf6\u2728 Creando entre Pares: un di\u00e1logo entre cuerpos, colores y memorias \ud83c\udfa8\ud83e\ude70 - Crea Roma<\/title>\n<meta name=\"robots\" content=\"index, follow, max-snippet:-1, max-image-preview:large, max-video-preview:-1\" \/>\n<link rel=\"canonical\" href=\"https:\/\/www.crea.gov.co\/crea-roma\/\ud83e\uddf6\u2728-creando-entre-pares-un-dialogo-entre-cuerpos-colores-y-memorias-\ud83c\udfa8\ud83e\ude70\/\" \/>\n<meta property=\"og:locale\" content=\"es_ES\" \/>\n<meta property=\"og:type\" content=\"article\" \/>\n<meta property=\"og:title\" content=\"\ud83e\uddf6\u2728 Creando entre Pares: un di\u00e1logo entre cuerpos, colores y memorias \ud83c\udfa8\ud83e\ude70 - Crea Roma\" \/>\n<meta property=\"og:description\" content=\"Durante este 2025, los colectivos IntegrARTE (dirigido por el AF John S\u00e1nchez) y Arte y Danza Sin Edad (dirigido por la AF Andrea Hern\u00e1ndez), conformados por personas adultas y mayores del Crea Roma, han tejido una experiencia art\u00edstica profunda desde el coraz\u00f3n de las l\u00edneas Impulso Colectivo y Arte y Salud. En un intercambio lleno [&hellip;]\" \/>\n<meta property=\"og:url\" content=\"https:\/\/www.crea.gov.co\/crea-roma\/\ud83e\uddf6\u2728-creando-entre-pares-un-dialogo-entre-cuerpos-colores-y-memorias-\ud83c\udfa8\ud83e\ude70\/\" \/>\n<meta property=\"og:site_name\" content=\"Crea Roma\" \/>\n<meta property=\"article:published_time\" content=\"2025-10-24T17:37:37+00:00\" \/>\n<meta property=\"og:image\" content=\"https:\/\/www.crea.gov.co\/crea-roma\/wp-content\/uploads\/sites\/10\/2025\/10\/WhatsApp-Image-2025-09-18-at-6.23.16-PM.jpeg\" \/>\n\t<meta property=\"og:image:width\" content=\"1600\" \/>\n\t<meta property=\"og:image:height\" content=\"1200\" \/>\n\t<meta property=\"og:image:type\" content=\"image\/jpeg\" \/>\n<meta name=\"author\" content=\"crearoma\" \/>\n<meta name=\"twitter:card\" content=\"summary_large_image\" \/>\n<meta name=\"twitter:label1\" content=\"Escrito por\" \/>\n\t<meta name=\"twitter:data1\" content=\"crearoma\" \/>\n\t<meta name=\"twitter:label2\" content=\"Tiempo de lectura\" \/>\n\t<meta name=\"twitter:data2\" content=\"2 minutos\" \/>\n<script type=\"application\/ld+json\" class=\"yoast-schema-graph\">{\"@context\":\"https:\/\/schema.org\",\"@graph\":[{\"@type\":\"WebPage\",\"@id\":\"https:\/\/www.crea.gov.co\/crea-roma\/%f0%9f%a7%b6%e2%9c%a8-creando-entre-pares-un-dialogo-entre-cuerpos-colores-y-memorias-%f0%9f%8e%a8%f0%9f%a9%b0\/\",\"url\":\"https:\/\/www.crea.gov.co\/crea-roma\/%f0%9f%a7%b6%e2%9c%a8-creando-entre-pares-un-dialogo-entre-cuerpos-colores-y-memorias-%f0%9f%8e%a8%f0%9f%a9%b0\/\",\"name\":\"\ud83e\uddf6\u2728 Creando entre Pares: un di\u00e1logo entre cuerpos, colores y memorias \ud83c\udfa8\ud83e\ude70 - Crea Roma\",\"isPartOf\":{\"@id\":\"https:\/\/www.crea.gov.co\/crea-roma\/#website\"},\"primaryImageOfPage\":{\"@id\":\"https:\/\/www.crea.gov.co\/crea-roma\/%f0%9f%a7%b6%e2%9c%a8-creando-entre-pares-un-dialogo-entre-cuerpos-colores-y-memorias-%f0%9f%8e%a8%f0%9f%a9%b0\/#primaryimage\"},\"image\":{\"@id\":\"https:\/\/www.crea.gov.co\/crea-roma\/%f0%9f%a7%b6%e2%9c%a8-creando-entre-pares-un-dialogo-entre-cuerpos-colores-y-memorias-%f0%9f%8e%a8%f0%9f%a9%b0\/#primaryimage\"},\"thumbnailUrl\":\"https:\/\/www.crea.gov.co\/crea-roma\/wp-content\/uploads\/sites\/10\/2025\/10\/WhatsApp-Image-2025-09-18-at-6.23.16-PM.jpeg\",\"datePublished\":\"2025-10-24T17:37:37+00:00\",\"author\":{\"@id\":\"https:\/\/www.crea.gov.co\/crea-roma\/#\/schema\/person\/98d3131acf7d36de9766d95e8154256d\"},\"breadcrumb\":{\"@id\":\"https:\/\/www.crea.gov.co\/crea-roma\/%f0%9f%a7%b6%e2%9c%a8-creando-entre-pares-un-dialogo-entre-cuerpos-colores-y-memorias-%f0%9f%8e%a8%f0%9f%a9%b0\/#breadcrumb\"},\"inLanguage\":\"es-CO\",\"potentialAction\":[{\"@type\":\"ReadAction\",\"target\":[\"https:\/\/www.crea.gov.co\/crea-roma\/%f0%9f%a7%b6%e2%9c%a8-creando-entre-pares-un-dialogo-entre-cuerpos-colores-y-memorias-%f0%9f%8e%a8%f0%9f%a9%b0\/\"]}]},{\"@type\":\"ImageObject\",\"inLanguage\":\"es-CO\",\"@id\":\"https:\/\/www.crea.gov.co\/crea-roma\/%f0%9f%a7%b6%e2%9c%a8-creando-entre-pares-un-dialogo-entre-cuerpos-colores-y-memorias-%f0%9f%8e%a8%f0%9f%a9%b0\/#primaryimage\",\"url\":\"https:\/\/www.crea.gov.co\/crea-roma\/wp-content\/uploads\/sites\/10\/2025\/10\/WhatsApp-Image-2025-09-18-at-6.23.16-PM.jpeg\",\"contentUrl\":\"https:\/\/www.crea.gov.co\/crea-roma\/wp-content\/uploads\/sites\/10\/2025\/10\/WhatsApp-Image-2025-09-18-at-6.23.16-PM.jpeg\",\"width\":1600,\"height\":1200},{\"@type\":\"BreadcrumbList\",\"@id\":\"https:\/\/www.crea.gov.co\/crea-roma\/%f0%9f%a7%b6%e2%9c%a8-creando-entre-pares-un-dialogo-entre-cuerpos-colores-y-memorias-%f0%9f%8e%a8%f0%9f%a9%b0\/#breadcrumb\",\"itemListElement\":[{\"@type\":\"ListItem\",\"position\":1,\"name\":\"Home\",\"item\":\"https:\/\/www.crea.gov.co\/crea-roma\/\"},{\"@type\":\"ListItem\",\"position\":2,\"name\":\"\ud83e\uddf6\u2728 Creando entre Pares: un di\u00e1logo entre cuerpos, colores y memorias \ud83c\udfa8\ud83e\ude70\"}]},{\"@type\":\"WebSite\",\"@id\":\"https:\/\/www.crea.gov.co\/crea-roma\/#website\",\"url\":\"https:\/\/www.crea.gov.co\/crea-roma\/\",\"name\":\"Crea Roma\",\"description\":\"En Kennedy, rodeado de conjuntos y calles que guardan historias de familias que han crecido en el barrio, este espacio es un lugar donde la creatividad se entrelaza con la vida cotidiana. Aqu\u00ed, los lenguajes art\u00edsticos fortalecen lazos y dan voz a las experiencias de una comunidad que se reconoce en lo colectivo.\",\"potentialAction\":[{\"@type\":\"SearchAction\",\"target\":{\"@type\":\"EntryPoint\",\"urlTemplate\":\"https:\/\/www.crea.gov.co\/crea-roma\/?s={search_term_string}\"},\"query-input\":{\"@type\":\"PropertyValueSpecification\",\"valueRequired\":true,\"valueName\":\"search_term_string\"}}],\"inLanguage\":\"es-CO\"},{\"@type\":\"Person\",\"@id\":\"https:\/\/www.crea.gov.co\/crea-roma\/#\/schema\/person\/98d3131acf7d36de9766d95e8154256d\",\"name\":\"crearoma\",\"image\":{\"@type\":\"ImageObject\",\"inLanguage\":\"es-CO\",\"@id\":\"https:\/\/www.crea.gov.co\/crea-roma\/#\/schema\/person\/image\/\",\"url\":\"https:\/\/secure.gravatar.com\/avatar\/a932fc1012aeb823a10fc90d54ba8dd3?s=96&d=mm&r=g\",\"contentUrl\":\"https:\/\/secure.gravatar.com\/avatar\/a932fc1012aeb823a10fc90d54ba8dd3?s=96&d=mm&r=g\",\"caption\":\"crearoma\"},\"url\":\"https:\/\/www.crea.gov.co\/crea-roma\/author\/crearoma\/\"}]}<\/script>\n<!-- \/ Yoast SEO plugin. -->","yoast_head_json":{"title":"\ud83e\uddf6\u2728 Creando entre Pares: un di\u00e1logo entre cuerpos, colores y memorias \ud83c\udfa8\ud83e\ude70 - Crea Roma","robots":{"index":"index","follow":"follow","max-snippet":"max-snippet:-1","max-image-preview":"max-image-preview:large","max-video-preview":"max-video-preview:-1"},"canonical":"https:\/\/www.crea.gov.co\/crea-roma\/\ud83e\uddf6\u2728-creando-entre-pares-un-dialogo-entre-cuerpos-colores-y-memorias-\ud83c\udfa8\ud83e\ude70\/","og_locale":"es_ES","og_type":"article","og_title":"\ud83e\uddf6\u2728 Creando entre Pares: un di\u00e1logo entre cuerpos, colores y memorias \ud83c\udfa8\ud83e\ude70 - Crea Roma","og_description":"Durante este 2025, los colectivos IntegrARTE (dirigido por el AF John S\u00e1nchez) y Arte y Danza Sin Edad (dirigido por la AF Andrea Hern\u00e1ndez), conformados por personas adultas y mayores del Crea Roma, han tejido una experiencia art\u00edstica profunda desde el coraz\u00f3n de las l\u00edneas Impulso Colectivo y Arte y Salud. En un intercambio lleno [&hellip;]","og_url":"https:\/\/www.crea.gov.co\/crea-roma\/\ud83e\uddf6\u2728-creando-entre-pares-un-dialogo-entre-cuerpos-colores-y-memorias-\ud83c\udfa8\ud83e\ude70\/","og_site_name":"Crea Roma","article_published_time":"2025-10-24T17:37:37+00:00","og_image":[{"width":1600,"height":1200,"url":"https:\/\/www.crea.gov.co\/crea-roma\/wp-content\/uploads\/sites\/10\/2025\/10\/WhatsApp-Image-2025-09-18-at-6.23.16-PM.jpeg","type":"image\/jpeg"}],"author":"crearoma","twitter_card":"summary_large_image","twitter_misc":{"Escrito por":"crearoma","Tiempo de lectura":"2 minutos"},"schema":{"@context":"https:\/\/schema.org","@graph":[{"@type":"WebPage","@id":"https:\/\/www.crea.gov.co\/crea-roma\/%f0%9f%a7%b6%e2%9c%a8-creando-entre-pares-un-dialogo-entre-cuerpos-colores-y-memorias-%f0%9f%8e%a8%f0%9f%a9%b0\/","url":"https:\/\/www.crea.gov.co\/crea-roma\/%f0%9f%a7%b6%e2%9c%a8-creando-entre-pares-un-dialogo-entre-cuerpos-colores-y-memorias-%f0%9f%8e%a8%f0%9f%a9%b0\/","name":"\ud83e\uddf6\u2728 Creando entre Pares: un di\u00e1logo entre cuerpos, colores y memorias \ud83c\udfa8\ud83e\ude70 - Crea Roma","isPartOf":{"@id":"https:\/\/www.crea.gov.co\/crea-roma\/#website"},"primaryImageOfPage":{"@id":"https:\/\/www.crea.gov.co\/crea-roma\/%f0%9f%a7%b6%e2%9c%a8-creando-entre-pares-un-dialogo-entre-cuerpos-colores-y-memorias-%f0%9f%8e%a8%f0%9f%a9%b0\/#primaryimage"},"image":{"@id":"https:\/\/www.crea.gov.co\/crea-roma\/%f0%9f%a7%b6%e2%9c%a8-creando-entre-pares-un-dialogo-entre-cuerpos-colores-y-memorias-%f0%9f%8e%a8%f0%9f%a9%b0\/#primaryimage"},"thumbnailUrl":"https:\/\/www.crea.gov.co\/crea-roma\/wp-content\/uploads\/sites\/10\/2025\/10\/WhatsApp-Image-2025-09-18-at-6.23.16-PM.jpeg","datePublished":"2025-10-24T17:37:37+00:00","author":{"@id":"https:\/\/www.crea.gov.co\/crea-roma\/#\/schema\/person\/98d3131acf7d36de9766d95e8154256d"},"breadcrumb":{"@id":"https:\/\/www.crea.gov.co\/crea-roma\/%f0%9f%a7%b6%e2%9c%a8-creando-entre-pares-un-dialogo-entre-cuerpos-colores-y-memorias-%f0%9f%8e%a8%f0%9f%a9%b0\/#breadcrumb"},"inLanguage":"es-CO","potentialAction":[{"@type":"ReadAction","target":["https:\/\/www.crea.gov.co\/crea-roma\/%f0%9f%a7%b6%e2%9c%a8-creando-entre-pares-un-dialogo-entre-cuerpos-colores-y-memorias-%f0%9f%8e%a8%f0%9f%a9%b0\/"]}]},{"@type":"ImageObject","inLanguage":"es-CO","@id":"https:\/\/www.crea.gov.co\/crea-roma\/%f0%9f%a7%b6%e2%9c%a8-creando-entre-pares-un-dialogo-entre-cuerpos-colores-y-memorias-%f0%9f%8e%a8%f0%9f%a9%b0\/#primaryimage","url":"https:\/\/www.crea.gov.co\/crea-roma\/wp-content\/uploads\/sites\/10\/2025\/10\/WhatsApp-Image-2025-09-18-at-6.23.16-PM.jpeg","contentUrl":"https:\/\/www.crea.gov.co\/crea-roma\/wp-content\/uploads\/sites\/10\/2025\/10\/WhatsApp-Image-2025-09-18-at-6.23.16-PM.jpeg","width":1600,"height":1200},{"@type":"BreadcrumbList","@id":"https:\/\/www.crea.gov.co\/crea-roma\/%f0%9f%a7%b6%e2%9c%a8-creando-entre-pares-un-dialogo-entre-cuerpos-colores-y-memorias-%f0%9f%8e%a8%f0%9f%a9%b0\/#breadcrumb","itemListElement":[{"@type":"ListItem","position":1,"name":"Home","item":"https:\/\/www.crea.gov.co\/crea-roma\/"},{"@type":"ListItem","position":2,"name":"\ud83e\uddf6\u2728 Creando entre Pares: un di\u00e1logo entre cuerpos, colores y memorias \ud83c\udfa8\ud83e\ude70"}]},{"@type":"WebSite","@id":"https:\/\/www.crea.gov.co\/crea-roma\/#website","url":"https:\/\/www.crea.gov.co\/crea-roma\/","name":"Crea Roma","description":"En Kennedy, rodeado de conjuntos y calles que guardan historias de familias que han crecido en el barrio, este espacio es un lugar donde la creatividad se entrelaza con la vida cotidiana. Aqu\u00ed, los lenguajes art\u00edsticos fortalecen lazos y dan voz a las experiencias de una comunidad que se reconoce en lo colectivo.","potentialAction":[{"@type":"SearchAction","target":{"@type":"EntryPoint","urlTemplate":"https:\/\/www.crea.gov.co\/crea-roma\/?s={search_term_string}"},"query-input":{"@type":"PropertyValueSpecification","valueRequired":true,"valueName":"search_term_string"}}],"inLanguage":"es-CO"},{"@type":"Person","@id":"https:\/\/www.crea.gov.co\/crea-roma\/#\/schema\/person\/98d3131acf7d36de9766d95e8154256d","name":"crearoma","image":{"@type":"ImageObject","inLanguage":"es-CO","@id":"https:\/\/www.crea.gov.co\/crea-roma\/#\/schema\/person\/image\/","url":"https:\/\/secure.gravatar.com\/avatar\/a932fc1012aeb823a10fc90d54ba8dd3?s=96&d=mm&r=g","contentUrl":"https:\/\/secure.gravatar.com\/avatar\/a932fc1012aeb823a10fc90d54ba8dd3?s=96&d=mm&r=g","caption":"crearoma"},"url":"https:\/\/www.crea.gov.co\/crea-roma\/author\/crearoma\/"}]}},"_links":{"self":[{"href":"https:\/\/www.crea.gov.co\/crea-roma\/wp-json\/wp\/v2\/posts\/1524","targetHints":{"allow":["GET"]}}],"collection":[{"href":"https:\/\/www.crea.gov.co\/crea-roma\/wp-json\/wp\/v2\/posts"}],"about":[{"href":"https:\/\/www.crea.gov.co\/crea-roma\/wp-json\/wp\/v2\/types\/post"}],"author":[{"embeddable":true,"href":"https:\/\/www.crea.gov.co\/crea-roma\/wp-json\/wp\/v2\/users\/89"}],"replies":[{"embeddable":true,"href":"https:\/\/www.crea.gov.co\/crea-roma\/wp-json\/wp\/v2\/comments?post=1524"}],"version-history":[{"count":5,"href":"https:\/\/www.crea.gov.co\/crea-roma\/wp-json\/wp\/v2\/posts\/1524\/revisions"}],"predecessor-version":[{"id":1557,"href":"https:\/\/www.crea.gov.co\/crea-roma\/wp-json\/wp\/v2\/posts\/1524\/revisions\/1557"}],"wp:featuredmedia":[{"embeddable":true,"href":"https:\/\/www.crea.gov.co\/crea-roma\/wp-json\/wp\/v2\/media\/1555"}],"wp:attachment":[{"href":"https:\/\/www.crea.gov.co\/crea-roma\/wp-json\/wp\/v2\/media?parent=1524"}],"wp:term":[{"taxonomy":"category","embeddable":true,"href":"https:\/\/www.crea.gov.co\/crea-roma\/wp-json\/wp\/v2\/categories?post=1524"},{"taxonomy":"post_tag","embeddable":true,"href":"https:\/\/www.crea.gov.co\/crea-roma\/wp-json\/wp\/v2\/tags?post=1524"}],"curies":[{"name":"wp","href":"https:\/\/api.w.org\/{rel}","templated":true}]}}