{"id":1512,"date":"2025-09-23T23:04:34","date_gmt":"2025-09-23T23:04:34","guid":{"rendered":"https:\/\/www.crea.gov.co\/crea-roma\/?p=1512"},"modified":"2025-09-23T23:09:58","modified_gmt":"2025-09-23T23:09:58","slug":"comunidades-crea-roma-2","status":"publish","type":"post","link":"https:\/\/www.crea.gov.co\/crea-roma\/comunidades-crea-roma-2\/","title":{"rendered":"COMUNIDADES CREA ROMA"},"content":{"rendered":"\n<p><strong>\ud83c\udf89 \u00a1Te esperamos este s\u00e1bado 27 de septiembre en el Crea Roma <strong>de 8:00 A 12:00 P.M.<\/strong>\ud83c\udf89<\/strong><\/p>\n\n\n<figure class=\"wp-block-post-featured-image\"><img loading=\"lazy\" decoding=\"async\" width=\"1080\" height=\"1350\" src=\"https:\/\/www.crea.gov.co\/crea-roma\/wp-content\/uploads\/sites\/10\/2025\/09\/2508_ComunidadES-crea.2-1.png\" class=\"attachment-post-thumbnail size-post-thumbnail wp-post-image\" alt=\"\" style=\"object-fit:cover;\" srcset=\"https:\/\/www.crea.gov.co\/crea-roma\/wp-content\/uploads\/sites\/10\/2025\/09\/2508_ComunidadES-crea.2-1.png 1080w, https:\/\/www.crea.gov.co\/crea-roma\/wp-content\/uploads\/sites\/10\/2025\/09\/2508_ComunidadES-crea.2-1-240x300.png 240w, https:\/\/www.crea.gov.co\/crea-roma\/wp-content\/uploads\/sites\/10\/2025\/09\/2508_ComunidadES-crea.2-1-819x1024.png 819w, https:\/\/www.crea.gov.co\/crea-roma\/wp-content\/uploads\/sites\/10\/2025\/09\/2508_ComunidadES-crea.2-1-768x960.png 768w\" sizes=\"auto, (max-width: 1080px) 100vw, 1080px\" \/><\/figure>\n\n\n<p>Disfruta de una jornada llena de actividades incre\u00edbles: recorridos pedag\u00f3gicos, talleres creativos, socializaci\u00f3n de proyectos y espacios para conversar con la comunidad, aliados territoriales e instituciones locales. \ud83e\udd1d\u2728<\/p>\n\n\n\n<p>Adem\u00e1s, revelaremos \u201csecretos\u201d a trav\u00e9s de peque\u00f1as experiencias art\u00edsticas que conectan al barrio con el Crea. \u00a1No te pierdas la bailat\u00f3n, el foto estudio y el divertido juego de adivina adivinador! \ud83c\udfa8\ud83d\udcf8\ud83d\udd7a<\/p>\n\n\n\n<p class=\"has-text-align-left\">Reconocemos al Crea como un escenario vivo donde las voces, gestos e imaginarios del barrio se entrelazan, fortaleciendo el sentido de pertenencia y la relaci\u00f3n entre arte y territorio. \ud83c\udf3f\ud83c\udfad<\/p>\n\n\n\n<p class=\"has-text-align-center\"><strong>\u00a1Ven y s\u00e9 parte de esta experiencia \u00fanica, ven con toda tu familia, amigos y vecinos al Crea Roma!! <\/strong><\/p>\n\n\n<div class=\"wp-block-image\">\n<figure class=\"aligncenter size-large\"><img loading=\"lazy\" decoding=\"async\" width=\"819\" height=\"1024\" src=\"https:\/\/www.crea.gov.co\/crea-roma\/wp-content\/uploads\/sites\/10\/2025\/09\/2508_ComunidadES-Carrusel_5-819x1024.png\" alt=\"\" class=\"wp-image-1515\" srcset=\"https:\/\/www.crea.gov.co\/crea-roma\/wp-content\/uploads\/sites\/10\/2025\/09\/2508_ComunidadES-Carrusel_5-819x1024.png 819w, https:\/\/www.crea.gov.co\/crea-roma\/wp-content\/uploads\/sites\/10\/2025\/09\/2508_ComunidadES-Carrusel_5-240x300.png 240w, https:\/\/www.crea.gov.co\/crea-roma\/wp-content\/uploads\/sites\/10\/2025\/09\/2508_ComunidadES-Carrusel_5-768x960.png 768w, https:\/\/www.crea.gov.co\/crea-roma\/wp-content\/uploads\/sites\/10\/2025\/09\/2508_ComunidadES-Carrusel_5.png 1080w\" sizes=\"auto, (max-width: 819px) 100vw, 819px\" \/><\/figure><\/div>\n\n\n<p class=\"has-text-align-center\"><\/p>\n\n\n\n<p class=\"has-text-align-center\"><\/p>\n\n\n\n<p class=\"has-text-align-center\"><\/p>\n","protected":false},"excerpt":{"rendered":"<p>\ud83c\udf89 \u00a1Te esperamos este s\u00e1bado 27 de septiembre en el Crea Roma de 8:00 A 12:00 P.M.\ud83c\udf89 Disfruta de una jornada llena de actividades incre\u00edbles: recorridos pedag\u00f3gicos, talleres creativos, socializaci\u00f3n de proyectos y espacios para conversar con la comunidad, aliados territoriales e instituciones locales. \ud83e\udd1d\u2728 Adem\u00e1s, revelaremos \u201csecretos\u201d a trav\u00e9s de peque\u00f1as experiencias art\u00edsticas que [&hellip;]<\/p>\n","protected":false},"author":89,"featured_media":1513,"comment_status":"open","ping_status":"open","sticky":false,"template":"","format":"standard","meta":{"footnotes":""},"categories":[1],"tags":[],"class_list":["post-1512","post","type-post","status-publish","format-standard","has-post-thumbnail","hentry","category-sin-categoria"],"yoast_head":"<!-- This site is optimized with the Yoast SEO plugin v24.5 - https:\/\/yoast.com\/wordpress\/plugins\/seo\/ -->\n<title>COMUNIDADES CREA ROMA - Crea Roma<\/title>\n<meta name=\"robots\" content=\"index, follow, max-snippet:-1, max-image-preview:large, max-video-preview:-1\" \/>\n<link rel=\"canonical\" href=\"https:\/\/www.crea.gov.co\/crea-roma\/comunidades-crea-roma-2\/\" \/>\n<meta property=\"og:locale\" content=\"es_ES\" \/>\n<meta property=\"og:type\" content=\"article\" \/>\n<meta property=\"og:title\" content=\"COMUNIDADES CREA ROMA - Crea Roma\" \/>\n<meta property=\"og:description\" content=\"\ud83c\udf89 \u00a1Te esperamos este s\u00e1bado 27 de septiembre en el Crea Roma de 8:00 A 12:00 P.M.\ud83c\udf89 Disfruta de una jornada llena de actividades incre\u00edbles: recorridos pedag\u00f3gicos, talleres creativos, socializaci\u00f3n de proyectos y espacios para conversar con la comunidad, aliados territoriales e instituciones locales. \ud83e\udd1d\u2728 Adem\u00e1s, revelaremos \u201csecretos\u201d a trav\u00e9s de peque\u00f1as experiencias art\u00edsticas que [&hellip;]\" \/>\n<meta property=\"og:url\" content=\"https:\/\/www.crea.gov.co\/crea-roma\/comunidades-crea-roma-2\/\" \/>\n<meta property=\"og:site_name\" content=\"Crea Roma\" \/>\n<meta property=\"article:published_time\" content=\"2025-09-23T23:04:34+00:00\" \/>\n<meta property=\"article:modified_time\" content=\"2025-09-23T23:09:58+00:00\" \/>\n<meta property=\"og:image\" content=\"https:\/\/www.crea.gov.co\/crea-roma\/wp-content\/uploads\/sites\/10\/2025\/09\/2508_ComunidadES-crea.2-1-819x1024.png\" \/>\n\t<meta property=\"og:image:width\" content=\"819\" \/>\n\t<meta property=\"og:image:height\" content=\"1024\" \/>\n\t<meta property=\"og:image:type\" content=\"image\/png\" \/>\n<meta name=\"author\" content=\"crearoma\" \/>\n<meta name=\"twitter:card\" content=\"summary_large_image\" \/>\n<meta name=\"twitter:label1\" content=\"Escrito por\" \/>\n\t<meta name=\"twitter:data1\" content=\"crearoma\" \/>\n\t<meta name=\"twitter:label2\" content=\"Tiempo de lectura\" \/>\n\t<meta name=\"twitter:data2\" content=\"1 minuto\" \/>\n<script type=\"application\/ld+json\" class=\"yoast-schema-graph\">{\"@context\":\"https:\/\/schema.org\",\"@graph\":[{\"@type\":\"WebPage\",\"@id\":\"https:\/\/www.crea.gov.co\/crea-roma\/comunidades-crea-roma-2\/\",\"url\":\"https:\/\/www.crea.gov.co\/crea-roma\/comunidades-crea-roma-2\/\",\"name\":\"COMUNIDADES CREA ROMA - Crea Roma\",\"isPartOf\":{\"@id\":\"https:\/\/www.crea.gov.co\/crea-roma\/#website\"},\"primaryImageOfPage\":{\"@id\":\"https:\/\/www.crea.gov.co\/crea-roma\/comunidades-crea-roma-2\/#primaryimage\"},\"image\":{\"@id\":\"https:\/\/www.crea.gov.co\/crea-roma\/comunidades-crea-roma-2\/#primaryimage\"},\"thumbnailUrl\":\"https:\/\/www.crea.gov.co\/crea-roma\/wp-content\/uploads\/sites\/10\/2025\/09\/2508_ComunidadES-crea.2-1.png\",\"datePublished\":\"2025-09-23T23:04:34+00:00\",\"dateModified\":\"2025-09-23T23:09:58+00:00\",\"author\":{\"@id\":\"https:\/\/www.crea.gov.co\/crea-roma\/#\/schema\/person\/98d3131acf7d36de9766d95e8154256d\"},\"breadcrumb\":{\"@id\":\"https:\/\/www.crea.gov.co\/crea-roma\/comunidades-crea-roma-2\/#breadcrumb\"},\"inLanguage\":\"es-CO\",\"potentialAction\":[{\"@type\":\"ReadAction\",\"target\":[\"https:\/\/www.crea.gov.co\/crea-roma\/comunidades-crea-roma-2\/\"]}]},{\"@type\":\"ImageObject\",\"inLanguage\":\"es-CO\",\"@id\":\"https:\/\/www.crea.gov.co\/crea-roma\/comunidades-crea-roma-2\/#primaryimage\",\"url\":\"https:\/\/www.crea.gov.co\/crea-roma\/wp-content\/uploads\/sites\/10\/2025\/09\/2508_ComunidadES-crea.2-1.png\",\"contentUrl\":\"https:\/\/www.crea.gov.co\/crea-roma\/wp-content\/uploads\/sites\/10\/2025\/09\/2508_ComunidadES-crea.2-1.png\",\"width\":1080,\"height\":1350},{\"@type\":\"BreadcrumbList\",\"@id\":\"https:\/\/www.crea.gov.co\/crea-roma\/comunidades-crea-roma-2\/#breadcrumb\",\"itemListElement\":[{\"@type\":\"ListItem\",\"position\":1,\"name\":\"Home\",\"item\":\"https:\/\/www.crea.gov.co\/crea-roma\/\"},{\"@type\":\"ListItem\",\"position\":2,\"name\":\"COMUNIDADES CREA ROMA\"}]},{\"@type\":\"WebSite\",\"@id\":\"https:\/\/www.crea.gov.co\/crea-roma\/#website\",\"url\":\"https:\/\/www.crea.gov.co\/crea-roma\/\",\"name\":\"Crea Roma\",\"description\":\"En Kennedy, rodeado de conjuntos y calles que guardan historias de familias que han crecido en el barrio, este espacio es un lugar donde la creatividad se entrelaza con la vida cotidiana. Aqu\u00ed, los lenguajes art\u00edsticos fortalecen lazos y dan voz a las experiencias de una comunidad que se reconoce en lo colectivo.\",\"potentialAction\":[{\"@type\":\"SearchAction\",\"target\":{\"@type\":\"EntryPoint\",\"urlTemplate\":\"https:\/\/www.crea.gov.co\/crea-roma\/?s={search_term_string}\"},\"query-input\":{\"@type\":\"PropertyValueSpecification\",\"valueRequired\":true,\"valueName\":\"search_term_string\"}}],\"inLanguage\":\"es-CO\"},{\"@type\":\"Person\",\"@id\":\"https:\/\/www.crea.gov.co\/crea-roma\/#\/schema\/person\/98d3131acf7d36de9766d95e8154256d\",\"name\":\"crearoma\",\"image\":{\"@type\":\"ImageObject\",\"inLanguage\":\"es-CO\",\"@id\":\"https:\/\/www.crea.gov.co\/crea-roma\/#\/schema\/person\/image\/\",\"url\":\"https:\/\/secure.gravatar.com\/avatar\/a932fc1012aeb823a10fc90d54ba8dd3?s=96&d=mm&r=g\",\"contentUrl\":\"https:\/\/secure.gravatar.com\/avatar\/a932fc1012aeb823a10fc90d54ba8dd3?s=96&d=mm&r=g\",\"caption\":\"crearoma\"},\"url\":\"https:\/\/www.crea.gov.co\/crea-roma\/author\/crearoma\/\"}]}<\/script>\n<!-- \/ Yoast SEO plugin. -->","yoast_head_json":{"title":"COMUNIDADES CREA ROMA - Crea Roma","robots":{"index":"index","follow":"follow","max-snippet":"max-snippet:-1","max-image-preview":"max-image-preview:large","max-video-preview":"max-video-preview:-1"},"canonical":"https:\/\/www.crea.gov.co\/crea-roma\/comunidades-crea-roma-2\/","og_locale":"es_ES","og_type":"article","og_title":"COMUNIDADES CREA ROMA - Crea Roma","og_description":"\ud83c\udf89 \u00a1Te esperamos este s\u00e1bado 27 de septiembre en el Crea Roma de 8:00 A 12:00 P.M.\ud83c\udf89 Disfruta de una jornada llena de actividades incre\u00edbles: recorridos pedag\u00f3gicos, talleres creativos, socializaci\u00f3n de proyectos y espacios para conversar con la comunidad, aliados territoriales e instituciones locales. \ud83e\udd1d\u2728 Adem\u00e1s, revelaremos \u201csecretos\u201d a trav\u00e9s de peque\u00f1as experiencias art\u00edsticas que [&hellip;]","og_url":"https:\/\/www.crea.gov.co\/crea-roma\/comunidades-crea-roma-2\/","og_site_name":"Crea Roma","article_published_time":"2025-09-23T23:04:34+00:00","article_modified_time":"2025-09-23T23:09:58+00:00","og_image":[{"width":819,"height":1024,"url":"https:\/\/www.crea.gov.co\/crea-roma\/wp-content\/uploads\/sites\/10\/2025\/09\/2508_ComunidadES-crea.2-1-819x1024.png","type":"image\/png"}],"author":"crearoma","twitter_card":"summary_large_image","twitter_misc":{"Escrito por":"crearoma","Tiempo de lectura":"1 minuto"},"schema":{"@context":"https:\/\/schema.org","@graph":[{"@type":"WebPage","@id":"https:\/\/www.crea.gov.co\/crea-roma\/comunidades-crea-roma-2\/","url":"https:\/\/www.crea.gov.co\/crea-roma\/comunidades-crea-roma-2\/","name":"COMUNIDADES CREA ROMA - Crea Roma","isPartOf":{"@id":"https:\/\/www.crea.gov.co\/crea-roma\/#website"},"primaryImageOfPage":{"@id":"https:\/\/www.crea.gov.co\/crea-roma\/comunidades-crea-roma-2\/#primaryimage"},"image":{"@id":"https:\/\/www.crea.gov.co\/crea-roma\/comunidades-crea-roma-2\/#primaryimage"},"thumbnailUrl":"https:\/\/www.crea.gov.co\/crea-roma\/wp-content\/uploads\/sites\/10\/2025\/09\/2508_ComunidadES-crea.2-1.png","datePublished":"2025-09-23T23:04:34+00:00","dateModified":"2025-09-23T23:09:58+00:00","author":{"@id":"https:\/\/www.crea.gov.co\/crea-roma\/#\/schema\/person\/98d3131acf7d36de9766d95e8154256d"},"breadcrumb":{"@id":"https:\/\/www.crea.gov.co\/crea-roma\/comunidades-crea-roma-2\/#breadcrumb"},"inLanguage":"es-CO","potentialAction":[{"@type":"ReadAction","target":["https:\/\/www.crea.gov.co\/crea-roma\/comunidades-crea-roma-2\/"]}]},{"@type":"ImageObject","inLanguage":"es-CO","@id":"https:\/\/www.crea.gov.co\/crea-roma\/comunidades-crea-roma-2\/#primaryimage","url":"https:\/\/www.crea.gov.co\/crea-roma\/wp-content\/uploads\/sites\/10\/2025\/09\/2508_ComunidadES-crea.2-1.png","contentUrl":"https:\/\/www.crea.gov.co\/crea-roma\/wp-content\/uploads\/sites\/10\/2025\/09\/2508_ComunidadES-crea.2-1.png","width":1080,"height":1350},{"@type":"BreadcrumbList","@id":"https:\/\/www.crea.gov.co\/crea-roma\/comunidades-crea-roma-2\/#breadcrumb","itemListElement":[{"@type":"ListItem","position":1,"name":"Home","item":"https:\/\/www.crea.gov.co\/crea-roma\/"},{"@type":"ListItem","position":2,"name":"COMUNIDADES CREA ROMA"}]},{"@type":"WebSite","@id":"https:\/\/www.crea.gov.co\/crea-roma\/#website","url":"https:\/\/www.crea.gov.co\/crea-roma\/","name":"Crea Roma","description":"En Kennedy, rodeado de conjuntos y calles que guardan historias de familias que han crecido en el barrio, este espacio es un lugar donde la creatividad se entrelaza con la vida cotidiana. Aqu\u00ed, los lenguajes art\u00edsticos fortalecen lazos y dan voz a las experiencias de una comunidad que se reconoce en lo colectivo.","potentialAction":[{"@type":"SearchAction","target":{"@type":"EntryPoint","urlTemplate":"https:\/\/www.crea.gov.co\/crea-roma\/?s={search_term_string}"},"query-input":{"@type":"PropertyValueSpecification","valueRequired":true,"valueName":"search_term_string"}}],"inLanguage":"es-CO"},{"@type":"Person","@id":"https:\/\/www.crea.gov.co\/crea-roma\/#\/schema\/person\/98d3131acf7d36de9766d95e8154256d","name":"crearoma","image":{"@type":"ImageObject","inLanguage":"es-CO","@id":"https:\/\/www.crea.gov.co\/crea-roma\/#\/schema\/person\/image\/","url":"https:\/\/secure.gravatar.com\/avatar\/a932fc1012aeb823a10fc90d54ba8dd3?s=96&d=mm&r=g","contentUrl":"https:\/\/secure.gravatar.com\/avatar\/a932fc1012aeb823a10fc90d54ba8dd3?s=96&d=mm&r=g","caption":"crearoma"},"url":"https:\/\/www.crea.gov.co\/crea-roma\/author\/crearoma\/"}]}},"_links":{"self":[{"href":"https:\/\/www.crea.gov.co\/crea-roma\/wp-json\/wp\/v2\/posts\/1512","targetHints":{"allow":["GET"]}}],"collection":[{"href":"https:\/\/www.crea.gov.co\/crea-roma\/wp-json\/wp\/v2\/posts"}],"about":[{"href":"https:\/\/www.crea.gov.co\/crea-roma\/wp-json\/wp\/v2\/types\/post"}],"author":[{"embeddable":true,"href":"https:\/\/www.crea.gov.co\/crea-roma\/wp-json\/wp\/v2\/users\/89"}],"replies":[{"embeddable":true,"href":"https:\/\/www.crea.gov.co\/crea-roma\/wp-json\/wp\/v2\/comments?post=1512"}],"version-history":[{"count":3,"href":"https:\/\/www.crea.gov.co\/crea-roma\/wp-json\/wp\/v2\/posts\/1512\/revisions"}],"predecessor-version":[{"id":1519,"href":"https:\/\/www.crea.gov.co\/crea-roma\/wp-json\/wp\/v2\/posts\/1512\/revisions\/1519"}],"wp:featuredmedia":[{"embeddable":true,"href":"https:\/\/www.crea.gov.co\/crea-roma\/wp-json\/wp\/v2\/media\/1513"}],"wp:attachment":[{"href":"https:\/\/www.crea.gov.co\/crea-roma\/wp-json\/wp\/v2\/media?parent=1512"}],"wp:term":[{"taxonomy":"category","embeddable":true,"href":"https:\/\/www.crea.gov.co\/crea-roma\/wp-json\/wp\/v2\/categories?post=1512"},{"taxonomy":"post_tag","embeddable":true,"href":"https:\/\/www.crea.gov.co\/crea-roma\/wp-json\/wp\/v2\/tags?post=1512"}],"curies":[{"name":"wp","href":"https:\/\/api.w.org\/{rel}","templated":true}]}}