{"id":1505,"date":"2025-09-08T21:08:42","date_gmt":"2025-09-08T21:08:42","guid":{"rendered":"https:\/\/www.crea.gov.co\/crea-roma\/?p=1505"},"modified":"2025-09-09T01:48:10","modified_gmt":"2025-09-09T01:48:10","slug":"%f0%9f%8e%aa-taller-de-escena-circo","status":"publish","type":"post","link":"https:\/\/www.crea.gov.co\/crea-roma\/%f0%9f%8e%aa-taller-de-escena-circo\/","title":{"rendered":"\ud83c\udfaa Taller de Escena Circo"},"content":{"rendered":"\n<p>\u00a1Improvisar, actuar, equilibrar y jugar con malabares!<br>Descubre c\u00f3mo tu cuerpo puede convertirse en escenario y relato.<\/p>\n\n\n<figure class=\"wp-block-post-featured-image\"><img loading=\"lazy\" decoding=\"async\" width=\"1081\" height=\"1350\" src=\"https:\/\/www.crea.gov.co\/crea-roma\/wp-content\/uploads\/sites\/10\/2025\/09\/WhatsApp-Image-2025-09-08-at-3.58.23-PM.jpeg\" class=\"attachment-post-thumbnail size-post-thumbnail wp-post-image\" alt=\"\" style=\"object-fit:cover;\" srcset=\"https:\/\/www.crea.gov.co\/crea-roma\/wp-content\/uploads\/sites\/10\/2025\/09\/WhatsApp-Image-2025-09-08-at-3.58.23-PM.jpeg 1081w, https:\/\/www.crea.gov.co\/crea-roma\/wp-content\/uploads\/sites\/10\/2025\/09\/WhatsApp-Image-2025-09-08-at-3.58.23-PM-240x300.jpeg 240w, https:\/\/www.crea.gov.co\/crea-roma\/wp-content\/uploads\/sites\/10\/2025\/09\/WhatsApp-Image-2025-09-08-at-3.58.23-PM-820x1024.jpeg 820w, https:\/\/www.crea.gov.co\/crea-roma\/wp-content\/uploads\/sites\/10\/2025\/09\/WhatsApp-Image-2025-09-08-at-3.58.23-PM-768x959.jpeg 768w\" sizes=\"auto, (max-width: 1081px) 100vw, 1081px\" \/><\/figure>\n\n\n<p>Si tienes entre <strong>15 y 59 a\u00f1os<\/strong>, este taller es para ti.<br>Atr\u00e9vete a saltar m\u00e1s alto con la fuerza del teatro y la magia del circo:<br>\ud83c\udfad Improvisa<br>\ud83c\udfaa Act\u00faa<br>\u2696\ufe0f Equil\u00edbrate<br>\u2728 \u00a1Y deja volar tu imaginaci\u00f3n!<\/p>\n\n\n\n<p>Entre malabares, tu cuerpo y tu voz ser\u00e1n las mejores herramientas para contar historias que emocionan y sorprenden.<\/p>\n\n\n\n<p>\ud83d\udcc5 <strong>Inicio:<\/strong> 19 de septiembre de 2025<br>\ud83d\udd53 <strong>Horarios:<\/strong><br>\u2022 Viernes de 4:00 p.m. a 6:00 p.m.<br>\u2022 S\u00e1bados de 10:00 a.m. a 12:00 p.m.<br>\ud83d\udccd <strong>Lugar:<\/strong> Crea Roma \u2013 Av. Calle 55 Sur #79G-09<\/p>\n\n\n\n<p><strong>\u00a1INSCR\u00cdBETE COMPLETAMENTE GRATIS!<\/strong><br>Env\u00eda los siguientes documentos al correo: <strong><a>crea.roma@idartes.gov.co<\/a><\/strong><br><strong>Asunto del correo:<\/strong> <em>TALLER ESCENA CIRCO<\/em><\/p>\n\n\n\n<p>\ud83d\udccc Documentos requeridos:<\/p>\n\n\n\n<ul class=\"wp-block-list\">\n<li>Documento de identidad<\/li>\n\n\n\n<li>Fotocopia de un recibo de servicio p\u00fablico<\/li>\n\n\n\n<li>Certificaci\u00f3n de afiliaci\u00f3n a EPS (no mayor a 30 d\u00edas) o certificaci\u00f3n de ADRES<\/li>\n<\/ul>\n\n\n\n<figure class=\"wp-block-image size-large is-resized\"><img loading=\"lazy\" decoding=\"async\" width=\"575\" height=\"1024\" src=\"https:\/\/www.crea.gov.co\/crea-roma\/wp-content\/uploads\/sites\/10\/2025\/09\/WhatsApp-Image-2025-09-02-at-3.17.04-PM-575x1024.jpeg\" alt=\"\" class=\"wp-image-1509\" style=\"width:840px;height:auto\" srcset=\"https:\/\/www.crea.gov.co\/crea-roma\/wp-content\/uploads\/sites\/10\/2025\/09\/WhatsApp-Image-2025-09-02-at-3.17.04-PM-575x1024.jpeg 575w, https:\/\/www.crea.gov.co\/crea-roma\/wp-content\/uploads\/sites\/10\/2025\/09\/WhatsApp-Image-2025-09-02-at-3.17.04-PM-169x300.jpeg 169w, https:\/\/www.crea.gov.co\/crea-roma\/wp-content\/uploads\/sites\/10\/2025\/09\/WhatsApp-Image-2025-09-02-at-3.17.04-PM-768x1367.jpeg 768w, https:\/\/www.crea.gov.co\/crea-roma\/wp-content\/uploads\/sites\/10\/2025\/09\/WhatsApp-Image-2025-09-02-at-3.17.04-PM-863x1536.jpeg 863w, https:\/\/www.crea.gov.co\/crea-roma\/wp-content\/uploads\/sites\/10\/2025\/09\/WhatsApp-Image-2025-09-02-at-3.17.04-PM.jpeg 899w\" sizes=\"auto, (max-width: 575px) 100vw, 575px\" \/><\/figure>\n","protected":false},"excerpt":{"rendered":"<p>\u00a1Improvisar, actuar, equilibrar y jugar con malabares!Descubre c\u00f3mo tu cuerpo puede convertirse en escenario y relato. Si tienes entre 15 y 59 a\u00f1os, este taller es para ti.Atr\u00e9vete a saltar m\u00e1s alto con la fuerza del teatro y la magia del circo:\ud83c\udfad Improvisa\ud83c\udfaa Act\u00faa\u2696\ufe0f Equil\u00edbrate\u2728 \u00a1Y deja volar tu imaginaci\u00f3n! Entre malabares, tu cuerpo y [&hellip;]<\/p>\n","protected":false},"author":89,"featured_media":1506,"comment_status":"open","ping_status":"open","sticky":false,"template":"","format":"standard","meta":{"footnotes":""},"categories":[1],"tags":[],"class_list":["post-1505","post","type-post","status-publish","format-standard","has-post-thumbnail","hentry","category-sin-categoria"],"yoast_head":"<!-- This site is optimized with the Yoast SEO plugin v24.5 - https:\/\/yoast.com\/wordpress\/plugins\/seo\/ -->\n<title>\ud83c\udfaa Taller de Escena Circo - Crea Roma<\/title>\n<meta name=\"robots\" content=\"index, follow, max-snippet:-1, max-image-preview:large, max-video-preview:-1\" \/>\n<link rel=\"canonical\" href=\"https:\/\/www.crea.gov.co\/crea-roma\/\ud83c\udfaa-taller-de-escena-circo\/\" \/>\n<meta property=\"og:locale\" content=\"es_ES\" \/>\n<meta property=\"og:type\" content=\"article\" \/>\n<meta property=\"og:title\" content=\"\ud83c\udfaa Taller de Escena Circo - Crea Roma\" \/>\n<meta property=\"og:description\" content=\"\u00a1Improvisar, actuar, equilibrar y jugar con malabares!Descubre c\u00f3mo tu cuerpo puede convertirse en escenario y relato. Si tienes entre 15 y 59 a\u00f1os, este taller es para ti.Atr\u00e9vete a saltar m\u00e1s alto con la fuerza del teatro y la magia del circo:\ud83c\udfad Improvisa\ud83c\udfaa Act\u00faa\u2696\ufe0f Equil\u00edbrate\u2728 \u00a1Y deja volar tu imaginaci\u00f3n! Entre malabares, tu cuerpo y [&hellip;]\" \/>\n<meta property=\"og:url\" content=\"https:\/\/www.crea.gov.co\/crea-roma\/\ud83c\udfaa-taller-de-escena-circo\/\" \/>\n<meta property=\"og:site_name\" content=\"Crea Roma\" \/>\n<meta property=\"article:published_time\" content=\"2025-09-08T21:08:42+00:00\" \/>\n<meta property=\"article:modified_time\" content=\"2025-09-09T01:48:10+00:00\" \/>\n<meta property=\"og:image\" content=\"https:\/\/www.crea.gov.co\/crea-roma\/wp-content\/uploads\/sites\/10\/2025\/09\/WhatsApp-Image-2025-09-08-at-3.58.23-PM.jpeg\" \/>\n\t<meta property=\"og:image:width\" content=\"1081\" \/>\n\t<meta property=\"og:image:height\" content=\"1350\" \/>\n\t<meta property=\"og:image:type\" content=\"image\/jpeg\" \/>\n<meta name=\"author\" content=\"crearoma\" \/>\n<meta name=\"twitter:card\" content=\"summary_large_image\" \/>\n<meta name=\"twitter:label1\" content=\"Escrito por\" \/>\n\t<meta name=\"twitter:data1\" content=\"crearoma\" \/>\n\t<meta name=\"twitter:label2\" content=\"Tiempo de lectura\" \/>\n\t<meta name=\"twitter:data2\" content=\"2 minutos\" \/>\n<script type=\"application\/ld+json\" class=\"yoast-schema-graph\">{\"@context\":\"https:\/\/schema.org\",\"@graph\":[{\"@type\":\"WebPage\",\"@id\":\"https:\/\/www.crea.gov.co\/crea-roma\/%f0%9f%8e%aa-taller-de-escena-circo\/\",\"url\":\"https:\/\/www.crea.gov.co\/crea-roma\/%f0%9f%8e%aa-taller-de-escena-circo\/\",\"name\":\"\ud83c\udfaa Taller de Escena Circo - Crea Roma\",\"isPartOf\":{\"@id\":\"https:\/\/www.crea.gov.co\/crea-roma\/#website\"},\"primaryImageOfPage\":{\"@id\":\"https:\/\/www.crea.gov.co\/crea-roma\/%f0%9f%8e%aa-taller-de-escena-circo\/#primaryimage\"},\"image\":{\"@id\":\"https:\/\/www.crea.gov.co\/crea-roma\/%f0%9f%8e%aa-taller-de-escena-circo\/#primaryimage\"},\"thumbnailUrl\":\"https:\/\/www.crea.gov.co\/crea-roma\/wp-content\/uploads\/sites\/10\/2025\/09\/WhatsApp-Image-2025-09-08-at-3.58.23-PM.jpeg\",\"datePublished\":\"2025-09-08T21:08:42+00:00\",\"dateModified\":\"2025-09-09T01:48:10+00:00\",\"author\":{\"@id\":\"https:\/\/www.crea.gov.co\/crea-roma\/#\/schema\/person\/98d3131acf7d36de9766d95e8154256d\"},\"breadcrumb\":{\"@id\":\"https:\/\/www.crea.gov.co\/crea-roma\/%f0%9f%8e%aa-taller-de-escena-circo\/#breadcrumb\"},\"inLanguage\":\"es-CO\",\"potentialAction\":[{\"@type\":\"ReadAction\",\"target\":[\"https:\/\/www.crea.gov.co\/crea-roma\/%f0%9f%8e%aa-taller-de-escena-circo\/\"]}]},{\"@type\":\"ImageObject\",\"inLanguage\":\"es-CO\",\"@id\":\"https:\/\/www.crea.gov.co\/crea-roma\/%f0%9f%8e%aa-taller-de-escena-circo\/#primaryimage\",\"url\":\"https:\/\/www.crea.gov.co\/crea-roma\/wp-content\/uploads\/sites\/10\/2025\/09\/WhatsApp-Image-2025-09-08-at-3.58.23-PM.jpeg\",\"contentUrl\":\"https:\/\/www.crea.gov.co\/crea-roma\/wp-content\/uploads\/sites\/10\/2025\/09\/WhatsApp-Image-2025-09-08-at-3.58.23-PM.jpeg\",\"width\":1081,\"height\":1350},{\"@type\":\"BreadcrumbList\",\"@id\":\"https:\/\/www.crea.gov.co\/crea-roma\/%f0%9f%8e%aa-taller-de-escena-circo\/#breadcrumb\",\"itemListElement\":[{\"@type\":\"ListItem\",\"position\":1,\"name\":\"Home\",\"item\":\"https:\/\/www.crea.gov.co\/crea-roma\/\"},{\"@type\":\"ListItem\",\"position\":2,\"name\":\"\ud83c\udfaa Taller de Escena Circo\"}]},{\"@type\":\"WebSite\",\"@id\":\"https:\/\/www.crea.gov.co\/crea-roma\/#website\",\"url\":\"https:\/\/www.crea.gov.co\/crea-roma\/\",\"name\":\"Crea Roma\",\"description\":\"En Kennedy, rodeado de conjuntos y calles que guardan historias de familias que han crecido en el barrio, este espacio es un lugar donde la creatividad se entrelaza con la vida cotidiana. Aqu\u00ed, los lenguajes art\u00edsticos fortalecen lazos y dan voz a las experiencias de una comunidad que se reconoce en lo colectivo.\",\"potentialAction\":[{\"@type\":\"SearchAction\",\"target\":{\"@type\":\"EntryPoint\",\"urlTemplate\":\"https:\/\/www.crea.gov.co\/crea-roma\/?s={search_term_string}\"},\"query-input\":{\"@type\":\"PropertyValueSpecification\",\"valueRequired\":true,\"valueName\":\"search_term_string\"}}],\"inLanguage\":\"es-CO\"},{\"@type\":\"Person\",\"@id\":\"https:\/\/www.crea.gov.co\/crea-roma\/#\/schema\/person\/98d3131acf7d36de9766d95e8154256d\",\"name\":\"crearoma\",\"image\":{\"@type\":\"ImageObject\",\"inLanguage\":\"es-CO\",\"@id\":\"https:\/\/www.crea.gov.co\/crea-roma\/#\/schema\/person\/image\/\",\"url\":\"https:\/\/secure.gravatar.com\/avatar\/a932fc1012aeb823a10fc90d54ba8dd3?s=96&d=mm&r=g\",\"contentUrl\":\"https:\/\/secure.gravatar.com\/avatar\/a932fc1012aeb823a10fc90d54ba8dd3?s=96&d=mm&r=g\",\"caption\":\"crearoma\"},\"url\":\"https:\/\/www.crea.gov.co\/crea-roma\/author\/crearoma\/\"}]}<\/script>\n<!-- \/ Yoast SEO plugin. -->","yoast_head_json":{"title":"\ud83c\udfaa Taller de Escena Circo - Crea Roma","robots":{"index":"index","follow":"follow","max-snippet":"max-snippet:-1","max-image-preview":"max-image-preview:large","max-video-preview":"max-video-preview:-1"},"canonical":"https:\/\/www.crea.gov.co\/crea-roma\/\ud83c\udfaa-taller-de-escena-circo\/","og_locale":"es_ES","og_type":"article","og_title":"\ud83c\udfaa Taller de Escena Circo - Crea Roma","og_description":"\u00a1Improvisar, actuar, equilibrar y jugar con malabares!Descubre c\u00f3mo tu cuerpo puede convertirse en escenario y relato. Si tienes entre 15 y 59 a\u00f1os, este taller es para ti.Atr\u00e9vete a saltar m\u00e1s alto con la fuerza del teatro y la magia del circo:\ud83c\udfad Improvisa\ud83c\udfaa Act\u00faa\u2696\ufe0f Equil\u00edbrate\u2728 \u00a1Y deja volar tu imaginaci\u00f3n! Entre malabares, tu cuerpo y [&hellip;]","og_url":"https:\/\/www.crea.gov.co\/crea-roma\/\ud83c\udfaa-taller-de-escena-circo\/","og_site_name":"Crea Roma","article_published_time":"2025-09-08T21:08:42+00:00","article_modified_time":"2025-09-09T01:48:10+00:00","og_image":[{"width":1081,"height":1350,"url":"https:\/\/www.crea.gov.co\/crea-roma\/wp-content\/uploads\/sites\/10\/2025\/09\/WhatsApp-Image-2025-09-08-at-3.58.23-PM.jpeg","type":"image\/jpeg"}],"author":"crearoma","twitter_card":"summary_large_image","twitter_misc":{"Escrito por":"crearoma","Tiempo de lectura":"2 minutos"},"schema":{"@context":"https:\/\/schema.org","@graph":[{"@type":"WebPage","@id":"https:\/\/www.crea.gov.co\/crea-roma\/%f0%9f%8e%aa-taller-de-escena-circo\/","url":"https:\/\/www.crea.gov.co\/crea-roma\/%f0%9f%8e%aa-taller-de-escena-circo\/","name":"\ud83c\udfaa Taller de Escena Circo - Crea Roma","isPartOf":{"@id":"https:\/\/www.crea.gov.co\/crea-roma\/#website"},"primaryImageOfPage":{"@id":"https:\/\/www.crea.gov.co\/crea-roma\/%f0%9f%8e%aa-taller-de-escena-circo\/#primaryimage"},"image":{"@id":"https:\/\/www.crea.gov.co\/crea-roma\/%f0%9f%8e%aa-taller-de-escena-circo\/#primaryimage"},"thumbnailUrl":"https:\/\/www.crea.gov.co\/crea-roma\/wp-content\/uploads\/sites\/10\/2025\/09\/WhatsApp-Image-2025-09-08-at-3.58.23-PM.jpeg","datePublished":"2025-09-08T21:08:42+00:00","dateModified":"2025-09-09T01:48:10+00:00","author":{"@id":"https:\/\/www.crea.gov.co\/crea-roma\/#\/schema\/person\/98d3131acf7d36de9766d95e8154256d"},"breadcrumb":{"@id":"https:\/\/www.crea.gov.co\/crea-roma\/%f0%9f%8e%aa-taller-de-escena-circo\/#breadcrumb"},"inLanguage":"es-CO","potentialAction":[{"@type":"ReadAction","target":["https:\/\/www.crea.gov.co\/crea-roma\/%f0%9f%8e%aa-taller-de-escena-circo\/"]}]},{"@type":"ImageObject","inLanguage":"es-CO","@id":"https:\/\/www.crea.gov.co\/crea-roma\/%f0%9f%8e%aa-taller-de-escena-circo\/#primaryimage","url":"https:\/\/www.crea.gov.co\/crea-roma\/wp-content\/uploads\/sites\/10\/2025\/09\/WhatsApp-Image-2025-09-08-at-3.58.23-PM.jpeg","contentUrl":"https:\/\/www.crea.gov.co\/crea-roma\/wp-content\/uploads\/sites\/10\/2025\/09\/WhatsApp-Image-2025-09-08-at-3.58.23-PM.jpeg","width":1081,"height":1350},{"@type":"BreadcrumbList","@id":"https:\/\/www.crea.gov.co\/crea-roma\/%f0%9f%8e%aa-taller-de-escena-circo\/#breadcrumb","itemListElement":[{"@type":"ListItem","position":1,"name":"Home","item":"https:\/\/www.crea.gov.co\/crea-roma\/"},{"@type":"ListItem","position":2,"name":"\ud83c\udfaa Taller de Escena Circo"}]},{"@type":"WebSite","@id":"https:\/\/www.crea.gov.co\/crea-roma\/#website","url":"https:\/\/www.crea.gov.co\/crea-roma\/","name":"Crea Roma","description":"En Kennedy, rodeado de conjuntos y calles que guardan historias de familias que han crecido en el barrio, este espacio es un lugar donde la creatividad se entrelaza con la vida cotidiana. Aqu\u00ed, los lenguajes art\u00edsticos fortalecen lazos y dan voz a las experiencias de una comunidad que se reconoce en lo colectivo.","potentialAction":[{"@type":"SearchAction","target":{"@type":"EntryPoint","urlTemplate":"https:\/\/www.crea.gov.co\/crea-roma\/?s={search_term_string}"},"query-input":{"@type":"PropertyValueSpecification","valueRequired":true,"valueName":"search_term_string"}}],"inLanguage":"es-CO"},{"@type":"Person","@id":"https:\/\/www.crea.gov.co\/crea-roma\/#\/schema\/person\/98d3131acf7d36de9766d95e8154256d","name":"crearoma","image":{"@type":"ImageObject","inLanguage":"es-CO","@id":"https:\/\/www.crea.gov.co\/crea-roma\/#\/schema\/person\/image\/","url":"https:\/\/secure.gravatar.com\/avatar\/a932fc1012aeb823a10fc90d54ba8dd3?s=96&d=mm&r=g","contentUrl":"https:\/\/secure.gravatar.com\/avatar\/a932fc1012aeb823a10fc90d54ba8dd3?s=96&d=mm&r=g","caption":"crearoma"},"url":"https:\/\/www.crea.gov.co\/crea-roma\/author\/crearoma\/"}]}},"_links":{"self":[{"href":"https:\/\/www.crea.gov.co\/crea-roma\/wp-json\/wp\/v2\/posts\/1505","targetHints":{"allow":["GET"]}}],"collection":[{"href":"https:\/\/www.crea.gov.co\/crea-roma\/wp-json\/wp\/v2\/posts"}],"about":[{"href":"https:\/\/www.crea.gov.co\/crea-roma\/wp-json\/wp\/v2\/types\/post"}],"author":[{"embeddable":true,"href":"https:\/\/www.crea.gov.co\/crea-roma\/wp-json\/wp\/v2\/users\/89"}],"replies":[{"embeddable":true,"href":"https:\/\/www.crea.gov.co\/crea-roma\/wp-json\/wp\/v2\/comments?post=1505"}],"version-history":[{"count":3,"href":"https:\/\/www.crea.gov.co\/crea-roma\/wp-json\/wp\/v2\/posts\/1505\/revisions"}],"predecessor-version":[{"id":1511,"href":"https:\/\/www.crea.gov.co\/crea-roma\/wp-json\/wp\/v2\/posts\/1505\/revisions\/1511"}],"wp:featuredmedia":[{"embeddable":true,"href":"https:\/\/www.crea.gov.co\/crea-roma\/wp-json\/wp\/v2\/media\/1506"}],"wp:attachment":[{"href":"https:\/\/www.crea.gov.co\/crea-roma\/wp-json\/wp\/v2\/media?parent=1505"}],"wp:term":[{"taxonomy":"category","embeddable":true,"href":"https:\/\/www.crea.gov.co\/crea-roma\/wp-json\/wp\/v2\/categories?post=1505"},{"taxonomy":"post_tag","embeddable":true,"href":"https:\/\/www.crea.gov.co\/crea-roma\/wp-json\/wp\/v2\/tags?post=1505"}],"curies":[{"name":"wp","href":"https:\/\/api.w.org\/{rel}","templated":true}]}}