{"id":150,"date":"2021-10-22T23:36:42","date_gmt":"2021-10-22T23:36:42","guid":{"rendered":"https:\/\/www.crea.gov.co\/crea-roma\/?post_type=news&#038;p=150"},"modified":"2021-10-22T23:38:58","modified_gmt":"2021-10-22T23:38:58","slug":"el-crea-roma-presente-en-el-lll-encuentro-pedagogico-de-danza","status":"publish","type":"post","link":"https:\/\/www.crea.gov.co\/crea-roma\/el-crea-roma-presente-en-el-lll-encuentro-pedagogico-de-danza\/","title":{"rendered":"El Crea Roma presente en el lll encuentro pedag\u00f3gico de danza"},"content":{"rendered":"\n<h2 class=\"wp-block-heading\">Flow de Tradici\u00f3n <\/h2>\n\n\n\n<div class=\"wp-block-image\"><figure class=\"alignleft size-large is-resized\"><img loading=\"lazy\" decoding=\"async\" src=\"https:\/\/www.crea.gov.co\/crea-roma\/wp-content\/uploads\/sites\/10\/2021\/10\/flow-2-576x1024.jpeg\" alt=\"\" class=\"wp-image-151\" width=\"243\" height=\"432\" srcset=\"https:\/\/www.crea.gov.co\/crea-roma\/wp-content\/uploads\/sites\/10\/2021\/10\/flow-2-576x1024.jpeg 576w, https:\/\/www.crea.gov.co\/crea-roma\/wp-content\/uploads\/sites\/10\/2021\/10\/flow-2-169x300.jpeg 169w, https:\/\/www.crea.gov.co\/crea-roma\/wp-content\/uploads\/sites\/10\/2021\/10\/flow-2-768x1365.jpeg 768w, https:\/\/www.crea.gov.co\/crea-roma\/wp-content\/uploads\/sites\/10\/2021\/10\/flow-2-864x1536.jpeg 864w, https:\/\/www.crea.gov.co\/crea-roma\/wp-content\/uploads\/sites\/10\/2021\/10\/flow-2.jpeg 900w\" sizes=\"auto, (max-width: 243px) 100vw, 243px\" \/><\/figure><\/div>\n\n\n\n<p class=\"has-drop-cap\">El pasado 20 de octubre el colectivo Flow de Tradici\u00f3n del Crea Roma, dirigido por la artista Formadora Paola Acevedo particip\u00f3 en el III Encuentro Pedag\u00f3gico organizado por el \u00e1rea de danza en el teatro Jorge Eliecer Gaitan. Con su puesta en escena titulada YO SOY\u2026 a ritmo de bunde y currulao compartieron un mensaje alusivo a lo que significa ser ni\u00f1a y el papel de las mujeres en la sociedad. Una apuesta a la exploraci\u00f3n y la creaci\u00f3n desde el autoconocimiento, el poder de la voz femenina y el di\u00e1logo con otros lenguajes art\u00edsticosF<\/p>\n\n\n\n<pre class=\"wp-block-verse\">\n\nYo soy como la mariposa\ndelicada y al mismo tiempo fuerte\u00a0\npara no dejarme llevar por el viento.\u00a0\n<strong>M\u00f3nica Murcia 15 a\u00f1os\u00a0<\/strong><\/pre>\n\n\n\n<pre class=\"wp-block-verse\">Yo soy como la margarita, suave y brillante\ncomo las olas, fuertes y c\u00e1lidas\u00a0\ncomo una explosi\u00f3n volc\u00e1nica\nme enojo y me calmo.\u00a0\n<strong>Valeria Giraldo Ortigoza 11 a\u00f1os<\/strong><\/pre>\n\n\n\n<figure class=\"wp-block-image size-large\"><img loading=\"lazy\" decoding=\"async\" width=\"473\" height=\"488\" src=\"https:\/\/www.crea.gov.co\/crea-roma\/wp-content\/uploads\/sites\/10\/2021\/10\/Flow-de-Tradicion.3.jpeg\" alt=\"\" class=\"wp-image-155\" srcset=\"https:\/\/www.crea.gov.co\/crea-roma\/wp-content\/uploads\/sites\/10\/2021\/10\/Flow-de-Tradicion.3.jpeg 473w, https:\/\/www.crea.gov.co\/crea-roma\/wp-content\/uploads\/sites\/10\/2021\/10\/Flow-de-Tradicion.3-291x300.jpeg 291w\" sizes=\"auto, (max-width: 473px) 100vw, 473px\" \/><\/figure>\n","protected":false},"excerpt":{"rendered":"<p>Flow de Tradici\u00f3n El pasado 20 de octubre el colectivo Flow de Tradici\u00f3n del Crea Roma, dirigido por la artista Formadora Paola Acevedo particip\u00f3 en el III Encuentro Pedag\u00f3gico organizado por el \u00e1rea de danza en el teatro Jorge Eliecer Gaitan. Con su puesta en escena titulada YO SOY\u2026 a ritmo de bunde y currulao [&hellip;]<\/p>\n","protected":false},"author":44,"featured_media":152,"comment_status":"open","ping_status":"closed","sticky":false,"template":"","format":"standard","meta":{"footnotes":""},"categories":[],"tags":[],"class_list":["post-150","post","type-post","status-publish","format-standard","has-post-thumbnail","hentry"],"yoast_head":"<!-- This site is optimized with the Yoast SEO plugin v24.5 - https:\/\/yoast.com\/wordpress\/plugins\/seo\/ -->\n<title>El Crea Roma presente en el lll encuentro pedag\u00f3gico de danza - Crea Roma<\/title>\n<meta name=\"robots\" content=\"index, follow, max-snippet:-1, max-image-preview:large, max-video-preview:-1\" \/>\n<link rel=\"canonical\" href=\"https:\/\/www.crea.gov.co\/crea-roma\/el-crea-roma-presente-en-el-lll-encuentro-pedagogico-de-danza\/\" \/>\n<meta property=\"og:locale\" content=\"es_ES\" \/>\n<meta property=\"og:type\" content=\"article\" \/>\n<meta property=\"og:title\" content=\"El Crea Roma presente en el lll encuentro pedag\u00f3gico de danza - Crea Roma\" \/>\n<meta property=\"og:description\" content=\"Flow de Tradici\u00f3n El pasado 20 de octubre el colectivo Flow de Tradici\u00f3n del Crea Roma, dirigido por la artista Formadora Paola Acevedo particip\u00f3 en el III Encuentro Pedag\u00f3gico organizado por el \u00e1rea de danza en el teatro Jorge Eliecer Gaitan. Con su puesta en escena titulada YO SOY\u2026 a ritmo de bunde y currulao [&hellip;]\" \/>\n<meta property=\"og:url\" content=\"https:\/\/www.crea.gov.co\/crea-roma\/el-crea-roma-presente-en-el-lll-encuentro-pedagogico-de-danza\/\" \/>\n<meta property=\"og:site_name\" content=\"Crea Roma\" \/>\n<meta property=\"article:published_time\" content=\"2021-10-22T23:36:42+00:00\" \/>\n<meta property=\"article:modified_time\" content=\"2021-10-22T23:38:58+00:00\" \/>\n<meta property=\"og:image\" content=\"https:\/\/www.crea.gov.co\/crea-roma\/wp-content\/uploads\/sites\/10\/2021\/10\/flow-1.jpeg\" \/>\n\t<meta property=\"og:image:width\" content=\"1600\" \/>\n\t<meta property=\"og:image:height\" content=\"1200\" \/>\n\t<meta property=\"og:image:type\" content=\"image\/jpeg\" \/>\n<meta name=\"author\" content=\"dianahenao\" \/>\n<meta name=\"twitter:card\" content=\"summary_large_image\" \/>\n<meta name=\"twitter:label1\" content=\"Escrito por\" \/>\n\t<meta name=\"twitter:data1\" content=\"dianahenao\" \/>\n\t<meta name=\"twitter:label2\" content=\"Tiempo de lectura\" \/>\n\t<meta name=\"twitter:data2\" content=\"1 minuto\" \/>\n<script type=\"application\/ld+json\" class=\"yoast-schema-graph\">{\"@context\":\"https:\/\/schema.org\",\"@graph\":[{\"@type\":\"WebPage\",\"@id\":\"https:\/\/www.crea.gov.co\/crea-roma\/el-crea-roma-presente-en-el-lll-encuentro-pedagogico-de-danza\/\",\"url\":\"https:\/\/www.crea.gov.co\/crea-roma\/el-crea-roma-presente-en-el-lll-encuentro-pedagogico-de-danza\/\",\"name\":\"El Crea Roma presente en el lll encuentro pedag\u00f3gico de danza - Crea Roma\",\"isPartOf\":{\"@id\":\"https:\/\/www.crea.gov.co\/crea-roma\/#website\"},\"primaryImageOfPage\":{\"@id\":\"https:\/\/www.crea.gov.co\/crea-roma\/el-crea-roma-presente-en-el-lll-encuentro-pedagogico-de-danza\/#primaryimage\"},\"image\":{\"@id\":\"https:\/\/www.crea.gov.co\/crea-roma\/el-crea-roma-presente-en-el-lll-encuentro-pedagogico-de-danza\/#primaryimage\"},\"thumbnailUrl\":\"https:\/\/www.crea.gov.co\/crea-roma\/wp-content\/uploads\/sites\/10\/2021\/10\/flow-1.jpeg\",\"datePublished\":\"2021-10-22T23:36:42+00:00\",\"dateModified\":\"2021-10-22T23:38:58+00:00\",\"author\":{\"@id\":\"https:\/\/www.crea.gov.co\/crea-roma\/#\/schema\/person\/21f4af65becded92a4d94437f5b2a956\"},\"breadcrumb\":{\"@id\":\"https:\/\/www.crea.gov.co\/crea-roma\/el-crea-roma-presente-en-el-lll-encuentro-pedagogico-de-danza\/#breadcrumb\"},\"inLanguage\":\"es-CO\",\"potentialAction\":[{\"@type\":\"ReadAction\",\"target\":[\"https:\/\/www.crea.gov.co\/crea-roma\/el-crea-roma-presente-en-el-lll-encuentro-pedagogico-de-danza\/\"]}]},{\"@type\":\"ImageObject\",\"inLanguage\":\"es-CO\",\"@id\":\"https:\/\/www.crea.gov.co\/crea-roma\/el-crea-roma-presente-en-el-lll-encuentro-pedagogico-de-danza\/#primaryimage\",\"url\":\"https:\/\/www.crea.gov.co\/crea-roma\/wp-content\/uploads\/sites\/10\/2021\/10\/flow-1.jpeg\",\"contentUrl\":\"https:\/\/www.crea.gov.co\/crea-roma\/wp-content\/uploads\/sites\/10\/2021\/10\/flow-1.jpeg\",\"width\":1600,\"height\":1200},{\"@type\":\"BreadcrumbList\",\"@id\":\"https:\/\/www.crea.gov.co\/crea-roma\/el-crea-roma-presente-en-el-lll-encuentro-pedagogico-de-danza\/#breadcrumb\",\"itemListElement\":[{\"@type\":\"ListItem\",\"position\":1,\"name\":\"Home\",\"item\":\"https:\/\/www.crea.gov.co\/crea-roma\/\"},{\"@type\":\"ListItem\",\"position\":2,\"name\":\"El Crea Roma presente en el lll encuentro pedag\u00f3gico de danza\"}]},{\"@type\":\"WebSite\",\"@id\":\"https:\/\/www.crea.gov.co\/crea-roma\/#website\",\"url\":\"https:\/\/www.crea.gov.co\/crea-roma\/\",\"name\":\"Crea Roma\",\"description\":\"En Kennedy, rodeado de conjuntos y calles que guardan historias de familias que han crecido en el barrio, este espacio es un lugar donde la creatividad se entrelaza con la vida cotidiana. Aqu\u00ed, los lenguajes art\u00edsticos fortalecen lazos y dan voz a las experiencias de una comunidad que se reconoce en lo colectivo.\",\"potentialAction\":[{\"@type\":\"SearchAction\",\"target\":{\"@type\":\"EntryPoint\",\"urlTemplate\":\"https:\/\/www.crea.gov.co\/crea-roma\/?s={search_term_string}\"},\"query-input\":{\"@type\":\"PropertyValueSpecification\",\"valueRequired\":true,\"valueName\":\"search_term_string\"}}],\"inLanguage\":\"es-CO\"},{\"@type\":\"Person\",\"@id\":\"https:\/\/www.crea.gov.co\/crea-roma\/#\/schema\/person\/21f4af65becded92a4d94437f5b2a956\",\"name\":\"dianahenao\",\"image\":{\"@type\":\"ImageObject\",\"inLanguage\":\"es-CO\",\"@id\":\"https:\/\/www.crea.gov.co\/crea-roma\/#\/schema\/person\/image\/\",\"url\":\"https:\/\/secure.gravatar.com\/avatar\/21a46432310ad2712e5b660e19cb0b22?s=96&d=mm&r=g\",\"contentUrl\":\"https:\/\/secure.gravatar.com\/avatar\/21a46432310ad2712e5b660e19cb0b22?s=96&d=mm&r=g\",\"caption\":\"dianahenao\"},\"url\":\"https:\/\/www.crea.gov.co\/crea-roma\/author\/dianahenao\/\"}]}<\/script>\n<!-- \/ Yoast SEO plugin. -->","yoast_head_json":{"title":"El Crea Roma presente en el lll encuentro pedag\u00f3gico de danza - Crea Roma","robots":{"index":"index","follow":"follow","max-snippet":"max-snippet:-1","max-image-preview":"max-image-preview:large","max-video-preview":"max-video-preview:-1"},"canonical":"https:\/\/www.crea.gov.co\/crea-roma\/el-crea-roma-presente-en-el-lll-encuentro-pedagogico-de-danza\/","og_locale":"es_ES","og_type":"article","og_title":"El Crea Roma presente en el lll encuentro pedag\u00f3gico de danza - Crea Roma","og_description":"Flow de Tradici\u00f3n El pasado 20 de octubre el colectivo Flow de Tradici\u00f3n del Crea Roma, dirigido por la artista Formadora Paola Acevedo particip\u00f3 en el III Encuentro Pedag\u00f3gico organizado por el \u00e1rea de danza en el teatro Jorge Eliecer Gaitan. Con su puesta en escena titulada YO SOY\u2026 a ritmo de bunde y currulao [&hellip;]","og_url":"https:\/\/www.crea.gov.co\/crea-roma\/el-crea-roma-presente-en-el-lll-encuentro-pedagogico-de-danza\/","og_site_name":"Crea Roma","article_published_time":"2021-10-22T23:36:42+00:00","article_modified_time":"2021-10-22T23:38:58+00:00","og_image":[{"width":1600,"height":1200,"url":"https:\/\/www.crea.gov.co\/crea-roma\/wp-content\/uploads\/sites\/10\/2021\/10\/flow-1.jpeg","type":"image\/jpeg"}],"author":"dianahenao","twitter_card":"summary_large_image","twitter_misc":{"Escrito por":"dianahenao","Tiempo de lectura":"1 minuto"},"schema":{"@context":"https:\/\/schema.org","@graph":[{"@type":"WebPage","@id":"https:\/\/www.crea.gov.co\/crea-roma\/el-crea-roma-presente-en-el-lll-encuentro-pedagogico-de-danza\/","url":"https:\/\/www.crea.gov.co\/crea-roma\/el-crea-roma-presente-en-el-lll-encuentro-pedagogico-de-danza\/","name":"El Crea Roma presente en el lll encuentro pedag\u00f3gico de danza - Crea Roma","isPartOf":{"@id":"https:\/\/www.crea.gov.co\/crea-roma\/#website"},"primaryImageOfPage":{"@id":"https:\/\/www.crea.gov.co\/crea-roma\/el-crea-roma-presente-en-el-lll-encuentro-pedagogico-de-danza\/#primaryimage"},"image":{"@id":"https:\/\/www.crea.gov.co\/crea-roma\/el-crea-roma-presente-en-el-lll-encuentro-pedagogico-de-danza\/#primaryimage"},"thumbnailUrl":"https:\/\/www.crea.gov.co\/crea-roma\/wp-content\/uploads\/sites\/10\/2021\/10\/flow-1.jpeg","datePublished":"2021-10-22T23:36:42+00:00","dateModified":"2021-10-22T23:38:58+00:00","author":{"@id":"https:\/\/www.crea.gov.co\/crea-roma\/#\/schema\/person\/21f4af65becded92a4d94437f5b2a956"},"breadcrumb":{"@id":"https:\/\/www.crea.gov.co\/crea-roma\/el-crea-roma-presente-en-el-lll-encuentro-pedagogico-de-danza\/#breadcrumb"},"inLanguage":"es-CO","potentialAction":[{"@type":"ReadAction","target":["https:\/\/www.crea.gov.co\/crea-roma\/el-crea-roma-presente-en-el-lll-encuentro-pedagogico-de-danza\/"]}]},{"@type":"ImageObject","inLanguage":"es-CO","@id":"https:\/\/www.crea.gov.co\/crea-roma\/el-crea-roma-presente-en-el-lll-encuentro-pedagogico-de-danza\/#primaryimage","url":"https:\/\/www.crea.gov.co\/crea-roma\/wp-content\/uploads\/sites\/10\/2021\/10\/flow-1.jpeg","contentUrl":"https:\/\/www.crea.gov.co\/crea-roma\/wp-content\/uploads\/sites\/10\/2021\/10\/flow-1.jpeg","width":1600,"height":1200},{"@type":"BreadcrumbList","@id":"https:\/\/www.crea.gov.co\/crea-roma\/el-crea-roma-presente-en-el-lll-encuentro-pedagogico-de-danza\/#breadcrumb","itemListElement":[{"@type":"ListItem","position":1,"name":"Home","item":"https:\/\/www.crea.gov.co\/crea-roma\/"},{"@type":"ListItem","position":2,"name":"El Crea Roma presente en el lll encuentro pedag\u00f3gico de danza"}]},{"@type":"WebSite","@id":"https:\/\/www.crea.gov.co\/crea-roma\/#website","url":"https:\/\/www.crea.gov.co\/crea-roma\/","name":"Crea Roma","description":"En Kennedy, rodeado de conjuntos y calles que guardan historias de familias que han crecido en el barrio, este espacio es un lugar donde la creatividad se entrelaza con la vida cotidiana. Aqu\u00ed, los lenguajes art\u00edsticos fortalecen lazos y dan voz a las experiencias de una comunidad que se reconoce en lo colectivo.","potentialAction":[{"@type":"SearchAction","target":{"@type":"EntryPoint","urlTemplate":"https:\/\/www.crea.gov.co\/crea-roma\/?s={search_term_string}"},"query-input":{"@type":"PropertyValueSpecification","valueRequired":true,"valueName":"search_term_string"}}],"inLanguage":"es-CO"},{"@type":"Person","@id":"https:\/\/www.crea.gov.co\/crea-roma\/#\/schema\/person\/21f4af65becded92a4d94437f5b2a956","name":"dianahenao","image":{"@type":"ImageObject","inLanguage":"es-CO","@id":"https:\/\/www.crea.gov.co\/crea-roma\/#\/schema\/person\/image\/","url":"https:\/\/secure.gravatar.com\/avatar\/21a46432310ad2712e5b660e19cb0b22?s=96&d=mm&r=g","contentUrl":"https:\/\/secure.gravatar.com\/avatar\/21a46432310ad2712e5b660e19cb0b22?s=96&d=mm&r=g","caption":"dianahenao"},"url":"https:\/\/www.crea.gov.co\/crea-roma\/author\/dianahenao\/"}]}},"_links":{"self":[{"href":"https:\/\/www.crea.gov.co\/crea-roma\/wp-json\/wp\/v2\/posts\/150","targetHints":{"allow":["GET"]}}],"collection":[{"href":"https:\/\/www.crea.gov.co\/crea-roma\/wp-json\/wp\/v2\/posts"}],"about":[{"href":"https:\/\/www.crea.gov.co\/crea-roma\/wp-json\/wp\/v2\/types\/post"}],"author":[{"embeddable":true,"href":"https:\/\/www.crea.gov.co\/crea-roma\/wp-json\/wp\/v2\/users\/44"}],"replies":[{"embeddable":true,"href":"https:\/\/www.crea.gov.co\/crea-roma\/wp-json\/wp\/v2\/comments?post=150"}],"version-history":[{"count":0,"href":"https:\/\/www.crea.gov.co\/crea-roma\/wp-json\/wp\/v2\/posts\/150\/revisions"}],"wp:featuredmedia":[{"embeddable":true,"href":"https:\/\/www.crea.gov.co\/crea-roma\/wp-json\/wp\/v2\/media\/152"}],"wp:attachment":[{"href":"https:\/\/www.crea.gov.co\/crea-roma\/wp-json\/wp\/v2\/media?parent=150"}],"wp:term":[{"taxonomy":"category","embeddable":true,"href":"https:\/\/www.crea.gov.co\/crea-roma\/wp-json\/wp\/v2\/categories?post=150"},{"taxonomy":"post_tag","embeddable":true,"href":"https:\/\/www.crea.gov.co\/crea-roma\/wp-json\/wp\/v2\/tags?post=150"}],"curies":[{"name":"wp","href":"https:\/\/api.w.org\/{rel}","templated":true}]}}