{"id":1496,"date":"2025-08-19T02:09:44","date_gmt":"2025-08-19T02:09:44","guid":{"rendered":"https:\/\/www.crea.gov.co\/crea-roma\/?p=1496"},"modified":"2025-08-19T02:09:44","modified_gmt":"2025-08-19T02:09:44","slug":"%e2%9c%a8-gracias-comunidad-crea-roma-%e2%9c%a8","status":"publish","type":"post","link":"https:\/\/www.crea.gov.co\/crea-roma\/%e2%9c%a8-gracias-comunidad-crea-roma-%e2%9c%a8\/","title":{"rendered":"\u2728 \u00a1Gracias, comunidad Crea Roma! \u2728"},"content":{"rendered":"<figure class=\"wp-block-post-featured-image\"><img loading=\"lazy\" decoding=\"async\" width=\"1279\" height=\"1600\" src=\"https:\/\/www.crea.gov.co\/crea-roma\/wp-content\/uploads\/sites\/10\/2025\/08\/WhatsApp-Image-2025-08-18-at-9.00.12-PM-1.jpeg\" class=\"attachment-post-thumbnail size-post-thumbnail wp-post-image\" alt=\"\" style=\"object-fit:cover;\" srcset=\"https:\/\/www.crea.gov.co\/crea-roma\/wp-content\/uploads\/sites\/10\/2025\/08\/WhatsApp-Image-2025-08-18-at-9.00.12-PM-1.jpeg 1279w, https:\/\/www.crea.gov.co\/crea-roma\/wp-content\/uploads\/sites\/10\/2025\/08\/WhatsApp-Image-2025-08-18-at-9.00.12-PM-1-240x300.jpeg 240w, https:\/\/www.crea.gov.co\/crea-roma\/wp-content\/uploads\/sites\/10\/2025\/08\/WhatsApp-Image-2025-08-18-at-9.00.12-PM-1-819x1024.jpeg 819w, https:\/\/www.crea.gov.co\/crea-roma\/wp-content\/uploads\/sites\/10\/2025\/08\/WhatsApp-Image-2025-08-18-at-9.00.12-PM-1-768x961.jpeg 768w, https:\/\/www.crea.gov.co\/crea-roma\/wp-content\/uploads\/sites\/10\/2025\/08\/WhatsApp-Image-2025-08-18-at-9.00.12-PM-1-1228x1536.jpeg 1228w\" sizes=\"auto, (max-width: 1279px) 100vw, 1279px\" \/><\/figure>\n\n\n<p>El pasado <strong>9 de agosto<\/strong>, vivimos una jornada inolvidable en el <strong>Parque Metropolitano Timiza<\/strong> con <em>Crea en Movimiento Nodo Sur<\/em> \ud83c\udfa8\ud83c\udfad\ud83c\udfb6<\/p>\n\n\n\n<p>\ud83c\udf26\ufe0f Entre lluvia y sol, brillaron los talentos de ni\u00f1as, ni\u00f1os, j\u00f3venes, adultos y personas mayores. Gracias por sumarse a los talleres de m\u00fasica, t\u00edteres y juegos en familia \ud83e\udd41\ud83c\udfa8\ud83e\uddf8<\/p>\n\n\n\n<figure class=\"wp-block-video\"><video controls src=\"https:\/\/www.crea.gov.co\/crea-roma\/wp-content\/uploads\/sites\/10\/2025\/08\/Crea-en-movimiento-Nodo-Sur.mp4\"><\/video><\/figure>\n\n\n\n<p>\ud83d\udc4f Aplausos para los grupos <em>Mis Canitas Doradas: arte y danza sin edad<\/em> y <em>Mi Tango Querido<\/em> por sus presentaciones llenas de color y elegancia.<\/p>\n\n\n\n<figure class=\"wp-block-gallery has-nested-images columns-default is-cropped wp-block-gallery-1 is-layout-flex wp-block-gallery-is-layout-flex\">\n<figure class=\"wp-block-image size-large\"><img loading=\"lazy\" decoding=\"async\" width=\"819\" height=\"1024\" data-id=\"1499\" src=\"https:\/\/www.crea.gov.co\/crea-roma\/wp-content\/uploads\/sites\/10\/2025\/08\/WhatsApp-Image-2025-08-18-at-9.04.35-PM-819x1024.jpeg\" alt=\"\" class=\"wp-image-1499\" srcset=\"https:\/\/www.crea.gov.co\/crea-roma\/wp-content\/uploads\/sites\/10\/2025\/08\/WhatsApp-Image-2025-08-18-at-9.04.35-PM-819x1024.jpeg 819w, https:\/\/www.crea.gov.co\/crea-roma\/wp-content\/uploads\/sites\/10\/2025\/08\/WhatsApp-Image-2025-08-18-at-9.04.35-PM-240x300.jpeg 240w, https:\/\/www.crea.gov.co\/crea-roma\/wp-content\/uploads\/sites\/10\/2025\/08\/WhatsApp-Image-2025-08-18-at-9.04.35-PM-768x960.jpeg 768w, https:\/\/www.crea.gov.co\/crea-roma\/wp-content\/uploads\/sites\/10\/2025\/08\/WhatsApp-Image-2025-08-18-at-9.04.35-PM-1229x1536.jpeg 1229w, https:\/\/www.crea.gov.co\/crea-roma\/wp-content\/uploads\/sites\/10\/2025\/08\/WhatsApp-Image-2025-08-18-at-9.04.35-PM.jpeg 1638w\" sizes=\"auto, (max-width: 819px) 100vw, 819px\" \/><\/figure>\n\n\n\n<figure class=\"wp-block-image size-large\"><img loading=\"lazy\" decoding=\"async\" width=\"819\" height=\"1024\" data-id=\"1503\" src=\"https:\/\/www.crea.gov.co\/crea-roma\/wp-content\/uploads\/sites\/10\/2025\/08\/WhatsApp-Image-2025-08-18-at-9.00.13-PM-819x1024.jpeg\" alt=\"\" class=\"wp-image-1503\" srcset=\"https:\/\/www.crea.gov.co\/crea-roma\/wp-content\/uploads\/sites\/10\/2025\/08\/WhatsApp-Image-2025-08-18-at-9.00.13-PM-819x1024.jpeg 819w, https:\/\/www.crea.gov.co\/crea-roma\/wp-content\/uploads\/sites\/10\/2025\/08\/WhatsApp-Image-2025-08-18-at-9.00.13-PM-240x300.jpeg 240w, https:\/\/www.crea.gov.co\/crea-roma\/wp-content\/uploads\/sites\/10\/2025\/08\/WhatsApp-Image-2025-08-18-at-9.00.13-PM-768x960.jpeg 768w, https:\/\/www.crea.gov.co\/crea-roma\/wp-content\/uploads\/sites\/10\/2025\/08\/WhatsApp-Image-2025-08-18-at-9.00.13-PM-1229x1536.jpeg 1229w, https:\/\/www.crea.gov.co\/crea-roma\/wp-content\/uploads\/sites\/10\/2025\/08\/WhatsApp-Image-2025-08-18-at-9.00.13-PM.jpeg 1638w\" sizes=\"auto, (max-width: 819px) 100vw, 819px\" \/><\/figure>\n\n\n\n<figure class=\"wp-block-image size-large\"><img loading=\"lazy\" decoding=\"async\" width=\"819\" height=\"1024\" data-id=\"1500\" src=\"https:\/\/www.crea.gov.co\/crea-roma\/wp-content\/uploads\/sites\/10\/2025\/08\/WhatsApp-Image-2025-08-18-at-9.00.12-PM-2-819x1024.jpeg\" alt=\"\" class=\"wp-image-1500\" srcset=\"https:\/\/www.crea.gov.co\/crea-roma\/wp-content\/uploads\/sites\/10\/2025\/08\/WhatsApp-Image-2025-08-18-at-9.00.12-PM-2-819x1024.jpeg 819w, https:\/\/www.crea.gov.co\/crea-roma\/wp-content\/uploads\/sites\/10\/2025\/08\/WhatsApp-Image-2025-08-18-at-9.00.12-PM-2-240x300.jpeg 240w, https:\/\/www.crea.gov.co\/crea-roma\/wp-content\/uploads\/sites\/10\/2025\/08\/WhatsApp-Image-2025-08-18-at-9.00.12-PM-2-768x960.jpeg 768w, https:\/\/www.crea.gov.co\/crea-roma\/wp-content\/uploads\/sites\/10\/2025\/08\/WhatsApp-Image-2025-08-18-at-9.00.12-PM-2-1229x1536.jpeg 1229w, https:\/\/www.crea.gov.co\/crea-roma\/wp-content\/uploads\/sites\/10\/2025\/08\/WhatsApp-Image-2025-08-18-at-9.00.12-PM-2.jpeg 1638w\" sizes=\"auto, (max-width: 819px) 100vw, 819px\" \/><\/figure>\n\n\n\n<figure class=\"wp-block-image size-large\"><img loading=\"lazy\" decoding=\"async\" width=\"819\" height=\"1024\" data-id=\"1502\" src=\"https:\/\/www.crea.gov.co\/crea-roma\/wp-content\/uploads\/sites\/10\/2025\/08\/WhatsApp-Image-2025-08-18-at-9.00.12-PM-1-1-819x1024.jpeg\" alt=\"\" class=\"wp-image-1502\" srcset=\"https:\/\/www.crea.gov.co\/crea-roma\/wp-content\/uploads\/sites\/10\/2025\/08\/WhatsApp-Image-2025-08-18-at-9.00.12-PM-1-1-819x1024.jpeg 819w, https:\/\/www.crea.gov.co\/crea-roma\/wp-content\/uploads\/sites\/10\/2025\/08\/WhatsApp-Image-2025-08-18-at-9.00.12-PM-1-1-240x300.jpeg 240w, https:\/\/www.crea.gov.co\/crea-roma\/wp-content\/uploads\/sites\/10\/2025\/08\/WhatsApp-Image-2025-08-18-at-9.00.12-PM-1-1-768x961.jpeg 768w, https:\/\/www.crea.gov.co\/crea-roma\/wp-content\/uploads\/sites\/10\/2025\/08\/WhatsApp-Image-2025-08-18-at-9.00.12-PM-1-1-1228x1536.jpeg 1228w, https:\/\/www.crea.gov.co\/crea-roma\/wp-content\/uploads\/sites\/10\/2025\/08\/WhatsApp-Image-2025-08-18-at-9.00.12-PM-1-1.jpeg 1279w\" sizes=\"auto, (max-width: 819px) 100vw, 819px\" \/><\/figure>\n\n\n\n<figure class=\"wp-block-image size-large\"><img loading=\"lazy\" decoding=\"async\" width=\"819\" height=\"1024\" data-id=\"1501\" src=\"https:\/\/www.crea.gov.co\/crea-roma\/wp-content\/uploads\/sites\/10\/2025\/08\/WhatsApp-Image-2025-08-18-at-9.00.12-PM-819x1024.jpeg\" alt=\"\" class=\"wp-image-1501\" srcset=\"https:\/\/www.crea.gov.co\/crea-roma\/wp-content\/uploads\/sites\/10\/2025\/08\/WhatsApp-Image-2025-08-18-at-9.00.12-PM-819x1024.jpeg 819w, https:\/\/www.crea.gov.co\/crea-roma\/wp-content\/uploads\/sites\/10\/2025\/08\/WhatsApp-Image-2025-08-18-at-9.00.12-PM-240x300.jpeg 240w, https:\/\/www.crea.gov.co\/crea-roma\/wp-content\/uploads\/sites\/10\/2025\/08\/WhatsApp-Image-2025-08-18-at-9.00.12-PM-768x961.jpeg 768w, https:\/\/www.crea.gov.co\/crea-roma\/wp-content\/uploads\/sites\/10\/2025\/08\/WhatsApp-Image-2025-08-18-at-9.00.12-PM-1228x1536.jpeg 1228w, https:\/\/www.crea.gov.co\/crea-roma\/wp-content\/uploads\/sites\/10\/2025\/08\/WhatsApp-Image-2025-08-18-at-9.00.12-PM.jpeg 1279w\" sizes=\"auto, (max-width: 819px) 100vw, 819px\" \/><\/figure>\n<\/figure>\n\n\n\n<p>\ud83d\uddbc\ufe0f Reconocimiento especial al grupo de artes pl\u00e1sticas por compartir sus obras con la comunidad. Y tambi\u00e9n para los AFs quienes lideraron cada una de las apuestas creativas.<\/p>\n\n\n\n<p class=\"has-text-align-center\"><strong>\ud83d\udcac \u00a1Con estos encuentros reafirmamos el poder del arte y la cultura para crear mundos posibles!<\/strong><\/p>\n\n\n\n<p><\/p>\n","protected":false},"excerpt":{"rendered":"<p>El pasado 9 de agosto, vivimos una jornada inolvidable en el Parque Metropolitano Timiza con Crea en Movimiento Nodo Sur \ud83c\udfa8\ud83c\udfad\ud83c\udfb6 \ud83c\udf26\ufe0f Entre lluvia y sol, brillaron los talentos de ni\u00f1as, ni\u00f1os, j\u00f3venes, adultos y personas mayores. Gracias por sumarse a los talleres de m\u00fasica, t\u00edteres y juegos en familia \ud83e\udd41\ud83c\udfa8\ud83e\uddf8 \ud83d\udc4f Aplausos para los [&hellip;]<\/p>\n","protected":false},"author":89,"featured_media":1497,"comment_status":"open","ping_status":"open","sticky":false,"template":"","format":"standard","meta":{"footnotes":""},"categories":[1],"tags":[],"class_list":["post-1496","post","type-post","status-publish","format-standard","has-post-thumbnail","hentry","category-sin-categoria"],"yoast_head":"<!-- This site is optimized with the Yoast SEO plugin v24.5 - https:\/\/yoast.com\/wordpress\/plugins\/seo\/ -->\n<title>\u2728 \u00a1Gracias, comunidad Crea Roma! \u2728 - Crea Roma<\/title>\n<meta name=\"robots\" content=\"index, follow, max-snippet:-1, max-image-preview:large, max-video-preview:-1\" \/>\n<link rel=\"canonical\" href=\"https:\/\/www.crea.gov.co\/crea-roma\/\u2728-gracias-comunidad-crea-roma-\u2728\/\" \/>\n<meta property=\"og:locale\" content=\"es_ES\" \/>\n<meta property=\"og:type\" content=\"article\" \/>\n<meta property=\"og:title\" content=\"\u2728 \u00a1Gracias, comunidad Crea Roma! \u2728 - Crea Roma\" \/>\n<meta property=\"og:description\" content=\"El pasado 9 de agosto, vivimos una jornada inolvidable en el Parque Metropolitano Timiza con Crea en Movimiento Nodo Sur \ud83c\udfa8\ud83c\udfad\ud83c\udfb6 \ud83c\udf26\ufe0f Entre lluvia y sol, brillaron los talentos de ni\u00f1as, ni\u00f1os, j\u00f3venes, adultos y personas mayores. Gracias por sumarse a los talleres de m\u00fasica, t\u00edteres y juegos en familia \ud83e\udd41\ud83c\udfa8\ud83e\uddf8 \ud83d\udc4f Aplausos para los [&hellip;]\" \/>\n<meta property=\"og:url\" content=\"https:\/\/www.crea.gov.co\/crea-roma\/\u2728-gracias-comunidad-crea-roma-\u2728\/\" \/>\n<meta property=\"og:site_name\" content=\"Crea Roma\" \/>\n<meta property=\"article:published_time\" content=\"2025-08-19T02:09:44+00:00\" \/>\n<meta property=\"og:image\" content=\"https:\/\/www.crea.gov.co\/crea-roma\/wp-content\/uploads\/sites\/10\/2025\/08\/WhatsApp-Image-2025-08-18-at-9.00.12-PM-1.jpeg\" \/>\n\t<meta property=\"og:image:width\" content=\"1279\" \/>\n\t<meta property=\"og:image:height\" content=\"1600\" \/>\n\t<meta property=\"og:image:type\" content=\"image\/jpeg\" \/>\n<meta name=\"author\" content=\"crearoma\" \/>\n<meta name=\"twitter:card\" content=\"summary_large_image\" \/>\n<meta name=\"twitter:label1\" content=\"Escrito por\" \/>\n\t<meta name=\"twitter:data1\" content=\"crearoma\" \/>\n\t<meta name=\"twitter:label2\" content=\"Tiempo de lectura\" \/>\n\t<meta name=\"twitter:data2\" content=\"2 minutos\" \/>\n<script type=\"application\/ld+json\" class=\"yoast-schema-graph\">{\"@context\":\"https:\/\/schema.org\",\"@graph\":[{\"@type\":\"WebPage\",\"@id\":\"https:\/\/www.crea.gov.co\/crea-roma\/%e2%9c%a8-gracias-comunidad-crea-roma-%e2%9c%a8\/\",\"url\":\"https:\/\/www.crea.gov.co\/crea-roma\/%e2%9c%a8-gracias-comunidad-crea-roma-%e2%9c%a8\/\",\"name\":\"\u2728 \u00a1Gracias, comunidad Crea Roma! \u2728 - Crea Roma\",\"isPartOf\":{\"@id\":\"https:\/\/www.crea.gov.co\/crea-roma\/#website\"},\"primaryImageOfPage\":{\"@id\":\"https:\/\/www.crea.gov.co\/crea-roma\/%e2%9c%a8-gracias-comunidad-crea-roma-%e2%9c%a8\/#primaryimage\"},\"image\":{\"@id\":\"https:\/\/www.crea.gov.co\/crea-roma\/%e2%9c%a8-gracias-comunidad-crea-roma-%e2%9c%a8\/#primaryimage\"},\"thumbnailUrl\":\"https:\/\/www.crea.gov.co\/crea-roma\/wp-content\/uploads\/sites\/10\/2025\/08\/WhatsApp-Image-2025-08-18-at-9.00.12-PM-1.jpeg\",\"datePublished\":\"2025-08-19T02:09:44+00:00\",\"author\":{\"@id\":\"https:\/\/www.crea.gov.co\/crea-roma\/#\/schema\/person\/98d3131acf7d36de9766d95e8154256d\"},\"breadcrumb\":{\"@id\":\"https:\/\/www.crea.gov.co\/crea-roma\/%e2%9c%a8-gracias-comunidad-crea-roma-%e2%9c%a8\/#breadcrumb\"},\"inLanguage\":\"es-CO\",\"potentialAction\":[{\"@type\":\"ReadAction\",\"target\":[\"https:\/\/www.crea.gov.co\/crea-roma\/%e2%9c%a8-gracias-comunidad-crea-roma-%e2%9c%a8\/\"]}]},{\"@type\":\"ImageObject\",\"inLanguage\":\"es-CO\",\"@id\":\"https:\/\/www.crea.gov.co\/crea-roma\/%e2%9c%a8-gracias-comunidad-crea-roma-%e2%9c%a8\/#primaryimage\",\"url\":\"https:\/\/www.crea.gov.co\/crea-roma\/wp-content\/uploads\/sites\/10\/2025\/08\/WhatsApp-Image-2025-08-18-at-9.00.12-PM-1.jpeg\",\"contentUrl\":\"https:\/\/www.crea.gov.co\/crea-roma\/wp-content\/uploads\/sites\/10\/2025\/08\/WhatsApp-Image-2025-08-18-at-9.00.12-PM-1.jpeg\",\"width\":1279,\"height\":1600},{\"@type\":\"BreadcrumbList\",\"@id\":\"https:\/\/www.crea.gov.co\/crea-roma\/%e2%9c%a8-gracias-comunidad-crea-roma-%e2%9c%a8\/#breadcrumb\",\"itemListElement\":[{\"@type\":\"ListItem\",\"position\":1,\"name\":\"Home\",\"item\":\"https:\/\/www.crea.gov.co\/crea-roma\/\"},{\"@type\":\"ListItem\",\"position\":2,\"name\":\"\u2728 \u00a1Gracias, comunidad Crea Roma! \u2728\"}]},{\"@type\":\"WebSite\",\"@id\":\"https:\/\/www.crea.gov.co\/crea-roma\/#website\",\"url\":\"https:\/\/www.crea.gov.co\/crea-roma\/\",\"name\":\"Crea Roma\",\"description\":\"En Kennedy, rodeado de conjuntos y calles que guardan historias de familias que han crecido en el barrio, este espacio es un lugar donde la creatividad se entrelaza con la vida cotidiana. Aqu\u00ed, los lenguajes art\u00edsticos fortalecen lazos y dan voz a las experiencias de una comunidad que se reconoce en lo colectivo.\",\"potentialAction\":[{\"@type\":\"SearchAction\",\"target\":{\"@type\":\"EntryPoint\",\"urlTemplate\":\"https:\/\/www.crea.gov.co\/crea-roma\/?s={search_term_string}\"},\"query-input\":{\"@type\":\"PropertyValueSpecification\",\"valueRequired\":true,\"valueName\":\"search_term_string\"}}],\"inLanguage\":\"es-CO\"},{\"@type\":\"Person\",\"@id\":\"https:\/\/www.crea.gov.co\/crea-roma\/#\/schema\/person\/98d3131acf7d36de9766d95e8154256d\",\"name\":\"crearoma\",\"image\":{\"@type\":\"ImageObject\",\"inLanguage\":\"es-CO\",\"@id\":\"https:\/\/www.crea.gov.co\/crea-roma\/#\/schema\/person\/image\/\",\"url\":\"https:\/\/secure.gravatar.com\/avatar\/a932fc1012aeb823a10fc90d54ba8dd3?s=96&d=mm&r=g\",\"contentUrl\":\"https:\/\/secure.gravatar.com\/avatar\/a932fc1012aeb823a10fc90d54ba8dd3?s=96&d=mm&r=g\",\"caption\":\"crearoma\"},\"url\":\"https:\/\/www.crea.gov.co\/crea-roma\/author\/crearoma\/\"}]}<\/script>\n<!-- \/ Yoast SEO plugin. -->","yoast_head_json":{"title":"\u2728 \u00a1Gracias, comunidad Crea Roma! \u2728 - Crea Roma","robots":{"index":"index","follow":"follow","max-snippet":"max-snippet:-1","max-image-preview":"max-image-preview:large","max-video-preview":"max-video-preview:-1"},"canonical":"https:\/\/www.crea.gov.co\/crea-roma\/\u2728-gracias-comunidad-crea-roma-\u2728\/","og_locale":"es_ES","og_type":"article","og_title":"\u2728 \u00a1Gracias, comunidad Crea Roma! \u2728 - Crea Roma","og_description":"El pasado 9 de agosto, vivimos una jornada inolvidable en el Parque Metropolitano Timiza con Crea en Movimiento Nodo Sur \ud83c\udfa8\ud83c\udfad\ud83c\udfb6 \ud83c\udf26\ufe0f Entre lluvia y sol, brillaron los talentos de ni\u00f1as, ni\u00f1os, j\u00f3venes, adultos y personas mayores. Gracias por sumarse a los talleres de m\u00fasica, t\u00edteres y juegos en familia \ud83e\udd41\ud83c\udfa8\ud83e\uddf8 \ud83d\udc4f Aplausos para los [&hellip;]","og_url":"https:\/\/www.crea.gov.co\/crea-roma\/\u2728-gracias-comunidad-crea-roma-\u2728\/","og_site_name":"Crea Roma","article_published_time":"2025-08-19T02:09:44+00:00","og_image":[{"width":1279,"height":1600,"url":"https:\/\/www.crea.gov.co\/crea-roma\/wp-content\/uploads\/sites\/10\/2025\/08\/WhatsApp-Image-2025-08-18-at-9.00.12-PM-1.jpeg","type":"image\/jpeg"}],"author":"crearoma","twitter_card":"summary_large_image","twitter_misc":{"Escrito por":"crearoma","Tiempo de lectura":"2 minutos"},"schema":{"@context":"https:\/\/schema.org","@graph":[{"@type":"WebPage","@id":"https:\/\/www.crea.gov.co\/crea-roma\/%e2%9c%a8-gracias-comunidad-crea-roma-%e2%9c%a8\/","url":"https:\/\/www.crea.gov.co\/crea-roma\/%e2%9c%a8-gracias-comunidad-crea-roma-%e2%9c%a8\/","name":"\u2728 \u00a1Gracias, comunidad Crea Roma! \u2728 - Crea Roma","isPartOf":{"@id":"https:\/\/www.crea.gov.co\/crea-roma\/#website"},"primaryImageOfPage":{"@id":"https:\/\/www.crea.gov.co\/crea-roma\/%e2%9c%a8-gracias-comunidad-crea-roma-%e2%9c%a8\/#primaryimage"},"image":{"@id":"https:\/\/www.crea.gov.co\/crea-roma\/%e2%9c%a8-gracias-comunidad-crea-roma-%e2%9c%a8\/#primaryimage"},"thumbnailUrl":"https:\/\/www.crea.gov.co\/crea-roma\/wp-content\/uploads\/sites\/10\/2025\/08\/WhatsApp-Image-2025-08-18-at-9.00.12-PM-1.jpeg","datePublished":"2025-08-19T02:09:44+00:00","author":{"@id":"https:\/\/www.crea.gov.co\/crea-roma\/#\/schema\/person\/98d3131acf7d36de9766d95e8154256d"},"breadcrumb":{"@id":"https:\/\/www.crea.gov.co\/crea-roma\/%e2%9c%a8-gracias-comunidad-crea-roma-%e2%9c%a8\/#breadcrumb"},"inLanguage":"es-CO","potentialAction":[{"@type":"ReadAction","target":["https:\/\/www.crea.gov.co\/crea-roma\/%e2%9c%a8-gracias-comunidad-crea-roma-%e2%9c%a8\/"]}]},{"@type":"ImageObject","inLanguage":"es-CO","@id":"https:\/\/www.crea.gov.co\/crea-roma\/%e2%9c%a8-gracias-comunidad-crea-roma-%e2%9c%a8\/#primaryimage","url":"https:\/\/www.crea.gov.co\/crea-roma\/wp-content\/uploads\/sites\/10\/2025\/08\/WhatsApp-Image-2025-08-18-at-9.00.12-PM-1.jpeg","contentUrl":"https:\/\/www.crea.gov.co\/crea-roma\/wp-content\/uploads\/sites\/10\/2025\/08\/WhatsApp-Image-2025-08-18-at-9.00.12-PM-1.jpeg","width":1279,"height":1600},{"@type":"BreadcrumbList","@id":"https:\/\/www.crea.gov.co\/crea-roma\/%e2%9c%a8-gracias-comunidad-crea-roma-%e2%9c%a8\/#breadcrumb","itemListElement":[{"@type":"ListItem","position":1,"name":"Home","item":"https:\/\/www.crea.gov.co\/crea-roma\/"},{"@type":"ListItem","position":2,"name":"\u2728 \u00a1Gracias, comunidad Crea Roma! \u2728"}]},{"@type":"WebSite","@id":"https:\/\/www.crea.gov.co\/crea-roma\/#website","url":"https:\/\/www.crea.gov.co\/crea-roma\/","name":"Crea Roma","description":"En Kennedy, rodeado de conjuntos y calles que guardan historias de familias que han crecido en el barrio, este espacio es un lugar donde la creatividad se entrelaza con la vida cotidiana. Aqu\u00ed, los lenguajes art\u00edsticos fortalecen lazos y dan voz a las experiencias de una comunidad que se reconoce en lo colectivo.","potentialAction":[{"@type":"SearchAction","target":{"@type":"EntryPoint","urlTemplate":"https:\/\/www.crea.gov.co\/crea-roma\/?s={search_term_string}"},"query-input":{"@type":"PropertyValueSpecification","valueRequired":true,"valueName":"search_term_string"}}],"inLanguage":"es-CO"},{"@type":"Person","@id":"https:\/\/www.crea.gov.co\/crea-roma\/#\/schema\/person\/98d3131acf7d36de9766d95e8154256d","name":"crearoma","image":{"@type":"ImageObject","inLanguage":"es-CO","@id":"https:\/\/www.crea.gov.co\/crea-roma\/#\/schema\/person\/image\/","url":"https:\/\/secure.gravatar.com\/avatar\/a932fc1012aeb823a10fc90d54ba8dd3?s=96&d=mm&r=g","contentUrl":"https:\/\/secure.gravatar.com\/avatar\/a932fc1012aeb823a10fc90d54ba8dd3?s=96&d=mm&r=g","caption":"crearoma"},"url":"https:\/\/www.crea.gov.co\/crea-roma\/author\/crearoma\/"}]}},"_links":{"self":[{"href":"https:\/\/www.crea.gov.co\/crea-roma\/wp-json\/wp\/v2\/posts\/1496","targetHints":{"allow":["GET"]}}],"collection":[{"href":"https:\/\/www.crea.gov.co\/crea-roma\/wp-json\/wp\/v2\/posts"}],"about":[{"href":"https:\/\/www.crea.gov.co\/crea-roma\/wp-json\/wp\/v2\/types\/post"}],"author":[{"embeddable":true,"href":"https:\/\/www.crea.gov.co\/crea-roma\/wp-json\/wp\/v2\/users\/89"}],"replies":[{"embeddable":true,"href":"https:\/\/www.crea.gov.co\/crea-roma\/wp-json\/wp\/v2\/comments?post=1496"}],"version-history":[{"count":1,"href":"https:\/\/www.crea.gov.co\/crea-roma\/wp-json\/wp\/v2\/posts\/1496\/revisions"}],"predecessor-version":[{"id":1504,"href":"https:\/\/www.crea.gov.co\/crea-roma\/wp-json\/wp\/v2\/posts\/1496\/revisions\/1504"}],"wp:featuredmedia":[{"embeddable":true,"href":"https:\/\/www.crea.gov.co\/crea-roma\/wp-json\/wp\/v2\/media\/1497"}],"wp:attachment":[{"href":"https:\/\/www.crea.gov.co\/crea-roma\/wp-json\/wp\/v2\/media?parent=1496"}],"wp:term":[{"taxonomy":"category","embeddable":true,"href":"https:\/\/www.crea.gov.co\/crea-roma\/wp-json\/wp\/v2\/categories?post=1496"},{"taxonomy":"post_tag","embeddable":true,"href":"https:\/\/www.crea.gov.co\/crea-roma\/wp-json\/wp\/v2\/tags?post=1496"}],"curies":[{"name":"wp","href":"https:\/\/api.w.org\/{rel}","templated":true}]}}