{"id":1482,"date":"2025-07-30T16:40:54","date_gmt":"2025-07-30T16:40:54","guid":{"rendered":"https:\/\/www.crea.gov.co\/crea-roma\/?p=1482"},"modified":"2025-07-30T16:41:41","modified_gmt":"2025-07-30T16:41:41","slug":"%f0%9f%8e%ad%f0%9f%92%83-danza-emocion-y-conexion-en-el-segundo-encuentro-ecosistema-crea-%f0%9f%95%ba%f0%9f%8c%86","status":"publish","type":"post","link":"https:\/\/www.crea.gov.co\/crea-roma\/%f0%9f%8e%ad%f0%9f%92%83-danza-emocion-y-conexion-en-el-segundo-encuentro-ecosistema-crea-%f0%9f%95%ba%f0%9f%8c%86\/","title":{"rendered":"\ud83c\udfad\ud83d\udc83 \u00a1Danza, emoci\u00f3n y conexi\u00f3n en el Segundo Encuentro Ecos Crea! \ud83d\udd7a\ud83c\udf06"},"content":{"rendered":"<figure class=\"wp-block-post-featured-image\"><img loading=\"lazy\" decoding=\"async\" width=\"1600\" height=\"713\" src=\"https:\/\/www.crea.gov.co\/crea-roma\/wp-content\/uploads\/sites\/10\/2025\/07\/WhatsApp-Image-2025-07-30-at-11.36.47-AM.jpeg\" class=\"attachment-post-thumbnail size-post-thumbnail wp-post-image\" alt=\"\" style=\"object-fit:cover;\" srcset=\"https:\/\/www.crea.gov.co\/crea-roma\/wp-content\/uploads\/sites\/10\/2025\/07\/WhatsApp-Image-2025-07-30-at-11.36.47-AM.jpeg 1600w, https:\/\/www.crea.gov.co\/crea-roma\/wp-content\/uploads\/sites\/10\/2025\/07\/WhatsApp-Image-2025-07-30-at-11.36.47-AM-300x134.jpeg 300w, https:\/\/www.crea.gov.co\/crea-roma\/wp-content\/uploads\/sites\/10\/2025\/07\/WhatsApp-Image-2025-07-30-at-11.36.47-AM-1024x456.jpeg 1024w, https:\/\/www.crea.gov.co\/crea-roma\/wp-content\/uploads\/sites\/10\/2025\/07\/WhatsApp-Image-2025-07-30-at-11.36.47-AM-768x342.jpeg 768w, https:\/\/www.crea.gov.co\/crea-roma\/wp-content\/uploads\/sites\/10\/2025\/07\/WhatsApp-Image-2025-07-30-at-11.36.47-AM-1536x684.jpeg 1536w\" sizes=\"auto, (max-width: 1600px) 100vw, 1600px\" \/><\/figure>\n\n\n<p>El lunes 21 de julio, los grupos de danza <strong>Mis Canitas Doradas<\/strong>, <strong>Mi Tango Querido<\/strong> y<strong> Abrazo Tanguero<\/strong>, de la <em>L\u00ednea Arte y Salud<\/em> del Programa Crea, se dieron cita en una jornada llena de movimiento, expresi\u00f3n y trabajo en equipo. \u2728<\/p>\n\n\n\n<p>Durante el encuentro, se vivi\u00f3 un espacio de <strong>apreciaci\u00f3n, retroalimentaci\u00f3n y fusi\u00f3n creativa<\/strong>, preparando la participaci\u00f3n en el evento <strong>Crea el Movimiento Nodo Sur<\/strong>, que se realizar\u00e1 el pr\u00f3ximo s\u00e1bado 9 de agosto en el Parque Timiza. \ud83d\uddd3\ufe0f\ud83c\udf89<\/p>\n\n\n\n<p>Entre danzas tradicionales como <em>el bunde, la vencedora<\/em> y expresiones del tango argentino, las y los participantes mostraron su talento, sensibilidad y compromiso, explorando lo que les gusta (y no tanto) de la ciudad a trav\u00e9s del cuerpo y la escena. \ud83d\udcac\ud83c\udfd9\ufe0f<\/p>\n\n\n\n<p>\u00a1El arte nos conecta, nos transforma y visibiliza las m\u00faltiples capacidades de las personas mayores! \ud83d\udc9c<\/p>\n\n\n\n<p>\ud83d\udc4f Gracias a cada participante y los artistas formadores por hacer posible este encuentro lleno de respeto, escucha, disfrute y creaci\u00f3n colectiva.<\/p>\n\n\n\n<p>\u00a1Nos vemos en el pr\u00f3ximo Ecos! \ud83c\udf31\ud83e\udef6<\/p>\n","protected":false},"excerpt":{"rendered":"<p>El lunes 21 de julio, los grupos de danza Mis Canitas Doradas, Mi Tango Querido y Abrazo Tanguero, de la L\u00ednea Arte y Salud del Programa Crea, se dieron cita en una jornada llena de movimiento, expresi\u00f3n y trabajo en equipo. \u2728 Durante el encuentro, se vivi\u00f3 un espacio de apreciaci\u00f3n, retroalimentaci\u00f3n y fusi\u00f3n creativa, [&hellip;]<\/p>\n","protected":false},"author":89,"featured_media":1483,"comment_status":"open","ping_status":"open","sticky":false,"template":"","format":"standard","meta":{"footnotes":""},"categories":[1],"tags":[],"class_list":["post-1482","post","type-post","status-publish","format-standard","has-post-thumbnail","hentry","category-sin-categoria"],"yoast_head":"<!-- This site is optimized with the Yoast SEO plugin v24.5 - https:\/\/yoast.com\/wordpress\/plugins\/seo\/ -->\n<title>\ud83c\udfad\ud83d\udc83 \u00a1Danza, emoci\u00f3n y conexi\u00f3n en el Segundo Encuentro Ecos Crea! \ud83d\udd7a\ud83c\udf06 - Crea Roma<\/title>\n<meta name=\"robots\" content=\"index, follow, max-snippet:-1, max-image-preview:large, max-video-preview:-1\" \/>\n<link rel=\"canonical\" href=\"https:\/\/www.crea.gov.co\/crea-roma\/\ud83c\udfad\ud83d\udc83-danza-emocion-y-conexion-en-el-segundo-encuentro-ecosistema-crea-\ud83d\udd7a\ud83c\udf06\/\" \/>\n<meta property=\"og:locale\" content=\"es_ES\" \/>\n<meta property=\"og:type\" content=\"article\" \/>\n<meta property=\"og:title\" content=\"\ud83c\udfad\ud83d\udc83 \u00a1Danza, emoci\u00f3n y conexi\u00f3n en el Segundo Encuentro Ecos Crea! \ud83d\udd7a\ud83c\udf06 - Crea Roma\" \/>\n<meta property=\"og:description\" content=\"El lunes 21 de julio, los grupos de danza Mis Canitas Doradas, Mi Tango Querido y Abrazo Tanguero, de la L\u00ednea Arte y Salud del Programa Crea, se dieron cita en una jornada llena de movimiento, expresi\u00f3n y trabajo en equipo. \u2728 Durante el encuentro, se vivi\u00f3 un espacio de apreciaci\u00f3n, retroalimentaci\u00f3n y fusi\u00f3n creativa, [&hellip;]\" \/>\n<meta property=\"og:url\" content=\"https:\/\/www.crea.gov.co\/crea-roma\/\ud83c\udfad\ud83d\udc83-danza-emocion-y-conexion-en-el-segundo-encuentro-ecosistema-crea-\ud83d\udd7a\ud83c\udf06\/\" \/>\n<meta property=\"og:site_name\" content=\"Crea Roma\" \/>\n<meta property=\"article:published_time\" content=\"2025-07-30T16:40:54+00:00\" \/>\n<meta property=\"article:modified_time\" content=\"2025-07-30T16:41:41+00:00\" \/>\n<meta property=\"og:image\" content=\"https:\/\/www.crea.gov.co\/crea-roma\/wp-content\/uploads\/sites\/10\/2025\/07\/WhatsApp-Image-2025-07-30-at-11.36.47-AM.jpeg\" \/>\n\t<meta property=\"og:image:width\" content=\"1600\" \/>\n\t<meta property=\"og:image:height\" content=\"713\" \/>\n\t<meta property=\"og:image:type\" content=\"image\/jpeg\" \/>\n<meta name=\"author\" content=\"crearoma\" \/>\n<meta name=\"twitter:card\" content=\"summary_large_image\" \/>\n<meta name=\"twitter:label1\" content=\"Escrito por\" \/>\n\t<meta name=\"twitter:data1\" content=\"crearoma\" \/>\n\t<meta name=\"twitter:label2\" content=\"Tiempo de lectura\" \/>\n\t<meta name=\"twitter:data2\" content=\"1 minuto\" \/>\n<script type=\"application\/ld+json\" class=\"yoast-schema-graph\">{\"@context\":\"https:\/\/schema.org\",\"@graph\":[{\"@type\":\"WebPage\",\"@id\":\"https:\/\/www.crea.gov.co\/crea-roma\/%f0%9f%8e%ad%f0%9f%92%83-danza-emocion-y-conexion-en-el-segundo-encuentro-ecosistema-crea-%f0%9f%95%ba%f0%9f%8c%86\/\",\"url\":\"https:\/\/www.crea.gov.co\/crea-roma\/%f0%9f%8e%ad%f0%9f%92%83-danza-emocion-y-conexion-en-el-segundo-encuentro-ecosistema-crea-%f0%9f%95%ba%f0%9f%8c%86\/\",\"name\":\"\ud83c\udfad\ud83d\udc83 \u00a1Danza, emoci\u00f3n y conexi\u00f3n en el Segundo Encuentro Ecos Crea! \ud83d\udd7a\ud83c\udf06 - Crea Roma\",\"isPartOf\":{\"@id\":\"https:\/\/www.crea.gov.co\/crea-roma\/#website\"},\"primaryImageOfPage\":{\"@id\":\"https:\/\/www.crea.gov.co\/crea-roma\/%f0%9f%8e%ad%f0%9f%92%83-danza-emocion-y-conexion-en-el-segundo-encuentro-ecosistema-crea-%f0%9f%95%ba%f0%9f%8c%86\/#primaryimage\"},\"image\":{\"@id\":\"https:\/\/www.crea.gov.co\/crea-roma\/%f0%9f%8e%ad%f0%9f%92%83-danza-emocion-y-conexion-en-el-segundo-encuentro-ecosistema-crea-%f0%9f%95%ba%f0%9f%8c%86\/#primaryimage\"},\"thumbnailUrl\":\"https:\/\/www.crea.gov.co\/crea-roma\/wp-content\/uploads\/sites\/10\/2025\/07\/WhatsApp-Image-2025-07-30-at-11.36.47-AM.jpeg\",\"datePublished\":\"2025-07-30T16:40:54+00:00\",\"dateModified\":\"2025-07-30T16:41:41+00:00\",\"author\":{\"@id\":\"https:\/\/www.crea.gov.co\/crea-roma\/#\/schema\/person\/98d3131acf7d36de9766d95e8154256d\"},\"breadcrumb\":{\"@id\":\"https:\/\/www.crea.gov.co\/crea-roma\/%f0%9f%8e%ad%f0%9f%92%83-danza-emocion-y-conexion-en-el-segundo-encuentro-ecosistema-crea-%f0%9f%95%ba%f0%9f%8c%86\/#breadcrumb\"},\"inLanguage\":\"es-CO\",\"potentialAction\":[{\"@type\":\"ReadAction\",\"target\":[\"https:\/\/www.crea.gov.co\/crea-roma\/%f0%9f%8e%ad%f0%9f%92%83-danza-emocion-y-conexion-en-el-segundo-encuentro-ecosistema-crea-%f0%9f%95%ba%f0%9f%8c%86\/\"]}]},{\"@type\":\"ImageObject\",\"inLanguage\":\"es-CO\",\"@id\":\"https:\/\/www.crea.gov.co\/crea-roma\/%f0%9f%8e%ad%f0%9f%92%83-danza-emocion-y-conexion-en-el-segundo-encuentro-ecosistema-crea-%f0%9f%95%ba%f0%9f%8c%86\/#primaryimage\",\"url\":\"https:\/\/www.crea.gov.co\/crea-roma\/wp-content\/uploads\/sites\/10\/2025\/07\/WhatsApp-Image-2025-07-30-at-11.36.47-AM.jpeg\",\"contentUrl\":\"https:\/\/www.crea.gov.co\/crea-roma\/wp-content\/uploads\/sites\/10\/2025\/07\/WhatsApp-Image-2025-07-30-at-11.36.47-AM.jpeg\",\"width\":1600,\"height\":713},{\"@type\":\"BreadcrumbList\",\"@id\":\"https:\/\/www.crea.gov.co\/crea-roma\/%f0%9f%8e%ad%f0%9f%92%83-danza-emocion-y-conexion-en-el-segundo-encuentro-ecosistema-crea-%f0%9f%95%ba%f0%9f%8c%86\/#breadcrumb\",\"itemListElement\":[{\"@type\":\"ListItem\",\"position\":1,\"name\":\"Home\",\"item\":\"https:\/\/www.crea.gov.co\/crea-roma\/\"},{\"@type\":\"ListItem\",\"position\":2,\"name\":\"\ud83c\udfad\ud83d\udc83 \u00a1Danza, emoci\u00f3n y conexi\u00f3n en el Segundo Encuentro Ecos Crea! \ud83d\udd7a\ud83c\udf06\"}]},{\"@type\":\"WebSite\",\"@id\":\"https:\/\/www.crea.gov.co\/crea-roma\/#website\",\"url\":\"https:\/\/www.crea.gov.co\/crea-roma\/\",\"name\":\"Crea Roma\",\"description\":\"En Kennedy, rodeado de conjuntos y calles que guardan historias de familias que han crecido en el barrio, este espacio es un lugar donde la creatividad se entrelaza con la vida cotidiana. Aqu\u00ed, los lenguajes art\u00edsticos fortalecen lazos y dan voz a las experiencias de una comunidad que se reconoce en lo colectivo.\",\"potentialAction\":[{\"@type\":\"SearchAction\",\"target\":{\"@type\":\"EntryPoint\",\"urlTemplate\":\"https:\/\/www.crea.gov.co\/crea-roma\/?s={search_term_string}\"},\"query-input\":{\"@type\":\"PropertyValueSpecification\",\"valueRequired\":true,\"valueName\":\"search_term_string\"}}],\"inLanguage\":\"es-CO\"},{\"@type\":\"Person\",\"@id\":\"https:\/\/www.crea.gov.co\/crea-roma\/#\/schema\/person\/98d3131acf7d36de9766d95e8154256d\",\"name\":\"crearoma\",\"image\":{\"@type\":\"ImageObject\",\"inLanguage\":\"es-CO\",\"@id\":\"https:\/\/www.crea.gov.co\/crea-roma\/#\/schema\/person\/image\/\",\"url\":\"https:\/\/secure.gravatar.com\/avatar\/a932fc1012aeb823a10fc90d54ba8dd3?s=96&d=mm&r=g\",\"contentUrl\":\"https:\/\/secure.gravatar.com\/avatar\/a932fc1012aeb823a10fc90d54ba8dd3?s=96&d=mm&r=g\",\"caption\":\"crearoma\"},\"url\":\"https:\/\/www.crea.gov.co\/crea-roma\/author\/crearoma\/\"}]}<\/script>\n<!-- \/ Yoast SEO plugin. -->","yoast_head_json":{"title":"\ud83c\udfad\ud83d\udc83 \u00a1Danza, emoci\u00f3n y conexi\u00f3n en el Segundo Encuentro Ecos Crea! \ud83d\udd7a\ud83c\udf06 - Crea Roma","robots":{"index":"index","follow":"follow","max-snippet":"max-snippet:-1","max-image-preview":"max-image-preview:large","max-video-preview":"max-video-preview:-1"},"canonical":"https:\/\/www.crea.gov.co\/crea-roma\/\ud83c\udfad\ud83d\udc83-danza-emocion-y-conexion-en-el-segundo-encuentro-ecosistema-crea-\ud83d\udd7a\ud83c\udf06\/","og_locale":"es_ES","og_type":"article","og_title":"\ud83c\udfad\ud83d\udc83 \u00a1Danza, emoci\u00f3n y conexi\u00f3n en el Segundo Encuentro Ecos Crea! \ud83d\udd7a\ud83c\udf06 - Crea Roma","og_description":"El lunes 21 de julio, los grupos de danza Mis Canitas Doradas, Mi Tango Querido y Abrazo Tanguero, de la L\u00ednea Arte y Salud del Programa Crea, se dieron cita en una jornada llena de movimiento, expresi\u00f3n y trabajo en equipo. \u2728 Durante el encuentro, se vivi\u00f3 un espacio de apreciaci\u00f3n, retroalimentaci\u00f3n y fusi\u00f3n creativa, [&hellip;]","og_url":"https:\/\/www.crea.gov.co\/crea-roma\/\ud83c\udfad\ud83d\udc83-danza-emocion-y-conexion-en-el-segundo-encuentro-ecosistema-crea-\ud83d\udd7a\ud83c\udf06\/","og_site_name":"Crea Roma","article_published_time":"2025-07-30T16:40:54+00:00","article_modified_time":"2025-07-30T16:41:41+00:00","og_image":[{"width":1600,"height":713,"url":"https:\/\/www.crea.gov.co\/crea-roma\/wp-content\/uploads\/sites\/10\/2025\/07\/WhatsApp-Image-2025-07-30-at-11.36.47-AM.jpeg","type":"image\/jpeg"}],"author":"crearoma","twitter_card":"summary_large_image","twitter_misc":{"Escrito por":"crearoma","Tiempo de lectura":"1 minuto"},"schema":{"@context":"https:\/\/schema.org","@graph":[{"@type":"WebPage","@id":"https:\/\/www.crea.gov.co\/crea-roma\/%f0%9f%8e%ad%f0%9f%92%83-danza-emocion-y-conexion-en-el-segundo-encuentro-ecosistema-crea-%f0%9f%95%ba%f0%9f%8c%86\/","url":"https:\/\/www.crea.gov.co\/crea-roma\/%f0%9f%8e%ad%f0%9f%92%83-danza-emocion-y-conexion-en-el-segundo-encuentro-ecosistema-crea-%f0%9f%95%ba%f0%9f%8c%86\/","name":"\ud83c\udfad\ud83d\udc83 \u00a1Danza, emoci\u00f3n y conexi\u00f3n en el Segundo Encuentro Ecos Crea! \ud83d\udd7a\ud83c\udf06 - Crea Roma","isPartOf":{"@id":"https:\/\/www.crea.gov.co\/crea-roma\/#website"},"primaryImageOfPage":{"@id":"https:\/\/www.crea.gov.co\/crea-roma\/%f0%9f%8e%ad%f0%9f%92%83-danza-emocion-y-conexion-en-el-segundo-encuentro-ecosistema-crea-%f0%9f%95%ba%f0%9f%8c%86\/#primaryimage"},"image":{"@id":"https:\/\/www.crea.gov.co\/crea-roma\/%f0%9f%8e%ad%f0%9f%92%83-danza-emocion-y-conexion-en-el-segundo-encuentro-ecosistema-crea-%f0%9f%95%ba%f0%9f%8c%86\/#primaryimage"},"thumbnailUrl":"https:\/\/www.crea.gov.co\/crea-roma\/wp-content\/uploads\/sites\/10\/2025\/07\/WhatsApp-Image-2025-07-30-at-11.36.47-AM.jpeg","datePublished":"2025-07-30T16:40:54+00:00","dateModified":"2025-07-30T16:41:41+00:00","author":{"@id":"https:\/\/www.crea.gov.co\/crea-roma\/#\/schema\/person\/98d3131acf7d36de9766d95e8154256d"},"breadcrumb":{"@id":"https:\/\/www.crea.gov.co\/crea-roma\/%f0%9f%8e%ad%f0%9f%92%83-danza-emocion-y-conexion-en-el-segundo-encuentro-ecosistema-crea-%f0%9f%95%ba%f0%9f%8c%86\/#breadcrumb"},"inLanguage":"es-CO","potentialAction":[{"@type":"ReadAction","target":["https:\/\/www.crea.gov.co\/crea-roma\/%f0%9f%8e%ad%f0%9f%92%83-danza-emocion-y-conexion-en-el-segundo-encuentro-ecosistema-crea-%f0%9f%95%ba%f0%9f%8c%86\/"]}]},{"@type":"ImageObject","inLanguage":"es-CO","@id":"https:\/\/www.crea.gov.co\/crea-roma\/%f0%9f%8e%ad%f0%9f%92%83-danza-emocion-y-conexion-en-el-segundo-encuentro-ecosistema-crea-%f0%9f%95%ba%f0%9f%8c%86\/#primaryimage","url":"https:\/\/www.crea.gov.co\/crea-roma\/wp-content\/uploads\/sites\/10\/2025\/07\/WhatsApp-Image-2025-07-30-at-11.36.47-AM.jpeg","contentUrl":"https:\/\/www.crea.gov.co\/crea-roma\/wp-content\/uploads\/sites\/10\/2025\/07\/WhatsApp-Image-2025-07-30-at-11.36.47-AM.jpeg","width":1600,"height":713},{"@type":"BreadcrumbList","@id":"https:\/\/www.crea.gov.co\/crea-roma\/%f0%9f%8e%ad%f0%9f%92%83-danza-emocion-y-conexion-en-el-segundo-encuentro-ecosistema-crea-%f0%9f%95%ba%f0%9f%8c%86\/#breadcrumb","itemListElement":[{"@type":"ListItem","position":1,"name":"Home","item":"https:\/\/www.crea.gov.co\/crea-roma\/"},{"@type":"ListItem","position":2,"name":"\ud83c\udfad\ud83d\udc83 \u00a1Danza, emoci\u00f3n y conexi\u00f3n en el Segundo Encuentro Ecos Crea! \ud83d\udd7a\ud83c\udf06"}]},{"@type":"WebSite","@id":"https:\/\/www.crea.gov.co\/crea-roma\/#website","url":"https:\/\/www.crea.gov.co\/crea-roma\/","name":"Crea Roma","description":"En Kennedy, rodeado de conjuntos y calles que guardan historias de familias que han crecido en el barrio, este espacio es un lugar donde la creatividad se entrelaza con la vida cotidiana. Aqu\u00ed, los lenguajes art\u00edsticos fortalecen lazos y dan voz a las experiencias de una comunidad que se reconoce en lo colectivo.","potentialAction":[{"@type":"SearchAction","target":{"@type":"EntryPoint","urlTemplate":"https:\/\/www.crea.gov.co\/crea-roma\/?s={search_term_string}"},"query-input":{"@type":"PropertyValueSpecification","valueRequired":true,"valueName":"search_term_string"}}],"inLanguage":"es-CO"},{"@type":"Person","@id":"https:\/\/www.crea.gov.co\/crea-roma\/#\/schema\/person\/98d3131acf7d36de9766d95e8154256d","name":"crearoma","image":{"@type":"ImageObject","inLanguage":"es-CO","@id":"https:\/\/www.crea.gov.co\/crea-roma\/#\/schema\/person\/image\/","url":"https:\/\/secure.gravatar.com\/avatar\/a932fc1012aeb823a10fc90d54ba8dd3?s=96&d=mm&r=g","contentUrl":"https:\/\/secure.gravatar.com\/avatar\/a932fc1012aeb823a10fc90d54ba8dd3?s=96&d=mm&r=g","caption":"crearoma"},"url":"https:\/\/www.crea.gov.co\/crea-roma\/author\/crearoma\/"}]}},"_links":{"self":[{"href":"https:\/\/www.crea.gov.co\/crea-roma\/wp-json\/wp\/v2\/posts\/1482","targetHints":{"allow":["GET"]}}],"collection":[{"href":"https:\/\/www.crea.gov.co\/crea-roma\/wp-json\/wp\/v2\/posts"}],"about":[{"href":"https:\/\/www.crea.gov.co\/crea-roma\/wp-json\/wp\/v2\/types\/post"}],"author":[{"embeddable":true,"href":"https:\/\/www.crea.gov.co\/crea-roma\/wp-json\/wp\/v2\/users\/89"}],"replies":[{"embeddable":true,"href":"https:\/\/www.crea.gov.co\/crea-roma\/wp-json\/wp\/v2\/comments?post=1482"}],"version-history":[{"count":2,"href":"https:\/\/www.crea.gov.co\/crea-roma\/wp-json\/wp\/v2\/posts\/1482\/revisions"}],"predecessor-version":[{"id":1485,"href":"https:\/\/www.crea.gov.co\/crea-roma\/wp-json\/wp\/v2\/posts\/1482\/revisions\/1485"}],"wp:featuredmedia":[{"embeddable":true,"href":"https:\/\/www.crea.gov.co\/crea-roma\/wp-json\/wp\/v2\/media\/1483"}],"wp:attachment":[{"href":"https:\/\/www.crea.gov.co\/crea-roma\/wp-json\/wp\/v2\/media?parent=1482"}],"wp:term":[{"taxonomy":"category","embeddable":true,"href":"https:\/\/www.crea.gov.co\/crea-roma\/wp-json\/wp\/v2\/categories?post=1482"},{"taxonomy":"post_tag","embeddable":true,"href":"https:\/\/www.crea.gov.co\/crea-roma\/wp-json\/wp\/v2\/tags?post=1482"}],"curies":[{"name":"wp","href":"https:\/\/api.w.org\/{rel}","templated":true}]}}