{"id":1472,"date":"2025-07-29T20:37:05","date_gmt":"2025-07-29T20:37:05","guid":{"rendered":"https:\/\/www.crea.gov.co\/crea-roma\/?p=1472"},"modified":"2025-07-29T20:37:06","modified_gmt":"2025-07-29T20:37:06","slug":"%f0%9f%8e%ac%e2%9c%a8-la-nave-roma-despego-rumbo-a-la-creatividad-%e2%9c%a8%f0%9f%9a%80","status":"publish","type":"post","link":"https:\/\/www.crea.gov.co\/crea-roma\/%f0%9f%8e%ac%e2%9c%a8-la-nave-roma-despego-rumbo-a-la-creatividad-%e2%9c%a8%f0%9f%9a%80\/","title":{"rendered":"\ud83c\udfac\u2728 \u00a1La Nave Roma despeg\u00f3 rumbo a la creatividad! \u2728\ud83d\ude80"},"content":{"rendered":"<figure class=\"wp-block-post-featured-image\"><img loading=\"lazy\" decoding=\"async\" width=\"1600\" height=\"1200\" src=\"https:\/\/www.crea.gov.co\/crea-roma\/wp-content\/uploads\/sites\/10\/2025\/07\/WhatsApp-Image-2025-07-29-at-3.32.37-PM.jpeg\" class=\"attachment-post-thumbnail size-post-thumbnail wp-post-image\" alt=\"\" style=\"object-fit:cover;\" srcset=\"https:\/\/www.crea.gov.co\/crea-roma\/wp-content\/uploads\/sites\/10\/2025\/07\/WhatsApp-Image-2025-07-29-at-3.32.37-PM.jpeg 1600w, https:\/\/www.crea.gov.co\/crea-roma\/wp-content\/uploads\/sites\/10\/2025\/07\/WhatsApp-Image-2025-07-29-at-3.32.37-PM-300x225.jpeg 300w, https:\/\/www.crea.gov.co\/crea-roma\/wp-content\/uploads\/sites\/10\/2025\/07\/WhatsApp-Image-2025-07-29-at-3.32.37-PM-1024x768.jpeg 1024w, https:\/\/www.crea.gov.co\/crea-roma\/wp-content\/uploads\/sites\/10\/2025\/07\/WhatsApp-Image-2025-07-29-at-3.32.37-PM-768x576.jpeg 768w, https:\/\/www.crea.gov.co\/crea-roma\/wp-content\/uploads\/sites\/10\/2025\/07\/WhatsApp-Image-2025-07-29-at-3.32.37-PM-1536x1152.jpeg 1536w\" sizes=\"auto, (max-width: 1600px) 100vw, 1600px\" \/><\/figure>\n\n\n<p>En el segundo encuentro <strong>ECOS Crea<\/strong>, los grupos de <strong>creaci\u00f3n digital y audiovisual<\/strong> unieron fuerzas para vivir una experiencia art\u00edstica \u00a1fuera de este mundo! \ud83c\udf0c\ud83c\udfa5<\/p>\n\n\n\n<p>Bajo la gu\u00eda del AF Ricardo Mu\u00f1oz, los chicos y chicas asumieron roles como camar\u00f3grafos, sonidistas, maquilladores, actores e iluminadores \ud83c\udfad\ud83c\udfac. \u00bfLa misi\u00f3n? Grabar historias incre\u00edbles usando pantalla verde\u2026 \u00a1como en las pel\u00edculas! \ud83d\udc9a<\/p>\n\n\n\n<p>La AF Virginia explic\u00f3 c\u00f3mo funciona el famoso <em>green screen<\/em> y ah\u00ed empez\u00f3 la magia: nacieron historias como la de la <strong>Nave Roma explorando Marte y Plut\u00f3n<\/strong>, una <strong>bailarina de ballet bailando con un Among Us<\/strong> \ud83d\udc83\ud83d\udef8, una <strong>hechicera que invoc\u00f3 un drag\u00f3n por error<\/strong>, \u00a1y hasta una batalla con un &#8220;Kamehamehaaa&#8221; muy creativo! \ud83d\udc09\u26a1<\/p>\n\n\n\n<p>Pero eso no fue todo&#8230; El grupo de creaci\u00f3n digital se atrevi\u00f3 a m\u00e1s: propusieron usar <strong>IA Gemini<\/strong> para generar fondos \u00fanicos y darle a cada historia un estilo visual propio \ud83e\udd16\ud83c\udfa8.<\/p>\n\n\n\n<figure class=\"wp-block-gallery has-nested-images columns-default is-cropped wp-block-gallery-1 is-layout-flex wp-block-gallery-is-layout-flex\">\n<figure class=\"wp-block-image size-large\"><img loading=\"lazy\" decoding=\"async\" width=\"1024\" height=\"768\" data-id=\"1477\" src=\"https:\/\/www.crea.gov.co\/crea-roma\/wp-content\/uploads\/sites\/10\/2025\/07\/WhatsApp-Image-2025-07-29-at-3.32.33-PM-1-1024x768.jpeg\" alt=\"\" class=\"wp-image-1477\" srcset=\"https:\/\/www.crea.gov.co\/crea-roma\/wp-content\/uploads\/sites\/10\/2025\/07\/WhatsApp-Image-2025-07-29-at-3.32.33-PM-1-1024x768.jpeg 1024w, https:\/\/www.crea.gov.co\/crea-roma\/wp-content\/uploads\/sites\/10\/2025\/07\/WhatsApp-Image-2025-07-29-at-3.32.33-PM-1-300x225.jpeg 300w, https:\/\/www.crea.gov.co\/crea-roma\/wp-content\/uploads\/sites\/10\/2025\/07\/WhatsApp-Image-2025-07-29-at-3.32.33-PM-1-768x576.jpeg 768w, https:\/\/www.crea.gov.co\/crea-roma\/wp-content\/uploads\/sites\/10\/2025\/07\/WhatsApp-Image-2025-07-29-at-3.32.33-PM-1-1536x1152.jpeg 1536w, https:\/\/www.crea.gov.co\/crea-roma\/wp-content\/uploads\/sites\/10\/2025\/07\/WhatsApp-Image-2025-07-29-at-3.32.33-PM-1.jpeg 1600w\" sizes=\"auto, (max-width: 1024px) 100vw, 1024px\" \/><\/figure>\n\n\n\n<figure class=\"wp-block-image size-large\"><img loading=\"lazy\" decoding=\"async\" width=\"1024\" height=\"768\" data-id=\"1476\" src=\"https:\/\/www.crea.gov.co\/crea-roma\/wp-content\/uploads\/sites\/10\/2025\/07\/WhatsApp-Image-2025-07-29-at-3.32.33-PM-1024x768.jpeg\" alt=\"\" class=\"wp-image-1476\" srcset=\"https:\/\/www.crea.gov.co\/crea-roma\/wp-content\/uploads\/sites\/10\/2025\/07\/WhatsApp-Image-2025-07-29-at-3.32.33-PM-1024x768.jpeg 1024w, https:\/\/www.crea.gov.co\/crea-roma\/wp-content\/uploads\/sites\/10\/2025\/07\/WhatsApp-Image-2025-07-29-at-3.32.33-PM-300x225.jpeg 300w, https:\/\/www.crea.gov.co\/crea-roma\/wp-content\/uploads\/sites\/10\/2025\/07\/WhatsApp-Image-2025-07-29-at-3.32.33-PM-768x576.jpeg 768w, https:\/\/www.crea.gov.co\/crea-roma\/wp-content\/uploads\/sites\/10\/2025\/07\/WhatsApp-Image-2025-07-29-at-3.32.33-PM-1536x1152.jpeg 1536w, https:\/\/www.crea.gov.co\/crea-roma\/wp-content\/uploads\/sites\/10\/2025\/07\/WhatsApp-Image-2025-07-29-at-3.32.33-PM.jpeg 1600w\" sizes=\"auto, (max-width: 1024px) 100vw, 1024px\" \/><\/figure>\n\n\n\n<figure class=\"wp-block-image size-large\"><img loading=\"lazy\" decoding=\"async\" width=\"1024\" height=\"768\" data-id=\"1475\" src=\"https:\/\/www.crea.gov.co\/crea-roma\/wp-content\/uploads\/sites\/10\/2025\/07\/WhatsApp-Image-2025-07-29-at-3.32.31-PM-1024x768.jpeg\" alt=\"\" class=\"wp-image-1475\" srcset=\"https:\/\/www.crea.gov.co\/crea-roma\/wp-content\/uploads\/sites\/10\/2025\/07\/WhatsApp-Image-2025-07-29-at-3.32.31-PM-1024x768.jpeg 1024w, https:\/\/www.crea.gov.co\/crea-roma\/wp-content\/uploads\/sites\/10\/2025\/07\/WhatsApp-Image-2025-07-29-at-3.32.31-PM-300x225.jpeg 300w, https:\/\/www.crea.gov.co\/crea-roma\/wp-content\/uploads\/sites\/10\/2025\/07\/WhatsApp-Image-2025-07-29-at-3.32.31-PM-768x576.jpeg 768w, https:\/\/www.crea.gov.co\/crea-roma\/wp-content\/uploads\/sites\/10\/2025\/07\/WhatsApp-Image-2025-07-29-at-3.32.31-PM-1536x1152.jpeg 1536w, https:\/\/www.crea.gov.co\/crea-roma\/wp-content\/uploads\/sites\/10\/2025\/07\/WhatsApp-Image-2025-07-29-at-3.32.31-PM.jpeg 1600w\" sizes=\"auto, (max-width: 1024px) 100vw, 1024px\" \/><\/figure>\n\n\n\n<figure class=\"wp-block-image size-large\"><img loading=\"lazy\" decoding=\"async\" width=\"1024\" height=\"768\" data-id=\"1478\" src=\"https:\/\/www.crea.gov.co\/crea-roma\/wp-content\/uploads\/sites\/10\/2025\/07\/WhatsApp-Image-2025-07-29-at-3.32.30-PM-1-1024x768.jpeg\" alt=\"\" class=\"wp-image-1478\" srcset=\"https:\/\/www.crea.gov.co\/crea-roma\/wp-content\/uploads\/sites\/10\/2025\/07\/WhatsApp-Image-2025-07-29-at-3.32.30-PM-1-1024x768.jpeg 1024w, https:\/\/www.crea.gov.co\/crea-roma\/wp-content\/uploads\/sites\/10\/2025\/07\/WhatsApp-Image-2025-07-29-at-3.32.30-PM-1-300x225.jpeg 300w, https:\/\/www.crea.gov.co\/crea-roma\/wp-content\/uploads\/sites\/10\/2025\/07\/WhatsApp-Image-2025-07-29-at-3.32.30-PM-1-768x576.jpeg 768w, https:\/\/www.crea.gov.co\/crea-roma\/wp-content\/uploads\/sites\/10\/2025\/07\/WhatsApp-Image-2025-07-29-at-3.32.30-PM-1-1536x1152.jpeg 1536w, https:\/\/www.crea.gov.co\/crea-roma\/wp-content\/uploads\/sites\/10\/2025\/07\/WhatsApp-Image-2025-07-29-at-3.32.30-PM-1.jpeg 1600w\" sizes=\"auto, (max-width: 1024px) 100vw, 1024px\" \/><\/figure>\n\n\n\n<figure class=\"wp-block-image size-large\"><img loading=\"lazy\" decoding=\"async\" width=\"1024\" height=\"768\" data-id=\"1474\" src=\"https:\/\/www.crea.gov.co\/crea-roma\/wp-content\/uploads\/sites\/10\/2025\/07\/WhatsApp-Image-2025-07-29-at-3.32.30-PM-1024x768.jpeg\" alt=\"\" class=\"wp-image-1474\" srcset=\"https:\/\/www.crea.gov.co\/crea-roma\/wp-content\/uploads\/sites\/10\/2025\/07\/WhatsApp-Image-2025-07-29-at-3.32.30-PM-1024x768.jpeg 1024w, https:\/\/www.crea.gov.co\/crea-roma\/wp-content\/uploads\/sites\/10\/2025\/07\/WhatsApp-Image-2025-07-29-at-3.32.30-PM-300x225.jpeg 300w, https:\/\/www.crea.gov.co\/crea-roma\/wp-content\/uploads\/sites\/10\/2025\/07\/WhatsApp-Image-2025-07-29-at-3.32.30-PM-768x576.jpeg 768w, https:\/\/www.crea.gov.co\/crea-roma\/wp-content\/uploads\/sites\/10\/2025\/07\/WhatsApp-Image-2025-07-29-at-3.32.30-PM-1536x1152.jpeg 1536w, https:\/\/www.crea.gov.co\/crea-roma\/wp-content\/uploads\/sites\/10\/2025\/07\/WhatsApp-Image-2025-07-29-at-3.32.30-PM.jpeg 1600w\" sizes=\"auto, (max-width: 1024px) 100vw, 1024px\" \/><\/figure>\n<\/figure>\n\n\n\n<p class=\"has-text-align-center\">Este encuentro fue mucho m\u00e1s que grabar clips: fue un espacio de <strong>complicidad, aprendizaje compartido y exploraci\u00f3n <\/strong>\u2764\ufe0f\ud83c\udfad. Porque cuando nos encontramos en el camino, \u00a1pasan cosas incre\u00edbles!<\/p>\n","protected":false},"excerpt":{"rendered":"<p>En el segundo encuentro ECOS Crea, los grupos de creaci\u00f3n digital y audiovisual unieron fuerzas para vivir una experiencia art\u00edstica \u00a1fuera de este mundo! \ud83c\udf0c\ud83c\udfa5 Bajo la gu\u00eda del AF Ricardo Mu\u00f1oz, los chicos y chicas asumieron roles como camar\u00f3grafos, sonidistas, maquilladores, actores e iluminadores \ud83c\udfad\ud83c\udfac. \u00bfLa misi\u00f3n? Grabar historias incre\u00edbles usando pantalla verde\u2026 \u00a1como [&hellip;]<\/p>\n","protected":false},"author":89,"featured_media":1473,"comment_status":"open","ping_status":"open","sticky":false,"template":"","format":"standard","meta":{"footnotes":""},"categories":[1],"tags":[],"class_list":["post-1472","post","type-post","status-publish","format-standard","has-post-thumbnail","hentry","category-sin-categoria"],"yoast_head":"<!-- This site is optimized with the Yoast SEO plugin v24.5 - https:\/\/yoast.com\/wordpress\/plugins\/seo\/ -->\n<title>\ud83c\udfac\u2728 \u00a1La Nave Roma despeg\u00f3 rumbo a la creatividad! \u2728\ud83d\ude80 - Crea Roma<\/title>\n<meta name=\"robots\" content=\"index, follow, max-snippet:-1, max-image-preview:large, max-video-preview:-1\" \/>\n<link rel=\"canonical\" href=\"https:\/\/www.crea.gov.co\/crea-roma\/\ud83c\udfac\u2728-la-nave-roma-despego-rumbo-a-la-creatividad-\u2728\ud83d\ude80\/\" \/>\n<meta property=\"og:locale\" content=\"es_ES\" \/>\n<meta property=\"og:type\" content=\"article\" \/>\n<meta property=\"og:title\" content=\"\ud83c\udfac\u2728 \u00a1La Nave Roma despeg\u00f3 rumbo a la creatividad! \u2728\ud83d\ude80 - Crea Roma\" \/>\n<meta property=\"og:description\" content=\"En el segundo encuentro ECOS Crea, los grupos de creaci\u00f3n digital y audiovisual unieron fuerzas para vivir una experiencia art\u00edstica \u00a1fuera de este mundo! \ud83c\udf0c\ud83c\udfa5 Bajo la gu\u00eda del AF Ricardo Mu\u00f1oz, los chicos y chicas asumieron roles como camar\u00f3grafos, sonidistas, maquilladores, actores e iluminadores \ud83c\udfad\ud83c\udfac. \u00bfLa misi\u00f3n? Grabar historias incre\u00edbles usando pantalla verde\u2026 \u00a1como [&hellip;]\" \/>\n<meta property=\"og:url\" content=\"https:\/\/www.crea.gov.co\/crea-roma\/\ud83c\udfac\u2728-la-nave-roma-despego-rumbo-a-la-creatividad-\u2728\ud83d\ude80\/\" \/>\n<meta property=\"og:site_name\" content=\"Crea Roma\" \/>\n<meta property=\"article:published_time\" content=\"2025-07-29T20:37:05+00:00\" \/>\n<meta property=\"article:modified_time\" content=\"2025-07-29T20:37:06+00:00\" \/>\n<meta property=\"og:image\" content=\"https:\/\/www.crea.gov.co\/crea-roma\/wp-content\/uploads\/sites\/10\/2025\/07\/WhatsApp-Image-2025-07-29-at-3.32.37-PM.jpeg\" \/>\n\t<meta property=\"og:image:width\" content=\"1600\" \/>\n\t<meta property=\"og:image:height\" content=\"1200\" \/>\n\t<meta property=\"og:image:type\" content=\"image\/jpeg\" \/>\n<meta name=\"author\" content=\"crearoma\" \/>\n<meta name=\"twitter:card\" content=\"summary_large_image\" \/>\n<meta name=\"twitter:label1\" content=\"Escrito por\" \/>\n\t<meta name=\"twitter:data1\" content=\"crearoma\" \/>\n\t<meta name=\"twitter:label2\" content=\"Tiempo de lectura\" \/>\n\t<meta name=\"twitter:data2\" content=\"2 minutos\" \/>\n<script type=\"application\/ld+json\" class=\"yoast-schema-graph\">{\"@context\":\"https:\/\/schema.org\",\"@graph\":[{\"@type\":\"WebPage\",\"@id\":\"https:\/\/www.crea.gov.co\/crea-roma\/%f0%9f%8e%ac%e2%9c%a8-la-nave-roma-despego-rumbo-a-la-creatividad-%e2%9c%a8%f0%9f%9a%80\/\",\"url\":\"https:\/\/www.crea.gov.co\/crea-roma\/%f0%9f%8e%ac%e2%9c%a8-la-nave-roma-despego-rumbo-a-la-creatividad-%e2%9c%a8%f0%9f%9a%80\/\",\"name\":\"\ud83c\udfac\u2728 \u00a1La Nave Roma despeg\u00f3 rumbo a la creatividad! \u2728\ud83d\ude80 - Crea Roma\",\"isPartOf\":{\"@id\":\"https:\/\/www.crea.gov.co\/crea-roma\/#website\"},\"primaryImageOfPage\":{\"@id\":\"https:\/\/www.crea.gov.co\/crea-roma\/%f0%9f%8e%ac%e2%9c%a8-la-nave-roma-despego-rumbo-a-la-creatividad-%e2%9c%a8%f0%9f%9a%80\/#primaryimage\"},\"image\":{\"@id\":\"https:\/\/www.crea.gov.co\/crea-roma\/%f0%9f%8e%ac%e2%9c%a8-la-nave-roma-despego-rumbo-a-la-creatividad-%e2%9c%a8%f0%9f%9a%80\/#primaryimage\"},\"thumbnailUrl\":\"https:\/\/www.crea.gov.co\/crea-roma\/wp-content\/uploads\/sites\/10\/2025\/07\/WhatsApp-Image-2025-07-29-at-3.32.37-PM.jpeg\",\"datePublished\":\"2025-07-29T20:37:05+00:00\",\"dateModified\":\"2025-07-29T20:37:06+00:00\",\"author\":{\"@id\":\"https:\/\/www.crea.gov.co\/crea-roma\/#\/schema\/person\/98d3131acf7d36de9766d95e8154256d\"},\"breadcrumb\":{\"@id\":\"https:\/\/www.crea.gov.co\/crea-roma\/%f0%9f%8e%ac%e2%9c%a8-la-nave-roma-despego-rumbo-a-la-creatividad-%e2%9c%a8%f0%9f%9a%80\/#breadcrumb\"},\"inLanguage\":\"es-CO\",\"potentialAction\":[{\"@type\":\"ReadAction\",\"target\":[\"https:\/\/www.crea.gov.co\/crea-roma\/%f0%9f%8e%ac%e2%9c%a8-la-nave-roma-despego-rumbo-a-la-creatividad-%e2%9c%a8%f0%9f%9a%80\/\"]}]},{\"@type\":\"ImageObject\",\"inLanguage\":\"es-CO\",\"@id\":\"https:\/\/www.crea.gov.co\/crea-roma\/%f0%9f%8e%ac%e2%9c%a8-la-nave-roma-despego-rumbo-a-la-creatividad-%e2%9c%a8%f0%9f%9a%80\/#primaryimage\",\"url\":\"https:\/\/www.crea.gov.co\/crea-roma\/wp-content\/uploads\/sites\/10\/2025\/07\/WhatsApp-Image-2025-07-29-at-3.32.37-PM.jpeg\",\"contentUrl\":\"https:\/\/www.crea.gov.co\/crea-roma\/wp-content\/uploads\/sites\/10\/2025\/07\/WhatsApp-Image-2025-07-29-at-3.32.37-PM.jpeg\",\"width\":1600,\"height\":1200},{\"@type\":\"BreadcrumbList\",\"@id\":\"https:\/\/www.crea.gov.co\/crea-roma\/%f0%9f%8e%ac%e2%9c%a8-la-nave-roma-despego-rumbo-a-la-creatividad-%e2%9c%a8%f0%9f%9a%80\/#breadcrumb\",\"itemListElement\":[{\"@type\":\"ListItem\",\"position\":1,\"name\":\"Home\",\"item\":\"https:\/\/www.crea.gov.co\/crea-roma\/\"},{\"@type\":\"ListItem\",\"position\":2,\"name\":\"\ud83c\udfac\u2728 \u00a1La Nave Roma despeg\u00f3 rumbo a la creatividad! \u2728\ud83d\ude80\"}]},{\"@type\":\"WebSite\",\"@id\":\"https:\/\/www.crea.gov.co\/crea-roma\/#website\",\"url\":\"https:\/\/www.crea.gov.co\/crea-roma\/\",\"name\":\"Crea Roma\",\"description\":\"En Kennedy, rodeado de conjuntos y calles que guardan historias de familias que han crecido en el barrio, este espacio es un lugar donde la creatividad se entrelaza con la vida cotidiana. Aqu\u00ed, los lenguajes art\u00edsticos fortalecen lazos y dan voz a las experiencias de una comunidad que se reconoce en lo colectivo.\",\"potentialAction\":[{\"@type\":\"SearchAction\",\"target\":{\"@type\":\"EntryPoint\",\"urlTemplate\":\"https:\/\/www.crea.gov.co\/crea-roma\/?s={search_term_string}\"},\"query-input\":{\"@type\":\"PropertyValueSpecification\",\"valueRequired\":true,\"valueName\":\"search_term_string\"}}],\"inLanguage\":\"es-CO\"},{\"@type\":\"Person\",\"@id\":\"https:\/\/www.crea.gov.co\/crea-roma\/#\/schema\/person\/98d3131acf7d36de9766d95e8154256d\",\"name\":\"crearoma\",\"image\":{\"@type\":\"ImageObject\",\"inLanguage\":\"es-CO\",\"@id\":\"https:\/\/www.crea.gov.co\/crea-roma\/#\/schema\/person\/image\/\",\"url\":\"https:\/\/secure.gravatar.com\/avatar\/a932fc1012aeb823a10fc90d54ba8dd3?s=96&d=mm&r=g\",\"contentUrl\":\"https:\/\/secure.gravatar.com\/avatar\/a932fc1012aeb823a10fc90d54ba8dd3?s=96&d=mm&r=g\",\"caption\":\"crearoma\"},\"url\":\"https:\/\/www.crea.gov.co\/crea-roma\/author\/crearoma\/\"}]}<\/script>\n<!-- \/ Yoast SEO plugin. -->","yoast_head_json":{"title":"\ud83c\udfac\u2728 \u00a1La Nave Roma despeg\u00f3 rumbo a la creatividad! \u2728\ud83d\ude80 - Crea Roma","robots":{"index":"index","follow":"follow","max-snippet":"max-snippet:-1","max-image-preview":"max-image-preview:large","max-video-preview":"max-video-preview:-1"},"canonical":"https:\/\/www.crea.gov.co\/crea-roma\/\ud83c\udfac\u2728-la-nave-roma-despego-rumbo-a-la-creatividad-\u2728\ud83d\ude80\/","og_locale":"es_ES","og_type":"article","og_title":"\ud83c\udfac\u2728 \u00a1La Nave Roma despeg\u00f3 rumbo a la creatividad! \u2728\ud83d\ude80 - Crea Roma","og_description":"En el segundo encuentro ECOS Crea, los grupos de creaci\u00f3n digital y audiovisual unieron fuerzas para vivir una experiencia art\u00edstica \u00a1fuera de este mundo! \ud83c\udf0c\ud83c\udfa5 Bajo la gu\u00eda del AF Ricardo Mu\u00f1oz, los chicos y chicas asumieron roles como camar\u00f3grafos, sonidistas, maquilladores, actores e iluminadores \ud83c\udfad\ud83c\udfac. \u00bfLa misi\u00f3n? Grabar historias incre\u00edbles usando pantalla verde\u2026 \u00a1como [&hellip;]","og_url":"https:\/\/www.crea.gov.co\/crea-roma\/\ud83c\udfac\u2728-la-nave-roma-despego-rumbo-a-la-creatividad-\u2728\ud83d\ude80\/","og_site_name":"Crea Roma","article_published_time":"2025-07-29T20:37:05+00:00","article_modified_time":"2025-07-29T20:37:06+00:00","og_image":[{"width":1600,"height":1200,"url":"https:\/\/www.crea.gov.co\/crea-roma\/wp-content\/uploads\/sites\/10\/2025\/07\/WhatsApp-Image-2025-07-29-at-3.32.37-PM.jpeg","type":"image\/jpeg"}],"author":"crearoma","twitter_card":"summary_large_image","twitter_misc":{"Escrito por":"crearoma","Tiempo de lectura":"2 minutos"},"schema":{"@context":"https:\/\/schema.org","@graph":[{"@type":"WebPage","@id":"https:\/\/www.crea.gov.co\/crea-roma\/%f0%9f%8e%ac%e2%9c%a8-la-nave-roma-despego-rumbo-a-la-creatividad-%e2%9c%a8%f0%9f%9a%80\/","url":"https:\/\/www.crea.gov.co\/crea-roma\/%f0%9f%8e%ac%e2%9c%a8-la-nave-roma-despego-rumbo-a-la-creatividad-%e2%9c%a8%f0%9f%9a%80\/","name":"\ud83c\udfac\u2728 \u00a1La Nave Roma despeg\u00f3 rumbo a la creatividad! \u2728\ud83d\ude80 - Crea Roma","isPartOf":{"@id":"https:\/\/www.crea.gov.co\/crea-roma\/#website"},"primaryImageOfPage":{"@id":"https:\/\/www.crea.gov.co\/crea-roma\/%f0%9f%8e%ac%e2%9c%a8-la-nave-roma-despego-rumbo-a-la-creatividad-%e2%9c%a8%f0%9f%9a%80\/#primaryimage"},"image":{"@id":"https:\/\/www.crea.gov.co\/crea-roma\/%f0%9f%8e%ac%e2%9c%a8-la-nave-roma-despego-rumbo-a-la-creatividad-%e2%9c%a8%f0%9f%9a%80\/#primaryimage"},"thumbnailUrl":"https:\/\/www.crea.gov.co\/crea-roma\/wp-content\/uploads\/sites\/10\/2025\/07\/WhatsApp-Image-2025-07-29-at-3.32.37-PM.jpeg","datePublished":"2025-07-29T20:37:05+00:00","dateModified":"2025-07-29T20:37:06+00:00","author":{"@id":"https:\/\/www.crea.gov.co\/crea-roma\/#\/schema\/person\/98d3131acf7d36de9766d95e8154256d"},"breadcrumb":{"@id":"https:\/\/www.crea.gov.co\/crea-roma\/%f0%9f%8e%ac%e2%9c%a8-la-nave-roma-despego-rumbo-a-la-creatividad-%e2%9c%a8%f0%9f%9a%80\/#breadcrumb"},"inLanguage":"es-CO","potentialAction":[{"@type":"ReadAction","target":["https:\/\/www.crea.gov.co\/crea-roma\/%f0%9f%8e%ac%e2%9c%a8-la-nave-roma-despego-rumbo-a-la-creatividad-%e2%9c%a8%f0%9f%9a%80\/"]}]},{"@type":"ImageObject","inLanguage":"es-CO","@id":"https:\/\/www.crea.gov.co\/crea-roma\/%f0%9f%8e%ac%e2%9c%a8-la-nave-roma-despego-rumbo-a-la-creatividad-%e2%9c%a8%f0%9f%9a%80\/#primaryimage","url":"https:\/\/www.crea.gov.co\/crea-roma\/wp-content\/uploads\/sites\/10\/2025\/07\/WhatsApp-Image-2025-07-29-at-3.32.37-PM.jpeg","contentUrl":"https:\/\/www.crea.gov.co\/crea-roma\/wp-content\/uploads\/sites\/10\/2025\/07\/WhatsApp-Image-2025-07-29-at-3.32.37-PM.jpeg","width":1600,"height":1200},{"@type":"BreadcrumbList","@id":"https:\/\/www.crea.gov.co\/crea-roma\/%f0%9f%8e%ac%e2%9c%a8-la-nave-roma-despego-rumbo-a-la-creatividad-%e2%9c%a8%f0%9f%9a%80\/#breadcrumb","itemListElement":[{"@type":"ListItem","position":1,"name":"Home","item":"https:\/\/www.crea.gov.co\/crea-roma\/"},{"@type":"ListItem","position":2,"name":"\ud83c\udfac\u2728 \u00a1La Nave Roma despeg\u00f3 rumbo a la creatividad! \u2728\ud83d\ude80"}]},{"@type":"WebSite","@id":"https:\/\/www.crea.gov.co\/crea-roma\/#website","url":"https:\/\/www.crea.gov.co\/crea-roma\/","name":"Crea Roma","description":"En Kennedy, rodeado de conjuntos y calles que guardan historias de familias que han crecido en el barrio, este espacio es un lugar donde la creatividad se entrelaza con la vida cotidiana. Aqu\u00ed, los lenguajes art\u00edsticos fortalecen lazos y dan voz a las experiencias de una comunidad que se reconoce en lo colectivo.","potentialAction":[{"@type":"SearchAction","target":{"@type":"EntryPoint","urlTemplate":"https:\/\/www.crea.gov.co\/crea-roma\/?s={search_term_string}"},"query-input":{"@type":"PropertyValueSpecification","valueRequired":true,"valueName":"search_term_string"}}],"inLanguage":"es-CO"},{"@type":"Person","@id":"https:\/\/www.crea.gov.co\/crea-roma\/#\/schema\/person\/98d3131acf7d36de9766d95e8154256d","name":"crearoma","image":{"@type":"ImageObject","inLanguage":"es-CO","@id":"https:\/\/www.crea.gov.co\/crea-roma\/#\/schema\/person\/image\/","url":"https:\/\/secure.gravatar.com\/avatar\/a932fc1012aeb823a10fc90d54ba8dd3?s=96&d=mm&r=g","contentUrl":"https:\/\/secure.gravatar.com\/avatar\/a932fc1012aeb823a10fc90d54ba8dd3?s=96&d=mm&r=g","caption":"crearoma"},"url":"https:\/\/www.crea.gov.co\/crea-roma\/author\/crearoma\/"}]}},"_links":{"self":[{"href":"https:\/\/www.crea.gov.co\/crea-roma\/wp-json\/wp\/v2\/posts\/1472","targetHints":{"allow":["GET"]}}],"collection":[{"href":"https:\/\/www.crea.gov.co\/crea-roma\/wp-json\/wp\/v2\/posts"}],"about":[{"href":"https:\/\/www.crea.gov.co\/crea-roma\/wp-json\/wp\/v2\/types\/post"}],"author":[{"embeddable":true,"href":"https:\/\/www.crea.gov.co\/crea-roma\/wp-json\/wp\/v2\/users\/89"}],"replies":[{"embeddable":true,"href":"https:\/\/www.crea.gov.co\/crea-roma\/wp-json\/wp\/v2\/comments?post=1472"}],"version-history":[{"count":1,"href":"https:\/\/www.crea.gov.co\/crea-roma\/wp-json\/wp\/v2\/posts\/1472\/revisions"}],"predecessor-version":[{"id":1479,"href":"https:\/\/www.crea.gov.co\/crea-roma\/wp-json\/wp\/v2\/posts\/1472\/revisions\/1479"}],"wp:featuredmedia":[{"embeddable":true,"href":"https:\/\/www.crea.gov.co\/crea-roma\/wp-json\/wp\/v2\/media\/1473"}],"wp:attachment":[{"href":"https:\/\/www.crea.gov.co\/crea-roma\/wp-json\/wp\/v2\/media?parent=1472"}],"wp:term":[{"taxonomy":"category","embeddable":true,"href":"https:\/\/www.crea.gov.co\/crea-roma\/wp-json\/wp\/v2\/categories?post=1472"},{"taxonomy":"post_tag","embeddable":true,"href":"https:\/\/www.crea.gov.co\/crea-roma\/wp-json\/wp\/v2\/tags?post=1472"}],"curies":[{"name":"wp","href":"https:\/\/api.w.org\/{rel}","templated":true}]}}