{"id":1457,"date":"2025-07-29T20:29:13","date_gmt":"2025-07-29T20:29:13","guid":{"rendered":"https:\/\/www.crea.gov.co\/crea-roma\/?p=1457"},"modified":"2025-07-29T20:29:14","modified_gmt":"2025-07-29T20:29:14","slug":"%f0%9f%8e%ad%e2%9c%a8-un-encuentro-lleno-de-imaginacion-y-talento-%f0%9f%8e%b6%f0%9f%92%83","status":"publish","type":"post","link":"https:\/\/www.crea.gov.co\/crea-roma\/%f0%9f%8e%ad%e2%9c%a8-un-encuentro-lleno-de-imaginacion-y-talento-%f0%9f%8e%b6%f0%9f%92%83\/","title":{"rendered":"\ud83c\udfad\u2728 \u00a1Un encuentro lleno de imaginaci\u00f3n y talento! \ud83c\udfb6\ud83d\udc83"},"content":{"rendered":"<figure class=\"wp-block-post-featured-image\"><img loading=\"lazy\" decoding=\"async\" width=\"1600\" height=\"1200\" src=\"https:\/\/www.crea.gov.co\/crea-roma\/wp-content\/uploads\/sites\/10\/2025\/07\/WhatsApp-Image-2025-07-29-at-3.18.46-PM.jpeg\" class=\"attachment-post-thumbnail size-post-thumbnail wp-post-image\" alt=\"\" style=\"object-fit:cover;\" srcset=\"https:\/\/www.crea.gov.co\/crea-roma\/wp-content\/uploads\/sites\/10\/2025\/07\/WhatsApp-Image-2025-07-29-at-3.18.46-PM.jpeg 1600w, https:\/\/www.crea.gov.co\/crea-roma\/wp-content\/uploads\/sites\/10\/2025\/07\/WhatsApp-Image-2025-07-29-at-3.18.46-PM-300x225.jpeg 300w, https:\/\/www.crea.gov.co\/crea-roma\/wp-content\/uploads\/sites\/10\/2025\/07\/WhatsApp-Image-2025-07-29-at-3.18.46-PM-1024x768.jpeg 1024w, https:\/\/www.crea.gov.co\/crea-roma\/wp-content\/uploads\/sites\/10\/2025\/07\/WhatsApp-Image-2025-07-29-at-3.18.46-PM-768x576.jpeg 768w, https:\/\/www.crea.gov.co\/crea-roma\/wp-content\/uploads\/sites\/10\/2025\/07\/WhatsApp-Image-2025-07-29-at-3.18.46-PM-1536x1152.jpeg 1536w\" sizes=\"auto, (max-width: 1600px) 100vw, 1600px\" \/><\/figure>\n\n\n<p>En el marco del <strong>Segundo Encuentro ECOS Crea<\/strong>,&nbsp; \u00a1Y si nos encontramos en el camino! El grupo de teatro <em>Nube de Ideas<\/em> y el grupo de danza <em>Star Latin Dance<\/em>, de la l\u00ednea <strong>Impulso Colectivo<\/strong>, se tomaron el escenario del <strong>Crea Roma<\/strong> para compartir con las familias sus procesos creativos. \ud83d\udc4f\ud83d\udc68\u200d\ud83d\udc69\u200d\ud83d\udc67\u200d\ud83d\udc66<\/p>\n\n\n\n<p>Las ni\u00f1as y ni\u00f1os entre 6 y 12 a\u00f1os nos sorprendieron con la obra <em>&#8220;Juguemos a Imaginar&#8221;<\/em>, una puesta en escena m\u00e1gica y surrealista que nos record\u00f3 la importancia de so\u00f1ar, jugar y crear en familia. \ud83c\udf1f<\/p>\n\n\n\n<p>Tambi\u00e9n disfrutamos de dos vibrantes coreograf\u00edas de salsa y bachata, donde los peque\u00f1os artistas demostraron su talento, confianza y alegr\u00eda al ritmo de la m\u00fasica latina. \ud83d\udc83\ud83d\udd7a<\/p>\n\n\n\n<p>Al cierre, familiares, formadores y participantes compartieron palabras que definieron este encuentro: <strong>creatividad, imaginaci\u00f3n, dedicaci\u00f3n, persistencia, trabajo en equipo&#8230; \u00a1y mucha emoci\u00f3n!<\/strong> \u2764\ufe0f\ud83c\udfa8<\/p>\n\n\n\n<figure class=\"wp-block-video\"><video controls src=\"https:\/\/www.crea.gov.co\/crea-roma\/wp-content\/uploads\/sites\/10\/2025\/07\/NUBE-DE-IDEAS-TEATRO.mp4\"><\/video><\/figure>\n\n\n\n<figure class=\"wp-block-video\"><video controls src=\"https:\/\/www.crea.gov.co\/crea-roma\/wp-content\/uploads\/sites\/10\/2025\/07\/Encuentro-ECOS-Danza-y-teatro.mp4\"><\/video><\/figure>\n\n\n\n<figure class=\"wp-block-image size-large\"><img loading=\"lazy\" decoding=\"async\" width=\"1024\" height=\"768\" src=\"https:\/\/www.crea.gov.co\/crea-roma\/wp-content\/uploads\/sites\/10\/2025\/07\/WhatsApp-Image-2025-07-29-at-3.26.52-PM-1024x768.jpeg\" alt=\"\" class=\"wp-image-1470\" srcset=\"https:\/\/www.crea.gov.co\/crea-roma\/wp-content\/uploads\/sites\/10\/2025\/07\/WhatsApp-Image-2025-07-29-at-3.26.52-PM-1024x768.jpeg 1024w, https:\/\/www.crea.gov.co\/crea-roma\/wp-content\/uploads\/sites\/10\/2025\/07\/WhatsApp-Image-2025-07-29-at-3.26.52-PM-300x225.jpeg 300w, https:\/\/www.crea.gov.co\/crea-roma\/wp-content\/uploads\/sites\/10\/2025\/07\/WhatsApp-Image-2025-07-29-at-3.26.52-PM-768x576.jpeg 768w, https:\/\/www.crea.gov.co\/crea-roma\/wp-content\/uploads\/sites\/10\/2025\/07\/WhatsApp-Image-2025-07-29-at-3.26.52-PM-1536x1152.jpeg 1536w, https:\/\/www.crea.gov.co\/crea-roma\/wp-content\/uploads\/sites\/10\/2025\/07\/WhatsApp-Image-2025-07-29-at-3.26.52-PM.jpeg 1600w\" sizes=\"auto, (max-width: 1024px) 100vw, 1024px\" \/><\/figure>\n\n\n\n<p class=\"has-text-align-center\"><strong>\ud83d\udce3 <em>&#8220;Nunca seremos lo suficientemente grandes para dejar de imaginar.&#8221;<br><\/em> \u2014 Ivone Quiroga, artista formadora<\/strong><\/p>\n","protected":false},"excerpt":{"rendered":"<p>En el marco del Segundo Encuentro ECOS Crea,&nbsp; \u00a1Y si nos encontramos en el camino! El grupo de teatro Nube de Ideas y el grupo de danza Star Latin Dance, de la l\u00ednea Impulso Colectivo, se tomaron el escenario del Crea Roma para compartir con las familias sus procesos creativos. \ud83d\udc4f\ud83d\udc68\u200d\ud83d\udc69\u200d\ud83d\udc67\u200d\ud83d\udc66 Las ni\u00f1as y ni\u00f1os [&hellip;]<\/p>\n","protected":false},"author":89,"featured_media":1468,"comment_status":"open","ping_status":"open","sticky":false,"template":"","format":"standard","meta":{"footnotes":""},"categories":[1],"tags":[],"class_list":["post-1457","post","type-post","status-publish","format-standard","has-post-thumbnail","hentry","category-sin-categoria"],"yoast_head":"<!-- This site is optimized with the Yoast SEO plugin v24.5 - https:\/\/yoast.com\/wordpress\/plugins\/seo\/ -->\n<title>\ud83c\udfad\u2728 \u00a1Un encuentro lleno de imaginaci\u00f3n y talento! \ud83c\udfb6\ud83d\udc83 - Crea Roma<\/title>\n<meta name=\"robots\" content=\"index, follow, max-snippet:-1, max-image-preview:large, max-video-preview:-1\" \/>\n<link rel=\"canonical\" href=\"https:\/\/www.crea.gov.co\/crea-roma\/\ud83c\udfad\u2728-un-encuentro-lleno-de-imaginacion-y-talento-\ud83c\udfb6\ud83d\udc83\/\" \/>\n<meta property=\"og:locale\" content=\"es_ES\" \/>\n<meta property=\"og:type\" content=\"article\" \/>\n<meta property=\"og:title\" content=\"\ud83c\udfad\u2728 \u00a1Un encuentro lleno de imaginaci\u00f3n y talento! \ud83c\udfb6\ud83d\udc83 - Crea Roma\" \/>\n<meta property=\"og:description\" content=\"En el marco del Segundo Encuentro ECOS Crea,&nbsp; \u00a1Y si nos encontramos en el camino! El grupo de teatro Nube de Ideas y el grupo de danza Star Latin Dance, de la l\u00ednea Impulso Colectivo, se tomaron el escenario del Crea Roma para compartir con las familias sus procesos creativos. \ud83d\udc4f\ud83d\udc68\u200d\ud83d\udc69\u200d\ud83d\udc67\u200d\ud83d\udc66 Las ni\u00f1as y ni\u00f1os [&hellip;]\" \/>\n<meta property=\"og:url\" content=\"https:\/\/www.crea.gov.co\/crea-roma\/\ud83c\udfad\u2728-un-encuentro-lleno-de-imaginacion-y-talento-\ud83c\udfb6\ud83d\udc83\/\" \/>\n<meta property=\"og:site_name\" content=\"Crea Roma\" \/>\n<meta property=\"article:published_time\" content=\"2025-07-29T20:29:13+00:00\" \/>\n<meta property=\"article:modified_time\" content=\"2025-07-29T20:29:14+00:00\" \/>\n<meta property=\"og:image\" content=\"https:\/\/www.crea.gov.co\/crea-roma\/wp-content\/uploads\/sites\/10\/2025\/07\/WhatsApp-Image-2025-07-29-at-3.26.52-PM.jpeg\" \/>\n\t<meta property=\"og:image:width\" content=\"1600\" \/>\n\t<meta property=\"og:image:height\" content=\"1200\" \/>\n\t<meta property=\"og:image:type\" content=\"image\/jpeg\" \/>\n<meta name=\"author\" content=\"crearoma\" \/>\n<meta name=\"twitter:card\" content=\"summary_large_image\" \/>\n<meta name=\"twitter:label1\" content=\"Escrito por\" \/>\n\t<meta name=\"twitter:data1\" content=\"crearoma\" \/>\n<script type=\"application\/ld+json\" class=\"yoast-schema-graph\">{\"@context\":\"https:\/\/schema.org\",\"@graph\":[{\"@type\":\"WebPage\",\"@id\":\"https:\/\/www.crea.gov.co\/crea-roma\/%f0%9f%8e%ad%e2%9c%a8-un-encuentro-lleno-de-imaginacion-y-talento-%f0%9f%8e%b6%f0%9f%92%83\/\",\"url\":\"https:\/\/www.crea.gov.co\/crea-roma\/%f0%9f%8e%ad%e2%9c%a8-un-encuentro-lleno-de-imaginacion-y-talento-%f0%9f%8e%b6%f0%9f%92%83\/\",\"name\":\"\ud83c\udfad\u2728 \u00a1Un encuentro lleno de imaginaci\u00f3n y talento! \ud83c\udfb6\ud83d\udc83 - Crea Roma\",\"isPartOf\":{\"@id\":\"https:\/\/www.crea.gov.co\/crea-roma\/#website\"},\"primaryImageOfPage\":{\"@id\":\"https:\/\/www.crea.gov.co\/crea-roma\/%f0%9f%8e%ad%e2%9c%a8-un-encuentro-lleno-de-imaginacion-y-talento-%f0%9f%8e%b6%f0%9f%92%83\/#primaryimage\"},\"image\":{\"@id\":\"https:\/\/www.crea.gov.co\/crea-roma\/%f0%9f%8e%ad%e2%9c%a8-un-encuentro-lleno-de-imaginacion-y-talento-%f0%9f%8e%b6%f0%9f%92%83\/#primaryimage\"},\"thumbnailUrl\":\"https:\/\/www.crea.gov.co\/crea-roma\/wp-content\/uploads\/sites\/10\/2025\/07\/WhatsApp-Image-2025-07-29-at-3.18.46-PM.jpeg\",\"datePublished\":\"2025-07-29T20:29:13+00:00\",\"dateModified\":\"2025-07-29T20:29:14+00:00\",\"author\":{\"@id\":\"https:\/\/www.crea.gov.co\/crea-roma\/#\/schema\/person\/98d3131acf7d36de9766d95e8154256d\"},\"breadcrumb\":{\"@id\":\"https:\/\/www.crea.gov.co\/crea-roma\/%f0%9f%8e%ad%e2%9c%a8-un-encuentro-lleno-de-imaginacion-y-talento-%f0%9f%8e%b6%f0%9f%92%83\/#breadcrumb\"},\"inLanguage\":\"es-CO\",\"potentialAction\":[{\"@type\":\"ReadAction\",\"target\":[\"https:\/\/www.crea.gov.co\/crea-roma\/%f0%9f%8e%ad%e2%9c%a8-un-encuentro-lleno-de-imaginacion-y-talento-%f0%9f%8e%b6%f0%9f%92%83\/\"]}]},{\"@type\":\"ImageObject\",\"inLanguage\":\"es-CO\",\"@id\":\"https:\/\/www.crea.gov.co\/crea-roma\/%f0%9f%8e%ad%e2%9c%a8-un-encuentro-lleno-de-imaginacion-y-talento-%f0%9f%8e%b6%f0%9f%92%83\/#primaryimage\",\"url\":\"https:\/\/www.crea.gov.co\/crea-roma\/wp-content\/uploads\/sites\/10\/2025\/07\/WhatsApp-Image-2025-07-29-at-3.18.46-PM.jpeg\",\"contentUrl\":\"https:\/\/www.crea.gov.co\/crea-roma\/wp-content\/uploads\/sites\/10\/2025\/07\/WhatsApp-Image-2025-07-29-at-3.18.46-PM.jpeg\",\"width\":1600,\"height\":1200},{\"@type\":\"BreadcrumbList\",\"@id\":\"https:\/\/www.crea.gov.co\/crea-roma\/%f0%9f%8e%ad%e2%9c%a8-un-encuentro-lleno-de-imaginacion-y-talento-%f0%9f%8e%b6%f0%9f%92%83\/#breadcrumb\",\"itemListElement\":[{\"@type\":\"ListItem\",\"position\":1,\"name\":\"Home\",\"item\":\"https:\/\/www.crea.gov.co\/crea-roma\/\"},{\"@type\":\"ListItem\",\"position\":2,\"name\":\"\ud83c\udfad\u2728 \u00a1Un encuentro lleno de imaginaci\u00f3n y talento! \ud83c\udfb6\ud83d\udc83\"}]},{\"@type\":\"WebSite\",\"@id\":\"https:\/\/www.crea.gov.co\/crea-roma\/#website\",\"url\":\"https:\/\/www.crea.gov.co\/crea-roma\/\",\"name\":\"Crea Roma\",\"description\":\"En Kennedy, rodeado de conjuntos y calles que guardan historias de familias que han crecido en el barrio, este espacio es un lugar donde la creatividad se entrelaza con la vida cotidiana. Aqu\u00ed, los lenguajes art\u00edsticos fortalecen lazos y dan voz a las experiencias de una comunidad que se reconoce en lo colectivo.\",\"potentialAction\":[{\"@type\":\"SearchAction\",\"target\":{\"@type\":\"EntryPoint\",\"urlTemplate\":\"https:\/\/www.crea.gov.co\/crea-roma\/?s={search_term_string}\"},\"query-input\":{\"@type\":\"PropertyValueSpecification\",\"valueRequired\":true,\"valueName\":\"search_term_string\"}}],\"inLanguage\":\"es-CO\"},{\"@type\":\"Person\",\"@id\":\"https:\/\/www.crea.gov.co\/crea-roma\/#\/schema\/person\/98d3131acf7d36de9766d95e8154256d\",\"name\":\"crearoma\",\"image\":{\"@type\":\"ImageObject\",\"inLanguage\":\"es-CO\",\"@id\":\"https:\/\/www.crea.gov.co\/crea-roma\/#\/schema\/person\/image\/\",\"url\":\"https:\/\/secure.gravatar.com\/avatar\/a932fc1012aeb823a10fc90d54ba8dd3?s=96&d=mm&r=g\",\"contentUrl\":\"https:\/\/secure.gravatar.com\/avatar\/a932fc1012aeb823a10fc90d54ba8dd3?s=96&d=mm&r=g\",\"caption\":\"crearoma\"},\"url\":\"https:\/\/www.crea.gov.co\/crea-roma\/author\/crearoma\/\"}]}<\/script>\n<!-- \/ Yoast SEO plugin. -->","yoast_head_json":{"title":"\ud83c\udfad\u2728 \u00a1Un encuentro lleno de imaginaci\u00f3n y talento! \ud83c\udfb6\ud83d\udc83 - Crea Roma","robots":{"index":"index","follow":"follow","max-snippet":"max-snippet:-1","max-image-preview":"max-image-preview:large","max-video-preview":"max-video-preview:-1"},"canonical":"https:\/\/www.crea.gov.co\/crea-roma\/\ud83c\udfad\u2728-un-encuentro-lleno-de-imaginacion-y-talento-\ud83c\udfb6\ud83d\udc83\/","og_locale":"es_ES","og_type":"article","og_title":"\ud83c\udfad\u2728 \u00a1Un encuentro lleno de imaginaci\u00f3n y talento! \ud83c\udfb6\ud83d\udc83 - Crea Roma","og_description":"En el marco del Segundo Encuentro ECOS Crea,&nbsp; \u00a1Y si nos encontramos en el camino! El grupo de teatro Nube de Ideas y el grupo de danza Star Latin Dance, de la l\u00ednea Impulso Colectivo, se tomaron el escenario del Crea Roma para compartir con las familias sus procesos creativos. \ud83d\udc4f\ud83d\udc68\u200d\ud83d\udc69\u200d\ud83d\udc67\u200d\ud83d\udc66 Las ni\u00f1as y ni\u00f1os [&hellip;]","og_url":"https:\/\/www.crea.gov.co\/crea-roma\/\ud83c\udfad\u2728-un-encuentro-lleno-de-imaginacion-y-talento-\ud83c\udfb6\ud83d\udc83\/","og_site_name":"Crea Roma","article_published_time":"2025-07-29T20:29:13+00:00","article_modified_time":"2025-07-29T20:29:14+00:00","og_image":[{"width":1600,"height":1200,"url":"https:\/\/www.crea.gov.co\/crea-roma\/wp-content\/uploads\/sites\/10\/2025\/07\/WhatsApp-Image-2025-07-29-at-3.26.52-PM.jpeg","type":"image\/jpeg"}],"author":"crearoma","twitter_card":"summary_large_image","twitter_misc":{"Escrito por":"crearoma"},"schema":{"@context":"https:\/\/schema.org","@graph":[{"@type":"WebPage","@id":"https:\/\/www.crea.gov.co\/crea-roma\/%f0%9f%8e%ad%e2%9c%a8-un-encuentro-lleno-de-imaginacion-y-talento-%f0%9f%8e%b6%f0%9f%92%83\/","url":"https:\/\/www.crea.gov.co\/crea-roma\/%f0%9f%8e%ad%e2%9c%a8-un-encuentro-lleno-de-imaginacion-y-talento-%f0%9f%8e%b6%f0%9f%92%83\/","name":"\ud83c\udfad\u2728 \u00a1Un encuentro lleno de imaginaci\u00f3n y talento! \ud83c\udfb6\ud83d\udc83 - Crea Roma","isPartOf":{"@id":"https:\/\/www.crea.gov.co\/crea-roma\/#website"},"primaryImageOfPage":{"@id":"https:\/\/www.crea.gov.co\/crea-roma\/%f0%9f%8e%ad%e2%9c%a8-un-encuentro-lleno-de-imaginacion-y-talento-%f0%9f%8e%b6%f0%9f%92%83\/#primaryimage"},"image":{"@id":"https:\/\/www.crea.gov.co\/crea-roma\/%f0%9f%8e%ad%e2%9c%a8-un-encuentro-lleno-de-imaginacion-y-talento-%f0%9f%8e%b6%f0%9f%92%83\/#primaryimage"},"thumbnailUrl":"https:\/\/www.crea.gov.co\/crea-roma\/wp-content\/uploads\/sites\/10\/2025\/07\/WhatsApp-Image-2025-07-29-at-3.18.46-PM.jpeg","datePublished":"2025-07-29T20:29:13+00:00","dateModified":"2025-07-29T20:29:14+00:00","author":{"@id":"https:\/\/www.crea.gov.co\/crea-roma\/#\/schema\/person\/98d3131acf7d36de9766d95e8154256d"},"breadcrumb":{"@id":"https:\/\/www.crea.gov.co\/crea-roma\/%f0%9f%8e%ad%e2%9c%a8-un-encuentro-lleno-de-imaginacion-y-talento-%f0%9f%8e%b6%f0%9f%92%83\/#breadcrumb"},"inLanguage":"es-CO","potentialAction":[{"@type":"ReadAction","target":["https:\/\/www.crea.gov.co\/crea-roma\/%f0%9f%8e%ad%e2%9c%a8-un-encuentro-lleno-de-imaginacion-y-talento-%f0%9f%8e%b6%f0%9f%92%83\/"]}]},{"@type":"ImageObject","inLanguage":"es-CO","@id":"https:\/\/www.crea.gov.co\/crea-roma\/%f0%9f%8e%ad%e2%9c%a8-un-encuentro-lleno-de-imaginacion-y-talento-%f0%9f%8e%b6%f0%9f%92%83\/#primaryimage","url":"https:\/\/www.crea.gov.co\/crea-roma\/wp-content\/uploads\/sites\/10\/2025\/07\/WhatsApp-Image-2025-07-29-at-3.18.46-PM.jpeg","contentUrl":"https:\/\/www.crea.gov.co\/crea-roma\/wp-content\/uploads\/sites\/10\/2025\/07\/WhatsApp-Image-2025-07-29-at-3.18.46-PM.jpeg","width":1600,"height":1200},{"@type":"BreadcrumbList","@id":"https:\/\/www.crea.gov.co\/crea-roma\/%f0%9f%8e%ad%e2%9c%a8-un-encuentro-lleno-de-imaginacion-y-talento-%f0%9f%8e%b6%f0%9f%92%83\/#breadcrumb","itemListElement":[{"@type":"ListItem","position":1,"name":"Home","item":"https:\/\/www.crea.gov.co\/crea-roma\/"},{"@type":"ListItem","position":2,"name":"\ud83c\udfad\u2728 \u00a1Un encuentro lleno de imaginaci\u00f3n y talento! \ud83c\udfb6\ud83d\udc83"}]},{"@type":"WebSite","@id":"https:\/\/www.crea.gov.co\/crea-roma\/#website","url":"https:\/\/www.crea.gov.co\/crea-roma\/","name":"Crea Roma","description":"En Kennedy, rodeado de conjuntos y calles que guardan historias de familias que han crecido en el barrio, este espacio es un lugar donde la creatividad se entrelaza con la vida cotidiana. Aqu\u00ed, los lenguajes art\u00edsticos fortalecen lazos y dan voz a las experiencias de una comunidad que se reconoce en lo colectivo.","potentialAction":[{"@type":"SearchAction","target":{"@type":"EntryPoint","urlTemplate":"https:\/\/www.crea.gov.co\/crea-roma\/?s={search_term_string}"},"query-input":{"@type":"PropertyValueSpecification","valueRequired":true,"valueName":"search_term_string"}}],"inLanguage":"es-CO"},{"@type":"Person","@id":"https:\/\/www.crea.gov.co\/crea-roma\/#\/schema\/person\/98d3131acf7d36de9766d95e8154256d","name":"crearoma","image":{"@type":"ImageObject","inLanguage":"es-CO","@id":"https:\/\/www.crea.gov.co\/crea-roma\/#\/schema\/person\/image\/","url":"https:\/\/secure.gravatar.com\/avatar\/a932fc1012aeb823a10fc90d54ba8dd3?s=96&d=mm&r=g","contentUrl":"https:\/\/secure.gravatar.com\/avatar\/a932fc1012aeb823a10fc90d54ba8dd3?s=96&d=mm&r=g","caption":"crearoma"},"url":"https:\/\/www.crea.gov.co\/crea-roma\/author\/crearoma\/"}]}},"_links":{"self":[{"href":"https:\/\/www.crea.gov.co\/crea-roma\/wp-json\/wp\/v2\/posts\/1457","targetHints":{"allow":["GET"]}}],"collection":[{"href":"https:\/\/www.crea.gov.co\/crea-roma\/wp-json\/wp\/v2\/posts"}],"about":[{"href":"https:\/\/www.crea.gov.co\/crea-roma\/wp-json\/wp\/v2\/types\/post"}],"author":[{"embeddable":true,"href":"https:\/\/www.crea.gov.co\/crea-roma\/wp-json\/wp\/v2\/users\/89"}],"replies":[{"embeddable":true,"href":"https:\/\/www.crea.gov.co\/crea-roma\/wp-json\/wp\/v2\/comments?post=1457"}],"version-history":[{"count":2,"href":"https:\/\/www.crea.gov.co\/crea-roma\/wp-json\/wp\/v2\/posts\/1457\/revisions"}],"predecessor-version":[{"id":1471,"href":"https:\/\/www.crea.gov.co\/crea-roma\/wp-json\/wp\/v2\/posts\/1457\/revisions\/1471"}],"wp:featuredmedia":[{"embeddable":true,"href":"https:\/\/www.crea.gov.co\/crea-roma\/wp-json\/wp\/v2\/media\/1468"}],"wp:attachment":[{"href":"https:\/\/www.crea.gov.co\/crea-roma\/wp-json\/wp\/v2\/media?parent=1457"}],"wp:term":[{"taxonomy":"category","embeddable":true,"href":"https:\/\/www.crea.gov.co\/crea-roma\/wp-json\/wp\/v2\/categories?post=1457"},{"taxonomy":"post_tag","embeddable":true,"href":"https:\/\/www.crea.gov.co\/crea-roma\/wp-json\/wp\/v2\/tags?post=1457"}],"curies":[{"name":"wp","href":"https:\/\/api.w.org\/{rel}","templated":true}]}}