{"id":1443,"date":"2025-06-29T03:19:42","date_gmt":"2025-06-29T03:19:42","guid":{"rendered":"https:\/\/www.crea.gov.co\/crea-roma\/?p=1443"},"modified":"2025-07-02T02:45:16","modified_gmt":"2025-07-02T02:45:16","slug":"experiencia-digital","status":"publish","type":"post","link":"https:\/\/www.crea.gov.co\/crea-roma\/experiencia-digital\/","title":{"rendered":"\u00a1Experiencia digital!"},"content":{"rendered":"\n<p><strong>Del 24 de abril al 20 de junio, en la Fundaci\u00f3n Gustavo Aponte Rojas, ubicada en la localidad de Kennedy, barrio Ciudad de Cali, un grupo de ni\u00f1os y ni\u00f1as entre los 8 y 13 a\u00f1os vivi\u00f3 una experiencia de formaci\u00f3n y creaci\u00f3n en arte digital.<\/strong><\/p>\n\n\n<figure class=\"wp-block-post-featured-image\"><img loading=\"lazy\" decoding=\"async\" width=\"1600\" height=\"1200\" src=\"https:\/\/www.crea.gov.co\/crea-roma\/wp-content\/uploads\/sites\/10\/2025\/06\/WhatsApp-Image-2025-06-28-at-9.21.34-AM.jpeg\" class=\"attachment-post-thumbnail size-post-thumbnail wp-post-image\" alt=\"\" style=\"object-fit:cover;\" srcset=\"https:\/\/www.crea.gov.co\/crea-roma\/wp-content\/uploads\/sites\/10\/2025\/06\/WhatsApp-Image-2025-06-28-at-9.21.34-AM.jpeg 1600w, https:\/\/www.crea.gov.co\/crea-roma\/wp-content\/uploads\/sites\/10\/2025\/06\/WhatsApp-Image-2025-06-28-at-9.21.34-AM-300x225.jpeg 300w, https:\/\/www.crea.gov.co\/crea-roma\/wp-content\/uploads\/sites\/10\/2025\/06\/WhatsApp-Image-2025-06-28-at-9.21.34-AM-1024x768.jpeg 1024w, https:\/\/www.crea.gov.co\/crea-roma\/wp-content\/uploads\/sites\/10\/2025\/06\/WhatsApp-Image-2025-06-28-at-9.21.34-AM-768x576.jpeg 768w, https:\/\/www.crea.gov.co\/crea-roma\/wp-content\/uploads\/sites\/10\/2025\/06\/WhatsApp-Image-2025-06-28-at-9.21.34-AM-1536x1152.jpeg 1536w\" sizes=\"auto, (max-width: 1600px) 100vw, 1600px\" \/><\/figure>\n\n\n<p><strong>La artista formadora a cargo, Melisa Frine de la l\u00ednea impulso colectivo, nos cuenta c\u00f3mo fue el proceso:<\/strong><\/p>\n\n\n\n<p>\u201c<em>Durante toda la experiencia, los y las participantes mostraron un gran entusiasmo por aprender y explorar el mundo digital. Trabajamos con programas y aplicaciones que les permitieron ampliar sus destrezas y conocimientos, familiariz\u00e1ndose con diversas interfaces y softwares.<\/em><\/p>\n\n\n\n<p><em>Las sesiones promovieron la expresi\u00f3n personal y colectiva mediante herramientas digitales, incentivando la exploraci\u00f3n de la identidad en sus entornos familiares, cotidianos e imaginarios. Creamos personajes e historias, lo que dio lugar a un espacio de escucha, imaginaci\u00f3n y construcci\u00f3n colectiva en el \u00e1mbito digital. P\u00edxeles, dibujos, animaciones GIF y narrativas visuales reflejaron el vasto acervo de la cultura digital que alimenta e inspira a estos j\u00f3venes creadores.<\/em>\u201d<\/p>\n\n\n\n<figure class=\"wp-block-gallery has-nested-images columns-default is-cropped wp-block-gallery-1 is-layout-flex wp-block-gallery-is-layout-flex\">\n<figure class=\"wp-block-image size-large\"><img loading=\"lazy\" decoding=\"async\" width=\"1024\" height=\"949\" data-id=\"1445\" src=\"https:\/\/www.crea.gov.co\/crea-roma\/wp-content\/uploads\/sites\/10\/2025\/06\/WhatsApp-Image-2025-06-28-at-9.21.39-AM-1024x949.jpeg\" alt=\"\" class=\"wp-image-1445\" srcset=\"https:\/\/www.crea.gov.co\/crea-roma\/wp-content\/uploads\/sites\/10\/2025\/06\/WhatsApp-Image-2025-06-28-at-9.21.39-AM-1024x949.jpeg 1024w, https:\/\/www.crea.gov.co\/crea-roma\/wp-content\/uploads\/sites\/10\/2025\/06\/WhatsApp-Image-2025-06-28-at-9.21.39-AM-300x278.jpeg 300w, https:\/\/www.crea.gov.co\/crea-roma\/wp-content\/uploads\/sites\/10\/2025\/06\/WhatsApp-Image-2025-06-28-at-9.21.39-AM-768x711.jpeg 768w, https:\/\/www.crea.gov.co\/crea-roma\/wp-content\/uploads\/sites\/10\/2025\/06\/WhatsApp-Image-2025-06-28-at-9.21.39-AM.jpeg 1153w\" sizes=\"auto, (max-width: 1024px) 100vw, 1024px\" \/><\/figure>\n\n\n\n<figure class=\"wp-block-image size-large\"><img loading=\"lazy\" decoding=\"async\" width=\"1024\" height=\"658\" data-id=\"1446\" src=\"https:\/\/www.crea.gov.co\/crea-roma\/wp-content\/uploads\/sites\/10\/2025\/06\/WhatsApp-Image-2025-06-28-at-9.21.41-AM-1024x658.jpeg\" alt=\"\" class=\"wp-image-1446\" srcset=\"https:\/\/www.crea.gov.co\/crea-roma\/wp-content\/uploads\/sites\/10\/2025\/06\/WhatsApp-Image-2025-06-28-at-9.21.41-AM-1024x658.jpeg 1024w, https:\/\/www.crea.gov.co\/crea-roma\/wp-content\/uploads\/sites\/10\/2025\/06\/WhatsApp-Image-2025-06-28-at-9.21.41-AM-300x193.jpeg 300w, https:\/\/www.crea.gov.co\/crea-roma\/wp-content\/uploads\/sites\/10\/2025\/06\/WhatsApp-Image-2025-06-28-at-9.21.41-AM-768x493.jpeg 768w, https:\/\/www.crea.gov.co\/crea-roma\/wp-content\/uploads\/sites\/10\/2025\/06\/WhatsApp-Image-2025-06-28-at-9.21.41-AM.jpeg 1370w\" sizes=\"auto, (max-width: 1024px) 100vw, 1024px\" \/><\/figure>\n<\/figure>\n\n\n\n<p class=\"has-text-align-center\"><br><strong><em>\u201c Con este taller salimos de la zona de confort abrimos nuestra imaginaci\u00f3n\u201d<\/em><\/strong><\/p>\n\n\n\n<p>Muchas gracias a la Fundaci\u00f3n por permitir que el programa Crea lleve experiencias art\u00edsticas significativas a diferentes espacios alternos, donde el arte y la tecnolog\u00eda se unen para potenciar la creatividad, fortalecer la expresi\u00f3n individual y colectiva, y abrir nuevas posibilidades de aprendizaje y transformaci\u00f3n para ni\u00f1os, ni\u00f1as y j\u00f3venes.<\/p>\n\n\n\n<figure class=\"wp-block-gallery has-nested-images columns-default is-cropped wp-block-gallery-2 is-layout-flex wp-block-gallery-is-layout-flex\">\n<figure class=\"wp-block-image size-large\"><img loading=\"lazy\" decoding=\"async\" width=\"1024\" height=\"768\" data-id=\"1449\" src=\"https:\/\/www.crea.gov.co\/crea-roma\/wp-content\/uploads\/sites\/10\/2025\/06\/WhatsApp-Image-2025-07-01-at-9.43.47-PM-1024x768.jpeg\" alt=\"\" class=\"wp-image-1449\" srcset=\"https:\/\/www.crea.gov.co\/crea-roma\/wp-content\/uploads\/sites\/10\/2025\/06\/WhatsApp-Image-2025-07-01-at-9.43.47-PM-1024x768.jpeg 1024w, https:\/\/www.crea.gov.co\/crea-roma\/wp-content\/uploads\/sites\/10\/2025\/06\/WhatsApp-Image-2025-07-01-at-9.43.47-PM-300x225.jpeg 300w, https:\/\/www.crea.gov.co\/crea-roma\/wp-content\/uploads\/sites\/10\/2025\/06\/WhatsApp-Image-2025-07-01-at-9.43.47-PM-768x576.jpeg 768w, https:\/\/www.crea.gov.co\/crea-roma\/wp-content\/uploads\/sites\/10\/2025\/06\/WhatsApp-Image-2025-07-01-at-9.43.47-PM-1536x1152.jpeg 1536w, https:\/\/www.crea.gov.co\/crea-roma\/wp-content\/uploads\/sites\/10\/2025\/06\/WhatsApp-Image-2025-07-01-at-9.43.47-PM.jpeg 1600w\" sizes=\"auto, (max-width: 1024px) 100vw, 1024px\" \/><\/figure>\n\n\n\n<figure class=\"wp-block-image size-large\"><img loading=\"lazy\" decoding=\"async\" width=\"1024\" height=\"546\" data-id=\"1450\" src=\"https:\/\/www.crea.gov.co\/crea-roma\/wp-content\/uploads\/sites\/10\/2025\/06\/WhatsApp-Image-2025-06-28-at-9.21.35-AM-1-1024x546.jpeg\" alt=\"\" class=\"wp-image-1450\" srcset=\"https:\/\/www.crea.gov.co\/crea-roma\/wp-content\/uploads\/sites\/10\/2025\/06\/WhatsApp-Image-2025-06-28-at-9.21.35-AM-1-1024x546.jpeg 1024w, https:\/\/www.crea.gov.co\/crea-roma\/wp-content\/uploads\/sites\/10\/2025\/06\/WhatsApp-Image-2025-06-28-at-9.21.35-AM-1-300x160.jpeg 300w, https:\/\/www.crea.gov.co\/crea-roma\/wp-content\/uploads\/sites\/10\/2025\/06\/WhatsApp-Image-2025-06-28-at-9.21.35-AM-1-768x409.jpeg 768w, https:\/\/www.crea.gov.co\/crea-roma\/wp-content\/uploads\/sites\/10\/2025\/06\/WhatsApp-Image-2025-06-28-at-9.21.35-AM-1.jpeg 1280w\" sizes=\"auto, (max-width: 1024px) 100vw, 1024px\" \/><\/figure>\n<\/figure>\n","protected":false},"excerpt":{"rendered":"<p>Del 24 de abril al 20 de junio, en la Fundaci\u00f3n Gustavo Aponte Rojas, ubicada en la localidad de Kennedy, barrio Ciudad de Cali, un grupo de ni\u00f1os y ni\u00f1as entre los 8 y 13 a\u00f1os vivi\u00f3 una experiencia de formaci\u00f3n y creaci\u00f3n en arte digital. La artista formadora a cargo, Melisa Frine de la [&hellip;]<\/p>\n","protected":false},"author":89,"featured_media":1444,"comment_status":"open","ping_status":"open","sticky":false,"template":"","format":"standard","meta":{"footnotes":""},"categories":[1],"tags":[],"class_list":["post-1443","post","type-post","status-publish","format-standard","has-post-thumbnail","hentry","category-sin-categoria"],"yoast_head":"<!-- This site is optimized with the Yoast SEO plugin v24.5 - https:\/\/yoast.com\/wordpress\/plugins\/seo\/ -->\n<title>\u00a1Experiencia digital! - Crea Roma<\/title>\n<meta name=\"robots\" content=\"index, follow, max-snippet:-1, max-image-preview:large, max-video-preview:-1\" \/>\n<link rel=\"canonical\" href=\"https:\/\/www.crea.gov.co\/crea-roma\/experiencia-digital\/\" \/>\n<meta property=\"og:locale\" content=\"es_ES\" \/>\n<meta property=\"og:type\" content=\"article\" \/>\n<meta property=\"og:title\" content=\"\u00a1Experiencia digital! - Crea Roma\" \/>\n<meta property=\"og:description\" content=\"Del 24 de abril al 20 de junio, en la Fundaci\u00f3n Gustavo Aponte Rojas, ubicada en la localidad de Kennedy, barrio Ciudad de Cali, un grupo de ni\u00f1os y ni\u00f1as entre los 8 y 13 a\u00f1os vivi\u00f3 una experiencia de formaci\u00f3n y creaci\u00f3n en arte digital. La artista formadora a cargo, Melisa Frine de la [&hellip;]\" \/>\n<meta property=\"og:url\" content=\"https:\/\/www.crea.gov.co\/crea-roma\/experiencia-digital\/\" \/>\n<meta property=\"og:site_name\" content=\"Crea Roma\" \/>\n<meta property=\"article:published_time\" content=\"2025-06-29T03:19:42+00:00\" \/>\n<meta property=\"article:modified_time\" content=\"2025-07-02T02:45:16+00:00\" \/>\n<meta property=\"og:image\" content=\"https:\/\/www.crea.gov.co\/crea-roma\/wp-content\/uploads\/sites\/10\/2025\/06\/WhatsApp-Image-2025-06-28-at-9.21.34-AM.jpeg\" \/>\n\t<meta property=\"og:image:width\" content=\"1600\" \/>\n\t<meta property=\"og:image:height\" content=\"1200\" \/>\n\t<meta property=\"og:image:type\" content=\"image\/jpeg\" \/>\n<meta name=\"author\" content=\"crearoma\" \/>\n<meta name=\"twitter:card\" content=\"summary_large_image\" \/>\n<meta name=\"twitter:label1\" content=\"Escrito por\" \/>\n\t<meta name=\"twitter:data1\" content=\"crearoma\" \/>\n\t<meta name=\"twitter:label2\" content=\"Tiempo de lectura\" \/>\n\t<meta name=\"twitter:data2\" content=\"3 minutos\" \/>\n<script type=\"application\/ld+json\" class=\"yoast-schema-graph\">{\"@context\":\"https:\/\/schema.org\",\"@graph\":[{\"@type\":\"WebPage\",\"@id\":\"https:\/\/www.crea.gov.co\/crea-roma\/experiencia-digital\/\",\"url\":\"https:\/\/www.crea.gov.co\/crea-roma\/experiencia-digital\/\",\"name\":\"\u00a1Experiencia digital! - Crea Roma\",\"isPartOf\":{\"@id\":\"https:\/\/www.crea.gov.co\/crea-roma\/#website\"},\"primaryImageOfPage\":{\"@id\":\"https:\/\/www.crea.gov.co\/crea-roma\/experiencia-digital\/#primaryimage\"},\"image\":{\"@id\":\"https:\/\/www.crea.gov.co\/crea-roma\/experiencia-digital\/#primaryimage\"},\"thumbnailUrl\":\"https:\/\/www.crea.gov.co\/crea-roma\/wp-content\/uploads\/sites\/10\/2025\/06\/WhatsApp-Image-2025-06-28-at-9.21.34-AM.jpeg\",\"datePublished\":\"2025-06-29T03:19:42+00:00\",\"dateModified\":\"2025-07-02T02:45:16+00:00\",\"author\":{\"@id\":\"https:\/\/www.crea.gov.co\/crea-roma\/#\/schema\/person\/98d3131acf7d36de9766d95e8154256d\"},\"breadcrumb\":{\"@id\":\"https:\/\/www.crea.gov.co\/crea-roma\/experiencia-digital\/#breadcrumb\"},\"inLanguage\":\"es-CO\",\"potentialAction\":[{\"@type\":\"ReadAction\",\"target\":[\"https:\/\/www.crea.gov.co\/crea-roma\/experiencia-digital\/\"]}]},{\"@type\":\"ImageObject\",\"inLanguage\":\"es-CO\",\"@id\":\"https:\/\/www.crea.gov.co\/crea-roma\/experiencia-digital\/#primaryimage\",\"url\":\"https:\/\/www.crea.gov.co\/crea-roma\/wp-content\/uploads\/sites\/10\/2025\/06\/WhatsApp-Image-2025-06-28-at-9.21.34-AM.jpeg\",\"contentUrl\":\"https:\/\/www.crea.gov.co\/crea-roma\/wp-content\/uploads\/sites\/10\/2025\/06\/WhatsApp-Image-2025-06-28-at-9.21.34-AM.jpeg\",\"width\":1600,\"height\":1200},{\"@type\":\"BreadcrumbList\",\"@id\":\"https:\/\/www.crea.gov.co\/crea-roma\/experiencia-digital\/#breadcrumb\",\"itemListElement\":[{\"@type\":\"ListItem\",\"position\":1,\"name\":\"Home\",\"item\":\"https:\/\/www.crea.gov.co\/crea-roma\/\"},{\"@type\":\"ListItem\",\"position\":2,\"name\":\"\u00a1Experiencia digital!\"}]},{\"@type\":\"WebSite\",\"@id\":\"https:\/\/www.crea.gov.co\/crea-roma\/#website\",\"url\":\"https:\/\/www.crea.gov.co\/crea-roma\/\",\"name\":\"Crea Roma\",\"description\":\"En Kennedy, rodeado de conjuntos y calles que guardan historias de familias que han crecido en el barrio, este espacio es un lugar donde la creatividad se entrelaza con la vida cotidiana. Aqu\u00ed, los lenguajes art\u00edsticos fortalecen lazos y dan voz a las experiencias de una comunidad que se reconoce en lo colectivo.\",\"potentialAction\":[{\"@type\":\"SearchAction\",\"target\":{\"@type\":\"EntryPoint\",\"urlTemplate\":\"https:\/\/www.crea.gov.co\/crea-roma\/?s={search_term_string}\"},\"query-input\":{\"@type\":\"PropertyValueSpecification\",\"valueRequired\":true,\"valueName\":\"search_term_string\"}}],\"inLanguage\":\"es-CO\"},{\"@type\":\"Person\",\"@id\":\"https:\/\/www.crea.gov.co\/crea-roma\/#\/schema\/person\/98d3131acf7d36de9766d95e8154256d\",\"name\":\"crearoma\",\"image\":{\"@type\":\"ImageObject\",\"inLanguage\":\"es-CO\",\"@id\":\"https:\/\/www.crea.gov.co\/crea-roma\/#\/schema\/person\/image\/\",\"url\":\"https:\/\/secure.gravatar.com\/avatar\/a932fc1012aeb823a10fc90d54ba8dd3?s=96&d=mm&r=g\",\"contentUrl\":\"https:\/\/secure.gravatar.com\/avatar\/a932fc1012aeb823a10fc90d54ba8dd3?s=96&d=mm&r=g\",\"caption\":\"crearoma\"},\"url\":\"https:\/\/www.crea.gov.co\/crea-roma\/author\/crearoma\/\"}]}<\/script>\n<!-- \/ Yoast SEO plugin. -->","yoast_head_json":{"title":"\u00a1Experiencia digital! - Crea Roma","robots":{"index":"index","follow":"follow","max-snippet":"max-snippet:-1","max-image-preview":"max-image-preview:large","max-video-preview":"max-video-preview:-1"},"canonical":"https:\/\/www.crea.gov.co\/crea-roma\/experiencia-digital\/","og_locale":"es_ES","og_type":"article","og_title":"\u00a1Experiencia digital! - Crea Roma","og_description":"Del 24 de abril al 20 de junio, en la Fundaci\u00f3n Gustavo Aponte Rojas, ubicada en la localidad de Kennedy, barrio Ciudad de Cali, un grupo de ni\u00f1os y ni\u00f1as entre los 8 y 13 a\u00f1os vivi\u00f3 una experiencia de formaci\u00f3n y creaci\u00f3n en arte digital. La artista formadora a cargo, Melisa Frine de la [&hellip;]","og_url":"https:\/\/www.crea.gov.co\/crea-roma\/experiencia-digital\/","og_site_name":"Crea Roma","article_published_time":"2025-06-29T03:19:42+00:00","article_modified_time":"2025-07-02T02:45:16+00:00","og_image":[{"width":1600,"height":1200,"url":"https:\/\/www.crea.gov.co\/crea-roma\/wp-content\/uploads\/sites\/10\/2025\/06\/WhatsApp-Image-2025-06-28-at-9.21.34-AM.jpeg","type":"image\/jpeg"}],"author":"crearoma","twitter_card":"summary_large_image","twitter_misc":{"Escrito por":"crearoma","Tiempo de lectura":"3 minutos"},"schema":{"@context":"https:\/\/schema.org","@graph":[{"@type":"WebPage","@id":"https:\/\/www.crea.gov.co\/crea-roma\/experiencia-digital\/","url":"https:\/\/www.crea.gov.co\/crea-roma\/experiencia-digital\/","name":"\u00a1Experiencia digital! - Crea Roma","isPartOf":{"@id":"https:\/\/www.crea.gov.co\/crea-roma\/#website"},"primaryImageOfPage":{"@id":"https:\/\/www.crea.gov.co\/crea-roma\/experiencia-digital\/#primaryimage"},"image":{"@id":"https:\/\/www.crea.gov.co\/crea-roma\/experiencia-digital\/#primaryimage"},"thumbnailUrl":"https:\/\/www.crea.gov.co\/crea-roma\/wp-content\/uploads\/sites\/10\/2025\/06\/WhatsApp-Image-2025-06-28-at-9.21.34-AM.jpeg","datePublished":"2025-06-29T03:19:42+00:00","dateModified":"2025-07-02T02:45:16+00:00","author":{"@id":"https:\/\/www.crea.gov.co\/crea-roma\/#\/schema\/person\/98d3131acf7d36de9766d95e8154256d"},"breadcrumb":{"@id":"https:\/\/www.crea.gov.co\/crea-roma\/experiencia-digital\/#breadcrumb"},"inLanguage":"es-CO","potentialAction":[{"@type":"ReadAction","target":["https:\/\/www.crea.gov.co\/crea-roma\/experiencia-digital\/"]}]},{"@type":"ImageObject","inLanguage":"es-CO","@id":"https:\/\/www.crea.gov.co\/crea-roma\/experiencia-digital\/#primaryimage","url":"https:\/\/www.crea.gov.co\/crea-roma\/wp-content\/uploads\/sites\/10\/2025\/06\/WhatsApp-Image-2025-06-28-at-9.21.34-AM.jpeg","contentUrl":"https:\/\/www.crea.gov.co\/crea-roma\/wp-content\/uploads\/sites\/10\/2025\/06\/WhatsApp-Image-2025-06-28-at-9.21.34-AM.jpeg","width":1600,"height":1200},{"@type":"BreadcrumbList","@id":"https:\/\/www.crea.gov.co\/crea-roma\/experiencia-digital\/#breadcrumb","itemListElement":[{"@type":"ListItem","position":1,"name":"Home","item":"https:\/\/www.crea.gov.co\/crea-roma\/"},{"@type":"ListItem","position":2,"name":"\u00a1Experiencia digital!"}]},{"@type":"WebSite","@id":"https:\/\/www.crea.gov.co\/crea-roma\/#website","url":"https:\/\/www.crea.gov.co\/crea-roma\/","name":"Crea Roma","description":"En Kennedy, rodeado de conjuntos y calles que guardan historias de familias que han crecido en el barrio, este espacio es un lugar donde la creatividad se entrelaza con la vida cotidiana. Aqu\u00ed, los lenguajes art\u00edsticos fortalecen lazos y dan voz a las experiencias de una comunidad que se reconoce en lo colectivo.","potentialAction":[{"@type":"SearchAction","target":{"@type":"EntryPoint","urlTemplate":"https:\/\/www.crea.gov.co\/crea-roma\/?s={search_term_string}"},"query-input":{"@type":"PropertyValueSpecification","valueRequired":true,"valueName":"search_term_string"}}],"inLanguage":"es-CO"},{"@type":"Person","@id":"https:\/\/www.crea.gov.co\/crea-roma\/#\/schema\/person\/98d3131acf7d36de9766d95e8154256d","name":"crearoma","image":{"@type":"ImageObject","inLanguage":"es-CO","@id":"https:\/\/www.crea.gov.co\/crea-roma\/#\/schema\/person\/image\/","url":"https:\/\/secure.gravatar.com\/avatar\/a932fc1012aeb823a10fc90d54ba8dd3?s=96&d=mm&r=g","contentUrl":"https:\/\/secure.gravatar.com\/avatar\/a932fc1012aeb823a10fc90d54ba8dd3?s=96&d=mm&r=g","caption":"crearoma"},"url":"https:\/\/www.crea.gov.co\/crea-roma\/author\/crearoma\/"}]}},"_links":{"self":[{"href":"https:\/\/www.crea.gov.co\/crea-roma\/wp-json\/wp\/v2\/posts\/1443","targetHints":{"allow":["GET"]}}],"collection":[{"href":"https:\/\/www.crea.gov.co\/crea-roma\/wp-json\/wp\/v2\/posts"}],"about":[{"href":"https:\/\/www.crea.gov.co\/crea-roma\/wp-json\/wp\/v2\/types\/post"}],"author":[{"embeddable":true,"href":"https:\/\/www.crea.gov.co\/crea-roma\/wp-json\/wp\/v2\/users\/89"}],"replies":[{"embeddable":true,"href":"https:\/\/www.crea.gov.co\/crea-roma\/wp-json\/wp\/v2\/comments?post=1443"}],"version-history":[{"count":2,"href":"https:\/\/www.crea.gov.co\/crea-roma\/wp-json\/wp\/v2\/posts\/1443\/revisions"}],"predecessor-version":[{"id":1451,"href":"https:\/\/www.crea.gov.co\/crea-roma\/wp-json\/wp\/v2\/posts\/1443\/revisions\/1451"}],"wp:featuredmedia":[{"embeddable":true,"href":"https:\/\/www.crea.gov.co\/crea-roma\/wp-json\/wp\/v2\/media\/1444"}],"wp:attachment":[{"href":"https:\/\/www.crea.gov.co\/crea-roma\/wp-json\/wp\/v2\/media?parent=1443"}],"wp:term":[{"taxonomy":"category","embeddable":true,"href":"https:\/\/www.crea.gov.co\/crea-roma\/wp-json\/wp\/v2\/categories?post=1443"},{"taxonomy":"post_tag","embeddable":true,"href":"https:\/\/www.crea.gov.co\/crea-roma\/wp-json\/wp\/v2\/tags?post=1443"}],"curies":[{"name":"wp","href":"https:\/\/api.w.org\/{rel}","templated":true}]}}