{"id":1432,"date":"2025-06-11T14:35:01","date_gmt":"2025-06-11T14:35:01","guid":{"rendered":"https:\/\/www.crea.gov.co\/crea-roma\/?p=1432"},"modified":"2025-06-11T14:35:01","modified_gmt":"2025-06-11T14:35:01","slug":"vacaciones-crea-experiencias-imperdibles","status":"publish","type":"post","link":"https:\/\/www.crea.gov.co\/crea-roma\/vacaciones-crea-experiencias-imperdibles\/","title":{"rendered":"\u00a1Vacaciones Crea, experiencias imperdibles!"},"content":{"rendered":"\n<p>Estas vacaciones, d\u00e9jate sorprender por todo lo que el programa Crea tiene para ti. Disfruta de talleres art\u00edsticos del 21 de junio al 12 de julio en los 20 Centros Crea de Bogot\u00e1. \u00a1Totalmente gratis!<\/p>\n\n\n\n<p>Te esperamos en el <strong>Crea Roma<\/strong> con una variada oferta de talleres donde podr\u00e1s darle <em>play<\/em> a tu cuerpo, dejarte envolver por el movimiento, la m\u00fasica y las im\u00e1genes. Expresa tus emociones y vive el arte en comunidad.<br><strong><em>\u00a1No te lo pierdas!<\/em><\/strong><\/p>\n\n\n<figure class=\"wp-block-post-featured-image\"><img loading=\"lazy\" decoding=\"async\" width=\"1081\" height=\"1351\" src=\"https:\/\/www.crea.gov.co\/crea-roma\/wp-content\/uploads\/sites\/10\/2025\/06\/VACACIONES.png\" class=\"attachment-post-thumbnail size-post-thumbnail wp-post-image\" alt=\"\" style=\"object-fit:cover;\" srcset=\"https:\/\/www.crea.gov.co\/crea-roma\/wp-content\/uploads\/sites\/10\/2025\/06\/VACACIONES.png 1081w, https:\/\/www.crea.gov.co\/crea-roma\/wp-content\/uploads\/sites\/10\/2025\/06\/VACACIONES-240x300.png 240w, https:\/\/www.crea.gov.co\/crea-roma\/wp-content\/uploads\/sites\/10\/2025\/06\/VACACIONES-819x1024.png 819w, https:\/\/www.crea.gov.co\/crea-roma\/wp-content\/uploads\/sites\/10\/2025\/06\/VACACIONES-768x960.png 768w\" sizes=\"auto, (max-width: 1081px) 100vw, 1081px\" \/><\/figure>\n\n\n<figure class=\"wp-block-audio\"><audio controls src=\"https:\/\/www.crea.gov.co\/crea-roma\/wp-content\/uploads\/sites\/10\/2025\/06\/Audio-Vacaciones.mp3\"><\/audio><\/figure>\n\n\n<div class=\"wp-block-image\">\n<figure class=\"aligncenter size-large\"><img loading=\"lazy\" decoding=\"async\" width=\"576\" height=\"1024\" src=\"https:\/\/www.crea.gov.co\/crea-roma\/wp-content\/uploads\/sites\/10\/2025\/06\/0.-Vacaciones-Crea-Roma-1-576x1024.jpg\" alt=\"\" class=\"wp-image-1436\" srcset=\"https:\/\/www.crea.gov.co\/crea-roma\/wp-content\/uploads\/sites\/10\/2025\/06\/0.-Vacaciones-Crea-Roma-1-576x1024.jpg 576w, https:\/\/www.crea.gov.co\/crea-roma\/wp-content\/uploads\/sites\/10\/2025\/06\/0.-Vacaciones-Crea-Roma-1-169x300.jpg 169w, https:\/\/www.crea.gov.co\/crea-roma\/wp-content\/uploads\/sites\/10\/2025\/06\/0.-Vacaciones-Crea-Roma-1-768x1366.jpg 768w, https:\/\/www.crea.gov.co\/crea-roma\/wp-content\/uploads\/sites\/10\/2025\/06\/0.-Vacaciones-Crea-Roma-1-864x1536.jpg 864w, https:\/\/www.crea.gov.co\/crea-roma\/wp-content\/uploads\/sites\/10\/2025\/06\/0.-Vacaciones-Crea-Roma-1-1152x2048.jpg 1152w, https:\/\/www.crea.gov.co\/crea-roma\/wp-content\/uploads\/sites\/10\/2025\/06\/0.-Vacaciones-Crea-Roma-1.jpg 1406w\" sizes=\"auto, (max-width: 576px) 100vw, 576px\" \/><\/figure><\/div>\n\n\n<div class=\"wp-block-cover is-light\" style=\"min-height:91px;aspect-ratio:unset;\"><span aria-hidden=\"true\" class=\"wp-block-cover__background has-light-green-cyan-background-color has-background-dim-100 has-background-dim\"><\/span><div class=\"wp-block-cover__inner-container is-layout-constrained wp-block-cover-is-layout-constrained\">\n<p class=\"has-text-align-center has-large-font-size\"><strong>\u00a1INSCRIPCIONES ABIERTAS!<\/strong><\/p>\n<\/div><\/div>\n\n\n\n<figure class=\"wp-block-gallery has-nested-images columns-default is-cropped wp-block-gallery-1 is-layout-flex wp-block-gallery-is-layout-flex\">\n<figure class=\"wp-block-image size-large\"><img loading=\"lazy\" decoding=\"async\" width=\"576\" height=\"1024\" data-id=\"1437\" src=\"https:\/\/www.crea.gov.co\/crea-roma\/wp-content\/uploads\/sites\/10\/2025\/06\/4.-CACHARROS-LUMINOSOS-576x1024.jpg\" alt=\"\" class=\"wp-image-1437\" srcset=\"https:\/\/www.crea.gov.co\/crea-roma\/wp-content\/uploads\/sites\/10\/2025\/06\/4.-CACHARROS-LUMINOSOS-576x1024.jpg 576w, https:\/\/www.crea.gov.co\/crea-roma\/wp-content\/uploads\/sites\/10\/2025\/06\/4.-CACHARROS-LUMINOSOS-169x300.jpg 169w, https:\/\/www.crea.gov.co\/crea-roma\/wp-content\/uploads\/sites\/10\/2025\/06\/4.-CACHARROS-LUMINOSOS-768x1366.jpg 768w, https:\/\/www.crea.gov.co\/crea-roma\/wp-content\/uploads\/sites\/10\/2025\/06\/4.-CACHARROS-LUMINOSOS-864x1536.jpg 864w, https:\/\/www.crea.gov.co\/crea-roma\/wp-content\/uploads\/sites\/10\/2025\/06\/4.-CACHARROS-LUMINOSOS-1152x2048.jpg 1152w, https:\/\/www.crea.gov.co\/crea-roma\/wp-content\/uploads\/sites\/10\/2025\/06\/4.-CACHARROS-LUMINOSOS.jpg 1406w\" sizes=\"auto, (max-width: 576px) 100vw, 576px\" \/><\/figure>\n\n\n\n<figure class=\"wp-block-image size-large\"><img loading=\"lazy\" decoding=\"async\" width=\"576\" height=\"1024\" data-id=\"1439\" src=\"https:\/\/www.crea.gov.co\/crea-roma\/wp-content\/uploads\/sites\/10\/2025\/06\/3.-COMPOSICION-DE-CANCIONES-576x1024.jpg\" alt=\"\" class=\"wp-image-1439\" srcset=\"https:\/\/www.crea.gov.co\/crea-roma\/wp-content\/uploads\/sites\/10\/2025\/06\/3.-COMPOSICION-DE-CANCIONES-576x1024.jpg 576w, https:\/\/www.crea.gov.co\/crea-roma\/wp-content\/uploads\/sites\/10\/2025\/06\/3.-COMPOSICION-DE-CANCIONES-169x300.jpg 169w, https:\/\/www.crea.gov.co\/crea-roma\/wp-content\/uploads\/sites\/10\/2025\/06\/3.-COMPOSICION-DE-CANCIONES-768x1366.jpg 768w, https:\/\/www.crea.gov.co\/crea-roma\/wp-content\/uploads\/sites\/10\/2025\/06\/3.-COMPOSICION-DE-CANCIONES-864x1536.jpg 864w, https:\/\/www.crea.gov.co\/crea-roma\/wp-content\/uploads\/sites\/10\/2025\/06\/3.-COMPOSICION-DE-CANCIONES-1152x2048.jpg 1152w, https:\/\/www.crea.gov.co\/crea-roma\/wp-content\/uploads\/sites\/10\/2025\/06\/3.-COMPOSICION-DE-CANCIONES.jpg 1406w\" sizes=\"auto, (max-width: 576px) 100vw, 576px\" \/><\/figure>\n\n\n\n<figure class=\"wp-block-image size-large\"><img loading=\"lazy\" decoding=\"async\" width=\"576\" height=\"1024\" data-id=\"1438\" src=\"https:\/\/www.crea.gov.co\/crea-roma\/wp-content\/uploads\/sites\/10\/2025\/06\/2.-PUBLICACIONES-576x1024.jpg\" alt=\"\" class=\"wp-image-1438\" srcset=\"https:\/\/www.crea.gov.co\/crea-roma\/wp-content\/uploads\/sites\/10\/2025\/06\/2.-PUBLICACIONES-576x1024.jpg 576w, https:\/\/www.crea.gov.co\/crea-roma\/wp-content\/uploads\/sites\/10\/2025\/06\/2.-PUBLICACIONES-169x300.jpg 169w, https:\/\/www.crea.gov.co\/crea-roma\/wp-content\/uploads\/sites\/10\/2025\/06\/2.-PUBLICACIONES-768x1366.jpg 768w, https:\/\/www.crea.gov.co\/crea-roma\/wp-content\/uploads\/sites\/10\/2025\/06\/2.-PUBLICACIONES-864x1536.jpg 864w, https:\/\/www.crea.gov.co\/crea-roma\/wp-content\/uploads\/sites\/10\/2025\/06\/2.-PUBLICACIONES-1152x2048.jpg 1152w, https:\/\/www.crea.gov.co\/crea-roma\/wp-content\/uploads\/sites\/10\/2025\/06\/2.-PUBLICACIONES.jpg 1406w\" sizes=\"auto, (max-width: 576px) 100vw, 576px\" \/><\/figure>\n\n\n\n<figure class=\"wp-block-image size-large\"><img loading=\"lazy\" decoding=\"async\" width=\"576\" height=\"1024\" data-id=\"1440\" src=\"https:\/\/www.crea.gov.co\/crea-roma\/wp-content\/uploads\/sites\/10\/2025\/06\/1.-PERCUSION-CORPORAL-576x1024.jpg\" alt=\"\" class=\"wp-image-1440\" srcset=\"https:\/\/www.crea.gov.co\/crea-roma\/wp-content\/uploads\/sites\/10\/2025\/06\/1.-PERCUSION-CORPORAL-576x1024.jpg 576w, https:\/\/www.crea.gov.co\/crea-roma\/wp-content\/uploads\/sites\/10\/2025\/06\/1.-PERCUSION-CORPORAL-169x300.jpg 169w, https:\/\/www.crea.gov.co\/crea-roma\/wp-content\/uploads\/sites\/10\/2025\/06\/1.-PERCUSION-CORPORAL-768x1366.jpg 768w, https:\/\/www.crea.gov.co\/crea-roma\/wp-content\/uploads\/sites\/10\/2025\/06\/1.-PERCUSION-CORPORAL-864x1536.jpg 864w, https:\/\/www.crea.gov.co\/crea-roma\/wp-content\/uploads\/sites\/10\/2025\/06\/1.-PERCUSION-CORPORAL-1152x2048.jpg 1152w, https:\/\/www.crea.gov.co\/crea-roma\/wp-content\/uploads\/sites\/10\/2025\/06\/1.-PERCUSION-CORPORAL.jpg 1406w\" sizes=\"auto, (max-width: 576px) 100vw, 576px\" \/><\/figure>\n\n\n\n<figure class=\"wp-block-image size-large\"><img loading=\"lazy\" decoding=\"async\" width=\"576\" height=\"1024\" data-id=\"1441\" src=\"https:\/\/www.crea.gov.co\/crea-roma\/wp-content\/uploads\/sites\/10\/2025\/06\/5.-DALE-PLAY-A-TU-CUERPO-576x1024.jpg\" alt=\"\" class=\"wp-image-1441\" srcset=\"https:\/\/www.crea.gov.co\/crea-roma\/wp-content\/uploads\/sites\/10\/2025\/06\/5.-DALE-PLAY-A-TU-CUERPO-576x1024.jpg 576w, https:\/\/www.crea.gov.co\/crea-roma\/wp-content\/uploads\/sites\/10\/2025\/06\/5.-DALE-PLAY-A-TU-CUERPO-169x300.jpg 169w, https:\/\/www.crea.gov.co\/crea-roma\/wp-content\/uploads\/sites\/10\/2025\/06\/5.-DALE-PLAY-A-TU-CUERPO-768x1366.jpg 768w, https:\/\/www.crea.gov.co\/crea-roma\/wp-content\/uploads\/sites\/10\/2025\/06\/5.-DALE-PLAY-A-TU-CUERPO-864x1536.jpg 864w, https:\/\/www.crea.gov.co\/crea-roma\/wp-content\/uploads\/sites\/10\/2025\/06\/5.-DALE-PLAY-A-TU-CUERPO-1152x2048.jpg 1152w, https:\/\/www.crea.gov.co\/crea-roma\/wp-content\/uploads\/sites\/10\/2025\/06\/5.-DALE-PLAY-A-TU-CUERPO.jpg 1406w\" sizes=\"auto, (max-width: 576px) 100vw, 576px\" \/><\/figure>\n<\/figure>\n","protected":false},"excerpt":{"rendered":"<p>Estas vacaciones, d\u00e9jate sorprender por todo lo que el programa Crea tiene para ti. Disfruta de talleres art\u00edsticos del 21 de junio al 12 de julio en los 20 Centros Crea de Bogot\u00e1. \u00a1Totalmente gratis! Te esperamos en el Crea Roma con una variada oferta de talleres donde podr\u00e1s darle play a tu cuerpo, dejarte [&hellip;]<\/p>\n","protected":false},"author":89,"featured_media":1433,"comment_status":"open","ping_status":"open","sticky":false,"template":"","format":"standard","meta":{"footnotes":""},"categories":[1],"tags":[],"class_list":["post-1432","post","type-post","status-publish","format-standard","has-post-thumbnail","hentry","category-sin-categoria"],"yoast_head":"<!-- This site is optimized with the Yoast SEO plugin v24.5 - https:\/\/yoast.com\/wordpress\/plugins\/seo\/ -->\n<title>\u00a1Vacaciones Crea, experiencias imperdibles! - Crea Roma<\/title>\n<meta name=\"robots\" content=\"index, follow, max-snippet:-1, max-image-preview:large, max-video-preview:-1\" \/>\n<link rel=\"canonical\" href=\"https:\/\/www.crea.gov.co\/crea-roma\/vacaciones-crea-experiencias-imperdibles\/\" \/>\n<meta property=\"og:locale\" content=\"es_ES\" \/>\n<meta property=\"og:type\" content=\"article\" \/>\n<meta property=\"og:title\" content=\"\u00a1Vacaciones Crea, experiencias imperdibles! - Crea Roma\" \/>\n<meta property=\"og:description\" content=\"Estas vacaciones, d\u00e9jate sorprender por todo lo que el programa Crea tiene para ti. Disfruta de talleres art\u00edsticos del 21 de junio al 12 de julio en los 20 Centros Crea de Bogot\u00e1. \u00a1Totalmente gratis! Te esperamos en el Crea Roma con una variada oferta de talleres donde podr\u00e1s darle play a tu cuerpo, dejarte [&hellip;]\" \/>\n<meta property=\"og:url\" content=\"https:\/\/www.crea.gov.co\/crea-roma\/vacaciones-crea-experiencias-imperdibles\/\" \/>\n<meta property=\"og:site_name\" content=\"Crea Roma\" \/>\n<meta property=\"article:published_time\" content=\"2025-06-11T14:35:01+00:00\" \/>\n<meta property=\"og:image\" content=\"https:\/\/www.crea.gov.co\/crea-roma\/wp-content\/uploads\/sites\/10\/2025\/06\/VACACIONES.png\" \/>\n\t<meta property=\"og:image:width\" content=\"1081\" \/>\n\t<meta property=\"og:image:height\" content=\"1351\" \/>\n\t<meta property=\"og:image:type\" content=\"image\/png\" \/>\n<meta name=\"author\" content=\"crearoma\" \/>\n<meta name=\"twitter:card\" content=\"summary_large_image\" \/>\n<meta name=\"twitter:label1\" content=\"Escrito por\" \/>\n\t<meta name=\"twitter:data1\" content=\"crearoma\" \/>\n\t<meta name=\"twitter:label2\" content=\"Tiempo de lectura\" \/>\n\t<meta name=\"twitter:data2\" content=\"2 minutos\" \/>\n<script type=\"application\/ld+json\" class=\"yoast-schema-graph\">{\"@context\":\"https:\/\/schema.org\",\"@graph\":[{\"@type\":\"WebPage\",\"@id\":\"https:\/\/www.crea.gov.co\/crea-roma\/vacaciones-crea-experiencias-imperdibles\/\",\"url\":\"https:\/\/www.crea.gov.co\/crea-roma\/vacaciones-crea-experiencias-imperdibles\/\",\"name\":\"\u00a1Vacaciones Crea, experiencias imperdibles! - Crea Roma\",\"isPartOf\":{\"@id\":\"https:\/\/www.crea.gov.co\/crea-roma\/#website\"},\"primaryImageOfPage\":{\"@id\":\"https:\/\/www.crea.gov.co\/crea-roma\/vacaciones-crea-experiencias-imperdibles\/#primaryimage\"},\"image\":{\"@id\":\"https:\/\/www.crea.gov.co\/crea-roma\/vacaciones-crea-experiencias-imperdibles\/#primaryimage\"},\"thumbnailUrl\":\"https:\/\/www.crea.gov.co\/crea-roma\/wp-content\/uploads\/sites\/10\/2025\/06\/VACACIONES.png\",\"datePublished\":\"2025-06-11T14:35:01+00:00\",\"author\":{\"@id\":\"https:\/\/www.crea.gov.co\/crea-roma\/#\/schema\/person\/98d3131acf7d36de9766d95e8154256d\"},\"breadcrumb\":{\"@id\":\"https:\/\/www.crea.gov.co\/crea-roma\/vacaciones-crea-experiencias-imperdibles\/#breadcrumb\"},\"inLanguage\":\"es-CO\",\"potentialAction\":[{\"@type\":\"ReadAction\",\"target\":[\"https:\/\/www.crea.gov.co\/crea-roma\/vacaciones-crea-experiencias-imperdibles\/\"]}]},{\"@type\":\"ImageObject\",\"inLanguage\":\"es-CO\",\"@id\":\"https:\/\/www.crea.gov.co\/crea-roma\/vacaciones-crea-experiencias-imperdibles\/#primaryimage\",\"url\":\"https:\/\/www.crea.gov.co\/crea-roma\/wp-content\/uploads\/sites\/10\/2025\/06\/VACACIONES.png\",\"contentUrl\":\"https:\/\/www.crea.gov.co\/crea-roma\/wp-content\/uploads\/sites\/10\/2025\/06\/VACACIONES.png\",\"width\":1081,\"height\":1351},{\"@type\":\"BreadcrumbList\",\"@id\":\"https:\/\/www.crea.gov.co\/crea-roma\/vacaciones-crea-experiencias-imperdibles\/#breadcrumb\",\"itemListElement\":[{\"@type\":\"ListItem\",\"position\":1,\"name\":\"Home\",\"item\":\"https:\/\/www.crea.gov.co\/crea-roma\/\"},{\"@type\":\"ListItem\",\"position\":2,\"name\":\"\u00a1Vacaciones Crea, experiencias imperdibles!\"}]},{\"@type\":\"WebSite\",\"@id\":\"https:\/\/www.crea.gov.co\/crea-roma\/#website\",\"url\":\"https:\/\/www.crea.gov.co\/crea-roma\/\",\"name\":\"Crea Roma\",\"description\":\"En Kennedy, rodeado de conjuntos y calles que guardan historias de familias que han crecido en el barrio, este espacio es un lugar donde la creatividad se entrelaza con la vida cotidiana. Aqu\u00ed, los lenguajes art\u00edsticos fortalecen lazos y dan voz a las experiencias de una comunidad que se reconoce en lo colectivo.\",\"potentialAction\":[{\"@type\":\"SearchAction\",\"target\":{\"@type\":\"EntryPoint\",\"urlTemplate\":\"https:\/\/www.crea.gov.co\/crea-roma\/?s={search_term_string}\"},\"query-input\":{\"@type\":\"PropertyValueSpecification\",\"valueRequired\":true,\"valueName\":\"search_term_string\"}}],\"inLanguage\":\"es-CO\"},{\"@type\":\"Person\",\"@id\":\"https:\/\/www.crea.gov.co\/crea-roma\/#\/schema\/person\/98d3131acf7d36de9766d95e8154256d\",\"name\":\"crearoma\",\"image\":{\"@type\":\"ImageObject\",\"inLanguage\":\"es-CO\",\"@id\":\"https:\/\/www.crea.gov.co\/crea-roma\/#\/schema\/person\/image\/\",\"url\":\"https:\/\/secure.gravatar.com\/avatar\/a932fc1012aeb823a10fc90d54ba8dd3?s=96&d=mm&r=g\",\"contentUrl\":\"https:\/\/secure.gravatar.com\/avatar\/a932fc1012aeb823a10fc90d54ba8dd3?s=96&d=mm&r=g\",\"caption\":\"crearoma\"},\"url\":\"https:\/\/www.crea.gov.co\/crea-roma\/author\/crearoma\/\"}]}<\/script>\n<!-- \/ Yoast SEO plugin. -->","yoast_head_json":{"title":"\u00a1Vacaciones Crea, experiencias imperdibles! - Crea Roma","robots":{"index":"index","follow":"follow","max-snippet":"max-snippet:-1","max-image-preview":"max-image-preview:large","max-video-preview":"max-video-preview:-1"},"canonical":"https:\/\/www.crea.gov.co\/crea-roma\/vacaciones-crea-experiencias-imperdibles\/","og_locale":"es_ES","og_type":"article","og_title":"\u00a1Vacaciones Crea, experiencias imperdibles! - Crea Roma","og_description":"Estas vacaciones, d\u00e9jate sorprender por todo lo que el programa Crea tiene para ti. Disfruta de talleres art\u00edsticos del 21 de junio al 12 de julio en los 20 Centros Crea de Bogot\u00e1. \u00a1Totalmente gratis! Te esperamos en el Crea Roma con una variada oferta de talleres donde podr\u00e1s darle play a tu cuerpo, dejarte [&hellip;]","og_url":"https:\/\/www.crea.gov.co\/crea-roma\/vacaciones-crea-experiencias-imperdibles\/","og_site_name":"Crea Roma","article_published_time":"2025-06-11T14:35:01+00:00","og_image":[{"width":1081,"height":1351,"url":"https:\/\/www.crea.gov.co\/crea-roma\/wp-content\/uploads\/sites\/10\/2025\/06\/VACACIONES.png","type":"image\/png"}],"author":"crearoma","twitter_card":"summary_large_image","twitter_misc":{"Escrito por":"crearoma","Tiempo de lectura":"2 minutos"},"schema":{"@context":"https:\/\/schema.org","@graph":[{"@type":"WebPage","@id":"https:\/\/www.crea.gov.co\/crea-roma\/vacaciones-crea-experiencias-imperdibles\/","url":"https:\/\/www.crea.gov.co\/crea-roma\/vacaciones-crea-experiencias-imperdibles\/","name":"\u00a1Vacaciones Crea, experiencias imperdibles! - Crea Roma","isPartOf":{"@id":"https:\/\/www.crea.gov.co\/crea-roma\/#website"},"primaryImageOfPage":{"@id":"https:\/\/www.crea.gov.co\/crea-roma\/vacaciones-crea-experiencias-imperdibles\/#primaryimage"},"image":{"@id":"https:\/\/www.crea.gov.co\/crea-roma\/vacaciones-crea-experiencias-imperdibles\/#primaryimage"},"thumbnailUrl":"https:\/\/www.crea.gov.co\/crea-roma\/wp-content\/uploads\/sites\/10\/2025\/06\/VACACIONES.png","datePublished":"2025-06-11T14:35:01+00:00","author":{"@id":"https:\/\/www.crea.gov.co\/crea-roma\/#\/schema\/person\/98d3131acf7d36de9766d95e8154256d"},"breadcrumb":{"@id":"https:\/\/www.crea.gov.co\/crea-roma\/vacaciones-crea-experiencias-imperdibles\/#breadcrumb"},"inLanguage":"es-CO","potentialAction":[{"@type":"ReadAction","target":["https:\/\/www.crea.gov.co\/crea-roma\/vacaciones-crea-experiencias-imperdibles\/"]}]},{"@type":"ImageObject","inLanguage":"es-CO","@id":"https:\/\/www.crea.gov.co\/crea-roma\/vacaciones-crea-experiencias-imperdibles\/#primaryimage","url":"https:\/\/www.crea.gov.co\/crea-roma\/wp-content\/uploads\/sites\/10\/2025\/06\/VACACIONES.png","contentUrl":"https:\/\/www.crea.gov.co\/crea-roma\/wp-content\/uploads\/sites\/10\/2025\/06\/VACACIONES.png","width":1081,"height":1351},{"@type":"BreadcrumbList","@id":"https:\/\/www.crea.gov.co\/crea-roma\/vacaciones-crea-experiencias-imperdibles\/#breadcrumb","itemListElement":[{"@type":"ListItem","position":1,"name":"Home","item":"https:\/\/www.crea.gov.co\/crea-roma\/"},{"@type":"ListItem","position":2,"name":"\u00a1Vacaciones Crea, experiencias imperdibles!"}]},{"@type":"WebSite","@id":"https:\/\/www.crea.gov.co\/crea-roma\/#website","url":"https:\/\/www.crea.gov.co\/crea-roma\/","name":"Crea Roma","description":"En Kennedy, rodeado de conjuntos y calles que guardan historias de familias que han crecido en el barrio, este espacio es un lugar donde la creatividad se entrelaza con la vida cotidiana. Aqu\u00ed, los lenguajes art\u00edsticos fortalecen lazos y dan voz a las experiencias de una comunidad que se reconoce en lo colectivo.","potentialAction":[{"@type":"SearchAction","target":{"@type":"EntryPoint","urlTemplate":"https:\/\/www.crea.gov.co\/crea-roma\/?s={search_term_string}"},"query-input":{"@type":"PropertyValueSpecification","valueRequired":true,"valueName":"search_term_string"}}],"inLanguage":"es-CO"},{"@type":"Person","@id":"https:\/\/www.crea.gov.co\/crea-roma\/#\/schema\/person\/98d3131acf7d36de9766d95e8154256d","name":"crearoma","image":{"@type":"ImageObject","inLanguage":"es-CO","@id":"https:\/\/www.crea.gov.co\/crea-roma\/#\/schema\/person\/image\/","url":"https:\/\/secure.gravatar.com\/avatar\/a932fc1012aeb823a10fc90d54ba8dd3?s=96&d=mm&r=g","contentUrl":"https:\/\/secure.gravatar.com\/avatar\/a932fc1012aeb823a10fc90d54ba8dd3?s=96&d=mm&r=g","caption":"crearoma"},"url":"https:\/\/www.crea.gov.co\/crea-roma\/author\/crearoma\/"}]}},"_links":{"self":[{"href":"https:\/\/www.crea.gov.co\/crea-roma\/wp-json\/wp\/v2\/posts\/1432","targetHints":{"allow":["GET"]}}],"collection":[{"href":"https:\/\/www.crea.gov.co\/crea-roma\/wp-json\/wp\/v2\/posts"}],"about":[{"href":"https:\/\/www.crea.gov.co\/crea-roma\/wp-json\/wp\/v2\/types\/post"}],"author":[{"embeddable":true,"href":"https:\/\/www.crea.gov.co\/crea-roma\/wp-json\/wp\/v2\/users\/89"}],"replies":[{"embeddable":true,"href":"https:\/\/www.crea.gov.co\/crea-roma\/wp-json\/wp\/v2\/comments?post=1432"}],"version-history":[{"count":1,"href":"https:\/\/www.crea.gov.co\/crea-roma\/wp-json\/wp\/v2\/posts\/1432\/revisions"}],"predecessor-version":[{"id":1442,"href":"https:\/\/www.crea.gov.co\/crea-roma\/wp-json\/wp\/v2\/posts\/1432\/revisions\/1442"}],"wp:featuredmedia":[{"embeddable":true,"href":"https:\/\/www.crea.gov.co\/crea-roma\/wp-json\/wp\/v2\/media\/1433"}],"wp:attachment":[{"href":"https:\/\/www.crea.gov.co\/crea-roma\/wp-json\/wp\/v2\/media?parent=1432"}],"wp:term":[{"taxonomy":"category","embeddable":true,"href":"https:\/\/www.crea.gov.co\/crea-roma\/wp-json\/wp\/v2\/categories?post=1432"},{"taxonomy":"post_tag","embeddable":true,"href":"https:\/\/www.crea.gov.co\/crea-roma\/wp-json\/wp\/v2\/tags?post=1432"}],"curies":[{"name":"wp","href":"https:\/\/api.w.org\/{rel}","templated":true}]}}