{"id":1421,"date":"2025-06-03T20:13:15","date_gmt":"2025-06-03T20:13:15","guid":{"rendered":"https:\/\/www.crea.gov.co\/crea-roma\/?p=1421"},"modified":"2025-06-03T22:19:36","modified_gmt":"2025-06-03T22:19:36","slug":"intercambio-de-saberes-un-eco-de-experiencias","status":"publish","type":"post","link":"https:\/\/www.crea.gov.co\/crea-roma\/intercambio-de-saberes-un-eco-de-experiencias\/","title":{"rendered":"\u00a1Intercambio de saberes, un ECO de experiencias!"},"content":{"rendered":"\n<p><strong><em>\u201cCuando un espejo se ve a otro espejo, vemos otro mundo\u201d.<\/em><\/strong> As\u00ed defini\u00f3 Gerard Felipe P\u00e9rez, del curso 501 JM del colegio Villas del Progreso, el encuentro de saberes al finalizar el intercambio de experiencias propuesto por los artistas Formadores Camila Molano, Alejandro Zald\u00faa y Andrea Hern\u00e1ndez, en el marco del evento <em>Ecos 2025<\/em>, desarrollado en el Crea Roma del 20 al 30 de mayo.<\/p>\n\n\n<figure class=\"wp-block-post-featured-image\"><img loading=\"lazy\" decoding=\"async\" width=\"1600\" height=\"900\" src=\"https:\/\/www.crea.gov.co\/crea-roma\/wp-content\/uploads\/sites\/10\/2025\/06\/WhatsApp-Image-2025-06-03-at-12.10.39-PM.jpeg\" class=\"attachment-post-thumbnail size-post-thumbnail wp-post-image\" alt=\"\" style=\"object-fit:cover;\" srcset=\"https:\/\/www.crea.gov.co\/crea-roma\/wp-content\/uploads\/sites\/10\/2025\/06\/WhatsApp-Image-2025-06-03-at-12.10.39-PM.jpeg 1600w, https:\/\/www.crea.gov.co\/crea-roma\/wp-content\/uploads\/sites\/10\/2025\/06\/WhatsApp-Image-2025-06-03-at-12.10.39-PM-300x169.jpeg 300w, https:\/\/www.crea.gov.co\/crea-roma\/wp-content\/uploads\/sites\/10\/2025\/06\/WhatsApp-Image-2025-06-03-at-12.10.39-PM-1024x576.jpeg 1024w, https:\/\/www.crea.gov.co\/crea-roma\/wp-content\/uploads\/sites\/10\/2025\/06\/WhatsApp-Image-2025-06-03-at-12.10.39-PM-768x432.jpeg 768w, https:\/\/www.crea.gov.co\/crea-roma\/wp-content\/uploads\/sites\/10\/2025\/06\/WhatsApp-Image-2025-06-03-at-12.10.39-PM-1536x864.jpeg 1536w\" sizes=\"auto, (max-width: 1600px) 100vw, 1600px\" \/><\/figure>\n\n\n<p>Fueron veintiuna experiencias en total, en las que las y los participantes de la l\u00ednea <em>Arte en la Escuela<\/em> socializaron sus procesos de formaci\u00f3n, hallazgos y vivencias en cada uno de los talleres. Se reconocieron mutuamente desde los diferentes lenguajes art\u00edsticos, liderando actividades de expresi\u00f3n corporal, exploraci\u00f3n con texturas, sonidos e im\u00e1genes, en torno a la l\u00ednea tem\u00e1tica <em>Arte y Ciudad<\/em>, como una provocaci\u00f3n para resignificar los espacios que habitan y dejar volar la imaginaci\u00f3n.<\/p>\n\n\n\n<figure class=\"wp-block-video\"><video controls src=\"https:\/\/www.crea.gov.co\/crea-roma\/wp-content\/uploads\/sites\/10\/2025\/06\/ECOS-2025-I-1.mp4\"><\/video><\/figure>\n\n\n\n<p>Durante cada encuentro se valor\u00f3 la importancia de un p\u00fablico que escucha y aprecia las apuestas creativas, as\u00ed como el ritmo particular que cada proceso tiene y las habilidades que cada participante desarrolla al sumergirse en la experiencia art\u00edstica.<\/p>\n\n\n\n<figure class=\"wp-block-video\"><video controls src=\"https:\/\/www.crea.gov.co\/crea-roma\/wp-content\/uploads\/sites\/10\/2025\/06\/ECOS-2025-II.mp4\"><\/video><\/figure>\n\n\n\n<p class=\"has-text-align-center\"><strong>Gracias a los participantes, docentes acompa\u00f1antes y artistas formadores por ser c\u00f3mplices del juego, por incentivar la creaci\u00f3n colectiva y por ser protagonistas de miles de historias en la ciudad de Bogot\u00e1.<\/strong><\/p>\n\n\n\n<figure class=\"wp-block-gallery has-nested-images columns-default is-cropped wp-block-gallery-1 is-layout-flex wp-block-gallery-is-layout-flex\">\n<figure class=\"wp-block-image size-large\"><img loading=\"lazy\" decoding=\"async\" width=\"1024\" height=\"768\" data-id=\"1427\" src=\"https:\/\/www.crea.gov.co\/crea-roma\/wp-content\/uploads\/sites\/10\/2025\/06\/WhatsApp-Image-2025-06-03-at-11.51.50-AM-1024x768.jpeg\" alt=\"\" class=\"wp-image-1427\" srcset=\"https:\/\/www.crea.gov.co\/crea-roma\/wp-content\/uploads\/sites\/10\/2025\/06\/WhatsApp-Image-2025-06-03-at-11.51.50-AM-1024x768.jpeg 1024w, https:\/\/www.crea.gov.co\/crea-roma\/wp-content\/uploads\/sites\/10\/2025\/06\/WhatsApp-Image-2025-06-03-at-11.51.50-AM-300x225.jpeg 300w, https:\/\/www.crea.gov.co\/crea-roma\/wp-content\/uploads\/sites\/10\/2025\/06\/WhatsApp-Image-2025-06-03-at-11.51.50-AM-768x576.jpeg 768w, https:\/\/www.crea.gov.co\/crea-roma\/wp-content\/uploads\/sites\/10\/2025\/06\/WhatsApp-Image-2025-06-03-at-11.51.50-AM-1536x1153.jpeg 1536w, https:\/\/www.crea.gov.co\/crea-roma\/wp-content\/uploads\/sites\/10\/2025\/06\/WhatsApp-Image-2025-06-03-at-11.51.50-AM.jpeg 1599w\" sizes=\"auto, (max-width: 1024px) 100vw, 1024px\" \/><\/figure>\n<\/figure>\n","protected":false},"excerpt":{"rendered":"<p>\u201cCuando un espejo se ve a otro espejo, vemos otro mundo\u201d. As\u00ed defini\u00f3 Gerard Felipe P\u00e9rez, del curso 501 JM del colegio Villas del Progreso, el encuentro de saberes al finalizar el intercambio de experiencias propuesto por los artistas Formadores Camila Molano, Alejandro Zald\u00faa y Andrea Hern\u00e1ndez, en el marco del evento Ecos 2025, desarrollado [&hellip;]<\/p>\n","protected":false},"author":89,"featured_media":1426,"comment_status":"open","ping_status":"open","sticky":false,"template":"","format":"standard","meta":{"footnotes":""},"categories":[1],"tags":[],"class_list":["post-1421","post","type-post","status-publish","format-standard","has-post-thumbnail","hentry","category-sin-categoria"],"yoast_head":"<!-- This site is optimized with the Yoast SEO plugin v24.5 - https:\/\/yoast.com\/wordpress\/plugins\/seo\/ -->\n<title>\u00a1Intercambio de saberes, un ECO de experiencias! - Crea Roma<\/title>\n<meta name=\"robots\" content=\"index, follow, max-snippet:-1, max-image-preview:large, max-video-preview:-1\" \/>\n<link rel=\"canonical\" href=\"https:\/\/www.crea.gov.co\/crea-roma\/intercambio-de-saberes-un-eco-de-experiencias\/\" \/>\n<meta property=\"og:locale\" content=\"es_ES\" \/>\n<meta property=\"og:type\" content=\"article\" \/>\n<meta property=\"og:title\" content=\"\u00a1Intercambio de saberes, un ECO de experiencias! - Crea Roma\" \/>\n<meta property=\"og:description\" content=\"\u201cCuando un espejo se ve a otro espejo, vemos otro mundo\u201d. As\u00ed defini\u00f3 Gerard Felipe P\u00e9rez, del curso 501 JM del colegio Villas del Progreso, el encuentro de saberes al finalizar el intercambio de experiencias propuesto por los artistas Formadores Camila Molano, Alejandro Zald\u00faa y Andrea Hern\u00e1ndez, en el marco del evento Ecos 2025, desarrollado [&hellip;]\" \/>\n<meta property=\"og:url\" content=\"https:\/\/www.crea.gov.co\/crea-roma\/intercambio-de-saberes-un-eco-de-experiencias\/\" \/>\n<meta property=\"og:site_name\" content=\"Crea Roma\" \/>\n<meta property=\"article:published_time\" content=\"2025-06-03T20:13:15+00:00\" \/>\n<meta property=\"article:modified_time\" content=\"2025-06-03T22:19:36+00:00\" \/>\n<meta property=\"og:image\" content=\"https:\/\/www.crea.gov.co\/crea-roma\/wp-content\/uploads\/sites\/10\/2025\/06\/WhatsApp-Image-2025-06-03-at-12.10.39-PM.jpeg\" \/>\n\t<meta property=\"og:image:width\" content=\"1600\" \/>\n\t<meta property=\"og:image:height\" content=\"900\" \/>\n\t<meta property=\"og:image:type\" content=\"image\/jpeg\" \/>\n<meta name=\"author\" content=\"crearoma\" \/>\n<meta name=\"twitter:card\" content=\"summary_large_image\" \/>\n<meta name=\"twitter:label1\" content=\"Escrito por\" \/>\n\t<meta name=\"twitter:data1\" content=\"crearoma\" \/>\n\t<meta name=\"twitter:label2\" content=\"Tiempo de lectura\" \/>\n\t<meta name=\"twitter:data2\" content=\"2 minutos\" \/>\n<script type=\"application\/ld+json\" class=\"yoast-schema-graph\">{\"@context\":\"https:\/\/schema.org\",\"@graph\":[{\"@type\":\"WebPage\",\"@id\":\"https:\/\/www.crea.gov.co\/crea-roma\/intercambio-de-saberes-un-eco-de-experiencias\/\",\"url\":\"https:\/\/www.crea.gov.co\/crea-roma\/intercambio-de-saberes-un-eco-de-experiencias\/\",\"name\":\"\u00a1Intercambio de saberes, un ECO de experiencias! - Crea Roma\",\"isPartOf\":{\"@id\":\"https:\/\/www.crea.gov.co\/crea-roma\/#website\"},\"primaryImageOfPage\":{\"@id\":\"https:\/\/www.crea.gov.co\/crea-roma\/intercambio-de-saberes-un-eco-de-experiencias\/#primaryimage\"},\"image\":{\"@id\":\"https:\/\/www.crea.gov.co\/crea-roma\/intercambio-de-saberes-un-eco-de-experiencias\/#primaryimage\"},\"thumbnailUrl\":\"https:\/\/www.crea.gov.co\/crea-roma\/wp-content\/uploads\/sites\/10\/2025\/06\/WhatsApp-Image-2025-06-03-at-12.10.39-PM.jpeg\",\"datePublished\":\"2025-06-03T20:13:15+00:00\",\"dateModified\":\"2025-06-03T22:19:36+00:00\",\"author\":{\"@id\":\"https:\/\/www.crea.gov.co\/crea-roma\/#\/schema\/person\/98d3131acf7d36de9766d95e8154256d\"},\"breadcrumb\":{\"@id\":\"https:\/\/www.crea.gov.co\/crea-roma\/intercambio-de-saberes-un-eco-de-experiencias\/#breadcrumb\"},\"inLanguage\":\"es-CO\",\"potentialAction\":[{\"@type\":\"ReadAction\",\"target\":[\"https:\/\/www.crea.gov.co\/crea-roma\/intercambio-de-saberes-un-eco-de-experiencias\/\"]}]},{\"@type\":\"ImageObject\",\"inLanguage\":\"es-CO\",\"@id\":\"https:\/\/www.crea.gov.co\/crea-roma\/intercambio-de-saberes-un-eco-de-experiencias\/#primaryimage\",\"url\":\"https:\/\/www.crea.gov.co\/crea-roma\/wp-content\/uploads\/sites\/10\/2025\/06\/WhatsApp-Image-2025-06-03-at-12.10.39-PM.jpeg\",\"contentUrl\":\"https:\/\/www.crea.gov.co\/crea-roma\/wp-content\/uploads\/sites\/10\/2025\/06\/WhatsApp-Image-2025-06-03-at-12.10.39-PM.jpeg\",\"width\":1600,\"height\":900},{\"@type\":\"BreadcrumbList\",\"@id\":\"https:\/\/www.crea.gov.co\/crea-roma\/intercambio-de-saberes-un-eco-de-experiencias\/#breadcrumb\",\"itemListElement\":[{\"@type\":\"ListItem\",\"position\":1,\"name\":\"Home\",\"item\":\"https:\/\/www.crea.gov.co\/crea-roma\/\"},{\"@type\":\"ListItem\",\"position\":2,\"name\":\"\u00a1Intercambio de saberes, un ECO de experiencias!\"}]},{\"@type\":\"WebSite\",\"@id\":\"https:\/\/www.crea.gov.co\/crea-roma\/#website\",\"url\":\"https:\/\/www.crea.gov.co\/crea-roma\/\",\"name\":\"Crea Roma\",\"description\":\"En Kennedy, rodeado de conjuntos y calles que guardan historias de familias que han crecido en el barrio, este espacio es un lugar donde la creatividad se entrelaza con la vida cotidiana. Aqu\u00ed, los lenguajes art\u00edsticos fortalecen lazos y dan voz a las experiencias de una comunidad que se reconoce en lo colectivo.\",\"potentialAction\":[{\"@type\":\"SearchAction\",\"target\":{\"@type\":\"EntryPoint\",\"urlTemplate\":\"https:\/\/www.crea.gov.co\/crea-roma\/?s={search_term_string}\"},\"query-input\":{\"@type\":\"PropertyValueSpecification\",\"valueRequired\":true,\"valueName\":\"search_term_string\"}}],\"inLanguage\":\"es-CO\"},{\"@type\":\"Person\",\"@id\":\"https:\/\/www.crea.gov.co\/crea-roma\/#\/schema\/person\/98d3131acf7d36de9766d95e8154256d\",\"name\":\"crearoma\",\"image\":{\"@type\":\"ImageObject\",\"inLanguage\":\"es-CO\",\"@id\":\"https:\/\/www.crea.gov.co\/crea-roma\/#\/schema\/person\/image\/\",\"url\":\"https:\/\/secure.gravatar.com\/avatar\/a932fc1012aeb823a10fc90d54ba8dd3?s=96&d=mm&r=g\",\"contentUrl\":\"https:\/\/secure.gravatar.com\/avatar\/a932fc1012aeb823a10fc90d54ba8dd3?s=96&d=mm&r=g\",\"caption\":\"crearoma\"},\"url\":\"https:\/\/www.crea.gov.co\/crea-roma\/author\/crearoma\/\"}]}<\/script>\n<!-- \/ Yoast SEO plugin. -->","yoast_head_json":{"title":"\u00a1Intercambio de saberes, un ECO de experiencias! - Crea Roma","robots":{"index":"index","follow":"follow","max-snippet":"max-snippet:-1","max-image-preview":"max-image-preview:large","max-video-preview":"max-video-preview:-1"},"canonical":"https:\/\/www.crea.gov.co\/crea-roma\/intercambio-de-saberes-un-eco-de-experiencias\/","og_locale":"es_ES","og_type":"article","og_title":"\u00a1Intercambio de saberes, un ECO de experiencias! - Crea Roma","og_description":"\u201cCuando un espejo se ve a otro espejo, vemos otro mundo\u201d. As\u00ed defini\u00f3 Gerard Felipe P\u00e9rez, del curso 501 JM del colegio Villas del Progreso, el encuentro de saberes al finalizar el intercambio de experiencias propuesto por los artistas Formadores Camila Molano, Alejandro Zald\u00faa y Andrea Hern\u00e1ndez, en el marco del evento Ecos 2025, desarrollado [&hellip;]","og_url":"https:\/\/www.crea.gov.co\/crea-roma\/intercambio-de-saberes-un-eco-de-experiencias\/","og_site_name":"Crea Roma","article_published_time":"2025-06-03T20:13:15+00:00","article_modified_time":"2025-06-03T22:19:36+00:00","og_image":[{"width":1600,"height":900,"url":"https:\/\/www.crea.gov.co\/crea-roma\/wp-content\/uploads\/sites\/10\/2025\/06\/WhatsApp-Image-2025-06-03-at-12.10.39-PM.jpeg","type":"image\/jpeg"}],"author":"crearoma","twitter_card":"summary_large_image","twitter_misc":{"Escrito por":"crearoma","Tiempo de lectura":"2 minutos"},"schema":{"@context":"https:\/\/schema.org","@graph":[{"@type":"WebPage","@id":"https:\/\/www.crea.gov.co\/crea-roma\/intercambio-de-saberes-un-eco-de-experiencias\/","url":"https:\/\/www.crea.gov.co\/crea-roma\/intercambio-de-saberes-un-eco-de-experiencias\/","name":"\u00a1Intercambio de saberes, un ECO de experiencias! - Crea Roma","isPartOf":{"@id":"https:\/\/www.crea.gov.co\/crea-roma\/#website"},"primaryImageOfPage":{"@id":"https:\/\/www.crea.gov.co\/crea-roma\/intercambio-de-saberes-un-eco-de-experiencias\/#primaryimage"},"image":{"@id":"https:\/\/www.crea.gov.co\/crea-roma\/intercambio-de-saberes-un-eco-de-experiencias\/#primaryimage"},"thumbnailUrl":"https:\/\/www.crea.gov.co\/crea-roma\/wp-content\/uploads\/sites\/10\/2025\/06\/WhatsApp-Image-2025-06-03-at-12.10.39-PM.jpeg","datePublished":"2025-06-03T20:13:15+00:00","dateModified":"2025-06-03T22:19:36+00:00","author":{"@id":"https:\/\/www.crea.gov.co\/crea-roma\/#\/schema\/person\/98d3131acf7d36de9766d95e8154256d"},"breadcrumb":{"@id":"https:\/\/www.crea.gov.co\/crea-roma\/intercambio-de-saberes-un-eco-de-experiencias\/#breadcrumb"},"inLanguage":"es-CO","potentialAction":[{"@type":"ReadAction","target":["https:\/\/www.crea.gov.co\/crea-roma\/intercambio-de-saberes-un-eco-de-experiencias\/"]}]},{"@type":"ImageObject","inLanguage":"es-CO","@id":"https:\/\/www.crea.gov.co\/crea-roma\/intercambio-de-saberes-un-eco-de-experiencias\/#primaryimage","url":"https:\/\/www.crea.gov.co\/crea-roma\/wp-content\/uploads\/sites\/10\/2025\/06\/WhatsApp-Image-2025-06-03-at-12.10.39-PM.jpeg","contentUrl":"https:\/\/www.crea.gov.co\/crea-roma\/wp-content\/uploads\/sites\/10\/2025\/06\/WhatsApp-Image-2025-06-03-at-12.10.39-PM.jpeg","width":1600,"height":900},{"@type":"BreadcrumbList","@id":"https:\/\/www.crea.gov.co\/crea-roma\/intercambio-de-saberes-un-eco-de-experiencias\/#breadcrumb","itemListElement":[{"@type":"ListItem","position":1,"name":"Home","item":"https:\/\/www.crea.gov.co\/crea-roma\/"},{"@type":"ListItem","position":2,"name":"\u00a1Intercambio de saberes, un ECO de experiencias!"}]},{"@type":"WebSite","@id":"https:\/\/www.crea.gov.co\/crea-roma\/#website","url":"https:\/\/www.crea.gov.co\/crea-roma\/","name":"Crea Roma","description":"En Kennedy, rodeado de conjuntos y calles que guardan historias de familias que han crecido en el barrio, este espacio es un lugar donde la creatividad se entrelaza con la vida cotidiana. Aqu\u00ed, los lenguajes art\u00edsticos fortalecen lazos y dan voz a las experiencias de una comunidad que se reconoce en lo colectivo.","potentialAction":[{"@type":"SearchAction","target":{"@type":"EntryPoint","urlTemplate":"https:\/\/www.crea.gov.co\/crea-roma\/?s={search_term_string}"},"query-input":{"@type":"PropertyValueSpecification","valueRequired":true,"valueName":"search_term_string"}}],"inLanguage":"es-CO"},{"@type":"Person","@id":"https:\/\/www.crea.gov.co\/crea-roma\/#\/schema\/person\/98d3131acf7d36de9766d95e8154256d","name":"crearoma","image":{"@type":"ImageObject","inLanguage":"es-CO","@id":"https:\/\/www.crea.gov.co\/crea-roma\/#\/schema\/person\/image\/","url":"https:\/\/secure.gravatar.com\/avatar\/a932fc1012aeb823a10fc90d54ba8dd3?s=96&d=mm&r=g","contentUrl":"https:\/\/secure.gravatar.com\/avatar\/a932fc1012aeb823a10fc90d54ba8dd3?s=96&d=mm&r=g","caption":"crearoma"},"url":"https:\/\/www.crea.gov.co\/crea-roma\/author\/crearoma\/"}]}},"_links":{"self":[{"href":"https:\/\/www.crea.gov.co\/crea-roma\/wp-json\/wp\/v2\/posts\/1421","targetHints":{"allow":["GET"]}}],"collection":[{"href":"https:\/\/www.crea.gov.co\/crea-roma\/wp-json\/wp\/v2\/posts"}],"about":[{"href":"https:\/\/www.crea.gov.co\/crea-roma\/wp-json\/wp\/v2\/types\/post"}],"author":[{"embeddable":true,"href":"https:\/\/www.crea.gov.co\/crea-roma\/wp-json\/wp\/v2\/users\/89"}],"replies":[{"embeddable":true,"href":"https:\/\/www.crea.gov.co\/crea-roma\/wp-json\/wp\/v2\/comments?post=1421"}],"version-history":[{"count":3,"href":"https:\/\/www.crea.gov.co\/crea-roma\/wp-json\/wp\/v2\/posts\/1421\/revisions"}],"predecessor-version":[{"id":1430,"href":"https:\/\/www.crea.gov.co\/crea-roma\/wp-json\/wp\/v2\/posts\/1421\/revisions\/1430"}],"wp:featuredmedia":[{"embeddable":true,"href":"https:\/\/www.crea.gov.co\/crea-roma\/wp-json\/wp\/v2\/media\/1426"}],"wp:attachment":[{"href":"https:\/\/www.crea.gov.co\/crea-roma\/wp-json\/wp\/v2\/media?parent=1421"}],"wp:term":[{"taxonomy":"category","embeddable":true,"href":"https:\/\/www.crea.gov.co\/crea-roma\/wp-json\/wp\/v2\/categories?post=1421"},{"taxonomy":"post_tag","embeddable":true,"href":"https:\/\/www.crea.gov.co\/crea-roma\/wp-json\/wp\/v2\/tags?post=1421"}],"curies":[{"name":"wp","href":"https:\/\/api.w.org\/{rel}","templated":true}]}}