{"id":1411,"date":"2025-05-13T04:06:51","date_gmt":"2025-05-13T04:06:51","guid":{"rendered":"https:\/\/www.crea.gov.co\/crea-roma\/?p=1411"},"modified":"2025-05-13T04:15:59","modified_gmt":"2025-05-13T04:15:59","slug":"encuentros-fantasticos-en-crea-roma","status":"publish","type":"post","link":"https:\/\/www.crea.gov.co\/crea-roma\/encuentros-fantasticos-en-crea-roma\/","title":{"rendered":"\u00a1Encuentros fant\u00e1sticos en CREA Roma!"},"content":{"rendered":"\n<p>El pasado s\u00e1bado 3 de mayo, en el marco de la Feria Internacional del Libro de Bogot\u00e1, el CREA Roma se llen\u00f3 de tinta, risas y trazos inesperados. Los colectivos <em>Arcoiris de Chocolate<\/em> y <em>Creaturas L\u00edricas <\/em>se reunieron para explorar el mundo de la ilustradora Chilena <strong>Sol Undurraga &#8211; Mujer Gallina<\/strong>, quien con su sensibilidad \u00fanica nos llev\u00f3 de la mano del Zorro y su aventura con el chicle, hacia los rincones m\u00e1s insospechados de la imaginaci\u00f3n.<\/p>\n\n\n<figure class=\"wp-block-post-featured-image\"><img loading=\"lazy\" decoding=\"async\" width=\"2560\" height=\"1440\" src=\"https:\/\/www.crea.gov.co\/crea-roma\/wp-content\/uploads\/sites\/10\/2025\/05\/WhatsApp-Image-2025-05-03-at-12.58.12-PM-scaled.jpeg\" class=\"attachment-post-thumbnail size-post-thumbnail wp-post-image\" alt=\"\" style=\"object-fit:cover;\" srcset=\"https:\/\/www.crea.gov.co\/crea-roma\/wp-content\/uploads\/sites\/10\/2025\/05\/WhatsApp-Image-2025-05-03-at-12.58.12-PM-scaled.jpeg 2560w, https:\/\/www.crea.gov.co\/crea-roma\/wp-content\/uploads\/sites\/10\/2025\/05\/WhatsApp-Image-2025-05-03-at-12.58.12-PM-300x169.jpeg 300w, https:\/\/www.crea.gov.co\/crea-roma\/wp-content\/uploads\/sites\/10\/2025\/05\/WhatsApp-Image-2025-05-03-at-12.58.12-PM-1024x576.jpeg 1024w, https:\/\/www.crea.gov.co\/crea-roma\/wp-content\/uploads\/sites\/10\/2025\/05\/WhatsApp-Image-2025-05-03-at-12.58.12-PM-768x432.jpeg 768w, https:\/\/www.crea.gov.co\/crea-roma\/wp-content\/uploads\/sites\/10\/2025\/05\/WhatsApp-Image-2025-05-03-at-12.58.12-PM-1536x864.jpeg 1536w, https:\/\/www.crea.gov.co\/crea-roma\/wp-content\/uploads\/sites\/10\/2025\/05\/WhatsApp-Image-2025-05-03-at-12.58.12-PM-2048x1152.jpeg 2048w\" sizes=\"auto, (max-width: 2560px) 100vw, 2560px\" \/><\/figure>\n\n\n<p>Entre manchas de tinta china y hojas plegadas en peque\u00f1os fanzines, surgieron monstruos creados a cinco, seis o m\u00e1s manos, y otros que crecieron y se encogieron en acordeones de papel. El desaf\u00edo de dibujar con la mano opuesta a la dominante desat\u00f3 carcajadas, transformando cada l\u00ednea en un descubrimiento y cada trazo en una peque\u00f1a rebeli\u00f3n creativa. <\/p>\n\n\n\n<p>Los ni\u00f1os y las ni\u00f1as, maravillados por la magia de crear personajes imposibles, dieron forma a seres que apenas pod\u00edan contenerse en los papel\u00f3grafos extendidos en uno de los muros del CREA.<\/p>\n\n\n\n<p class=\"has-text-align-center\"> <strong>Fue un encuentro donde las manos se hicieron alas, las palabras se volvieron susurros de tinta y las sonrisas florecieron en cada esquina del taller.\u00a0<\/strong><\/p>\n\n\n\n<p class=\"has-text-align-left\">Escrito por: <em>Viviana Rodr\u00edguez artista formadora de Literartura.<\/em><\/p>\n\n\n\n<figure class=\"wp-block-video\"><video controls src=\"https:\/\/www.crea.gov.co\/crea-roma\/wp-content\/uploads\/sites\/10\/2025\/05\/\u00a1Aventuras-con-sabor-a-chicle-1.mp4\"><\/video><\/figure>\n\n\n\n<div class=\"wp-block-cover is-light\" style=\"min-height:112px;aspect-ratio:unset;\"><span aria-hidden=\"true\" class=\"wp-block-cover__background has-pale-pink-background-color has-background-dim-100 has-background-dim\"><\/span><div class=\"wp-block-cover__inner-container is-layout-constrained wp-block-cover-is-layout-constrained\">\n<p class=\"has-text-align-center has-large-font-size\"><strong>!Una gran aventura con sabor a chicle!<\/strong><\/p>\n<\/div><\/div>\n","protected":false},"excerpt":{"rendered":"<p>El pasado s\u00e1bado 3 de mayo, en el marco de la Feria Internacional del Libro de Bogot\u00e1, el CREA Roma se llen\u00f3 de tinta, risas y trazos inesperados. Los colectivos Arcoiris de Chocolate y Creaturas L\u00edricas se reunieron para explorar el mundo de la ilustradora Chilena Sol Undurraga &#8211; Mujer Gallina, quien con su sensibilidad [&hellip;]<\/p>\n","protected":false},"author":89,"featured_media":1412,"comment_status":"open","ping_status":"open","sticky":false,"template":"","format":"standard","meta":{"footnotes":""},"categories":[1],"tags":[],"class_list":["post-1411","post","type-post","status-publish","format-standard","has-post-thumbnail","hentry","category-sin-categoria"],"yoast_head":"<!-- This site is optimized with the Yoast SEO plugin v24.5 - https:\/\/yoast.com\/wordpress\/plugins\/seo\/ -->\n<title>\u00a1Encuentros fant\u00e1sticos en CREA Roma! - Crea Roma<\/title>\n<meta name=\"robots\" content=\"index, follow, max-snippet:-1, max-image-preview:large, max-video-preview:-1\" \/>\n<link rel=\"canonical\" href=\"https:\/\/www.crea.gov.co\/crea-roma\/encuentros-fantasticos-en-crea-roma\/\" \/>\n<meta property=\"og:locale\" content=\"es_ES\" \/>\n<meta property=\"og:type\" content=\"article\" \/>\n<meta property=\"og:title\" content=\"\u00a1Encuentros fant\u00e1sticos en CREA Roma! - Crea Roma\" \/>\n<meta property=\"og:description\" content=\"El pasado s\u00e1bado 3 de mayo, en el marco de la Feria Internacional del Libro de Bogot\u00e1, el CREA Roma se llen\u00f3 de tinta, risas y trazos inesperados. Los colectivos Arcoiris de Chocolate y Creaturas L\u00edricas se reunieron para explorar el mundo de la ilustradora Chilena Sol Undurraga &#8211; Mujer Gallina, quien con su sensibilidad [&hellip;]\" \/>\n<meta property=\"og:url\" content=\"https:\/\/www.crea.gov.co\/crea-roma\/encuentros-fantasticos-en-crea-roma\/\" \/>\n<meta property=\"og:site_name\" content=\"Crea Roma\" \/>\n<meta property=\"article:published_time\" content=\"2025-05-13T04:06:51+00:00\" \/>\n<meta property=\"article:modified_time\" content=\"2025-05-13T04:15:59+00:00\" \/>\n<meta property=\"og:image\" content=\"https:\/\/www.crea.gov.co\/crea-roma\/wp-content\/uploads\/sites\/10\/2025\/05\/WhatsApp-Image-2025-05-03-at-12.58.12-PM-scaled.jpeg\" \/>\n\t<meta property=\"og:image:width\" content=\"2560\" \/>\n\t<meta property=\"og:image:height\" content=\"1440\" \/>\n\t<meta property=\"og:image:type\" content=\"image\/jpeg\" \/>\n<meta name=\"author\" content=\"crearoma\" \/>\n<meta name=\"twitter:card\" content=\"summary_large_image\" \/>\n<meta name=\"twitter:label1\" content=\"Escrito por\" \/>\n\t<meta name=\"twitter:data1\" content=\"crearoma\" \/>\n\t<meta name=\"twitter:label2\" content=\"Tiempo de lectura\" \/>\n\t<meta name=\"twitter:data2\" content=\"2 minutos\" \/>\n<script type=\"application\/ld+json\" class=\"yoast-schema-graph\">{\"@context\":\"https:\/\/schema.org\",\"@graph\":[{\"@type\":\"WebPage\",\"@id\":\"https:\/\/www.crea.gov.co\/crea-roma\/encuentros-fantasticos-en-crea-roma\/\",\"url\":\"https:\/\/www.crea.gov.co\/crea-roma\/encuentros-fantasticos-en-crea-roma\/\",\"name\":\"\u00a1Encuentros fant\u00e1sticos en CREA Roma! - Crea Roma\",\"isPartOf\":{\"@id\":\"https:\/\/www.crea.gov.co\/crea-roma\/#website\"},\"primaryImageOfPage\":{\"@id\":\"https:\/\/www.crea.gov.co\/crea-roma\/encuentros-fantasticos-en-crea-roma\/#primaryimage\"},\"image\":{\"@id\":\"https:\/\/www.crea.gov.co\/crea-roma\/encuentros-fantasticos-en-crea-roma\/#primaryimage\"},\"thumbnailUrl\":\"https:\/\/www.crea.gov.co\/crea-roma\/wp-content\/uploads\/sites\/10\/2025\/05\/WhatsApp-Image-2025-05-03-at-12.58.12-PM-scaled.jpeg\",\"datePublished\":\"2025-05-13T04:06:51+00:00\",\"dateModified\":\"2025-05-13T04:15:59+00:00\",\"author\":{\"@id\":\"https:\/\/www.crea.gov.co\/crea-roma\/#\/schema\/person\/98d3131acf7d36de9766d95e8154256d\"},\"breadcrumb\":{\"@id\":\"https:\/\/www.crea.gov.co\/crea-roma\/encuentros-fantasticos-en-crea-roma\/#breadcrumb\"},\"inLanguage\":\"es-CO\",\"potentialAction\":[{\"@type\":\"ReadAction\",\"target\":[\"https:\/\/www.crea.gov.co\/crea-roma\/encuentros-fantasticos-en-crea-roma\/\"]}]},{\"@type\":\"ImageObject\",\"inLanguage\":\"es-CO\",\"@id\":\"https:\/\/www.crea.gov.co\/crea-roma\/encuentros-fantasticos-en-crea-roma\/#primaryimage\",\"url\":\"https:\/\/www.crea.gov.co\/crea-roma\/wp-content\/uploads\/sites\/10\/2025\/05\/WhatsApp-Image-2025-05-03-at-12.58.12-PM-scaled.jpeg\",\"contentUrl\":\"https:\/\/www.crea.gov.co\/crea-roma\/wp-content\/uploads\/sites\/10\/2025\/05\/WhatsApp-Image-2025-05-03-at-12.58.12-PM-scaled.jpeg\",\"width\":2560,\"height\":1440},{\"@type\":\"BreadcrumbList\",\"@id\":\"https:\/\/www.crea.gov.co\/crea-roma\/encuentros-fantasticos-en-crea-roma\/#breadcrumb\",\"itemListElement\":[{\"@type\":\"ListItem\",\"position\":1,\"name\":\"Home\",\"item\":\"https:\/\/www.crea.gov.co\/crea-roma\/\"},{\"@type\":\"ListItem\",\"position\":2,\"name\":\"\u00a1Encuentros fant\u00e1sticos en CREA Roma!\"}]},{\"@type\":\"WebSite\",\"@id\":\"https:\/\/www.crea.gov.co\/crea-roma\/#website\",\"url\":\"https:\/\/www.crea.gov.co\/crea-roma\/\",\"name\":\"Crea Roma\",\"description\":\"En Kennedy, rodeado de conjuntos y calles que guardan historias de familias que han crecido en el barrio, este espacio es un lugar donde la creatividad se entrelaza con la vida cotidiana. Aqu\u00ed, los lenguajes art\u00edsticos fortalecen lazos y dan voz a las experiencias de una comunidad que se reconoce en lo colectivo.\",\"potentialAction\":[{\"@type\":\"SearchAction\",\"target\":{\"@type\":\"EntryPoint\",\"urlTemplate\":\"https:\/\/www.crea.gov.co\/crea-roma\/?s={search_term_string}\"},\"query-input\":{\"@type\":\"PropertyValueSpecification\",\"valueRequired\":true,\"valueName\":\"search_term_string\"}}],\"inLanguage\":\"es-CO\"},{\"@type\":\"Person\",\"@id\":\"https:\/\/www.crea.gov.co\/crea-roma\/#\/schema\/person\/98d3131acf7d36de9766d95e8154256d\",\"name\":\"crearoma\",\"image\":{\"@type\":\"ImageObject\",\"inLanguage\":\"es-CO\",\"@id\":\"https:\/\/www.crea.gov.co\/crea-roma\/#\/schema\/person\/image\/\",\"url\":\"https:\/\/secure.gravatar.com\/avatar\/a932fc1012aeb823a10fc90d54ba8dd3?s=96&d=mm&r=g\",\"contentUrl\":\"https:\/\/secure.gravatar.com\/avatar\/a932fc1012aeb823a10fc90d54ba8dd3?s=96&d=mm&r=g\",\"caption\":\"crearoma\"},\"url\":\"https:\/\/www.crea.gov.co\/crea-roma\/author\/crearoma\/\"}]}<\/script>\n<!-- \/ Yoast SEO plugin. -->","yoast_head_json":{"title":"\u00a1Encuentros fant\u00e1sticos en CREA Roma! - Crea Roma","robots":{"index":"index","follow":"follow","max-snippet":"max-snippet:-1","max-image-preview":"max-image-preview:large","max-video-preview":"max-video-preview:-1"},"canonical":"https:\/\/www.crea.gov.co\/crea-roma\/encuentros-fantasticos-en-crea-roma\/","og_locale":"es_ES","og_type":"article","og_title":"\u00a1Encuentros fant\u00e1sticos en CREA Roma! - Crea Roma","og_description":"El pasado s\u00e1bado 3 de mayo, en el marco de la Feria Internacional del Libro de Bogot\u00e1, el CREA Roma se llen\u00f3 de tinta, risas y trazos inesperados. Los colectivos Arcoiris de Chocolate y Creaturas L\u00edricas se reunieron para explorar el mundo de la ilustradora Chilena Sol Undurraga &#8211; Mujer Gallina, quien con su sensibilidad [&hellip;]","og_url":"https:\/\/www.crea.gov.co\/crea-roma\/encuentros-fantasticos-en-crea-roma\/","og_site_name":"Crea Roma","article_published_time":"2025-05-13T04:06:51+00:00","article_modified_time":"2025-05-13T04:15:59+00:00","og_image":[{"width":2560,"height":1440,"url":"https:\/\/www.crea.gov.co\/crea-roma\/wp-content\/uploads\/sites\/10\/2025\/05\/WhatsApp-Image-2025-05-03-at-12.58.12-PM-scaled.jpeg","type":"image\/jpeg"}],"author":"crearoma","twitter_card":"summary_large_image","twitter_misc":{"Escrito por":"crearoma","Tiempo de lectura":"2 minutos"},"schema":{"@context":"https:\/\/schema.org","@graph":[{"@type":"WebPage","@id":"https:\/\/www.crea.gov.co\/crea-roma\/encuentros-fantasticos-en-crea-roma\/","url":"https:\/\/www.crea.gov.co\/crea-roma\/encuentros-fantasticos-en-crea-roma\/","name":"\u00a1Encuentros fant\u00e1sticos en CREA Roma! - Crea Roma","isPartOf":{"@id":"https:\/\/www.crea.gov.co\/crea-roma\/#website"},"primaryImageOfPage":{"@id":"https:\/\/www.crea.gov.co\/crea-roma\/encuentros-fantasticos-en-crea-roma\/#primaryimage"},"image":{"@id":"https:\/\/www.crea.gov.co\/crea-roma\/encuentros-fantasticos-en-crea-roma\/#primaryimage"},"thumbnailUrl":"https:\/\/www.crea.gov.co\/crea-roma\/wp-content\/uploads\/sites\/10\/2025\/05\/WhatsApp-Image-2025-05-03-at-12.58.12-PM-scaled.jpeg","datePublished":"2025-05-13T04:06:51+00:00","dateModified":"2025-05-13T04:15:59+00:00","author":{"@id":"https:\/\/www.crea.gov.co\/crea-roma\/#\/schema\/person\/98d3131acf7d36de9766d95e8154256d"},"breadcrumb":{"@id":"https:\/\/www.crea.gov.co\/crea-roma\/encuentros-fantasticos-en-crea-roma\/#breadcrumb"},"inLanguage":"es-CO","potentialAction":[{"@type":"ReadAction","target":["https:\/\/www.crea.gov.co\/crea-roma\/encuentros-fantasticos-en-crea-roma\/"]}]},{"@type":"ImageObject","inLanguage":"es-CO","@id":"https:\/\/www.crea.gov.co\/crea-roma\/encuentros-fantasticos-en-crea-roma\/#primaryimage","url":"https:\/\/www.crea.gov.co\/crea-roma\/wp-content\/uploads\/sites\/10\/2025\/05\/WhatsApp-Image-2025-05-03-at-12.58.12-PM-scaled.jpeg","contentUrl":"https:\/\/www.crea.gov.co\/crea-roma\/wp-content\/uploads\/sites\/10\/2025\/05\/WhatsApp-Image-2025-05-03-at-12.58.12-PM-scaled.jpeg","width":2560,"height":1440},{"@type":"BreadcrumbList","@id":"https:\/\/www.crea.gov.co\/crea-roma\/encuentros-fantasticos-en-crea-roma\/#breadcrumb","itemListElement":[{"@type":"ListItem","position":1,"name":"Home","item":"https:\/\/www.crea.gov.co\/crea-roma\/"},{"@type":"ListItem","position":2,"name":"\u00a1Encuentros fant\u00e1sticos en CREA Roma!"}]},{"@type":"WebSite","@id":"https:\/\/www.crea.gov.co\/crea-roma\/#website","url":"https:\/\/www.crea.gov.co\/crea-roma\/","name":"Crea Roma","description":"En Kennedy, rodeado de conjuntos y calles que guardan historias de familias que han crecido en el barrio, este espacio es un lugar donde la creatividad se entrelaza con la vida cotidiana. Aqu\u00ed, los lenguajes art\u00edsticos fortalecen lazos y dan voz a las experiencias de una comunidad que se reconoce en lo colectivo.","potentialAction":[{"@type":"SearchAction","target":{"@type":"EntryPoint","urlTemplate":"https:\/\/www.crea.gov.co\/crea-roma\/?s={search_term_string}"},"query-input":{"@type":"PropertyValueSpecification","valueRequired":true,"valueName":"search_term_string"}}],"inLanguage":"es-CO"},{"@type":"Person","@id":"https:\/\/www.crea.gov.co\/crea-roma\/#\/schema\/person\/98d3131acf7d36de9766d95e8154256d","name":"crearoma","image":{"@type":"ImageObject","inLanguage":"es-CO","@id":"https:\/\/www.crea.gov.co\/crea-roma\/#\/schema\/person\/image\/","url":"https:\/\/secure.gravatar.com\/avatar\/a932fc1012aeb823a10fc90d54ba8dd3?s=96&d=mm&r=g","contentUrl":"https:\/\/secure.gravatar.com\/avatar\/a932fc1012aeb823a10fc90d54ba8dd3?s=96&d=mm&r=g","caption":"crearoma"},"url":"https:\/\/www.crea.gov.co\/crea-roma\/author\/crearoma\/"}]}},"_links":{"self":[{"href":"https:\/\/www.crea.gov.co\/crea-roma\/wp-json\/wp\/v2\/posts\/1411","targetHints":{"allow":["GET"]}}],"collection":[{"href":"https:\/\/www.crea.gov.co\/crea-roma\/wp-json\/wp\/v2\/posts"}],"about":[{"href":"https:\/\/www.crea.gov.co\/crea-roma\/wp-json\/wp\/v2\/types\/post"}],"author":[{"embeddable":true,"href":"https:\/\/www.crea.gov.co\/crea-roma\/wp-json\/wp\/v2\/users\/89"}],"replies":[{"embeddable":true,"href":"https:\/\/www.crea.gov.co\/crea-roma\/wp-json\/wp\/v2\/comments?post=1411"}],"version-history":[{"count":4,"href":"https:\/\/www.crea.gov.co\/crea-roma\/wp-json\/wp\/v2\/posts\/1411\/revisions"}],"predecessor-version":[{"id":1419,"href":"https:\/\/www.crea.gov.co\/crea-roma\/wp-json\/wp\/v2\/posts\/1411\/revisions\/1419"}],"wp:featuredmedia":[{"embeddable":true,"href":"https:\/\/www.crea.gov.co\/crea-roma\/wp-json\/wp\/v2\/media\/1412"}],"wp:attachment":[{"href":"https:\/\/www.crea.gov.co\/crea-roma\/wp-json\/wp\/v2\/media?parent=1411"}],"wp:term":[{"taxonomy":"category","embeddable":true,"href":"https:\/\/www.crea.gov.co\/crea-roma\/wp-json\/wp\/v2\/categories?post=1411"},{"taxonomy":"post_tag","embeddable":true,"href":"https:\/\/www.crea.gov.co\/crea-roma\/wp-json\/wp\/v2\/tags?post=1411"}],"curies":[{"name":"wp","href":"https:\/\/api.w.org\/{rel}","templated":true}]}}