{"id":1370,"date":"2025-03-14T17:30:05","date_gmt":"2025-03-14T17:30:05","guid":{"rendered":"https:\/\/www.crea.gov.co\/crea-roma\/?p=1370"},"modified":"2025-03-14T17:30:05","modified_gmt":"2025-03-14T17:30:05","slug":"mi-ciudad-interna-tejedoras-de-memoria","status":"publish","type":"post","link":"https:\/\/www.crea.gov.co\/crea-roma\/mi-ciudad-interna-tejedoras-de-memoria\/","title":{"rendered":"Mi ciudad interna, tejedoras de memoria."},"content":{"rendered":"\n<p>La artista formadora del \u00e1rea de danza, Andrea Hern\u00e1ndez nos comparte su propuesta de formaci\u00f3n y creaci\u00f3n art\u00edstica para el a\u00f1o 2025, con el grupo de danza de la l\u00ednea Arte y Salud. <em>\u00a1Una experiencia de movimiento, ciudad, sabidur\u00eda y emociones a flor de piel!<\/em><\/p>\n\n\n<figure class=\"wp-block-post-featured-image\"><img loading=\"lazy\" decoding=\"async\" width=\"1080\" height=\"591\" src=\"https:\/\/www.crea.gov.co\/crea-roma\/wp-content\/uploads\/sites\/10\/2025\/03\/WhatsApp-Image-2025-03-13-at-4.19.45-PM.jpeg\" class=\"attachment-post-thumbnail size-post-thumbnail wp-post-image\" alt=\"\" style=\"object-fit:cover;\" srcset=\"https:\/\/www.crea.gov.co\/crea-roma\/wp-content\/uploads\/sites\/10\/2025\/03\/WhatsApp-Image-2025-03-13-at-4.19.45-PM.jpeg 1080w, https:\/\/www.crea.gov.co\/crea-roma\/wp-content\/uploads\/sites\/10\/2025\/03\/WhatsApp-Image-2025-03-13-at-4.19.45-PM-300x164.jpeg 300w, https:\/\/www.crea.gov.co\/crea-roma\/wp-content\/uploads\/sites\/10\/2025\/03\/WhatsApp-Image-2025-03-13-at-4.19.45-PM-1024x560.jpeg 1024w, https:\/\/www.crea.gov.co\/crea-roma\/wp-content\/uploads\/sites\/10\/2025\/03\/WhatsApp-Image-2025-03-13-at-4.19.45-PM-768x420.jpeg 768w\" sizes=\"auto, (max-width: 1080px) 100vw, 1080px\" \/><\/figure>\n\n\n<p>En el coraz\u00f3n de la ciudad, donde las calles hablan de historia y tradici\u00f3n, se despliega un proceso de formaci\u00f3n en danza folcl\u00f3rica tradicional colombiana, dirigido a personas mayores en el CREA ROMA; que a trav\u00e9s del compartir de saberes reviven su memoria y sentido de pertenencia con su cultura.<\/p>\n\n\n\n<p>Los d\u00edas lunes y mi\u00e9rcoles las participantes con sus cuerpos llenos de experiencia, sabidur\u00eda y la fusi\u00f3n de otras miradas; se dejan llevar por el ritmo y la melod\u00eda de la m\u00fasica tradicional colombiana. En cada paso, en cada movimiento, se revive en la memoria, una \u00e9poca que parec\u00eda p\u00e9rdida en el tiempo. Convirti\u00e9ndose en un lenguaje que habla directamente al coraz\u00f3n, evocando recuerdos y emociones para tejer un latido en com\u00fan.<\/p>\n\n\n\n<figure class=\"wp-block-video\"><video controls src=\"https:\/\/www.crea.gov.co\/crea-roma\/wp-content\/uploads\/sites\/10\/2025\/03\/Tejedoras-de-memoria.mp4\"><\/video><\/figure>\n\n\n\n<p>El proceso de formaci\u00f3n se convierte en un acto de resistencia y de preservaci\u00f3n cultural, en un momento en que la globalizaci\u00f3n y la homogeneizaci\u00f3n cultural parecen invisibilizar la identidad y la diversidad de las comunidades. Pero tambi\u00e9n se convierte en un acto de creaci\u00f3n y de innovaci\u00f3n, ya que los participantes se sienten libres de experimentar dentro de la tradici\u00f3n, creando nuevas formas y nuevos estilos que reflejan su experiencia y su sapiencia.<\/p>\n\n\n\n<figure class=\"wp-block-video\"><video controls src=\"https:\/\/www.crea.gov.co\/crea-roma\/wp-content\/uploads\/sites\/10\/2025\/03\/Mi-ciudad-interna.mp4\"><\/video><\/figure>\n","protected":false},"excerpt":{"rendered":"<p>La artista formadora del \u00e1rea de danza, Andrea Hern\u00e1ndez nos comparte su propuesta de formaci\u00f3n y creaci\u00f3n art\u00edstica para el a\u00f1o 2025, con el grupo de danza de la l\u00ednea Arte y Salud. \u00a1Una experiencia de movimiento, ciudad, sabidur\u00eda y emociones a flor de piel! En el coraz\u00f3n de la ciudad, donde las calles hablan [&hellip;]<\/p>\n","protected":false},"author":89,"featured_media":1371,"comment_status":"open","ping_status":"open","sticky":false,"template":"","format":"standard","meta":{"footnotes":""},"categories":[1],"tags":[],"class_list":["post-1370","post","type-post","status-publish","format-standard","has-post-thumbnail","hentry","category-sin-categoria"],"yoast_head":"<!-- This site is optimized with the Yoast SEO plugin v24.5 - https:\/\/yoast.com\/wordpress\/plugins\/seo\/ -->\n<title>Mi ciudad interna, tejedoras de memoria. - Crea Roma<\/title>\n<meta name=\"robots\" content=\"index, follow, max-snippet:-1, max-image-preview:large, max-video-preview:-1\" \/>\n<link rel=\"canonical\" href=\"https:\/\/www.crea.gov.co\/crea-roma\/mi-ciudad-interna-tejedoras-de-memoria\/\" \/>\n<meta property=\"og:locale\" content=\"es_ES\" \/>\n<meta property=\"og:type\" content=\"article\" \/>\n<meta property=\"og:title\" content=\"Mi ciudad interna, tejedoras de memoria. - Crea Roma\" \/>\n<meta property=\"og:description\" content=\"La artista formadora del \u00e1rea de danza, Andrea Hern\u00e1ndez nos comparte su propuesta de formaci\u00f3n y creaci\u00f3n art\u00edstica para el a\u00f1o 2025, con el grupo de danza de la l\u00ednea Arte y Salud. \u00a1Una experiencia de movimiento, ciudad, sabidur\u00eda y emociones a flor de piel! En el coraz\u00f3n de la ciudad, donde las calles hablan [&hellip;]\" \/>\n<meta property=\"og:url\" content=\"https:\/\/www.crea.gov.co\/crea-roma\/mi-ciudad-interna-tejedoras-de-memoria\/\" \/>\n<meta property=\"og:site_name\" content=\"Crea Roma\" \/>\n<meta property=\"article:published_time\" content=\"2025-03-14T17:30:05+00:00\" \/>\n<meta property=\"og:image\" content=\"https:\/\/www.crea.gov.co\/crea-roma\/wp-content\/uploads\/sites\/10\/2025\/03\/WhatsApp-Image-2025-03-13-at-4.19.45-PM.jpeg\" \/>\n\t<meta property=\"og:image:width\" content=\"1080\" \/>\n\t<meta property=\"og:image:height\" content=\"591\" \/>\n\t<meta property=\"og:image:type\" content=\"image\/jpeg\" \/>\n<meta name=\"author\" content=\"crearoma\" \/>\n<meta name=\"twitter:card\" content=\"summary_large_image\" \/>\n<meta name=\"twitter:label1\" content=\"Escrito por\" \/>\n\t<meta name=\"twitter:data1\" content=\"crearoma\" \/>\n\t<meta name=\"twitter:label2\" content=\"Tiempo de lectura\" \/>\n\t<meta name=\"twitter:data2\" content=\"2 minutos\" \/>\n<script type=\"application\/ld+json\" class=\"yoast-schema-graph\">{\"@context\":\"https:\/\/schema.org\",\"@graph\":[{\"@type\":\"WebPage\",\"@id\":\"https:\/\/www.crea.gov.co\/crea-roma\/mi-ciudad-interna-tejedoras-de-memoria\/\",\"url\":\"https:\/\/www.crea.gov.co\/crea-roma\/mi-ciudad-interna-tejedoras-de-memoria\/\",\"name\":\"Mi ciudad interna, tejedoras de memoria. - Crea Roma\",\"isPartOf\":{\"@id\":\"https:\/\/www.crea.gov.co\/crea-roma\/#website\"},\"primaryImageOfPage\":{\"@id\":\"https:\/\/www.crea.gov.co\/crea-roma\/mi-ciudad-interna-tejedoras-de-memoria\/#primaryimage\"},\"image\":{\"@id\":\"https:\/\/www.crea.gov.co\/crea-roma\/mi-ciudad-interna-tejedoras-de-memoria\/#primaryimage\"},\"thumbnailUrl\":\"https:\/\/www.crea.gov.co\/crea-roma\/wp-content\/uploads\/sites\/10\/2025\/03\/WhatsApp-Image-2025-03-13-at-4.19.45-PM.jpeg\",\"datePublished\":\"2025-03-14T17:30:05+00:00\",\"author\":{\"@id\":\"https:\/\/www.crea.gov.co\/crea-roma\/#\/schema\/person\/98d3131acf7d36de9766d95e8154256d\"},\"breadcrumb\":{\"@id\":\"https:\/\/www.crea.gov.co\/crea-roma\/mi-ciudad-interna-tejedoras-de-memoria\/#breadcrumb\"},\"inLanguage\":\"es-CO\",\"potentialAction\":[{\"@type\":\"ReadAction\",\"target\":[\"https:\/\/www.crea.gov.co\/crea-roma\/mi-ciudad-interna-tejedoras-de-memoria\/\"]}]},{\"@type\":\"ImageObject\",\"inLanguage\":\"es-CO\",\"@id\":\"https:\/\/www.crea.gov.co\/crea-roma\/mi-ciudad-interna-tejedoras-de-memoria\/#primaryimage\",\"url\":\"https:\/\/www.crea.gov.co\/crea-roma\/wp-content\/uploads\/sites\/10\/2025\/03\/WhatsApp-Image-2025-03-13-at-4.19.45-PM.jpeg\",\"contentUrl\":\"https:\/\/www.crea.gov.co\/crea-roma\/wp-content\/uploads\/sites\/10\/2025\/03\/WhatsApp-Image-2025-03-13-at-4.19.45-PM.jpeg\",\"width\":1080,\"height\":591},{\"@type\":\"BreadcrumbList\",\"@id\":\"https:\/\/www.crea.gov.co\/crea-roma\/mi-ciudad-interna-tejedoras-de-memoria\/#breadcrumb\",\"itemListElement\":[{\"@type\":\"ListItem\",\"position\":1,\"name\":\"Home\",\"item\":\"https:\/\/www.crea.gov.co\/crea-roma\/\"},{\"@type\":\"ListItem\",\"position\":2,\"name\":\"Mi ciudad interna, tejedoras de memoria.\"}]},{\"@type\":\"WebSite\",\"@id\":\"https:\/\/www.crea.gov.co\/crea-roma\/#website\",\"url\":\"https:\/\/www.crea.gov.co\/crea-roma\/\",\"name\":\"Crea Roma\",\"description\":\"En Kennedy, rodeado de conjuntos y calles que guardan historias de familias que han crecido en el barrio, este espacio es un lugar donde la creatividad se entrelaza con la vida cotidiana. Aqu\u00ed, los lenguajes art\u00edsticos fortalecen lazos y dan voz a las experiencias de una comunidad que se reconoce en lo colectivo.\",\"potentialAction\":[{\"@type\":\"SearchAction\",\"target\":{\"@type\":\"EntryPoint\",\"urlTemplate\":\"https:\/\/www.crea.gov.co\/crea-roma\/?s={search_term_string}\"},\"query-input\":{\"@type\":\"PropertyValueSpecification\",\"valueRequired\":true,\"valueName\":\"search_term_string\"}}],\"inLanguage\":\"es-CO\"},{\"@type\":\"Person\",\"@id\":\"https:\/\/www.crea.gov.co\/crea-roma\/#\/schema\/person\/98d3131acf7d36de9766d95e8154256d\",\"name\":\"crearoma\",\"image\":{\"@type\":\"ImageObject\",\"inLanguage\":\"es-CO\",\"@id\":\"https:\/\/www.crea.gov.co\/crea-roma\/#\/schema\/person\/image\/\",\"url\":\"https:\/\/secure.gravatar.com\/avatar\/a932fc1012aeb823a10fc90d54ba8dd3?s=96&d=mm&r=g\",\"contentUrl\":\"https:\/\/secure.gravatar.com\/avatar\/a932fc1012aeb823a10fc90d54ba8dd3?s=96&d=mm&r=g\",\"caption\":\"crearoma\"},\"url\":\"https:\/\/www.crea.gov.co\/crea-roma\/author\/crearoma\/\"}]}<\/script>\n<!-- \/ Yoast SEO plugin. -->","yoast_head_json":{"title":"Mi ciudad interna, tejedoras de memoria. - Crea Roma","robots":{"index":"index","follow":"follow","max-snippet":"max-snippet:-1","max-image-preview":"max-image-preview:large","max-video-preview":"max-video-preview:-1"},"canonical":"https:\/\/www.crea.gov.co\/crea-roma\/mi-ciudad-interna-tejedoras-de-memoria\/","og_locale":"es_ES","og_type":"article","og_title":"Mi ciudad interna, tejedoras de memoria. - Crea Roma","og_description":"La artista formadora del \u00e1rea de danza, Andrea Hern\u00e1ndez nos comparte su propuesta de formaci\u00f3n y creaci\u00f3n art\u00edstica para el a\u00f1o 2025, con el grupo de danza de la l\u00ednea Arte y Salud. \u00a1Una experiencia de movimiento, ciudad, sabidur\u00eda y emociones a flor de piel! En el coraz\u00f3n de la ciudad, donde las calles hablan [&hellip;]","og_url":"https:\/\/www.crea.gov.co\/crea-roma\/mi-ciudad-interna-tejedoras-de-memoria\/","og_site_name":"Crea Roma","article_published_time":"2025-03-14T17:30:05+00:00","og_image":[{"width":1080,"height":591,"url":"https:\/\/www.crea.gov.co\/crea-roma\/wp-content\/uploads\/sites\/10\/2025\/03\/WhatsApp-Image-2025-03-13-at-4.19.45-PM.jpeg","type":"image\/jpeg"}],"author":"crearoma","twitter_card":"summary_large_image","twitter_misc":{"Escrito por":"crearoma","Tiempo de lectura":"2 minutos"},"schema":{"@context":"https:\/\/schema.org","@graph":[{"@type":"WebPage","@id":"https:\/\/www.crea.gov.co\/crea-roma\/mi-ciudad-interna-tejedoras-de-memoria\/","url":"https:\/\/www.crea.gov.co\/crea-roma\/mi-ciudad-interna-tejedoras-de-memoria\/","name":"Mi ciudad interna, tejedoras de memoria. - Crea Roma","isPartOf":{"@id":"https:\/\/www.crea.gov.co\/crea-roma\/#website"},"primaryImageOfPage":{"@id":"https:\/\/www.crea.gov.co\/crea-roma\/mi-ciudad-interna-tejedoras-de-memoria\/#primaryimage"},"image":{"@id":"https:\/\/www.crea.gov.co\/crea-roma\/mi-ciudad-interna-tejedoras-de-memoria\/#primaryimage"},"thumbnailUrl":"https:\/\/www.crea.gov.co\/crea-roma\/wp-content\/uploads\/sites\/10\/2025\/03\/WhatsApp-Image-2025-03-13-at-4.19.45-PM.jpeg","datePublished":"2025-03-14T17:30:05+00:00","author":{"@id":"https:\/\/www.crea.gov.co\/crea-roma\/#\/schema\/person\/98d3131acf7d36de9766d95e8154256d"},"breadcrumb":{"@id":"https:\/\/www.crea.gov.co\/crea-roma\/mi-ciudad-interna-tejedoras-de-memoria\/#breadcrumb"},"inLanguage":"es-CO","potentialAction":[{"@type":"ReadAction","target":["https:\/\/www.crea.gov.co\/crea-roma\/mi-ciudad-interna-tejedoras-de-memoria\/"]}]},{"@type":"ImageObject","inLanguage":"es-CO","@id":"https:\/\/www.crea.gov.co\/crea-roma\/mi-ciudad-interna-tejedoras-de-memoria\/#primaryimage","url":"https:\/\/www.crea.gov.co\/crea-roma\/wp-content\/uploads\/sites\/10\/2025\/03\/WhatsApp-Image-2025-03-13-at-4.19.45-PM.jpeg","contentUrl":"https:\/\/www.crea.gov.co\/crea-roma\/wp-content\/uploads\/sites\/10\/2025\/03\/WhatsApp-Image-2025-03-13-at-4.19.45-PM.jpeg","width":1080,"height":591},{"@type":"BreadcrumbList","@id":"https:\/\/www.crea.gov.co\/crea-roma\/mi-ciudad-interna-tejedoras-de-memoria\/#breadcrumb","itemListElement":[{"@type":"ListItem","position":1,"name":"Home","item":"https:\/\/www.crea.gov.co\/crea-roma\/"},{"@type":"ListItem","position":2,"name":"Mi ciudad interna, tejedoras de memoria."}]},{"@type":"WebSite","@id":"https:\/\/www.crea.gov.co\/crea-roma\/#website","url":"https:\/\/www.crea.gov.co\/crea-roma\/","name":"Crea Roma","description":"En Kennedy, rodeado de conjuntos y calles que guardan historias de familias que han crecido en el barrio, este espacio es un lugar donde la creatividad se entrelaza con la vida cotidiana. Aqu\u00ed, los lenguajes art\u00edsticos fortalecen lazos y dan voz a las experiencias de una comunidad que se reconoce en lo colectivo.","potentialAction":[{"@type":"SearchAction","target":{"@type":"EntryPoint","urlTemplate":"https:\/\/www.crea.gov.co\/crea-roma\/?s={search_term_string}"},"query-input":{"@type":"PropertyValueSpecification","valueRequired":true,"valueName":"search_term_string"}}],"inLanguage":"es-CO"},{"@type":"Person","@id":"https:\/\/www.crea.gov.co\/crea-roma\/#\/schema\/person\/98d3131acf7d36de9766d95e8154256d","name":"crearoma","image":{"@type":"ImageObject","inLanguage":"es-CO","@id":"https:\/\/www.crea.gov.co\/crea-roma\/#\/schema\/person\/image\/","url":"https:\/\/secure.gravatar.com\/avatar\/a932fc1012aeb823a10fc90d54ba8dd3?s=96&d=mm&r=g","contentUrl":"https:\/\/secure.gravatar.com\/avatar\/a932fc1012aeb823a10fc90d54ba8dd3?s=96&d=mm&r=g","caption":"crearoma"},"url":"https:\/\/www.crea.gov.co\/crea-roma\/author\/crearoma\/"}]}},"_links":{"self":[{"href":"https:\/\/www.crea.gov.co\/crea-roma\/wp-json\/wp\/v2\/posts\/1370","targetHints":{"allow":["GET"]}}],"collection":[{"href":"https:\/\/www.crea.gov.co\/crea-roma\/wp-json\/wp\/v2\/posts"}],"about":[{"href":"https:\/\/www.crea.gov.co\/crea-roma\/wp-json\/wp\/v2\/types\/post"}],"author":[{"embeddable":true,"href":"https:\/\/www.crea.gov.co\/crea-roma\/wp-json\/wp\/v2\/users\/89"}],"replies":[{"embeddable":true,"href":"https:\/\/www.crea.gov.co\/crea-roma\/wp-json\/wp\/v2\/comments?post=1370"}],"version-history":[{"count":1,"href":"https:\/\/www.crea.gov.co\/crea-roma\/wp-json\/wp\/v2\/posts\/1370\/revisions"}],"predecessor-version":[{"id":1374,"href":"https:\/\/www.crea.gov.co\/crea-roma\/wp-json\/wp\/v2\/posts\/1370\/revisions\/1374"}],"wp:featuredmedia":[{"embeddable":true,"href":"https:\/\/www.crea.gov.co\/crea-roma\/wp-json\/wp\/v2\/media\/1371"}],"wp:attachment":[{"href":"https:\/\/www.crea.gov.co\/crea-roma\/wp-json\/wp\/v2\/media?parent=1370"}],"wp:term":[{"taxonomy":"category","embeddable":true,"href":"https:\/\/www.crea.gov.co\/crea-roma\/wp-json\/wp\/v2\/categories?post=1370"},{"taxonomy":"post_tag","embeddable":true,"href":"https:\/\/www.crea.gov.co\/crea-roma\/wp-json\/wp\/v2\/tags?post=1370"}],"curies":[{"name":"wp","href":"https:\/\/api.w.org\/{rel}","templated":true}]}}