{"id":1355,"date":"2025-02-20T16:47:22","date_gmt":"2025-02-20T16:47:22","guid":{"rendered":"https:\/\/www.crea.gov.co\/crea-roma\/?p=1355"},"modified":"2025-02-20T17:05:09","modified_gmt":"2025-02-20T17:05:09","slug":"estamos-preparados-para-crear","status":"publish","type":"post","link":"https:\/\/www.crea.gov.co\/crea-roma\/estamos-preparados-para-crear\/","title":{"rendered":"\u00a1ESTAMOS PREPARADOS PARA CREAR!"},"content":{"rendered":"\n<p>En el a\u00f1o 2025 volvemos con nuevas experiencias de formaci\u00f3n y creaci\u00f3n art\u00edstica, para los ni\u00f1os, ni\u00f1as, j\u00f3venes, adultos y persona mayor. \u00a1Completamente gratis!  Ven al crea Roma y ent\u00e9rate de toda la oferta de talleres. <\/p>\n\n\n<figure class=\"wp-block-post-featured-image\"><img loading=\"lazy\" decoding=\"async\" width=\"1369\" height=\"1098\" src=\"https:\/\/www.crea.gov.co\/crea-roma\/wp-content\/uploads\/sites\/10\/2025\/02\/WhatsApp-Image-2025-02-20-at-11.24.09-AM.jpeg\" class=\"attachment-post-thumbnail size-post-thumbnail wp-post-image\" alt=\"\" style=\"object-fit:cover;\" srcset=\"https:\/\/www.crea.gov.co\/crea-roma\/wp-content\/uploads\/sites\/10\/2025\/02\/WhatsApp-Image-2025-02-20-at-11.24.09-AM.jpeg 1369w, https:\/\/www.crea.gov.co\/crea-roma\/wp-content\/uploads\/sites\/10\/2025\/02\/WhatsApp-Image-2025-02-20-at-11.24.09-AM-300x241.jpeg 300w, https:\/\/www.crea.gov.co\/crea-roma\/wp-content\/uploads\/sites\/10\/2025\/02\/WhatsApp-Image-2025-02-20-at-11.24.09-AM-1024x821.jpeg 1024w, https:\/\/www.crea.gov.co\/crea-roma\/wp-content\/uploads\/sites\/10\/2025\/02\/WhatsApp-Image-2025-02-20-at-11.24.09-AM-768x616.jpeg 768w\" sizes=\"auto, (max-width: 1369px) 100vw, 1369px\" \/><\/figure>\n\n\n<p class=\"has-text-align-center\"><strong><em>A trav\u00e9s de los talleres podr\u00e1s desarrollar y fortalecer todos tus talentos, habilidades y adem\u00e1s conocer nuevas personas que tambi\u00e9n sienten inter\u00e9s por el arte. <\/em><\/strong><\/p>\n\n\n\n<figure class=\"wp-block-image size-full\"><img loading=\"lazy\" decoding=\"async\" width=\"945\" height=\"945\" src=\"https:\/\/www.crea.gov.co\/crea-roma\/wp-content\/uploads\/sites\/10\/2025\/02\/OFERTA-DE-TALLERES-1.jpg\" alt=\"\" class=\"wp-image-1360\" srcset=\"https:\/\/www.crea.gov.co\/crea-roma\/wp-content\/uploads\/sites\/10\/2025\/02\/OFERTA-DE-TALLERES-1.jpg 945w, https:\/\/www.crea.gov.co\/crea-roma\/wp-content\/uploads\/sites\/10\/2025\/02\/OFERTA-DE-TALLERES-1-300x300.jpg 300w, https:\/\/www.crea.gov.co\/crea-roma\/wp-content\/uploads\/sites\/10\/2025\/02\/OFERTA-DE-TALLERES-1-150x150.jpg 150w, https:\/\/www.crea.gov.co\/crea-roma\/wp-content\/uploads\/sites\/10\/2025\/02\/OFERTA-DE-TALLERES-1-768x768.jpg 768w\" sizes=\"auto, (max-width: 945px) 100vw, 945px\" \/><\/figure>\n","protected":false},"excerpt":{"rendered":"<p>En el a\u00f1o 2025 volvemos con nuevas experiencias de formaci\u00f3n y creaci\u00f3n art\u00edstica, para los ni\u00f1os, ni\u00f1as, j\u00f3venes, adultos y persona mayor. \u00a1Completamente gratis! Ven al crea Roma y ent\u00e9rate de toda la oferta de talleres. A trav\u00e9s de los talleres podr\u00e1s desarrollar y fortalecer todos tus talentos, habilidades y adem\u00e1s conocer nuevas personas que [&hellip;]<\/p>\n","protected":false},"author":89,"featured_media":1358,"comment_status":"open","ping_status":"open","sticky":false,"template":"","format":"standard","meta":{"footnotes":""},"categories":[1],"tags":[],"class_list":["post-1355","post","type-post","status-publish","format-standard","has-post-thumbnail","hentry","category-sin-categoria"],"yoast_head":"<!-- This site is optimized with the Yoast SEO plugin v24.5 - https:\/\/yoast.com\/wordpress\/plugins\/seo\/ -->\n<title>\u00a1ESTAMOS PREPARADOS PARA CREAR! - Crea Roma<\/title>\n<meta name=\"robots\" content=\"index, follow, max-snippet:-1, max-image-preview:large, max-video-preview:-1\" \/>\n<link rel=\"canonical\" href=\"https:\/\/www.crea.gov.co\/crea-roma\/estamos-preparados-para-crear\/\" \/>\n<meta property=\"og:locale\" content=\"es_ES\" \/>\n<meta property=\"og:type\" content=\"article\" \/>\n<meta property=\"og:title\" content=\"\u00a1ESTAMOS PREPARADOS PARA CREAR! - Crea Roma\" \/>\n<meta property=\"og:description\" content=\"En el a\u00f1o 2025 volvemos con nuevas experiencias de formaci\u00f3n y creaci\u00f3n art\u00edstica, para los ni\u00f1os, ni\u00f1as, j\u00f3venes, adultos y persona mayor. \u00a1Completamente gratis! Ven al crea Roma y ent\u00e9rate de toda la oferta de talleres. A trav\u00e9s de los talleres podr\u00e1s desarrollar y fortalecer todos tus talentos, habilidades y adem\u00e1s conocer nuevas personas que [&hellip;]\" \/>\n<meta property=\"og:url\" content=\"https:\/\/www.crea.gov.co\/crea-roma\/estamos-preparados-para-crear\/\" \/>\n<meta property=\"og:site_name\" content=\"Crea Roma\" \/>\n<meta property=\"article:published_time\" content=\"2025-02-20T16:47:22+00:00\" \/>\n<meta property=\"article:modified_time\" content=\"2025-02-20T17:05:09+00:00\" \/>\n<meta property=\"og:image\" content=\"https:\/\/www.crea.gov.co\/crea-roma\/wp-content\/uploads\/sites\/10\/2025\/02\/OFERTA-DE-TALLERES-1.jpg\" \/>\n\t<meta property=\"og:image:width\" content=\"945\" \/>\n\t<meta property=\"og:image:height\" content=\"945\" \/>\n\t<meta property=\"og:image:type\" content=\"image\/jpeg\" \/>\n<meta name=\"author\" content=\"crearoma\" \/>\n<meta name=\"twitter:card\" content=\"summary_large_image\" \/>\n<meta name=\"twitter:label1\" content=\"Escrito por\" \/>\n\t<meta name=\"twitter:data1\" content=\"crearoma\" \/>\n\t<meta name=\"twitter:label2\" content=\"Tiempo de lectura\" \/>\n\t<meta name=\"twitter:data2\" content=\"1 minuto\" \/>\n<script type=\"application\/ld+json\" class=\"yoast-schema-graph\">{\"@context\":\"https:\/\/schema.org\",\"@graph\":[{\"@type\":\"WebPage\",\"@id\":\"https:\/\/www.crea.gov.co\/crea-roma\/estamos-preparados-para-crear\/\",\"url\":\"https:\/\/www.crea.gov.co\/crea-roma\/estamos-preparados-para-crear\/\",\"name\":\"\u00a1ESTAMOS PREPARADOS PARA CREAR! - Crea Roma\",\"isPartOf\":{\"@id\":\"https:\/\/www.crea.gov.co\/crea-roma\/#website\"},\"primaryImageOfPage\":{\"@id\":\"https:\/\/www.crea.gov.co\/crea-roma\/estamos-preparados-para-crear\/#primaryimage\"},\"image\":{\"@id\":\"https:\/\/www.crea.gov.co\/crea-roma\/estamos-preparados-para-crear\/#primaryimage\"},\"thumbnailUrl\":\"https:\/\/www.crea.gov.co\/crea-roma\/wp-content\/uploads\/sites\/10\/2025\/02\/WhatsApp-Image-2025-02-20-at-11.24.09-AM.jpeg\",\"datePublished\":\"2025-02-20T16:47:22+00:00\",\"dateModified\":\"2025-02-20T17:05:09+00:00\",\"author\":{\"@id\":\"https:\/\/www.crea.gov.co\/crea-roma\/#\/schema\/person\/98d3131acf7d36de9766d95e8154256d\"},\"breadcrumb\":{\"@id\":\"https:\/\/www.crea.gov.co\/crea-roma\/estamos-preparados-para-crear\/#breadcrumb\"},\"inLanguage\":\"es-CO\",\"potentialAction\":[{\"@type\":\"ReadAction\",\"target\":[\"https:\/\/www.crea.gov.co\/crea-roma\/estamos-preparados-para-crear\/\"]}]},{\"@type\":\"ImageObject\",\"inLanguage\":\"es-CO\",\"@id\":\"https:\/\/www.crea.gov.co\/crea-roma\/estamos-preparados-para-crear\/#primaryimage\",\"url\":\"https:\/\/www.crea.gov.co\/crea-roma\/wp-content\/uploads\/sites\/10\/2025\/02\/WhatsApp-Image-2025-02-20-at-11.24.09-AM.jpeg\",\"contentUrl\":\"https:\/\/www.crea.gov.co\/crea-roma\/wp-content\/uploads\/sites\/10\/2025\/02\/WhatsApp-Image-2025-02-20-at-11.24.09-AM.jpeg\",\"width\":1369,\"height\":1098},{\"@type\":\"BreadcrumbList\",\"@id\":\"https:\/\/www.crea.gov.co\/crea-roma\/estamos-preparados-para-crear\/#breadcrumb\",\"itemListElement\":[{\"@type\":\"ListItem\",\"position\":1,\"name\":\"Home\",\"item\":\"https:\/\/www.crea.gov.co\/crea-roma\/\"},{\"@type\":\"ListItem\",\"position\":2,\"name\":\"\u00a1ESTAMOS PREPARADOS PARA CREAR!\"}]},{\"@type\":\"WebSite\",\"@id\":\"https:\/\/www.crea.gov.co\/crea-roma\/#website\",\"url\":\"https:\/\/www.crea.gov.co\/crea-roma\/\",\"name\":\"Crea Roma\",\"description\":\"En Kennedy, rodeado de conjuntos y calles que guardan historias de familias que han crecido en el barrio, este espacio es un lugar donde la creatividad se entrelaza con la vida cotidiana. Aqu\u00ed, los lenguajes art\u00edsticos fortalecen lazos y dan voz a las experiencias de una comunidad que se reconoce en lo colectivo.\",\"potentialAction\":[{\"@type\":\"SearchAction\",\"target\":{\"@type\":\"EntryPoint\",\"urlTemplate\":\"https:\/\/www.crea.gov.co\/crea-roma\/?s={search_term_string}\"},\"query-input\":{\"@type\":\"PropertyValueSpecification\",\"valueRequired\":true,\"valueName\":\"search_term_string\"}}],\"inLanguage\":\"es-CO\"},{\"@type\":\"Person\",\"@id\":\"https:\/\/www.crea.gov.co\/crea-roma\/#\/schema\/person\/98d3131acf7d36de9766d95e8154256d\",\"name\":\"crearoma\",\"image\":{\"@type\":\"ImageObject\",\"inLanguage\":\"es-CO\",\"@id\":\"https:\/\/www.crea.gov.co\/crea-roma\/#\/schema\/person\/image\/\",\"url\":\"https:\/\/secure.gravatar.com\/avatar\/a932fc1012aeb823a10fc90d54ba8dd3?s=96&d=mm&r=g\",\"contentUrl\":\"https:\/\/secure.gravatar.com\/avatar\/a932fc1012aeb823a10fc90d54ba8dd3?s=96&d=mm&r=g\",\"caption\":\"crearoma\"},\"url\":\"https:\/\/www.crea.gov.co\/crea-roma\/author\/crearoma\/\"}]}<\/script>\n<!-- \/ Yoast SEO plugin. -->","yoast_head_json":{"title":"\u00a1ESTAMOS PREPARADOS PARA CREAR! - Crea Roma","robots":{"index":"index","follow":"follow","max-snippet":"max-snippet:-1","max-image-preview":"max-image-preview:large","max-video-preview":"max-video-preview:-1"},"canonical":"https:\/\/www.crea.gov.co\/crea-roma\/estamos-preparados-para-crear\/","og_locale":"es_ES","og_type":"article","og_title":"\u00a1ESTAMOS PREPARADOS PARA CREAR! - Crea Roma","og_description":"En el a\u00f1o 2025 volvemos con nuevas experiencias de formaci\u00f3n y creaci\u00f3n art\u00edstica, para los ni\u00f1os, ni\u00f1as, j\u00f3venes, adultos y persona mayor. \u00a1Completamente gratis! Ven al crea Roma y ent\u00e9rate de toda la oferta de talleres. A trav\u00e9s de los talleres podr\u00e1s desarrollar y fortalecer todos tus talentos, habilidades y adem\u00e1s conocer nuevas personas que [&hellip;]","og_url":"https:\/\/www.crea.gov.co\/crea-roma\/estamos-preparados-para-crear\/","og_site_name":"Crea Roma","article_published_time":"2025-02-20T16:47:22+00:00","article_modified_time":"2025-02-20T17:05:09+00:00","og_image":[{"width":945,"height":945,"url":"https:\/\/www.crea.gov.co\/crea-roma\/wp-content\/uploads\/sites\/10\/2025\/02\/OFERTA-DE-TALLERES-1.jpg","type":"image\/jpeg"}],"author":"crearoma","twitter_card":"summary_large_image","twitter_misc":{"Escrito por":"crearoma","Tiempo de lectura":"1 minuto"},"schema":{"@context":"https:\/\/schema.org","@graph":[{"@type":"WebPage","@id":"https:\/\/www.crea.gov.co\/crea-roma\/estamos-preparados-para-crear\/","url":"https:\/\/www.crea.gov.co\/crea-roma\/estamos-preparados-para-crear\/","name":"\u00a1ESTAMOS PREPARADOS PARA CREAR! - Crea Roma","isPartOf":{"@id":"https:\/\/www.crea.gov.co\/crea-roma\/#website"},"primaryImageOfPage":{"@id":"https:\/\/www.crea.gov.co\/crea-roma\/estamos-preparados-para-crear\/#primaryimage"},"image":{"@id":"https:\/\/www.crea.gov.co\/crea-roma\/estamos-preparados-para-crear\/#primaryimage"},"thumbnailUrl":"https:\/\/www.crea.gov.co\/crea-roma\/wp-content\/uploads\/sites\/10\/2025\/02\/WhatsApp-Image-2025-02-20-at-11.24.09-AM.jpeg","datePublished":"2025-02-20T16:47:22+00:00","dateModified":"2025-02-20T17:05:09+00:00","author":{"@id":"https:\/\/www.crea.gov.co\/crea-roma\/#\/schema\/person\/98d3131acf7d36de9766d95e8154256d"},"breadcrumb":{"@id":"https:\/\/www.crea.gov.co\/crea-roma\/estamos-preparados-para-crear\/#breadcrumb"},"inLanguage":"es-CO","potentialAction":[{"@type":"ReadAction","target":["https:\/\/www.crea.gov.co\/crea-roma\/estamos-preparados-para-crear\/"]}]},{"@type":"ImageObject","inLanguage":"es-CO","@id":"https:\/\/www.crea.gov.co\/crea-roma\/estamos-preparados-para-crear\/#primaryimage","url":"https:\/\/www.crea.gov.co\/crea-roma\/wp-content\/uploads\/sites\/10\/2025\/02\/WhatsApp-Image-2025-02-20-at-11.24.09-AM.jpeg","contentUrl":"https:\/\/www.crea.gov.co\/crea-roma\/wp-content\/uploads\/sites\/10\/2025\/02\/WhatsApp-Image-2025-02-20-at-11.24.09-AM.jpeg","width":1369,"height":1098},{"@type":"BreadcrumbList","@id":"https:\/\/www.crea.gov.co\/crea-roma\/estamos-preparados-para-crear\/#breadcrumb","itemListElement":[{"@type":"ListItem","position":1,"name":"Home","item":"https:\/\/www.crea.gov.co\/crea-roma\/"},{"@type":"ListItem","position":2,"name":"\u00a1ESTAMOS PREPARADOS PARA CREAR!"}]},{"@type":"WebSite","@id":"https:\/\/www.crea.gov.co\/crea-roma\/#website","url":"https:\/\/www.crea.gov.co\/crea-roma\/","name":"Crea Roma","description":"En Kennedy, rodeado de conjuntos y calles que guardan historias de familias que han crecido en el barrio, este espacio es un lugar donde la creatividad se entrelaza con la vida cotidiana. Aqu\u00ed, los lenguajes art\u00edsticos fortalecen lazos y dan voz a las experiencias de una comunidad que se reconoce en lo colectivo.","potentialAction":[{"@type":"SearchAction","target":{"@type":"EntryPoint","urlTemplate":"https:\/\/www.crea.gov.co\/crea-roma\/?s={search_term_string}"},"query-input":{"@type":"PropertyValueSpecification","valueRequired":true,"valueName":"search_term_string"}}],"inLanguage":"es-CO"},{"@type":"Person","@id":"https:\/\/www.crea.gov.co\/crea-roma\/#\/schema\/person\/98d3131acf7d36de9766d95e8154256d","name":"crearoma","image":{"@type":"ImageObject","inLanguage":"es-CO","@id":"https:\/\/www.crea.gov.co\/crea-roma\/#\/schema\/person\/image\/","url":"https:\/\/secure.gravatar.com\/avatar\/a932fc1012aeb823a10fc90d54ba8dd3?s=96&d=mm&r=g","contentUrl":"https:\/\/secure.gravatar.com\/avatar\/a932fc1012aeb823a10fc90d54ba8dd3?s=96&d=mm&r=g","caption":"crearoma"},"url":"https:\/\/www.crea.gov.co\/crea-roma\/author\/crearoma\/"}]}},"_links":{"self":[{"href":"https:\/\/www.crea.gov.co\/crea-roma\/wp-json\/wp\/v2\/posts\/1355","targetHints":{"allow":["GET"]}}],"collection":[{"href":"https:\/\/www.crea.gov.co\/crea-roma\/wp-json\/wp\/v2\/posts"}],"about":[{"href":"https:\/\/www.crea.gov.co\/crea-roma\/wp-json\/wp\/v2\/types\/post"}],"author":[{"embeddable":true,"href":"https:\/\/www.crea.gov.co\/crea-roma\/wp-json\/wp\/v2\/users\/89"}],"replies":[{"embeddable":true,"href":"https:\/\/www.crea.gov.co\/crea-roma\/wp-json\/wp\/v2\/comments?post=1355"}],"version-history":[{"count":2,"href":"https:\/\/www.crea.gov.co\/crea-roma\/wp-json\/wp\/v2\/posts\/1355\/revisions"}],"predecessor-version":[{"id":1362,"href":"https:\/\/www.crea.gov.co\/crea-roma\/wp-json\/wp\/v2\/posts\/1355\/revisions\/1362"}],"wp:featuredmedia":[{"embeddable":true,"href":"https:\/\/www.crea.gov.co\/crea-roma\/wp-json\/wp\/v2\/media\/1358"}],"wp:attachment":[{"href":"https:\/\/www.crea.gov.co\/crea-roma\/wp-json\/wp\/v2\/media?parent=1355"}],"wp:term":[{"taxonomy":"category","embeddable":true,"href":"https:\/\/www.crea.gov.co\/crea-roma\/wp-json\/wp\/v2\/categories?post=1355"},{"taxonomy":"post_tag","embeddable":true,"href":"https:\/\/www.crea.gov.co\/crea-roma\/wp-json\/wp\/v2\/tags?post=1355"}],"curies":[{"name":"wp","href":"https:\/\/api.w.org\/{rel}","templated":true}]}}