{"id":1349,"date":"2024-12-18T22:57:55","date_gmt":"2024-12-18T22:57:55","guid":{"rendered":"https:\/\/www.crea.gov.co\/crea-roma\/?p=1349"},"modified":"2024-12-18T22:58:48","modified_gmt":"2024-12-18T22:58:48","slug":"un-poco-de-los-vacacionales-crea-roma","status":"publish","type":"post","link":"https:\/\/www.crea.gov.co\/crea-roma\/un-poco-de-los-vacacionales-crea-roma\/","title":{"rendered":"Un poco de los VACACIONALES!!! CREA ROMA"},"content":{"rendered":"\n<p class=\"has-text-align-center\">A.F M\u00fasica: Walter Miller Ospina Manzanares   y A.F Danza: Leticia&nbsp; Mena&nbsp; Moreno<\/p>\n\n\n\n<figure class=\"wp-block-embed aligncenter is-type-video is-provider-youtube wp-block-embed-youtube wp-embed-aspect-16-9 wp-has-aspect-ratio\"><div class=\"wp-block-embed__wrapper\">\n<iframe loading=\"lazy\" title=\"VACACIONAL CREA ROMA\" width=\"500\" height=\"281\" src=\"https:\/\/www.youtube.com\/embed\/jqRDrPxyTBE?feature=oembed\" frameborder=\"0\" allow=\"accelerometer; autoplay; clipboard-write; encrypted-media; gyroscope; picture-in-picture; web-share\" referrerpolicy=\"strict-origin-when-cross-origin\" allowfullscreen><\/iframe>\n<\/div><figcaption class=\"wp-element-caption\">M\u00fasica: Para este periodo se logr\u00f3 realizar el montaje de dos canciones a partir de las premisas realizadas con la dupla AF, dentro de los temas montados se encuentra Debajo un bot\u00f3n y Yo viaje al Per\u00fa que pertenece al cancionero del \u00e1rea de m\u00fasica. En este proceso fue indispensable que los y las ni\u00f1as escribieran las letras de las canciones, posteriormente una sesi\u00f3n dedicada a solo los ritmos que se involucran en estas canciones donde cada participante cambiaba de instrumento seg\u00fan lo dominaba, luego de ello otra sesi\u00f3n destinada a el aprendizaje de las notas en el piano, cada piano con dos estudiantes lo cual fomento el aprendizaje de una manera \u00e1gil y en el cual con ayuda de las notas musicales que se escribieron en el tablero fue de f\u00e1cil retenci\u00f3n. Luego de que cada estudiante conociera los diferentes roles como AF seleccion\u00f3 a los y las estudiantes que se destacan en los diferentes instrumentos para as\u00ed lograr el montaje. Esto logr\u00f3 desarrollar habilidades musicales b\u00e1sicas que les servir\u00e1n para la vida cotidiana<\/figcaption><\/figure>\n\n\n\n<figure class=\"wp-block-embed aligncenter is-type-video is-provider-youtube wp-block-embed-youtube wp-embed-aspect-16-9 wp-has-aspect-ratio\"><div class=\"wp-block-embed__wrapper\">\n<iframe loading=\"lazy\" title=\"CREA ROMA VACACIONAL\" width=\"500\" height=\"281\" src=\"https:\/\/www.youtube.com\/embed\/6kGHuJkhXdU?feature=oembed\" frameborder=\"0\" allow=\"accelerometer; autoplay; clipboard-write; encrypted-media; gyroscope; picture-in-picture; web-share\" referrerpolicy=\"strict-origin-when-cross-origin\" allowfullscreen><\/iframe>\n<\/div><figcaption class=\"wp-element-caption\">Danza:  Exploraci\u00f3n&nbsp; de patrones r\u00edtmicos simples, como palmadas, chasquidos y&nbsp; golpes en el pecho y piernas, formando&nbsp; frases&nbsp; r\u00edtmicas para asociar sonidos con movimientos, de&nbsp; igual manera se&nbsp; abordaron&nbsp; juegos r\u00edtmicos &#8220;ritmo&#8221; o &#8220;sigue el l\u00edder&#8221;, donde los ni\u00f1os y ni\u00f1as&nbsp; imitan patrones donde&nbsp; usaron el cuerpo como instrumento.<br>Se trabaj\u00f3 la coordinaci\u00f3n usando diferentes partes del cuerpo para sonidos espec\u00edficos, logrando&nbsp; ejecutar patrones que alternan entre manos, pies y otras \u00e1reas del cuerpo para mejorar la coordinaci\u00f3n, tambi\u00e9n se&nbsp; introdujeron ejercicio de &nbsp; Improvisaci\u00f3n permitiendo que&nbsp; los&nbsp; y&nbsp; las&nbsp; participantes crearon sus propios ritmos, donde mezclaron sonidos y movimientos seg\u00fan su imaginaci\u00f3n.&nbsp;<\/figcaption><\/figure>\n\n\n<figure class=\"wp-block-post-featured-image\"><img loading=\"lazy\" decoding=\"async\" width=\"1143\" height=\"565\" src=\"https:\/\/www.crea.gov.co\/crea-roma\/wp-content\/uploads\/sites\/10\/2024\/12\/foto-micrositio.jpg\" class=\"attachment-post-thumbnail size-post-thumbnail wp-post-image\" alt=\"\" style=\"object-fit:cover;\" srcset=\"https:\/\/www.crea.gov.co\/crea-roma\/wp-content\/uploads\/sites\/10\/2024\/12\/foto-micrositio.jpg 1143w, https:\/\/www.crea.gov.co\/crea-roma\/wp-content\/uploads\/sites\/10\/2024\/12\/foto-micrositio-300x148.jpg 300w, https:\/\/www.crea.gov.co\/crea-roma\/wp-content\/uploads\/sites\/10\/2024\/12\/foto-micrositio-1024x506.jpg 1024w, https:\/\/www.crea.gov.co\/crea-roma\/wp-content\/uploads\/sites\/10\/2024\/12\/foto-micrositio-768x380.jpg 768w\" sizes=\"auto, (max-width: 1143px) 100vw, 1143px\" \/><\/figure>\n\n\n<p><\/p>\n","protected":false},"excerpt":{"rendered":"<p>A.F M\u00fasica: Walter Miller Ospina Manzanares y A.F Danza: Leticia&nbsp; Mena&nbsp; Moreno<\/p>\n","protected":false},"author":78,"featured_media":1350,"comment_status":"open","ping_status":"open","sticky":false,"template":"","format":"standard","meta":{"footnotes":""},"categories":[1],"tags":[],"class_list":["post-1349","post","type-post","status-publish","format-standard","has-post-thumbnail","hentry","category-sin-categoria"],"yoast_head":"<!-- This site is optimized with the Yoast SEO plugin v24.5 - https:\/\/yoast.com\/wordpress\/plugins\/seo\/ -->\n<title>Un poco de los VACACIONALES!!! CREA ROMA - Crea Roma<\/title>\n<meta name=\"robots\" content=\"index, follow, max-snippet:-1, max-image-preview:large, max-video-preview:-1\" \/>\n<link rel=\"canonical\" href=\"https:\/\/www.crea.gov.co\/crea-roma\/un-poco-de-los-vacacionales-crea-roma\/\" \/>\n<meta property=\"og:locale\" content=\"es_ES\" \/>\n<meta property=\"og:type\" content=\"article\" \/>\n<meta property=\"og:title\" content=\"Un poco de los VACACIONALES!!! CREA ROMA - Crea Roma\" \/>\n<meta property=\"og:description\" content=\"A.F M\u00fasica: Walter Miller Ospina Manzanares y A.F Danza: Leticia&nbsp; Mena&nbsp; Moreno\" \/>\n<meta property=\"og:url\" content=\"https:\/\/www.crea.gov.co\/crea-roma\/un-poco-de-los-vacacionales-crea-roma\/\" \/>\n<meta property=\"og:site_name\" content=\"Crea Roma\" \/>\n<meta property=\"article:published_time\" content=\"2024-12-18T22:57:55+00:00\" \/>\n<meta property=\"article:modified_time\" content=\"2024-12-18T22:58:48+00:00\" \/>\n<meta property=\"og:image\" content=\"https:\/\/www.crea.gov.co\/crea-roma\/wp-content\/uploads\/sites\/10\/2024\/12\/foto-micrositio.jpg\" \/>\n\t<meta property=\"og:image:width\" content=\"1143\" \/>\n\t<meta property=\"og:image:height\" content=\"565\" \/>\n\t<meta property=\"og:image:type\" content=\"image\/jpeg\" \/>\n<meta name=\"author\" content=\"nataliamarquez\" \/>\n<meta name=\"twitter:card\" content=\"summary_large_image\" \/>\n<meta name=\"twitter:label1\" content=\"Escrito por\" \/>\n\t<meta name=\"twitter:data1\" content=\"nataliamarquez\" \/>\n\t<meta name=\"twitter:label2\" content=\"Tiempo de lectura\" \/>\n\t<meta name=\"twitter:data2\" content=\"2 minutos\" \/>\n<script type=\"application\/ld+json\" class=\"yoast-schema-graph\">{\"@context\":\"https:\/\/schema.org\",\"@graph\":[{\"@type\":\"WebPage\",\"@id\":\"https:\/\/www.crea.gov.co\/crea-roma\/un-poco-de-los-vacacionales-crea-roma\/\",\"url\":\"https:\/\/www.crea.gov.co\/crea-roma\/un-poco-de-los-vacacionales-crea-roma\/\",\"name\":\"Un poco de los VACACIONALES!!! CREA ROMA - Crea Roma\",\"isPartOf\":{\"@id\":\"https:\/\/www.crea.gov.co\/crea-roma\/#website\"},\"primaryImageOfPage\":{\"@id\":\"https:\/\/www.crea.gov.co\/crea-roma\/un-poco-de-los-vacacionales-crea-roma\/#primaryimage\"},\"image\":{\"@id\":\"https:\/\/www.crea.gov.co\/crea-roma\/un-poco-de-los-vacacionales-crea-roma\/#primaryimage\"},\"thumbnailUrl\":\"https:\/\/www.crea.gov.co\/crea-roma\/wp-content\/uploads\/sites\/10\/2024\/12\/foto-micrositio.jpg\",\"datePublished\":\"2024-12-18T22:57:55+00:00\",\"dateModified\":\"2024-12-18T22:58:48+00:00\",\"author\":{\"@id\":\"https:\/\/www.crea.gov.co\/crea-roma\/#\/schema\/person\/bf2181bfedee4b4c24743d4c671e52b4\"},\"breadcrumb\":{\"@id\":\"https:\/\/www.crea.gov.co\/crea-roma\/un-poco-de-los-vacacionales-crea-roma\/#breadcrumb\"},\"inLanguage\":\"es-CO\",\"potentialAction\":[{\"@type\":\"ReadAction\",\"target\":[\"https:\/\/www.crea.gov.co\/crea-roma\/un-poco-de-los-vacacionales-crea-roma\/\"]}]},{\"@type\":\"ImageObject\",\"inLanguage\":\"es-CO\",\"@id\":\"https:\/\/www.crea.gov.co\/crea-roma\/un-poco-de-los-vacacionales-crea-roma\/#primaryimage\",\"url\":\"https:\/\/www.crea.gov.co\/crea-roma\/wp-content\/uploads\/sites\/10\/2024\/12\/foto-micrositio.jpg\",\"contentUrl\":\"https:\/\/www.crea.gov.co\/crea-roma\/wp-content\/uploads\/sites\/10\/2024\/12\/foto-micrositio.jpg\",\"width\":1143,\"height\":565},{\"@type\":\"BreadcrumbList\",\"@id\":\"https:\/\/www.crea.gov.co\/crea-roma\/un-poco-de-los-vacacionales-crea-roma\/#breadcrumb\",\"itemListElement\":[{\"@type\":\"ListItem\",\"position\":1,\"name\":\"Home\",\"item\":\"https:\/\/www.crea.gov.co\/crea-roma\/\"},{\"@type\":\"ListItem\",\"position\":2,\"name\":\"Un poco de los VACACIONALES!!! CREA ROMA\"}]},{\"@type\":\"WebSite\",\"@id\":\"https:\/\/www.crea.gov.co\/crea-roma\/#website\",\"url\":\"https:\/\/www.crea.gov.co\/crea-roma\/\",\"name\":\"Crea Roma\",\"description\":\"En Kennedy, rodeado de conjuntos y calles que guardan historias de familias que han crecido en el barrio, este espacio es un lugar donde la creatividad se entrelaza con la vida cotidiana. Aqu\u00ed, los lenguajes art\u00edsticos fortalecen lazos y dan voz a las experiencias de una comunidad que se reconoce en lo colectivo.\",\"potentialAction\":[{\"@type\":\"SearchAction\",\"target\":{\"@type\":\"EntryPoint\",\"urlTemplate\":\"https:\/\/www.crea.gov.co\/crea-roma\/?s={search_term_string}\"},\"query-input\":{\"@type\":\"PropertyValueSpecification\",\"valueRequired\":true,\"valueName\":\"search_term_string\"}}],\"inLanguage\":\"es-CO\"},{\"@type\":\"Person\",\"@id\":\"https:\/\/www.crea.gov.co\/crea-roma\/#\/schema\/person\/bf2181bfedee4b4c24743d4c671e52b4\",\"name\":\"nataliamarquez\",\"image\":{\"@type\":\"ImageObject\",\"inLanguage\":\"es-CO\",\"@id\":\"https:\/\/www.crea.gov.co\/crea-roma\/#\/schema\/person\/image\/\",\"url\":\"https:\/\/secure.gravatar.com\/avatar\/a87a72f7e3426487446f44364c6cc87f?s=96&d=mm&r=g\",\"contentUrl\":\"https:\/\/secure.gravatar.com\/avatar\/a87a72f7e3426487446f44364c6cc87f?s=96&d=mm&r=g\",\"caption\":\"nataliamarquez\"},\"url\":\"https:\/\/www.crea.gov.co\/crea-roma\/author\/nataliamarquez\/\"}]}<\/script>\n<!-- \/ Yoast SEO plugin. -->","yoast_head_json":{"title":"Un poco de los VACACIONALES!!! CREA ROMA - Crea Roma","robots":{"index":"index","follow":"follow","max-snippet":"max-snippet:-1","max-image-preview":"max-image-preview:large","max-video-preview":"max-video-preview:-1"},"canonical":"https:\/\/www.crea.gov.co\/crea-roma\/un-poco-de-los-vacacionales-crea-roma\/","og_locale":"es_ES","og_type":"article","og_title":"Un poco de los VACACIONALES!!! CREA ROMA - Crea Roma","og_description":"A.F M\u00fasica: Walter Miller Ospina Manzanares y A.F Danza: Leticia&nbsp; Mena&nbsp; Moreno","og_url":"https:\/\/www.crea.gov.co\/crea-roma\/un-poco-de-los-vacacionales-crea-roma\/","og_site_name":"Crea Roma","article_published_time":"2024-12-18T22:57:55+00:00","article_modified_time":"2024-12-18T22:58:48+00:00","og_image":[{"width":1143,"height":565,"url":"https:\/\/www.crea.gov.co\/crea-roma\/wp-content\/uploads\/sites\/10\/2024\/12\/foto-micrositio.jpg","type":"image\/jpeg"}],"author":"nataliamarquez","twitter_card":"summary_large_image","twitter_misc":{"Escrito por":"nataliamarquez","Tiempo de lectura":"2 minutos"},"schema":{"@context":"https:\/\/schema.org","@graph":[{"@type":"WebPage","@id":"https:\/\/www.crea.gov.co\/crea-roma\/un-poco-de-los-vacacionales-crea-roma\/","url":"https:\/\/www.crea.gov.co\/crea-roma\/un-poco-de-los-vacacionales-crea-roma\/","name":"Un poco de los VACACIONALES!!! CREA ROMA - Crea Roma","isPartOf":{"@id":"https:\/\/www.crea.gov.co\/crea-roma\/#website"},"primaryImageOfPage":{"@id":"https:\/\/www.crea.gov.co\/crea-roma\/un-poco-de-los-vacacionales-crea-roma\/#primaryimage"},"image":{"@id":"https:\/\/www.crea.gov.co\/crea-roma\/un-poco-de-los-vacacionales-crea-roma\/#primaryimage"},"thumbnailUrl":"https:\/\/www.crea.gov.co\/crea-roma\/wp-content\/uploads\/sites\/10\/2024\/12\/foto-micrositio.jpg","datePublished":"2024-12-18T22:57:55+00:00","dateModified":"2024-12-18T22:58:48+00:00","author":{"@id":"https:\/\/www.crea.gov.co\/crea-roma\/#\/schema\/person\/bf2181bfedee4b4c24743d4c671e52b4"},"breadcrumb":{"@id":"https:\/\/www.crea.gov.co\/crea-roma\/un-poco-de-los-vacacionales-crea-roma\/#breadcrumb"},"inLanguage":"es-CO","potentialAction":[{"@type":"ReadAction","target":["https:\/\/www.crea.gov.co\/crea-roma\/un-poco-de-los-vacacionales-crea-roma\/"]}]},{"@type":"ImageObject","inLanguage":"es-CO","@id":"https:\/\/www.crea.gov.co\/crea-roma\/un-poco-de-los-vacacionales-crea-roma\/#primaryimage","url":"https:\/\/www.crea.gov.co\/crea-roma\/wp-content\/uploads\/sites\/10\/2024\/12\/foto-micrositio.jpg","contentUrl":"https:\/\/www.crea.gov.co\/crea-roma\/wp-content\/uploads\/sites\/10\/2024\/12\/foto-micrositio.jpg","width":1143,"height":565},{"@type":"BreadcrumbList","@id":"https:\/\/www.crea.gov.co\/crea-roma\/un-poco-de-los-vacacionales-crea-roma\/#breadcrumb","itemListElement":[{"@type":"ListItem","position":1,"name":"Home","item":"https:\/\/www.crea.gov.co\/crea-roma\/"},{"@type":"ListItem","position":2,"name":"Un poco de los VACACIONALES!!! CREA ROMA"}]},{"@type":"WebSite","@id":"https:\/\/www.crea.gov.co\/crea-roma\/#website","url":"https:\/\/www.crea.gov.co\/crea-roma\/","name":"Crea Roma","description":"En Kennedy, rodeado de conjuntos y calles que guardan historias de familias que han crecido en el barrio, este espacio es un lugar donde la creatividad se entrelaza con la vida cotidiana. Aqu\u00ed, los lenguajes art\u00edsticos fortalecen lazos y dan voz a las experiencias de una comunidad que se reconoce en lo colectivo.","potentialAction":[{"@type":"SearchAction","target":{"@type":"EntryPoint","urlTemplate":"https:\/\/www.crea.gov.co\/crea-roma\/?s={search_term_string}"},"query-input":{"@type":"PropertyValueSpecification","valueRequired":true,"valueName":"search_term_string"}}],"inLanguage":"es-CO"},{"@type":"Person","@id":"https:\/\/www.crea.gov.co\/crea-roma\/#\/schema\/person\/bf2181bfedee4b4c24743d4c671e52b4","name":"nataliamarquez","image":{"@type":"ImageObject","inLanguage":"es-CO","@id":"https:\/\/www.crea.gov.co\/crea-roma\/#\/schema\/person\/image\/","url":"https:\/\/secure.gravatar.com\/avatar\/a87a72f7e3426487446f44364c6cc87f?s=96&d=mm&r=g","contentUrl":"https:\/\/secure.gravatar.com\/avatar\/a87a72f7e3426487446f44364c6cc87f?s=96&d=mm&r=g","caption":"nataliamarquez"},"url":"https:\/\/www.crea.gov.co\/crea-roma\/author\/nataliamarquez\/"}]}},"_links":{"self":[{"href":"https:\/\/www.crea.gov.co\/crea-roma\/wp-json\/wp\/v2\/posts\/1349","targetHints":{"allow":["GET"]}}],"collection":[{"href":"https:\/\/www.crea.gov.co\/crea-roma\/wp-json\/wp\/v2\/posts"}],"about":[{"href":"https:\/\/www.crea.gov.co\/crea-roma\/wp-json\/wp\/v2\/types\/post"}],"author":[{"embeddable":true,"href":"https:\/\/www.crea.gov.co\/crea-roma\/wp-json\/wp\/v2\/users\/78"}],"replies":[{"embeddable":true,"href":"https:\/\/www.crea.gov.co\/crea-roma\/wp-json\/wp\/v2\/comments?post=1349"}],"version-history":[{"count":3,"href":"https:\/\/www.crea.gov.co\/crea-roma\/wp-json\/wp\/v2\/posts\/1349\/revisions"}],"predecessor-version":[{"id":1353,"href":"https:\/\/www.crea.gov.co\/crea-roma\/wp-json\/wp\/v2\/posts\/1349\/revisions\/1353"}],"wp:featuredmedia":[{"embeddable":true,"href":"https:\/\/www.crea.gov.co\/crea-roma\/wp-json\/wp\/v2\/media\/1350"}],"wp:attachment":[{"href":"https:\/\/www.crea.gov.co\/crea-roma\/wp-json\/wp\/v2\/media?parent=1349"}],"wp:term":[{"taxonomy":"category","embeddable":true,"href":"https:\/\/www.crea.gov.co\/crea-roma\/wp-json\/wp\/v2\/categories?post=1349"},{"taxonomy":"post_tag","embeddable":true,"href":"https:\/\/www.crea.gov.co\/crea-roma\/wp-json\/wp\/v2\/tags?post=1349"}],"curies":[{"name":"wp","href":"https:\/\/api.w.org\/{rel}","templated":true}]}}