{"id":1318,"date":"2024-10-14T22:06:23","date_gmt":"2024-10-14T22:06:23","guid":{"rendered":"https:\/\/www.crea.gov.co\/crea-roma\/?p=1318"},"modified":"2024-10-14T22:06:24","modified_gmt":"2024-10-14T22:06:24","slug":"las-experiencias-dentro-de-los-talleres-en-el-crea-roma","status":"publish","type":"post","link":"https:\/\/www.crea.gov.co\/crea-roma\/las-experiencias-dentro-de-los-talleres-en-el-crea-roma\/","title":{"rendered":"Las experiencias dentro de los Talleres en el CREA ROMA"},"content":{"rendered":"\n<p class=\"has-text-align-center\">Una posibilidad para explorar, aprender, compartir y crear, ac\u00e9rcate, hay talleres para todas las edades!!!<\/p>\n\n\n<figure class=\"aligncenter wp-block-post-featured-image\"><img loading=\"lazy\" decoding=\"async\" width=\"1196\" height=\"1600\" src=\"https:\/\/www.crea.gov.co\/crea-roma\/wp-content\/uploads\/sites\/10\/2024\/10\/Imagen-de-WhatsApp-2024-03-26-a-las-16.28.53_46e46a3b-1.jpg\" class=\"attachment-post-thumbnail size-post-thumbnail wp-post-image\" alt=\"\" style=\"object-fit:cover;\" srcset=\"https:\/\/www.crea.gov.co\/crea-roma\/wp-content\/uploads\/sites\/10\/2024\/10\/Imagen-de-WhatsApp-2024-03-26-a-las-16.28.53_46e46a3b-1.jpg 1196w, https:\/\/www.crea.gov.co\/crea-roma\/wp-content\/uploads\/sites\/10\/2024\/10\/Imagen-de-WhatsApp-2024-03-26-a-las-16.28.53_46e46a3b-1-224x300.jpg 224w, https:\/\/www.crea.gov.co\/crea-roma\/wp-content\/uploads\/sites\/10\/2024\/10\/Imagen-de-WhatsApp-2024-03-26-a-las-16.28.53_46e46a3b-1-765x1024.jpg 765w, https:\/\/www.crea.gov.co\/crea-roma\/wp-content\/uploads\/sites\/10\/2024\/10\/Imagen-de-WhatsApp-2024-03-26-a-las-16.28.53_46e46a3b-1-768x1027.jpg 768w, https:\/\/www.crea.gov.co\/crea-roma\/wp-content\/uploads\/sites\/10\/2024\/10\/Imagen-de-WhatsApp-2024-03-26-a-las-16.28.53_46e46a3b-1-1148x1536.jpg 1148w\" sizes=\"auto, (max-width: 1196px) 100vw, 1196px\" \/><\/figure>\n\n\n<p class=\"has-text-align-center\"><strong>TALLERES DE TANGO Y CREACI\u00d3N DIGITAL   Por: Claudia Acevedo y Virginia Cubides<\/strong><\/p>\n\n\n<div class=\"wp-block-image\">\n<figure class=\"aligncenter size-large is-resized\"><img loading=\"lazy\" decoding=\"async\" width=\"768\" height=\"1024\" src=\"https:\/\/www.crea.gov.co\/crea-roma\/wp-content\/uploads\/sites\/10\/2024\/10\/creacion-digital-768x1024.jpg\" alt=\"\" class=\"wp-image-1321\" style=\"width:840px;height:auto\" srcset=\"https:\/\/www.crea.gov.co\/crea-roma\/wp-content\/uploads\/sites\/10\/2024\/10\/creacion-digital-768x1024.jpg 768w, https:\/\/www.crea.gov.co\/crea-roma\/wp-content\/uploads\/sites\/10\/2024\/10\/creacion-digital-225x300.jpg 225w, https:\/\/www.crea.gov.co\/crea-roma\/wp-content\/uploads\/sites\/10\/2024\/10\/creacion-digital-1152x1536.jpg 1152w, https:\/\/www.crea.gov.co\/crea-roma\/wp-content\/uploads\/sites\/10\/2024\/10\/creacion-digital.jpg 1536w\" sizes=\"auto, (max-width: 768px) 100vw, 768px\" \/><\/figure><\/div>\n\n\n<p>En las l\u00edneas de ARTE Y SALUD e IMPULSO COLECTIVO, encontramos talleres que apuntan a la formaci\u00f3n de habilidades a trav\u00e9s de los lenguajes art\u00edsticos, te contamos un poco de lo que hacemos en dos talleres TANGO por <strong>Claudia Acevedo<\/strong> y CREACI\u00d3N DIGITAL por <strong>Virginia Cubides. <\/strong><\/p>\n\n\n\n<p><\/p>\n\n\n<div class=\"wp-block-image\">\n<figure class=\"aligncenter size-large is-resized\"><img loading=\"lazy\" decoding=\"async\" width=\"1024\" height=\"768\" src=\"https:\/\/www.crea.gov.co\/crea-roma\/wp-content\/uploads\/sites\/10\/2024\/10\/creacion-1-1024x768.jpg\" alt=\"\" class=\"wp-image-1322\" style=\"width:840px;height:auto\" srcset=\"https:\/\/www.crea.gov.co\/crea-roma\/wp-content\/uploads\/sites\/10\/2024\/10\/creacion-1-1024x768.jpg 1024w, https:\/\/www.crea.gov.co\/crea-roma\/wp-content\/uploads\/sites\/10\/2024\/10\/creacion-1-300x225.jpg 300w, https:\/\/www.crea.gov.co\/crea-roma\/wp-content\/uploads\/sites\/10\/2024\/10\/creacion-1-768x576.jpg 768w, https:\/\/www.crea.gov.co\/crea-roma\/wp-content\/uploads\/sites\/10\/2024\/10\/creacion-1-1536x1152.jpg 1536w, https:\/\/www.crea.gov.co\/crea-roma\/wp-content\/uploads\/sites\/10\/2024\/10\/creacion-1.jpg 2048w\" sizes=\"auto, (max-width: 1024px) 100vw, 1024px\" \/><\/figure><\/div>\n\n\n<p class=\"has-text-align-center\">Grupo IC-5378 &#8211; Desde la l\u00ednea de impulso colectivo adscrito al Crea Roma de la localidad de Kennedy, en el mes de agosto se inici\u00f3 los laboratorios de creaci\u00f3n y talleres en torno al \u00e1rea de Creaci\u00f3n Digital cuyos procesos se espera sembrar la semilla para la formaci\u00f3n de colectivos art\u00edsticos conformados por participantes de la comunidad interesados en la creaci\u00f3n art\u00edstica entorno a la tecnolog\u00eda y el arte como medio de expresi\u00f3n simb\u00f3lica.<\/p>\n\n\n<div class=\"wp-block-image\">\n<figure class=\"aligncenter size-large is-resized\"><img loading=\"lazy\" decoding=\"async\" width=\"1024\" height=\"462\" src=\"https:\/\/www.crea.gov.co\/crea-roma\/wp-content\/uploads\/sites\/10\/2024\/10\/roma-2024-1024x462.jpg\" alt=\"\" class=\"wp-image-1325\" style=\"width:840px;height:auto\" srcset=\"https:\/\/www.crea.gov.co\/crea-roma\/wp-content\/uploads\/sites\/10\/2024\/10\/roma-2024-1024x462.jpg 1024w, https:\/\/www.crea.gov.co\/crea-roma\/wp-content\/uploads\/sites\/10\/2024\/10\/roma-2024-300x135.jpg 300w, https:\/\/www.crea.gov.co\/crea-roma\/wp-content\/uploads\/sites\/10\/2024\/10\/roma-2024-768x347.jpg 768w, https:\/\/www.crea.gov.co\/crea-roma\/wp-content\/uploads\/sites\/10\/2024\/10\/roma-2024.jpg 1152w\" sizes=\"auto, (max-width: 1024px) 100vw, 1024px\" \/><\/figure><\/div>\n\n\n<p>Tambi\u00e9n el grupo SOMOS TANGO, Roma una familia , un solo sentir&#8230; Se han reunido cada s\u00e1bado los \u00faltimos 8 a\u00f1os, donde han encontrado una base familiar y de amistad que les permite hablar, dialogar, ayudar, sonre\u00edr, y lo m\u00e1s importante aceptarse como personas y como sociedad. En estos a\u00f1os han encontrado alrededor del amor un espacio de crecimiento y es evidente en palabras de los integrantes:       &#8221; Juntos; lo mejor, vamos aprendiendo un arte como lo es bailar tango, y agradecemos siempre al Crea Roma que nos abre sus puertas y nos permite conocer m\u00e1s y m\u00e1s de este arte, aunque entendimos que bailar solo fue una excusa para juntarnos alrededor de este fuego que se llama amistad&#8221;&#8230;. <\/p>\n\n\n<div class=\"wp-block-image\">\n<figure class=\"aligncenter size-large\"><img loading=\"lazy\" decoding=\"async\" width=\"1024\" height=\"768\" src=\"https:\/\/www.crea.gov.co\/crea-roma\/wp-content\/uploads\/sites\/10\/2024\/10\/creacion-1024x768.jpg\" alt=\"\" class=\"wp-image-1326\" srcset=\"https:\/\/www.crea.gov.co\/crea-roma\/wp-content\/uploads\/sites\/10\/2024\/10\/creacion-1024x768.jpg 1024w, https:\/\/www.crea.gov.co\/crea-roma\/wp-content\/uploads\/sites\/10\/2024\/10\/creacion-300x225.jpg 300w, https:\/\/www.crea.gov.co\/crea-roma\/wp-content\/uploads\/sites\/10\/2024\/10\/creacion-768x576.jpg 768w, https:\/\/www.crea.gov.co\/crea-roma\/wp-content\/uploads\/sites\/10\/2024\/10\/creacion-1536x1152.jpg 1536w, https:\/\/www.crea.gov.co\/crea-roma\/wp-content\/uploads\/sites\/10\/2024\/10\/creacion.jpg 2048w\" sizes=\"auto, (max-width: 1024px) 100vw, 1024px\" \/><\/figure><\/div>\n\n\n<p class=\"has-text-align-center\">Es as\u00ed, que atendiendo a los intereses de la comunidad este grupo pionero de creaci\u00f3n digital ha explorado la creaci\u00f3n de personajes e historias con elementos fant\u00e1sticos y futuristas. Por medio del modelado en plastilina y el dibujo estas historias cobran vida a partir de la animaci\u00f3n, la imagen en movimiento y el sonido a partir de materiales cotidianos. Junto al proceso el inter\u00e9s de los participantes ha derivado en la posibilidad de explorar nuevos medios para darle continuidad a sus creaciones como son aut\u00f3matas, videojuegos o el modelado 3d.<\/p>\n\n\n<div class=\"wp-block-image\">\n<figure class=\"aligncenter size-full is-resized\"><img loading=\"lazy\" decoding=\"async\" width=\"720\" height=\"598\" src=\"https:\/\/www.crea.gov.co\/crea-roma\/wp-content\/uploads\/sites\/10\/2024\/10\/st.jpg\" alt=\"\" class=\"wp-image-1327\" style=\"width:840px;height:auto\" srcset=\"https:\/\/www.crea.gov.co\/crea-roma\/wp-content\/uploads\/sites\/10\/2024\/10\/st.jpg 720w, https:\/\/www.crea.gov.co\/crea-roma\/wp-content\/uploads\/sites\/10\/2024\/10\/st-300x249.jpg 300w\" sizes=\"auto, (max-width: 720px) 100vw, 720px\" \/><\/figure><\/div>\n\n\n<p class=\"has-text-align-center\">Tambi\u00e9n, por medio del tango realizamos un trabajo corporal a trav\u00e9s de una danza libre, espont\u00e1nea, sin reglas preestablecidas, se estimulan las potencialidades de expresi\u00f3n y movimiento que todos tenemos, mediante un proceso creativo, que proporciona un bienestar f\u00edsico y ps\u00edquico y lo mejor afectivo&#8230;<\/p>\n\n\n<div class=\"wp-block-image\">\n<figure class=\"aligncenter size-full is-resized\"><img loading=\"lazy\" decoding=\"async\" width=\"744\" height=\"739\" src=\"https:\/\/www.crea.gov.co\/crea-roma\/wp-content\/uploads\/sites\/10\/2024\/10\/creacion-dig-1.jpg\" alt=\"\" class=\"wp-image-1329\" style=\"width:840px;height:auto\" srcset=\"https:\/\/www.crea.gov.co\/crea-roma\/wp-content\/uploads\/sites\/10\/2024\/10\/creacion-dig-1.jpg 744w, https:\/\/www.crea.gov.co\/crea-roma\/wp-content\/uploads\/sites\/10\/2024\/10\/creacion-dig-1-300x298.jpg 300w, https:\/\/www.crea.gov.co\/crea-roma\/wp-content\/uploads\/sites\/10\/2024\/10\/creacion-dig-1-150x150.jpg 150w\" sizes=\"auto, (max-width: 744px) 100vw, 744px\" \/><\/figure><\/div>\n\n\n<p class=\"has-text-align-center\">Te esperamos en el crea roma, para que hagas parte de m\u00e1s historias como est\u00e1s, donde podr\u00e1s encontrar un espacio PARA TI Y T\u00da FAMILIA. <\/p>\n","protected":false},"excerpt":{"rendered":"<p>Una posibilidad para explorar, aprender, compartir y crear, ac\u00e9rcate, hay talleres para todas las edades!!! TALLERES DE TANGO Y CREACI\u00d3N DIGITAL Por: Claudia Acevedo y Virginia Cubides En las l\u00edneas de ARTE Y SALUD e IMPULSO COLECTIVO, encontramos talleres que apuntan a la formaci\u00f3n de habilidades a trav\u00e9s de los lenguajes art\u00edsticos, te contamos un [&hellip;]<\/p>\n","protected":false},"author":78,"featured_media":1319,"comment_status":"open","ping_status":"open","sticky":false,"template":"","format":"standard","meta":{"footnotes":""},"categories":[1],"tags":[],"class_list":["post-1318","post","type-post","status-publish","format-standard","has-post-thumbnail","hentry","category-sin-categoria"],"yoast_head":"<!-- This site is optimized with the Yoast SEO plugin v24.5 - https:\/\/yoast.com\/wordpress\/plugins\/seo\/ -->\n<title>Las experiencias dentro de los Talleres en el CREA ROMA - Crea Roma<\/title>\n<meta name=\"robots\" content=\"index, follow, max-snippet:-1, max-image-preview:large, max-video-preview:-1\" \/>\n<link rel=\"canonical\" href=\"https:\/\/www.crea.gov.co\/crea-roma\/las-experiencias-dentro-de-los-talleres-en-el-crea-roma\/\" \/>\n<meta property=\"og:locale\" content=\"es_ES\" \/>\n<meta property=\"og:type\" content=\"article\" \/>\n<meta property=\"og:title\" content=\"Las experiencias dentro de los Talleres en el CREA ROMA - Crea Roma\" \/>\n<meta property=\"og:description\" content=\"Una posibilidad para explorar, aprender, compartir y crear, ac\u00e9rcate, hay talleres para todas las edades!!! TALLERES DE TANGO Y CREACI\u00d3N DIGITAL Por: Claudia Acevedo y Virginia Cubides En las l\u00edneas de ARTE Y SALUD e IMPULSO COLECTIVO, encontramos talleres que apuntan a la formaci\u00f3n de habilidades a trav\u00e9s de los lenguajes art\u00edsticos, te contamos un [&hellip;]\" \/>\n<meta property=\"og:url\" content=\"https:\/\/www.crea.gov.co\/crea-roma\/las-experiencias-dentro-de-los-talleres-en-el-crea-roma\/\" \/>\n<meta property=\"og:site_name\" content=\"Crea Roma\" \/>\n<meta property=\"article:published_time\" content=\"2024-10-14T22:06:23+00:00\" \/>\n<meta property=\"article:modified_time\" content=\"2024-10-14T22:06:24+00:00\" \/>\n<meta property=\"og:image\" content=\"https:\/\/www.crea.gov.co\/crea-roma\/wp-content\/uploads\/sites\/10\/2024\/10\/Imagen-de-WhatsApp-2024-03-26-a-las-16.28.53_46e46a3b-1.jpg\" \/>\n\t<meta property=\"og:image:width\" content=\"1196\" \/>\n\t<meta property=\"og:image:height\" content=\"1600\" \/>\n\t<meta property=\"og:image:type\" content=\"image\/jpeg\" \/>\n<meta name=\"author\" content=\"nataliamarquez\" \/>\n<meta name=\"twitter:card\" content=\"summary_large_image\" \/>\n<meta name=\"twitter:label1\" content=\"Escrito por\" \/>\n\t<meta name=\"twitter:data1\" content=\"nataliamarquez\" \/>\n\t<meta name=\"twitter:label2\" content=\"Tiempo de lectura\" \/>\n\t<meta name=\"twitter:data2\" content=\"4 minutos\" \/>\n<script type=\"application\/ld+json\" class=\"yoast-schema-graph\">{\"@context\":\"https:\/\/schema.org\",\"@graph\":[{\"@type\":\"WebPage\",\"@id\":\"https:\/\/www.crea.gov.co\/crea-roma\/las-experiencias-dentro-de-los-talleres-en-el-crea-roma\/\",\"url\":\"https:\/\/www.crea.gov.co\/crea-roma\/las-experiencias-dentro-de-los-talleres-en-el-crea-roma\/\",\"name\":\"Las experiencias dentro de los Talleres en el CREA ROMA - Crea Roma\",\"isPartOf\":{\"@id\":\"https:\/\/www.crea.gov.co\/crea-roma\/#website\"},\"primaryImageOfPage\":{\"@id\":\"https:\/\/www.crea.gov.co\/crea-roma\/las-experiencias-dentro-de-los-talleres-en-el-crea-roma\/#primaryimage\"},\"image\":{\"@id\":\"https:\/\/www.crea.gov.co\/crea-roma\/las-experiencias-dentro-de-los-talleres-en-el-crea-roma\/#primaryimage\"},\"thumbnailUrl\":\"https:\/\/www.crea.gov.co\/crea-roma\/wp-content\/uploads\/sites\/10\/2024\/10\/Imagen-de-WhatsApp-2024-03-26-a-las-16.28.53_46e46a3b-1.jpg\",\"datePublished\":\"2024-10-14T22:06:23+00:00\",\"dateModified\":\"2024-10-14T22:06:24+00:00\",\"author\":{\"@id\":\"https:\/\/www.crea.gov.co\/crea-roma\/#\/schema\/person\/bf2181bfedee4b4c24743d4c671e52b4\"},\"breadcrumb\":{\"@id\":\"https:\/\/www.crea.gov.co\/crea-roma\/las-experiencias-dentro-de-los-talleres-en-el-crea-roma\/#breadcrumb\"},\"inLanguage\":\"es-CO\",\"potentialAction\":[{\"@type\":\"ReadAction\",\"target\":[\"https:\/\/www.crea.gov.co\/crea-roma\/las-experiencias-dentro-de-los-talleres-en-el-crea-roma\/\"]}]},{\"@type\":\"ImageObject\",\"inLanguage\":\"es-CO\",\"@id\":\"https:\/\/www.crea.gov.co\/crea-roma\/las-experiencias-dentro-de-los-talleres-en-el-crea-roma\/#primaryimage\",\"url\":\"https:\/\/www.crea.gov.co\/crea-roma\/wp-content\/uploads\/sites\/10\/2024\/10\/Imagen-de-WhatsApp-2024-03-26-a-las-16.28.53_46e46a3b-1.jpg\",\"contentUrl\":\"https:\/\/www.crea.gov.co\/crea-roma\/wp-content\/uploads\/sites\/10\/2024\/10\/Imagen-de-WhatsApp-2024-03-26-a-las-16.28.53_46e46a3b-1.jpg\",\"width\":1196,\"height\":1600},{\"@type\":\"BreadcrumbList\",\"@id\":\"https:\/\/www.crea.gov.co\/crea-roma\/las-experiencias-dentro-de-los-talleres-en-el-crea-roma\/#breadcrumb\",\"itemListElement\":[{\"@type\":\"ListItem\",\"position\":1,\"name\":\"Home\",\"item\":\"https:\/\/www.crea.gov.co\/crea-roma\/\"},{\"@type\":\"ListItem\",\"position\":2,\"name\":\"Las experiencias dentro de los Talleres en el CREA ROMA\"}]},{\"@type\":\"WebSite\",\"@id\":\"https:\/\/www.crea.gov.co\/crea-roma\/#website\",\"url\":\"https:\/\/www.crea.gov.co\/crea-roma\/\",\"name\":\"Crea Roma\",\"description\":\"En Kennedy, rodeado de conjuntos y calles que guardan historias de familias que han crecido en el barrio, este espacio es un lugar donde la creatividad se entrelaza con la vida cotidiana. Aqu\u00ed, los lenguajes art\u00edsticos fortalecen lazos y dan voz a las experiencias de una comunidad que se reconoce en lo colectivo.\",\"potentialAction\":[{\"@type\":\"SearchAction\",\"target\":{\"@type\":\"EntryPoint\",\"urlTemplate\":\"https:\/\/www.crea.gov.co\/crea-roma\/?s={search_term_string}\"},\"query-input\":{\"@type\":\"PropertyValueSpecification\",\"valueRequired\":true,\"valueName\":\"search_term_string\"}}],\"inLanguage\":\"es-CO\"},{\"@type\":\"Person\",\"@id\":\"https:\/\/www.crea.gov.co\/crea-roma\/#\/schema\/person\/bf2181bfedee4b4c24743d4c671e52b4\",\"name\":\"nataliamarquez\",\"image\":{\"@type\":\"ImageObject\",\"inLanguage\":\"es-CO\",\"@id\":\"https:\/\/www.crea.gov.co\/crea-roma\/#\/schema\/person\/image\/\",\"url\":\"https:\/\/secure.gravatar.com\/avatar\/a87a72f7e3426487446f44364c6cc87f?s=96&d=mm&r=g\",\"contentUrl\":\"https:\/\/secure.gravatar.com\/avatar\/a87a72f7e3426487446f44364c6cc87f?s=96&d=mm&r=g\",\"caption\":\"nataliamarquez\"},\"url\":\"https:\/\/www.crea.gov.co\/crea-roma\/author\/nataliamarquez\/\"}]}<\/script>\n<!-- \/ Yoast SEO plugin. -->","yoast_head_json":{"title":"Las experiencias dentro de los Talleres en el CREA ROMA - Crea Roma","robots":{"index":"index","follow":"follow","max-snippet":"max-snippet:-1","max-image-preview":"max-image-preview:large","max-video-preview":"max-video-preview:-1"},"canonical":"https:\/\/www.crea.gov.co\/crea-roma\/las-experiencias-dentro-de-los-talleres-en-el-crea-roma\/","og_locale":"es_ES","og_type":"article","og_title":"Las experiencias dentro de los Talleres en el CREA ROMA - Crea Roma","og_description":"Una posibilidad para explorar, aprender, compartir y crear, ac\u00e9rcate, hay talleres para todas las edades!!! TALLERES DE TANGO Y CREACI\u00d3N DIGITAL Por: Claudia Acevedo y Virginia Cubides En las l\u00edneas de ARTE Y SALUD e IMPULSO COLECTIVO, encontramos talleres que apuntan a la formaci\u00f3n de habilidades a trav\u00e9s de los lenguajes art\u00edsticos, te contamos un [&hellip;]","og_url":"https:\/\/www.crea.gov.co\/crea-roma\/las-experiencias-dentro-de-los-talleres-en-el-crea-roma\/","og_site_name":"Crea Roma","article_published_time":"2024-10-14T22:06:23+00:00","article_modified_time":"2024-10-14T22:06:24+00:00","og_image":[{"width":1196,"height":1600,"url":"https:\/\/www.crea.gov.co\/crea-roma\/wp-content\/uploads\/sites\/10\/2024\/10\/Imagen-de-WhatsApp-2024-03-26-a-las-16.28.53_46e46a3b-1.jpg","type":"image\/jpeg"}],"author":"nataliamarquez","twitter_card":"summary_large_image","twitter_misc":{"Escrito por":"nataliamarquez","Tiempo de lectura":"4 minutos"},"schema":{"@context":"https:\/\/schema.org","@graph":[{"@type":"WebPage","@id":"https:\/\/www.crea.gov.co\/crea-roma\/las-experiencias-dentro-de-los-talleres-en-el-crea-roma\/","url":"https:\/\/www.crea.gov.co\/crea-roma\/las-experiencias-dentro-de-los-talleres-en-el-crea-roma\/","name":"Las experiencias dentro de los Talleres en el CREA ROMA - Crea Roma","isPartOf":{"@id":"https:\/\/www.crea.gov.co\/crea-roma\/#website"},"primaryImageOfPage":{"@id":"https:\/\/www.crea.gov.co\/crea-roma\/las-experiencias-dentro-de-los-talleres-en-el-crea-roma\/#primaryimage"},"image":{"@id":"https:\/\/www.crea.gov.co\/crea-roma\/las-experiencias-dentro-de-los-talleres-en-el-crea-roma\/#primaryimage"},"thumbnailUrl":"https:\/\/www.crea.gov.co\/crea-roma\/wp-content\/uploads\/sites\/10\/2024\/10\/Imagen-de-WhatsApp-2024-03-26-a-las-16.28.53_46e46a3b-1.jpg","datePublished":"2024-10-14T22:06:23+00:00","dateModified":"2024-10-14T22:06:24+00:00","author":{"@id":"https:\/\/www.crea.gov.co\/crea-roma\/#\/schema\/person\/bf2181bfedee4b4c24743d4c671e52b4"},"breadcrumb":{"@id":"https:\/\/www.crea.gov.co\/crea-roma\/las-experiencias-dentro-de-los-talleres-en-el-crea-roma\/#breadcrumb"},"inLanguage":"es-CO","potentialAction":[{"@type":"ReadAction","target":["https:\/\/www.crea.gov.co\/crea-roma\/las-experiencias-dentro-de-los-talleres-en-el-crea-roma\/"]}]},{"@type":"ImageObject","inLanguage":"es-CO","@id":"https:\/\/www.crea.gov.co\/crea-roma\/las-experiencias-dentro-de-los-talleres-en-el-crea-roma\/#primaryimage","url":"https:\/\/www.crea.gov.co\/crea-roma\/wp-content\/uploads\/sites\/10\/2024\/10\/Imagen-de-WhatsApp-2024-03-26-a-las-16.28.53_46e46a3b-1.jpg","contentUrl":"https:\/\/www.crea.gov.co\/crea-roma\/wp-content\/uploads\/sites\/10\/2024\/10\/Imagen-de-WhatsApp-2024-03-26-a-las-16.28.53_46e46a3b-1.jpg","width":1196,"height":1600},{"@type":"BreadcrumbList","@id":"https:\/\/www.crea.gov.co\/crea-roma\/las-experiencias-dentro-de-los-talleres-en-el-crea-roma\/#breadcrumb","itemListElement":[{"@type":"ListItem","position":1,"name":"Home","item":"https:\/\/www.crea.gov.co\/crea-roma\/"},{"@type":"ListItem","position":2,"name":"Las experiencias dentro de los Talleres en el CREA ROMA"}]},{"@type":"WebSite","@id":"https:\/\/www.crea.gov.co\/crea-roma\/#website","url":"https:\/\/www.crea.gov.co\/crea-roma\/","name":"Crea Roma","description":"En Kennedy, rodeado de conjuntos y calles que guardan historias de familias que han crecido en el barrio, este espacio es un lugar donde la creatividad se entrelaza con la vida cotidiana. Aqu\u00ed, los lenguajes art\u00edsticos fortalecen lazos y dan voz a las experiencias de una comunidad que se reconoce en lo colectivo.","potentialAction":[{"@type":"SearchAction","target":{"@type":"EntryPoint","urlTemplate":"https:\/\/www.crea.gov.co\/crea-roma\/?s={search_term_string}"},"query-input":{"@type":"PropertyValueSpecification","valueRequired":true,"valueName":"search_term_string"}}],"inLanguage":"es-CO"},{"@type":"Person","@id":"https:\/\/www.crea.gov.co\/crea-roma\/#\/schema\/person\/bf2181bfedee4b4c24743d4c671e52b4","name":"nataliamarquez","image":{"@type":"ImageObject","inLanguage":"es-CO","@id":"https:\/\/www.crea.gov.co\/crea-roma\/#\/schema\/person\/image\/","url":"https:\/\/secure.gravatar.com\/avatar\/a87a72f7e3426487446f44364c6cc87f?s=96&d=mm&r=g","contentUrl":"https:\/\/secure.gravatar.com\/avatar\/a87a72f7e3426487446f44364c6cc87f?s=96&d=mm&r=g","caption":"nataliamarquez"},"url":"https:\/\/www.crea.gov.co\/crea-roma\/author\/nataliamarquez\/"}]}},"_links":{"self":[{"href":"https:\/\/www.crea.gov.co\/crea-roma\/wp-json\/wp\/v2\/posts\/1318","targetHints":{"allow":["GET"]}}],"collection":[{"href":"https:\/\/www.crea.gov.co\/crea-roma\/wp-json\/wp\/v2\/posts"}],"about":[{"href":"https:\/\/www.crea.gov.co\/crea-roma\/wp-json\/wp\/v2\/types\/post"}],"author":[{"embeddable":true,"href":"https:\/\/www.crea.gov.co\/crea-roma\/wp-json\/wp\/v2\/users\/78"}],"replies":[{"embeddable":true,"href":"https:\/\/www.crea.gov.co\/crea-roma\/wp-json\/wp\/v2\/comments?post=1318"}],"version-history":[{"count":1,"href":"https:\/\/www.crea.gov.co\/crea-roma\/wp-json\/wp\/v2\/posts\/1318\/revisions"}],"predecessor-version":[{"id":1330,"href":"https:\/\/www.crea.gov.co\/crea-roma\/wp-json\/wp\/v2\/posts\/1318\/revisions\/1330"}],"wp:featuredmedia":[{"embeddable":true,"href":"https:\/\/www.crea.gov.co\/crea-roma\/wp-json\/wp\/v2\/media\/1319"}],"wp:attachment":[{"href":"https:\/\/www.crea.gov.co\/crea-roma\/wp-json\/wp\/v2\/media?parent=1318"}],"wp:term":[{"taxonomy":"category","embeddable":true,"href":"https:\/\/www.crea.gov.co\/crea-roma\/wp-json\/wp\/v2\/categories?post=1318"},{"taxonomy":"post_tag","embeddable":true,"href":"https:\/\/www.crea.gov.co\/crea-roma\/wp-json\/wp\/v2\/tags?post=1318"}],"curies":[{"name":"wp","href":"https:\/\/api.w.org\/{rel}","templated":true}]}}