{"id":1295,"date":"2024-09-04T22:28:31","date_gmt":"2024-09-04T22:28:31","guid":{"rendered":"https:\/\/www.crea.gov.co\/crea-roma\/?p=1295"},"modified":"2024-09-04T22:49:39","modified_gmt":"2024-09-04T22:49:39","slug":"reprogramacion-de-talleres-miercoles-04-de-septiembre-2024","status":"publish","type":"post","link":"https:\/\/www.crea.gov.co\/crea-roma\/reprogramacion-de-talleres-miercoles-04-de-septiembre-2024\/","title":{"rendered":"Reprogramaci\u00f3n de talleres Mi\u00e9rcoles 04 de septiembre 2024"},"content":{"rendered":"\n<div class=\"wp-block-group\"><div class=\"wp-block-group__inner-container is-layout-constrained wp-block-group-is-layout-constrained\"><div class=\"wp-block-image\">\n<figure class=\"alignleft size-large is-resized\"><img loading=\"lazy\" decoding=\"async\" width=\"1024\" height=\"461\" src=\"https:\/\/www.crea.gov.co\/crea-roma\/wp-content\/uploads\/sites\/10\/2024\/09\/WhatsApp-Image-2024-09-04-at-5.48.32-PM-1024x461.jpeg\" alt=\"\" class=\"wp-image-1302\" style=\"width:517px;height:auto\" srcset=\"https:\/\/www.crea.gov.co\/crea-roma\/wp-content\/uploads\/sites\/10\/2024\/09\/WhatsApp-Image-2024-09-04-at-5.48.32-PM-1024x461.jpeg 1024w, https:\/\/www.crea.gov.co\/crea-roma\/wp-content\/uploads\/sites\/10\/2024\/09\/WhatsApp-Image-2024-09-04-at-5.48.32-PM-300x135.jpeg 300w, https:\/\/www.crea.gov.co\/crea-roma\/wp-content\/uploads\/sites\/10\/2024\/09\/WhatsApp-Image-2024-09-04-at-5.48.32-PM-768x346.jpeg 768w, https:\/\/www.crea.gov.co\/crea-roma\/wp-content\/uploads\/sites\/10\/2024\/09\/WhatsApp-Image-2024-09-04-at-5.48.32-PM-1536x692.jpeg 1536w, https:\/\/www.crea.gov.co\/crea-roma\/wp-content\/uploads\/sites\/10\/2024\/09\/WhatsApp-Image-2024-09-04-at-5.48.32-PM.jpeg 1600w\" sizes=\"auto, (max-width: 1024px) 100vw, 1024px\" \/><figcaption class=\"wp-element-caption\"><strong>DEBIDO A LAS DIFICULTADES DE LOS DESPLAZAMIENTOS EN BOGOT\u00c1, SE CANCELAN LOS SIGUIENTES TALLERES EN EL CREA ROMA. LES AVISAMOS POR LOS GRUPOS DE WHATSAPP, HAREMOS LA REPROGRAMACI\u00d3N, TODO PARA SALVAGUARDAR LA SEGURIDAD!!!<\/strong><br><\/figcaption><\/figure><\/div>\n\n\n<p>Taller de m\u00fasica Omar Fl\u00f3rez 2:00 A  A 4: 00 PM<\/p>\n\n\n\n<p>Taller de m\u00fasica Juan Diego Estupi\u00f1\u00e1n 4:00 A 6:00 PM<\/p>\n\n\n\n<p>Taller de audiovisuales Jeferson Romero 4:00 A 6:00 PM<\/p>\n\n\n\n<p>Taller de danza urbana Karen Monta\u00f1o 3: 30 A 5: 30 PM<\/p>\n\n\n\n<p><\/p>\n<\/div><\/div>\n\n\n<figure class=\"wp-block-post-featured-image\"><img loading=\"lazy\" decoding=\"async\" width=\"592\" height=\"347\" src=\"https:\/\/www.crea.gov.co\/crea-roma\/wp-content\/uploads\/sites\/10\/2024\/09\/camion.jpg\" class=\"attachment-post-thumbnail size-post-thumbnail wp-post-image\" alt=\"\" style=\"object-fit:cover;\" srcset=\"https:\/\/www.crea.gov.co\/crea-roma\/wp-content\/uploads\/sites\/10\/2024\/09\/camion.jpg 592w, https:\/\/www.crea.gov.co\/crea-roma\/wp-content\/uploads\/sites\/10\/2024\/09\/camion-300x176.jpg 300w\" sizes=\"auto, (max-width: 592px) 100vw, 592px\" \/><\/figure>","protected":false},"excerpt":{"rendered":"<p>Taller de m\u00fasica Omar Fl\u00f3rez 2:00 A A 4: 00 PM Taller de m\u00fasica Juan Diego Estupi\u00f1\u00e1n 4:00 A 6:00 PM Taller de audiovisuales Jeferson Romero 4:00 A 6:00 PM Taller de danza urbana Karen Monta\u00f1o 3: 30 A 5: 30 PM<\/p>\n","protected":false},"author":78,"featured_media":1299,"comment_status":"open","ping_status":"open","sticky":false,"template":"","format":"standard","meta":{"footnotes":""},"categories":[1],"tags":[],"class_list":["post-1295","post","type-post","status-publish","format-standard","has-post-thumbnail","hentry","category-sin-categoria"],"yoast_head":"<!-- This site is optimized with the Yoast SEO plugin v24.5 - https:\/\/yoast.com\/wordpress\/plugins\/seo\/ -->\n<title>Reprogramaci\u00f3n de talleres Mi\u00e9rcoles 04 de septiembre 2024 - Crea Roma<\/title>\n<meta name=\"robots\" content=\"index, follow, max-snippet:-1, max-image-preview:large, max-video-preview:-1\" \/>\n<link rel=\"canonical\" href=\"https:\/\/www.crea.gov.co\/crea-roma\/reprogramacion-de-talleres-miercoles-04-de-septiembre-2024\/\" \/>\n<meta property=\"og:locale\" content=\"es_ES\" \/>\n<meta property=\"og:type\" content=\"article\" \/>\n<meta property=\"og:title\" content=\"Reprogramaci\u00f3n de talleres Mi\u00e9rcoles 04 de septiembre 2024 - Crea Roma\" \/>\n<meta property=\"og:description\" content=\"Taller de m\u00fasica Omar Fl\u00f3rez 2:00 A A 4: 00 PM Taller de m\u00fasica Juan Diego Estupi\u00f1\u00e1n 4:00 A 6:00 PM Taller de audiovisuales Jeferson Romero 4:00 A 6:00 PM Taller de danza urbana Karen Monta\u00f1o 3: 30 A 5: 30 PM\" \/>\n<meta property=\"og:url\" content=\"https:\/\/www.crea.gov.co\/crea-roma\/reprogramacion-de-talleres-miercoles-04-de-septiembre-2024\/\" \/>\n<meta property=\"og:site_name\" content=\"Crea Roma\" \/>\n<meta property=\"article:published_time\" content=\"2024-09-04T22:28:31+00:00\" \/>\n<meta property=\"article:modified_time\" content=\"2024-09-04T22:49:39+00:00\" \/>\n<meta property=\"og:image\" content=\"https:\/\/www.crea.gov.co\/crea-roma\/wp-content\/uploads\/sites\/10\/2024\/09\/camion.jpg\" \/>\n\t<meta property=\"og:image:width\" content=\"592\" \/>\n\t<meta property=\"og:image:height\" content=\"347\" \/>\n\t<meta property=\"og:image:type\" content=\"image\/jpeg\" \/>\n<meta name=\"author\" content=\"nataliamarquez\" \/>\n<meta name=\"twitter:card\" content=\"summary_large_image\" \/>\n<meta name=\"twitter:label1\" content=\"Escrito por\" \/>\n\t<meta name=\"twitter:data1\" content=\"nataliamarquez\" \/>\n\t<meta name=\"twitter:label2\" content=\"Tiempo de lectura\" \/>\n\t<meta name=\"twitter:data2\" content=\"1 minuto\" \/>\n<script type=\"application\/ld+json\" class=\"yoast-schema-graph\">{\"@context\":\"https:\/\/schema.org\",\"@graph\":[{\"@type\":\"WebPage\",\"@id\":\"https:\/\/www.crea.gov.co\/crea-roma\/reprogramacion-de-talleres-miercoles-04-de-septiembre-2024\/\",\"url\":\"https:\/\/www.crea.gov.co\/crea-roma\/reprogramacion-de-talleres-miercoles-04-de-septiembre-2024\/\",\"name\":\"Reprogramaci\u00f3n de talleres Mi\u00e9rcoles 04 de septiembre 2024 - Crea Roma\",\"isPartOf\":{\"@id\":\"https:\/\/www.crea.gov.co\/crea-roma\/#website\"},\"primaryImageOfPage\":{\"@id\":\"https:\/\/www.crea.gov.co\/crea-roma\/reprogramacion-de-talleres-miercoles-04-de-septiembre-2024\/#primaryimage\"},\"image\":{\"@id\":\"https:\/\/www.crea.gov.co\/crea-roma\/reprogramacion-de-talleres-miercoles-04-de-septiembre-2024\/#primaryimage\"},\"thumbnailUrl\":\"https:\/\/www.crea.gov.co\/crea-roma\/wp-content\/uploads\/sites\/10\/2024\/09\/camion.jpg\",\"datePublished\":\"2024-09-04T22:28:31+00:00\",\"dateModified\":\"2024-09-04T22:49:39+00:00\",\"author\":{\"@id\":\"https:\/\/www.crea.gov.co\/crea-roma\/#\/schema\/person\/bf2181bfedee4b4c24743d4c671e52b4\"},\"breadcrumb\":{\"@id\":\"https:\/\/www.crea.gov.co\/crea-roma\/reprogramacion-de-talleres-miercoles-04-de-septiembre-2024\/#breadcrumb\"},\"inLanguage\":\"es-CO\",\"potentialAction\":[{\"@type\":\"ReadAction\",\"target\":[\"https:\/\/www.crea.gov.co\/crea-roma\/reprogramacion-de-talleres-miercoles-04-de-septiembre-2024\/\"]}]},{\"@type\":\"ImageObject\",\"inLanguage\":\"es-CO\",\"@id\":\"https:\/\/www.crea.gov.co\/crea-roma\/reprogramacion-de-talleres-miercoles-04-de-septiembre-2024\/#primaryimage\",\"url\":\"https:\/\/www.crea.gov.co\/crea-roma\/wp-content\/uploads\/sites\/10\/2024\/09\/camion.jpg\",\"contentUrl\":\"https:\/\/www.crea.gov.co\/crea-roma\/wp-content\/uploads\/sites\/10\/2024\/09\/camion.jpg\",\"width\":592,\"height\":347},{\"@type\":\"BreadcrumbList\",\"@id\":\"https:\/\/www.crea.gov.co\/crea-roma\/reprogramacion-de-talleres-miercoles-04-de-septiembre-2024\/#breadcrumb\",\"itemListElement\":[{\"@type\":\"ListItem\",\"position\":1,\"name\":\"Home\",\"item\":\"https:\/\/www.crea.gov.co\/crea-roma\/\"},{\"@type\":\"ListItem\",\"position\":2,\"name\":\"Reprogramaci\u00f3n de talleres Mi\u00e9rcoles 04 de septiembre 2024\"}]},{\"@type\":\"WebSite\",\"@id\":\"https:\/\/www.crea.gov.co\/crea-roma\/#website\",\"url\":\"https:\/\/www.crea.gov.co\/crea-roma\/\",\"name\":\"Crea Roma\",\"description\":\"En Kennedy, rodeado de conjuntos y calles que guardan historias de familias que han crecido en el barrio, este espacio es un lugar donde la creatividad se entrelaza con la vida cotidiana. Aqu\u00ed, los lenguajes art\u00edsticos fortalecen lazos y dan voz a las experiencias de una comunidad que se reconoce en lo colectivo.\",\"potentialAction\":[{\"@type\":\"SearchAction\",\"target\":{\"@type\":\"EntryPoint\",\"urlTemplate\":\"https:\/\/www.crea.gov.co\/crea-roma\/?s={search_term_string}\"},\"query-input\":{\"@type\":\"PropertyValueSpecification\",\"valueRequired\":true,\"valueName\":\"search_term_string\"}}],\"inLanguage\":\"es-CO\"},{\"@type\":\"Person\",\"@id\":\"https:\/\/www.crea.gov.co\/crea-roma\/#\/schema\/person\/bf2181bfedee4b4c24743d4c671e52b4\",\"name\":\"nataliamarquez\",\"image\":{\"@type\":\"ImageObject\",\"inLanguage\":\"es-CO\",\"@id\":\"https:\/\/www.crea.gov.co\/crea-roma\/#\/schema\/person\/image\/\",\"url\":\"https:\/\/secure.gravatar.com\/avatar\/a87a72f7e3426487446f44364c6cc87f?s=96&d=mm&r=g\",\"contentUrl\":\"https:\/\/secure.gravatar.com\/avatar\/a87a72f7e3426487446f44364c6cc87f?s=96&d=mm&r=g\",\"caption\":\"nataliamarquez\"},\"url\":\"https:\/\/www.crea.gov.co\/crea-roma\/author\/nataliamarquez\/\"}]}<\/script>\n<!-- \/ Yoast SEO plugin. -->","yoast_head_json":{"title":"Reprogramaci\u00f3n de talleres Mi\u00e9rcoles 04 de septiembre 2024 - Crea Roma","robots":{"index":"index","follow":"follow","max-snippet":"max-snippet:-1","max-image-preview":"max-image-preview:large","max-video-preview":"max-video-preview:-1"},"canonical":"https:\/\/www.crea.gov.co\/crea-roma\/reprogramacion-de-talleres-miercoles-04-de-septiembre-2024\/","og_locale":"es_ES","og_type":"article","og_title":"Reprogramaci\u00f3n de talleres Mi\u00e9rcoles 04 de septiembre 2024 - Crea Roma","og_description":"Taller de m\u00fasica Omar Fl\u00f3rez 2:00 A A 4: 00 PM Taller de m\u00fasica Juan Diego Estupi\u00f1\u00e1n 4:00 A 6:00 PM Taller de audiovisuales Jeferson Romero 4:00 A 6:00 PM Taller de danza urbana Karen Monta\u00f1o 3: 30 A 5: 30 PM","og_url":"https:\/\/www.crea.gov.co\/crea-roma\/reprogramacion-de-talleres-miercoles-04-de-septiembre-2024\/","og_site_name":"Crea Roma","article_published_time":"2024-09-04T22:28:31+00:00","article_modified_time":"2024-09-04T22:49:39+00:00","og_image":[{"width":592,"height":347,"url":"https:\/\/www.crea.gov.co\/crea-roma\/wp-content\/uploads\/sites\/10\/2024\/09\/camion.jpg","type":"image\/jpeg"}],"author":"nataliamarquez","twitter_card":"summary_large_image","twitter_misc":{"Escrito por":"nataliamarquez","Tiempo de lectura":"1 minuto"},"schema":{"@context":"https:\/\/schema.org","@graph":[{"@type":"WebPage","@id":"https:\/\/www.crea.gov.co\/crea-roma\/reprogramacion-de-talleres-miercoles-04-de-septiembre-2024\/","url":"https:\/\/www.crea.gov.co\/crea-roma\/reprogramacion-de-talleres-miercoles-04-de-septiembre-2024\/","name":"Reprogramaci\u00f3n de talleres Mi\u00e9rcoles 04 de septiembre 2024 - Crea Roma","isPartOf":{"@id":"https:\/\/www.crea.gov.co\/crea-roma\/#website"},"primaryImageOfPage":{"@id":"https:\/\/www.crea.gov.co\/crea-roma\/reprogramacion-de-talleres-miercoles-04-de-septiembre-2024\/#primaryimage"},"image":{"@id":"https:\/\/www.crea.gov.co\/crea-roma\/reprogramacion-de-talleres-miercoles-04-de-septiembre-2024\/#primaryimage"},"thumbnailUrl":"https:\/\/www.crea.gov.co\/crea-roma\/wp-content\/uploads\/sites\/10\/2024\/09\/camion.jpg","datePublished":"2024-09-04T22:28:31+00:00","dateModified":"2024-09-04T22:49:39+00:00","author":{"@id":"https:\/\/www.crea.gov.co\/crea-roma\/#\/schema\/person\/bf2181bfedee4b4c24743d4c671e52b4"},"breadcrumb":{"@id":"https:\/\/www.crea.gov.co\/crea-roma\/reprogramacion-de-talleres-miercoles-04-de-septiembre-2024\/#breadcrumb"},"inLanguage":"es-CO","potentialAction":[{"@type":"ReadAction","target":["https:\/\/www.crea.gov.co\/crea-roma\/reprogramacion-de-talleres-miercoles-04-de-septiembre-2024\/"]}]},{"@type":"ImageObject","inLanguage":"es-CO","@id":"https:\/\/www.crea.gov.co\/crea-roma\/reprogramacion-de-talleres-miercoles-04-de-septiembre-2024\/#primaryimage","url":"https:\/\/www.crea.gov.co\/crea-roma\/wp-content\/uploads\/sites\/10\/2024\/09\/camion.jpg","contentUrl":"https:\/\/www.crea.gov.co\/crea-roma\/wp-content\/uploads\/sites\/10\/2024\/09\/camion.jpg","width":592,"height":347},{"@type":"BreadcrumbList","@id":"https:\/\/www.crea.gov.co\/crea-roma\/reprogramacion-de-talleres-miercoles-04-de-septiembre-2024\/#breadcrumb","itemListElement":[{"@type":"ListItem","position":1,"name":"Home","item":"https:\/\/www.crea.gov.co\/crea-roma\/"},{"@type":"ListItem","position":2,"name":"Reprogramaci\u00f3n de talleres Mi\u00e9rcoles 04 de septiembre 2024"}]},{"@type":"WebSite","@id":"https:\/\/www.crea.gov.co\/crea-roma\/#website","url":"https:\/\/www.crea.gov.co\/crea-roma\/","name":"Crea Roma","description":"En Kennedy, rodeado de conjuntos y calles que guardan historias de familias que han crecido en el barrio, este espacio es un lugar donde la creatividad se entrelaza con la vida cotidiana. Aqu\u00ed, los lenguajes art\u00edsticos fortalecen lazos y dan voz a las experiencias de una comunidad que se reconoce en lo colectivo.","potentialAction":[{"@type":"SearchAction","target":{"@type":"EntryPoint","urlTemplate":"https:\/\/www.crea.gov.co\/crea-roma\/?s={search_term_string}"},"query-input":{"@type":"PropertyValueSpecification","valueRequired":true,"valueName":"search_term_string"}}],"inLanguage":"es-CO"},{"@type":"Person","@id":"https:\/\/www.crea.gov.co\/crea-roma\/#\/schema\/person\/bf2181bfedee4b4c24743d4c671e52b4","name":"nataliamarquez","image":{"@type":"ImageObject","inLanguage":"es-CO","@id":"https:\/\/www.crea.gov.co\/crea-roma\/#\/schema\/person\/image\/","url":"https:\/\/secure.gravatar.com\/avatar\/a87a72f7e3426487446f44364c6cc87f?s=96&d=mm&r=g","contentUrl":"https:\/\/secure.gravatar.com\/avatar\/a87a72f7e3426487446f44364c6cc87f?s=96&d=mm&r=g","caption":"nataliamarquez"},"url":"https:\/\/www.crea.gov.co\/crea-roma\/author\/nataliamarquez\/"}]}},"_links":{"self":[{"href":"https:\/\/www.crea.gov.co\/crea-roma\/wp-json\/wp\/v2\/posts\/1295","targetHints":{"allow":["GET"]}}],"collection":[{"href":"https:\/\/www.crea.gov.co\/crea-roma\/wp-json\/wp\/v2\/posts"}],"about":[{"href":"https:\/\/www.crea.gov.co\/crea-roma\/wp-json\/wp\/v2\/types\/post"}],"author":[{"embeddable":true,"href":"https:\/\/www.crea.gov.co\/crea-roma\/wp-json\/wp\/v2\/users\/78"}],"replies":[{"embeddable":true,"href":"https:\/\/www.crea.gov.co\/crea-roma\/wp-json\/wp\/v2\/comments?post=1295"}],"version-history":[{"count":4,"href":"https:\/\/www.crea.gov.co\/crea-roma\/wp-json\/wp\/v2\/posts\/1295\/revisions"}],"predecessor-version":[{"id":1303,"href":"https:\/\/www.crea.gov.co\/crea-roma\/wp-json\/wp\/v2\/posts\/1295\/revisions\/1303"}],"wp:featuredmedia":[{"embeddable":true,"href":"https:\/\/www.crea.gov.co\/crea-roma\/wp-json\/wp\/v2\/media\/1299"}],"wp:attachment":[{"href":"https:\/\/www.crea.gov.co\/crea-roma\/wp-json\/wp\/v2\/media?parent=1295"}],"wp:term":[{"taxonomy":"category","embeddable":true,"href":"https:\/\/www.crea.gov.co\/crea-roma\/wp-json\/wp\/v2\/categories?post=1295"},{"taxonomy":"post_tag","embeddable":true,"href":"https:\/\/www.crea.gov.co\/crea-roma\/wp-json\/wp\/v2\/tags?post=1295"}],"curies":[{"name":"wp","href":"https:\/\/api.w.org\/{rel}","templated":true}]}}