{"id":1291,"date":"2024-08-31T13:23:20","date_gmt":"2024-08-31T13:23:20","guid":{"rendered":"https:\/\/www.crea.gov.co\/crea-roma\/?p=1291"},"modified":"2024-08-31T13:40:24","modified_gmt":"2024-08-31T13:40:24","slug":"conoce-nuestros-talleres-en-la-comunidad","status":"publish","type":"post","link":"https:\/\/www.crea.gov.co\/crea-roma\/conoce-nuestros-talleres-en-la-comunidad\/","title":{"rendered":"Conoce nuestros talleres en la comunidad"},"content":{"rendered":"\n<p>SAL\u00d3N COMUNAL &#8211; LAS LUCES<\/p>\n\n\n\n<p class=\"has-text-align-center\">El grupo Odudua- IC 5299 &#8211; Por AF en danza: Arturo Prado <\/p>\n\n\n\n<figure class=\"wp-block-image size-large\"><img loading=\"lazy\" decoding=\"async\" width=\"1024\" height=\"768\" src=\"https:\/\/www.crea.gov.co\/crea-roma\/wp-content\/uploads\/sites\/10\/2024\/08\/IC_5299-AF-ARTURO-PRADO-1024x768.jpg\" alt=\"\" class=\"wp-image-1292\" srcset=\"https:\/\/www.crea.gov.co\/crea-roma\/wp-content\/uploads\/sites\/10\/2024\/08\/IC_5299-AF-ARTURO-PRADO-1024x768.jpg 1024w, https:\/\/www.crea.gov.co\/crea-roma\/wp-content\/uploads\/sites\/10\/2024\/08\/IC_5299-AF-ARTURO-PRADO-300x225.jpg 300w, https:\/\/www.crea.gov.co\/crea-roma\/wp-content\/uploads\/sites\/10\/2024\/08\/IC_5299-AF-ARTURO-PRADO-768x576.jpg 768w, https:\/\/www.crea.gov.co\/crea-roma\/wp-content\/uploads\/sites\/10\/2024\/08\/IC_5299-AF-ARTURO-PRADO-1536x1152.jpg 1536w, https:\/\/www.crea.gov.co\/crea-roma\/wp-content\/uploads\/sites\/10\/2024\/08\/IC_5299-AF-ARTURO-PRADO-2048x1536.jpg 2048w\" sizes=\"auto, (max-width: 1024px) 100vw, 1024px\" \/><\/figure>\n\n\n\n<p class=\"has-text-align-right\">El grupo Odudua, es abordado por IDARTES desde l\u00ednea IC y est\u00e1 adscrito al<br>Crea Roma, desde sus inicios hacia el a\u00f1o 2022 hasta la fecha, ha estado<br>conformado por adultos y personas mayores de la localidad de Kennedy, quienes<br>a partir de sus experiencias de vida han armonizado el proceso de danza folcl\u00f3rica<br>acompa\u00f1ado por el AF Arturo Prado, consolidando cuadros coreogr\u00e1ficos de las<br>zonas Andina, Caribe y Pac\u00edfico Sur Colombiano, su inter\u00e9s y compromiso es<br>significativo, lo que nos invita a dejar el sedentarismo, y fomentar el amor propio<br>para salvaguardar nuestra identidad folcl\u00f3rica&nbsp;y cultivar la sana convivencia en<br>nuestras comunidades a trav\u00e9s&nbsp;del arte.<\/p>\n\n\n<figure class=\"wp-block-post-featured-image\"><img loading=\"lazy\" decoding=\"async\" width=\"899\" height=\"1599\" src=\"https:\/\/www.crea.gov.co\/crea-roma\/wp-content\/uploads\/sites\/10\/2024\/08\/colorboreal.jpg\" class=\"attachment-post-thumbnail size-post-thumbnail wp-post-image\" alt=\"\" style=\"object-fit:cover;\" srcset=\"https:\/\/www.crea.gov.co\/crea-roma\/wp-content\/uploads\/sites\/10\/2024\/08\/colorboreal.jpg 899w, https:\/\/www.crea.gov.co\/crea-roma\/wp-content\/uploads\/sites\/10\/2024\/08\/colorboreal-169x300.jpg 169w, https:\/\/www.crea.gov.co\/crea-roma\/wp-content\/uploads\/sites\/10\/2024\/08\/colorboreal-576x1024.jpg 576w, https:\/\/www.crea.gov.co\/crea-roma\/wp-content\/uploads\/sites\/10\/2024\/08\/colorboreal-768x1366.jpg 768w, https:\/\/www.crea.gov.co\/crea-roma\/wp-content\/uploads\/sites\/10\/2024\/08\/colorboreal-864x1536.jpg 864w\" sizes=\"auto, (max-width: 899px) 100vw, 899px\" \/><\/figure>\n\n\n<blockquote class=\"wp-block-quote is-layout-flow wp-block-quote-is-layout-flow\">\n<p>\uf0b7 Llevan un proceso aut\u00f3nomo que fortalece las din\u00e1micas organizativas<br>como grupo de persona mayor.<br>\uf0b7 Son reconocidos a nivel local por su perseverancia.<\/p>\n<\/blockquote>\n","protected":false},"excerpt":{"rendered":"<p>SAL\u00d3N COMUNAL &#8211; LAS LUCES El grupo Odudua- IC 5299 &#8211; Por AF en danza: Arturo Prado El grupo Odudua, es abordado por IDARTES desde l\u00ednea IC y est\u00e1 adscrito alCrea Roma, desde sus inicios hacia el a\u00f1o 2022 hasta la fecha, ha estadoconformado por adultos y personas mayores de la localidad de Kennedy, quienesa [&hellip;]<\/p>\n","protected":false},"author":78,"featured_media":1282,"comment_status":"open","ping_status":"open","sticky":false,"template":"","format":"standard","meta":{"footnotes":""},"categories":[1],"tags":[],"class_list":["post-1291","post","type-post","status-publish","format-standard","has-post-thumbnail","hentry","category-sin-categoria"],"yoast_head":"<!-- This site is optimized with the Yoast SEO plugin v24.5 - https:\/\/yoast.com\/wordpress\/plugins\/seo\/ -->\n<title>Conoce nuestros talleres en la comunidad - Crea Roma<\/title>\n<meta name=\"robots\" content=\"index, follow, max-snippet:-1, max-image-preview:large, max-video-preview:-1\" \/>\n<link rel=\"canonical\" href=\"https:\/\/www.crea.gov.co\/crea-roma\/conoce-nuestros-talleres-en-la-comunidad\/\" \/>\n<meta property=\"og:locale\" content=\"es_ES\" \/>\n<meta property=\"og:type\" content=\"article\" \/>\n<meta property=\"og:title\" content=\"Conoce nuestros talleres en la comunidad - Crea Roma\" \/>\n<meta property=\"og:description\" content=\"SAL\u00d3N COMUNAL &#8211; LAS LUCES El grupo Odudua- IC 5299 &#8211; Por AF en danza: Arturo Prado El grupo Odudua, es abordado por IDARTES desde l\u00ednea IC y est\u00e1 adscrito alCrea Roma, desde sus inicios hacia el a\u00f1o 2022 hasta la fecha, ha estadoconformado por adultos y personas mayores de la localidad de Kennedy, quienesa [&hellip;]\" \/>\n<meta property=\"og:url\" content=\"https:\/\/www.crea.gov.co\/crea-roma\/conoce-nuestros-talleres-en-la-comunidad\/\" \/>\n<meta property=\"og:site_name\" content=\"Crea Roma\" \/>\n<meta property=\"article:published_time\" content=\"2024-08-31T13:23:20+00:00\" \/>\n<meta property=\"article:modified_time\" content=\"2024-08-31T13:40:24+00:00\" \/>\n<meta property=\"og:image\" content=\"https:\/\/www.crea.gov.co\/crea-roma\/wp-content\/uploads\/sites\/10\/2024\/08\/colorboreal.jpg\" \/>\n\t<meta property=\"og:image:width\" content=\"899\" \/>\n\t<meta property=\"og:image:height\" content=\"1599\" \/>\n\t<meta property=\"og:image:type\" content=\"image\/jpeg\" \/>\n<meta name=\"author\" content=\"nataliamarquez\" \/>\n<meta name=\"twitter:card\" content=\"summary_large_image\" \/>\n<meta name=\"twitter:label1\" content=\"Escrito por\" \/>\n\t<meta name=\"twitter:data1\" content=\"nataliamarquez\" \/>\n\t<meta name=\"twitter:label2\" content=\"Tiempo de lectura\" \/>\n\t<meta name=\"twitter:data2\" content=\"1 minuto\" \/>\n<script type=\"application\/ld+json\" class=\"yoast-schema-graph\">{\"@context\":\"https:\/\/schema.org\",\"@graph\":[{\"@type\":\"WebPage\",\"@id\":\"https:\/\/www.crea.gov.co\/crea-roma\/conoce-nuestros-talleres-en-la-comunidad\/\",\"url\":\"https:\/\/www.crea.gov.co\/crea-roma\/conoce-nuestros-talleres-en-la-comunidad\/\",\"name\":\"Conoce nuestros talleres en la comunidad - Crea Roma\",\"isPartOf\":{\"@id\":\"https:\/\/www.crea.gov.co\/crea-roma\/#website\"},\"primaryImageOfPage\":{\"@id\":\"https:\/\/www.crea.gov.co\/crea-roma\/conoce-nuestros-talleres-en-la-comunidad\/#primaryimage\"},\"image\":{\"@id\":\"https:\/\/www.crea.gov.co\/crea-roma\/conoce-nuestros-talleres-en-la-comunidad\/#primaryimage\"},\"thumbnailUrl\":\"https:\/\/www.crea.gov.co\/crea-roma\/wp-content\/uploads\/sites\/10\/2024\/08\/colorboreal.jpg\",\"datePublished\":\"2024-08-31T13:23:20+00:00\",\"dateModified\":\"2024-08-31T13:40:24+00:00\",\"author\":{\"@id\":\"https:\/\/www.crea.gov.co\/crea-roma\/#\/schema\/person\/bf2181bfedee4b4c24743d4c671e52b4\"},\"breadcrumb\":{\"@id\":\"https:\/\/www.crea.gov.co\/crea-roma\/conoce-nuestros-talleres-en-la-comunidad\/#breadcrumb\"},\"inLanguage\":\"es-CO\",\"potentialAction\":[{\"@type\":\"ReadAction\",\"target\":[\"https:\/\/www.crea.gov.co\/crea-roma\/conoce-nuestros-talleres-en-la-comunidad\/\"]}]},{\"@type\":\"ImageObject\",\"inLanguage\":\"es-CO\",\"@id\":\"https:\/\/www.crea.gov.co\/crea-roma\/conoce-nuestros-talleres-en-la-comunidad\/#primaryimage\",\"url\":\"https:\/\/www.crea.gov.co\/crea-roma\/wp-content\/uploads\/sites\/10\/2024\/08\/colorboreal.jpg\",\"contentUrl\":\"https:\/\/www.crea.gov.co\/crea-roma\/wp-content\/uploads\/sites\/10\/2024\/08\/colorboreal.jpg\",\"width\":899,\"height\":1599},{\"@type\":\"BreadcrumbList\",\"@id\":\"https:\/\/www.crea.gov.co\/crea-roma\/conoce-nuestros-talleres-en-la-comunidad\/#breadcrumb\",\"itemListElement\":[{\"@type\":\"ListItem\",\"position\":1,\"name\":\"Home\",\"item\":\"https:\/\/www.crea.gov.co\/crea-roma\/\"},{\"@type\":\"ListItem\",\"position\":2,\"name\":\"Conoce nuestros talleres en la comunidad\"}]},{\"@type\":\"WebSite\",\"@id\":\"https:\/\/www.crea.gov.co\/crea-roma\/#website\",\"url\":\"https:\/\/www.crea.gov.co\/crea-roma\/\",\"name\":\"Crea Roma\",\"description\":\"En Kennedy, rodeado de conjuntos y calles que guardan historias de familias que han crecido en el barrio, este espacio es un lugar donde la creatividad se entrelaza con la vida cotidiana. Aqu\u00ed, los lenguajes art\u00edsticos fortalecen lazos y dan voz a las experiencias de una comunidad que se reconoce en lo colectivo.\",\"potentialAction\":[{\"@type\":\"SearchAction\",\"target\":{\"@type\":\"EntryPoint\",\"urlTemplate\":\"https:\/\/www.crea.gov.co\/crea-roma\/?s={search_term_string}\"},\"query-input\":{\"@type\":\"PropertyValueSpecification\",\"valueRequired\":true,\"valueName\":\"search_term_string\"}}],\"inLanguage\":\"es-CO\"},{\"@type\":\"Person\",\"@id\":\"https:\/\/www.crea.gov.co\/crea-roma\/#\/schema\/person\/bf2181bfedee4b4c24743d4c671e52b4\",\"name\":\"nataliamarquez\",\"image\":{\"@type\":\"ImageObject\",\"inLanguage\":\"es-CO\",\"@id\":\"https:\/\/www.crea.gov.co\/crea-roma\/#\/schema\/person\/image\/\",\"url\":\"https:\/\/secure.gravatar.com\/avatar\/a87a72f7e3426487446f44364c6cc87f?s=96&d=mm&r=g\",\"contentUrl\":\"https:\/\/secure.gravatar.com\/avatar\/a87a72f7e3426487446f44364c6cc87f?s=96&d=mm&r=g\",\"caption\":\"nataliamarquez\"},\"url\":\"https:\/\/www.crea.gov.co\/crea-roma\/author\/nataliamarquez\/\"}]}<\/script>\n<!-- \/ Yoast SEO plugin. -->","yoast_head_json":{"title":"Conoce nuestros talleres en la comunidad - Crea Roma","robots":{"index":"index","follow":"follow","max-snippet":"max-snippet:-1","max-image-preview":"max-image-preview:large","max-video-preview":"max-video-preview:-1"},"canonical":"https:\/\/www.crea.gov.co\/crea-roma\/conoce-nuestros-talleres-en-la-comunidad\/","og_locale":"es_ES","og_type":"article","og_title":"Conoce nuestros talleres en la comunidad - Crea Roma","og_description":"SAL\u00d3N COMUNAL &#8211; LAS LUCES El grupo Odudua- IC 5299 &#8211; Por AF en danza: Arturo Prado El grupo Odudua, es abordado por IDARTES desde l\u00ednea IC y est\u00e1 adscrito alCrea Roma, desde sus inicios hacia el a\u00f1o 2022 hasta la fecha, ha estadoconformado por adultos y personas mayores de la localidad de Kennedy, quienesa [&hellip;]","og_url":"https:\/\/www.crea.gov.co\/crea-roma\/conoce-nuestros-talleres-en-la-comunidad\/","og_site_name":"Crea Roma","article_published_time":"2024-08-31T13:23:20+00:00","article_modified_time":"2024-08-31T13:40:24+00:00","og_image":[{"width":899,"height":1599,"url":"https:\/\/www.crea.gov.co\/crea-roma\/wp-content\/uploads\/sites\/10\/2024\/08\/colorboreal.jpg","type":"image\/jpeg"}],"author":"nataliamarquez","twitter_card":"summary_large_image","twitter_misc":{"Escrito por":"nataliamarquez","Tiempo de lectura":"1 minuto"},"schema":{"@context":"https:\/\/schema.org","@graph":[{"@type":"WebPage","@id":"https:\/\/www.crea.gov.co\/crea-roma\/conoce-nuestros-talleres-en-la-comunidad\/","url":"https:\/\/www.crea.gov.co\/crea-roma\/conoce-nuestros-talleres-en-la-comunidad\/","name":"Conoce nuestros talleres en la comunidad - Crea Roma","isPartOf":{"@id":"https:\/\/www.crea.gov.co\/crea-roma\/#website"},"primaryImageOfPage":{"@id":"https:\/\/www.crea.gov.co\/crea-roma\/conoce-nuestros-talleres-en-la-comunidad\/#primaryimage"},"image":{"@id":"https:\/\/www.crea.gov.co\/crea-roma\/conoce-nuestros-talleres-en-la-comunidad\/#primaryimage"},"thumbnailUrl":"https:\/\/www.crea.gov.co\/crea-roma\/wp-content\/uploads\/sites\/10\/2024\/08\/colorboreal.jpg","datePublished":"2024-08-31T13:23:20+00:00","dateModified":"2024-08-31T13:40:24+00:00","author":{"@id":"https:\/\/www.crea.gov.co\/crea-roma\/#\/schema\/person\/bf2181bfedee4b4c24743d4c671e52b4"},"breadcrumb":{"@id":"https:\/\/www.crea.gov.co\/crea-roma\/conoce-nuestros-talleres-en-la-comunidad\/#breadcrumb"},"inLanguage":"es-CO","potentialAction":[{"@type":"ReadAction","target":["https:\/\/www.crea.gov.co\/crea-roma\/conoce-nuestros-talleres-en-la-comunidad\/"]}]},{"@type":"ImageObject","inLanguage":"es-CO","@id":"https:\/\/www.crea.gov.co\/crea-roma\/conoce-nuestros-talleres-en-la-comunidad\/#primaryimage","url":"https:\/\/www.crea.gov.co\/crea-roma\/wp-content\/uploads\/sites\/10\/2024\/08\/colorboreal.jpg","contentUrl":"https:\/\/www.crea.gov.co\/crea-roma\/wp-content\/uploads\/sites\/10\/2024\/08\/colorboreal.jpg","width":899,"height":1599},{"@type":"BreadcrumbList","@id":"https:\/\/www.crea.gov.co\/crea-roma\/conoce-nuestros-talleres-en-la-comunidad\/#breadcrumb","itemListElement":[{"@type":"ListItem","position":1,"name":"Home","item":"https:\/\/www.crea.gov.co\/crea-roma\/"},{"@type":"ListItem","position":2,"name":"Conoce nuestros talleres en la comunidad"}]},{"@type":"WebSite","@id":"https:\/\/www.crea.gov.co\/crea-roma\/#website","url":"https:\/\/www.crea.gov.co\/crea-roma\/","name":"Crea Roma","description":"En Kennedy, rodeado de conjuntos y calles que guardan historias de familias que han crecido en el barrio, este espacio es un lugar donde la creatividad se entrelaza con la vida cotidiana. Aqu\u00ed, los lenguajes art\u00edsticos fortalecen lazos y dan voz a las experiencias de una comunidad que se reconoce en lo colectivo.","potentialAction":[{"@type":"SearchAction","target":{"@type":"EntryPoint","urlTemplate":"https:\/\/www.crea.gov.co\/crea-roma\/?s={search_term_string}"},"query-input":{"@type":"PropertyValueSpecification","valueRequired":true,"valueName":"search_term_string"}}],"inLanguage":"es-CO"},{"@type":"Person","@id":"https:\/\/www.crea.gov.co\/crea-roma\/#\/schema\/person\/bf2181bfedee4b4c24743d4c671e52b4","name":"nataliamarquez","image":{"@type":"ImageObject","inLanguage":"es-CO","@id":"https:\/\/www.crea.gov.co\/crea-roma\/#\/schema\/person\/image\/","url":"https:\/\/secure.gravatar.com\/avatar\/a87a72f7e3426487446f44364c6cc87f?s=96&d=mm&r=g","contentUrl":"https:\/\/secure.gravatar.com\/avatar\/a87a72f7e3426487446f44364c6cc87f?s=96&d=mm&r=g","caption":"nataliamarquez"},"url":"https:\/\/www.crea.gov.co\/crea-roma\/author\/nataliamarquez\/"}]}},"_links":{"self":[{"href":"https:\/\/www.crea.gov.co\/crea-roma\/wp-json\/wp\/v2\/posts\/1291","targetHints":{"allow":["GET"]}}],"collection":[{"href":"https:\/\/www.crea.gov.co\/crea-roma\/wp-json\/wp\/v2\/posts"}],"about":[{"href":"https:\/\/www.crea.gov.co\/crea-roma\/wp-json\/wp\/v2\/types\/post"}],"author":[{"embeddable":true,"href":"https:\/\/www.crea.gov.co\/crea-roma\/wp-json\/wp\/v2\/users\/78"}],"replies":[{"embeddable":true,"href":"https:\/\/www.crea.gov.co\/crea-roma\/wp-json\/wp\/v2\/comments?post=1291"}],"version-history":[{"count":2,"href":"https:\/\/www.crea.gov.co\/crea-roma\/wp-json\/wp\/v2\/posts\/1291\/revisions"}],"predecessor-version":[{"id":1294,"href":"https:\/\/www.crea.gov.co\/crea-roma\/wp-json\/wp\/v2\/posts\/1291\/revisions\/1294"}],"wp:featuredmedia":[{"embeddable":true,"href":"https:\/\/www.crea.gov.co\/crea-roma\/wp-json\/wp\/v2\/media\/1282"}],"wp:attachment":[{"href":"https:\/\/www.crea.gov.co\/crea-roma\/wp-json\/wp\/v2\/media?parent=1291"}],"wp:term":[{"taxonomy":"category","embeddable":true,"href":"https:\/\/www.crea.gov.co\/crea-roma\/wp-json\/wp\/v2\/categories?post=1291"},{"taxonomy":"post_tag","embeddable":true,"href":"https:\/\/www.crea.gov.co\/crea-roma\/wp-json\/wp\/v2\/tags?post=1291"}],"curies":[{"name":"wp","href":"https:\/\/api.w.org\/{rel}","templated":true}]}}