{"id":1224,"date":"2024-06-25T23:44:56","date_gmt":"2024-06-25T23:44:56","guid":{"rendered":"https:\/\/www.crea.gov.co\/crea-roma\/?p=1224"},"modified":"2024-08-03T22:52:22","modified_gmt":"2024-08-03T22:52:22","slug":"cierre-de-procesos-crea-roma","status":"publish","type":"post","link":"https:\/\/www.crea.gov.co\/crea-roma\/cierre-de-procesos-crea-roma\/","title":{"rendered":"CREA ROMA SOCIALIZACI\u00d3N Y VACACIONALES"},"content":{"rendered":"\n<p class=\"has-text-align-center\"><img loading=\"lazy\" decoding=\"async\" width=\"738\" height=\"737\" class=\"wp-image-1226\" style=\"width: 150px\" src=\"https:\/\/www.crea.gov.co\/crea-roma\/wp-content\/uploads\/sites\/10\/2024\/06\/WhatsApp-Image-2024-06-24-at-10.30.51-PM.jpeg\" alt=\"\" srcset=\"https:\/\/www.crea.gov.co\/crea-roma\/wp-content\/uploads\/sites\/10\/2024\/06\/WhatsApp-Image-2024-06-24-at-10.30.51-PM.jpeg 738w, https:\/\/www.crea.gov.co\/crea-roma\/wp-content\/uploads\/sites\/10\/2024\/06\/WhatsApp-Image-2024-06-24-at-10.30.51-PM-300x300.jpeg 300w, https:\/\/www.crea.gov.co\/crea-roma\/wp-content\/uploads\/sites\/10\/2024\/06\/WhatsApp-Image-2024-06-24-at-10.30.51-PM-150x150.jpeg 150w\" sizes=\"auto, (max-width: 738px) 100vw, 738px\" \/><img loading=\"lazy\" decoding=\"async\" width=\"738\" height=\"736\" class=\"wp-image-1225\" style=\"width: 150px\" src=\"https:\/\/www.crea.gov.co\/crea-roma\/wp-content\/uploads\/sites\/10\/2024\/06\/WhatsApp-Image-2024-06-24-at-10.02.42-PM.jpeg\" alt=\"\" srcset=\"https:\/\/www.crea.gov.co\/crea-roma\/wp-content\/uploads\/sites\/10\/2024\/06\/WhatsApp-Image-2024-06-24-at-10.02.42-PM.jpeg 738w, https:\/\/www.crea.gov.co\/crea-roma\/wp-content\/uploads\/sites\/10\/2024\/06\/WhatsApp-Image-2024-06-24-at-10.02.42-PM-300x300.jpeg 300w, https:\/\/www.crea.gov.co\/crea-roma\/wp-content\/uploads\/sites\/10\/2024\/06\/WhatsApp-Image-2024-06-24-at-10.02.42-PM-150x150.jpeg 150w\" sizes=\"auto, (max-width: 738px) 100vw, 738px\" \/><img loading=\"lazy\" decoding=\"async\" width=\"704\" height=\"672\" class=\"wp-image-1227\" style=\"width: 150px\" src=\"https:\/\/www.crea.gov.co\/crea-roma\/wp-content\/uploads\/sites\/10\/2024\/06\/WhatsApp-Image-2024-06-25-at-6.40.17-PM.jpeg\" alt=\"\" srcset=\"https:\/\/www.crea.gov.co\/crea-roma\/wp-content\/uploads\/sites\/10\/2024\/06\/WhatsApp-Image-2024-06-25-at-6.40.17-PM.jpeg 704w, https:\/\/www.crea.gov.co\/crea-roma\/wp-content\/uploads\/sites\/10\/2024\/06\/WhatsApp-Image-2024-06-25-at-6.40.17-PM-300x286.jpeg 300w\" sizes=\"auto, (max-width: 704px) 100vw, 704px\" \/> <\/p>\n\n\n\n<p class=\"has-text-align-center\"><strong><mark style=\"background-color:#fcb900\" class=\"has-inline-color has-vivid-purple-color\">Hola querida comunidad, los invitamos hacer parte de la socializaci\u00f3n de procesos durante la semana del 22 al 28 de junio, un espacio abierto a la comunidad, para que vengas con tu familia y disfrutes de un espacio de disfrute y contemplaci\u00f3n a trav\u00e9s de las artes.  <\/mark><\/strong><\/p>\n\n\n\n<p class=\"has-text-align-center\"><strong><mark style=\"background-color:#fc5f00\" class=\"has-inline-color\">TAMBI\u00c9N PUEDES SEGUIR INSCRIBI\u00c9NDOTE A NUESTROS TALLERES VACACIONALES, TE ESPERAMOS<\/mark><\/strong><\/p>\n\n\n\n<figure class=\"wp-block-image size-large\"><img loading=\"lazy\" decoding=\"async\" width=\"1024\" height=\"390\" src=\"https:\/\/www.crea.gov.co\/crea-roma\/wp-content\/uploads\/sites\/10\/2024\/06\/WhatsApp-Image-2024-06-25-at-6.42.05-PM-1024x390.jpeg\" alt=\"\" class=\"wp-image-1230\" srcset=\"https:\/\/www.crea.gov.co\/crea-roma\/wp-content\/uploads\/sites\/10\/2024\/06\/WhatsApp-Image-2024-06-25-at-6.42.05-PM-1024x390.jpeg 1024w, https:\/\/www.crea.gov.co\/crea-roma\/wp-content\/uploads\/sites\/10\/2024\/06\/WhatsApp-Image-2024-06-25-at-6.42.05-PM-300x114.jpeg 300w, https:\/\/www.crea.gov.co\/crea-roma\/wp-content\/uploads\/sites\/10\/2024\/06\/WhatsApp-Image-2024-06-25-at-6.42.05-PM-768x293.jpeg 768w, https:\/\/www.crea.gov.co\/crea-roma\/wp-content\/uploads\/sites\/10\/2024\/06\/WhatsApp-Image-2024-06-25-at-6.42.05-PM.jpeg 1139w\" sizes=\"auto, (max-width: 1024px) 100vw, 1024px\" \/><\/figure>\n\n\n<figure class=\"wp-block-post-featured-image\"><img loading=\"lazy\" decoding=\"async\" width=\"2560\" height=\"1920\" src=\"https:\/\/www.crea.gov.co\/crea-roma\/wp-content\/uploads\/sites\/10\/2024\/04\/P1150740-scaled.jpg\" class=\"attachment-post-thumbnail size-post-thumbnail wp-post-image\" alt=\"\" style=\"object-fit:cover;\" srcset=\"https:\/\/www.crea.gov.co\/crea-roma\/wp-content\/uploads\/sites\/10\/2024\/04\/P1150740-scaled.jpg 2560w, https:\/\/www.crea.gov.co\/crea-roma\/wp-content\/uploads\/sites\/10\/2024\/04\/P1150740-300x225.jpg 300w, https:\/\/www.crea.gov.co\/crea-roma\/wp-content\/uploads\/sites\/10\/2024\/04\/P1150740-1024x768.jpg 1024w, https:\/\/www.crea.gov.co\/crea-roma\/wp-content\/uploads\/sites\/10\/2024\/04\/P1150740-768x576.jpg 768w, https:\/\/www.crea.gov.co\/crea-roma\/wp-content\/uploads\/sites\/10\/2024\/04\/P1150740-1536x1152.jpg 1536w, https:\/\/www.crea.gov.co\/crea-roma\/wp-content\/uploads\/sites\/10\/2024\/04\/P1150740-2048x1536.jpg 2048w\" sizes=\"auto, (max-width: 2560px) 100vw, 2560px\" \/><\/figure>","protected":false},"excerpt":{"rendered":"<p>Hola querida comunidad, los invitamos hacer parte de la socializaci\u00f3n de procesos durante la semana del 22 al 28 de junio, un espacio abierto a la comunidad, para que vengas con tu familia y disfrutes de un espacio de disfrute y contemplaci\u00f3n a trav\u00e9s de las artes. TAMBI\u00c9N PUEDES SEGUIR INSCRIBI\u00c9NDOTE A NUESTROS TALLERES VACACIONALES, [&hellip;]<\/p>\n","protected":false},"author":78,"featured_media":1161,"comment_status":"open","ping_status":"open","sticky":false,"template":"","format":"standard","meta":{"footnotes":""},"categories":[1],"tags":[],"class_list":["post-1224","post","type-post","status-publish","format-standard","has-post-thumbnail","hentry","category-sin-categoria"],"yoast_head":"<!-- This site is optimized with the Yoast SEO plugin v24.5 - https:\/\/yoast.com\/wordpress\/plugins\/seo\/ -->\n<title>CREA ROMA SOCIALIZACI\u00d3N Y VACACIONALES - Crea Roma<\/title>\n<meta name=\"robots\" content=\"index, follow, max-snippet:-1, max-image-preview:large, max-video-preview:-1\" \/>\n<link rel=\"canonical\" href=\"https:\/\/www.crea.gov.co\/crea-roma\/cierre-de-procesos-crea-roma\/\" \/>\n<meta property=\"og:locale\" content=\"es_ES\" \/>\n<meta property=\"og:type\" content=\"article\" \/>\n<meta property=\"og:title\" content=\"CREA ROMA SOCIALIZACI\u00d3N Y VACACIONALES - Crea Roma\" \/>\n<meta property=\"og:description\" content=\"Hola querida comunidad, los invitamos hacer parte de la socializaci\u00f3n de procesos durante la semana del 22 al 28 de junio, un espacio abierto a la comunidad, para que vengas con tu familia y disfrutes de un espacio de disfrute y contemplaci\u00f3n a trav\u00e9s de las artes. TAMBI\u00c9N PUEDES SEGUIR INSCRIBI\u00c9NDOTE A NUESTROS TALLERES VACACIONALES, [&hellip;]\" \/>\n<meta property=\"og:url\" content=\"https:\/\/www.crea.gov.co\/crea-roma\/cierre-de-procesos-crea-roma\/\" \/>\n<meta property=\"og:site_name\" content=\"Crea Roma\" \/>\n<meta property=\"article:published_time\" content=\"2024-06-25T23:44:56+00:00\" \/>\n<meta property=\"article:modified_time\" content=\"2024-08-03T22:52:22+00:00\" \/>\n<meta property=\"og:image\" content=\"https:\/\/www.crea.gov.co\/crea-roma\/wp-content\/uploads\/sites\/10\/2024\/04\/P1150740-scaled.jpg\" \/>\n\t<meta property=\"og:image:width\" content=\"2560\" \/>\n\t<meta property=\"og:image:height\" content=\"1920\" \/>\n\t<meta property=\"og:image:type\" content=\"image\/jpeg\" \/>\n<meta name=\"author\" content=\"nataliamarquez\" \/>\n<meta name=\"twitter:card\" content=\"summary_large_image\" \/>\n<meta name=\"twitter:label1\" content=\"Escrito por\" \/>\n\t<meta name=\"twitter:data1\" content=\"nataliamarquez\" \/>\n\t<meta name=\"twitter:label2\" content=\"Tiempo de lectura\" \/>\n\t<meta name=\"twitter:data2\" content=\"2 minutos\" \/>\n<script type=\"application\/ld+json\" class=\"yoast-schema-graph\">{\"@context\":\"https:\/\/schema.org\",\"@graph\":[{\"@type\":\"WebPage\",\"@id\":\"https:\/\/www.crea.gov.co\/crea-roma\/cierre-de-procesos-crea-roma\/\",\"url\":\"https:\/\/www.crea.gov.co\/crea-roma\/cierre-de-procesos-crea-roma\/\",\"name\":\"CREA ROMA SOCIALIZACI\u00d3N Y VACACIONALES - Crea Roma\",\"isPartOf\":{\"@id\":\"https:\/\/www.crea.gov.co\/crea-roma\/#website\"},\"primaryImageOfPage\":{\"@id\":\"https:\/\/www.crea.gov.co\/crea-roma\/cierre-de-procesos-crea-roma\/#primaryimage\"},\"image\":{\"@id\":\"https:\/\/www.crea.gov.co\/crea-roma\/cierre-de-procesos-crea-roma\/#primaryimage\"},\"thumbnailUrl\":\"https:\/\/www.crea.gov.co\/crea-roma\/wp-content\/uploads\/sites\/10\/2024\/04\/P1150740-scaled.jpg\",\"datePublished\":\"2024-06-25T23:44:56+00:00\",\"dateModified\":\"2024-08-03T22:52:22+00:00\",\"author\":{\"@id\":\"https:\/\/www.crea.gov.co\/crea-roma\/#\/schema\/person\/bf2181bfedee4b4c24743d4c671e52b4\"},\"breadcrumb\":{\"@id\":\"https:\/\/www.crea.gov.co\/crea-roma\/cierre-de-procesos-crea-roma\/#breadcrumb\"},\"inLanguage\":\"es-CO\",\"potentialAction\":[{\"@type\":\"ReadAction\",\"target\":[\"https:\/\/www.crea.gov.co\/crea-roma\/cierre-de-procesos-crea-roma\/\"]}]},{\"@type\":\"ImageObject\",\"inLanguage\":\"es-CO\",\"@id\":\"https:\/\/www.crea.gov.co\/crea-roma\/cierre-de-procesos-crea-roma\/#primaryimage\",\"url\":\"https:\/\/www.crea.gov.co\/crea-roma\/wp-content\/uploads\/sites\/10\/2024\/04\/P1150740-scaled.jpg\",\"contentUrl\":\"https:\/\/www.crea.gov.co\/crea-roma\/wp-content\/uploads\/sites\/10\/2024\/04\/P1150740-scaled.jpg\",\"width\":2560,\"height\":1920},{\"@type\":\"BreadcrumbList\",\"@id\":\"https:\/\/www.crea.gov.co\/crea-roma\/cierre-de-procesos-crea-roma\/#breadcrumb\",\"itemListElement\":[{\"@type\":\"ListItem\",\"position\":1,\"name\":\"Home\",\"item\":\"https:\/\/www.crea.gov.co\/crea-roma\/\"},{\"@type\":\"ListItem\",\"position\":2,\"name\":\"CREA ROMA SOCIALIZACI\u00d3N Y VACACIONALES\"}]},{\"@type\":\"WebSite\",\"@id\":\"https:\/\/www.crea.gov.co\/crea-roma\/#website\",\"url\":\"https:\/\/www.crea.gov.co\/crea-roma\/\",\"name\":\"Crea Roma\",\"description\":\"En Kennedy, rodeado de conjuntos y calles que guardan historias de familias que han crecido en el barrio, este espacio es un lugar donde la creatividad se entrelaza con la vida cotidiana. Aqu\u00ed, los lenguajes art\u00edsticos fortalecen lazos y dan voz a las experiencias de una comunidad que se reconoce en lo colectivo.\",\"potentialAction\":[{\"@type\":\"SearchAction\",\"target\":{\"@type\":\"EntryPoint\",\"urlTemplate\":\"https:\/\/www.crea.gov.co\/crea-roma\/?s={search_term_string}\"},\"query-input\":{\"@type\":\"PropertyValueSpecification\",\"valueRequired\":true,\"valueName\":\"search_term_string\"}}],\"inLanguage\":\"es-CO\"},{\"@type\":\"Person\",\"@id\":\"https:\/\/www.crea.gov.co\/crea-roma\/#\/schema\/person\/bf2181bfedee4b4c24743d4c671e52b4\",\"name\":\"nataliamarquez\",\"image\":{\"@type\":\"ImageObject\",\"inLanguage\":\"es-CO\",\"@id\":\"https:\/\/www.crea.gov.co\/crea-roma\/#\/schema\/person\/image\/\",\"url\":\"https:\/\/secure.gravatar.com\/avatar\/a87a72f7e3426487446f44364c6cc87f?s=96&d=mm&r=g\",\"contentUrl\":\"https:\/\/secure.gravatar.com\/avatar\/a87a72f7e3426487446f44364c6cc87f?s=96&d=mm&r=g\",\"caption\":\"nataliamarquez\"},\"url\":\"https:\/\/www.crea.gov.co\/crea-roma\/author\/nataliamarquez\/\"}]}<\/script>\n<!-- \/ Yoast SEO plugin. -->","yoast_head_json":{"title":"CREA ROMA SOCIALIZACI\u00d3N Y VACACIONALES - Crea Roma","robots":{"index":"index","follow":"follow","max-snippet":"max-snippet:-1","max-image-preview":"max-image-preview:large","max-video-preview":"max-video-preview:-1"},"canonical":"https:\/\/www.crea.gov.co\/crea-roma\/cierre-de-procesos-crea-roma\/","og_locale":"es_ES","og_type":"article","og_title":"CREA ROMA SOCIALIZACI\u00d3N Y VACACIONALES - Crea Roma","og_description":"Hola querida comunidad, los invitamos hacer parte de la socializaci\u00f3n de procesos durante la semana del 22 al 28 de junio, un espacio abierto a la comunidad, para que vengas con tu familia y disfrutes de un espacio de disfrute y contemplaci\u00f3n a trav\u00e9s de las artes. TAMBI\u00c9N PUEDES SEGUIR INSCRIBI\u00c9NDOTE A NUESTROS TALLERES VACACIONALES, [&hellip;]","og_url":"https:\/\/www.crea.gov.co\/crea-roma\/cierre-de-procesos-crea-roma\/","og_site_name":"Crea Roma","article_published_time":"2024-06-25T23:44:56+00:00","article_modified_time":"2024-08-03T22:52:22+00:00","og_image":[{"width":2560,"height":1920,"url":"https:\/\/www.crea.gov.co\/crea-roma\/wp-content\/uploads\/sites\/10\/2024\/04\/P1150740-scaled.jpg","type":"image\/jpeg"}],"author":"nataliamarquez","twitter_card":"summary_large_image","twitter_misc":{"Escrito por":"nataliamarquez","Tiempo de lectura":"2 minutos"},"schema":{"@context":"https:\/\/schema.org","@graph":[{"@type":"WebPage","@id":"https:\/\/www.crea.gov.co\/crea-roma\/cierre-de-procesos-crea-roma\/","url":"https:\/\/www.crea.gov.co\/crea-roma\/cierre-de-procesos-crea-roma\/","name":"CREA ROMA SOCIALIZACI\u00d3N Y VACACIONALES - Crea Roma","isPartOf":{"@id":"https:\/\/www.crea.gov.co\/crea-roma\/#website"},"primaryImageOfPage":{"@id":"https:\/\/www.crea.gov.co\/crea-roma\/cierre-de-procesos-crea-roma\/#primaryimage"},"image":{"@id":"https:\/\/www.crea.gov.co\/crea-roma\/cierre-de-procesos-crea-roma\/#primaryimage"},"thumbnailUrl":"https:\/\/www.crea.gov.co\/crea-roma\/wp-content\/uploads\/sites\/10\/2024\/04\/P1150740-scaled.jpg","datePublished":"2024-06-25T23:44:56+00:00","dateModified":"2024-08-03T22:52:22+00:00","author":{"@id":"https:\/\/www.crea.gov.co\/crea-roma\/#\/schema\/person\/bf2181bfedee4b4c24743d4c671e52b4"},"breadcrumb":{"@id":"https:\/\/www.crea.gov.co\/crea-roma\/cierre-de-procesos-crea-roma\/#breadcrumb"},"inLanguage":"es-CO","potentialAction":[{"@type":"ReadAction","target":["https:\/\/www.crea.gov.co\/crea-roma\/cierre-de-procesos-crea-roma\/"]}]},{"@type":"ImageObject","inLanguage":"es-CO","@id":"https:\/\/www.crea.gov.co\/crea-roma\/cierre-de-procesos-crea-roma\/#primaryimage","url":"https:\/\/www.crea.gov.co\/crea-roma\/wp-content\/uploads\/sites\/10\/2024\/04\/P1150740-scaled.jpg","contentUrl":"https:\/\/www.crea.gov.co\/crea-roma\/wp-content\/uploads\/sites\/10\/2024\/04\/P1150740-scaled.jpg","width":2560,"height":1920},{"@type":"BreadcrumbList","@id":"https:\/\/www.crea.gov.co\/crea-roma\/cierre-de-procesos-crea-roma\/#breadcrumb","itemListElement":[{"@type":"ListItem","position":1,"name":"Home","item":"https:\/\/www.crea.gov.co\/crea-roma\/"},{"@type":"ListItem","position":2,"name":"CREA ROMA SOCIALIZACI\u00d3N Y VACACIONALES"}]},{"@type":"WebSite","@id":"https:\/\/www.crea.gov.co\/crea-roma\/#website","url":"https:\/\/www.crea.gov.co\/crea-roma\/","name":"Crea Roma","description":"En Kennedy, rodeado de conjuntos y calles que guardan historias de familias que han crecido en el barrio, este espacio es un lugar donde la creatividad se entrelaza con la vida cotidiana. Aqu\u00ed, los lenguajes art\u00edsticos fortalecen lazos y dan voz a las experiencias de una comunidad que se reconoce en lo colectivo.","potentialAction":[{"@type":"SearchAction","target":{"@type":"EntryPoint","urlTemplate":"https:\/\/www.crea.gov.co\/crea-roma\/?s={search_term_string}"},"query-input":{"@type":"PropertyValueSpecification","valueRequired":true,"valueName":"search_term_string"}}],"inLanguage":"es-CO"},{"@type":"Person","@id":"https:\/\/www.crea.gov.co\/crea-roma\/#\/schema\/person\/bf2181bfedee4b4c24743d4c671e52b4","name":"nataliamarquez","image":{"@type":"ImageObject","inLanguage":"es-CO","@id":"https:\/\/www.crea.gov.co\/crea-roma\/#\/schema\/person\/image\/","url":"https:\/\/secure.gravatar.com\/avatar\/a87a72f7e3426487446f44364c6cc87f?s=96&d=mm&r=g","contentUrl":"https:\/\/secure.gravatar.com\/avatar\/a87a72f7e3426487446f44364c6cc87f?s=96&d=mm&r=g","caption":"nataliamarquez"},"url":"https:\/\/www.crea.gov.co\/crea-roma\/author\/nataliamarquez\/"}]}},"_links":{"self":[{"href":"https:\/\/www.crea.gov.co\/crea-roma\/wp-json\/wp\/v2\/posts\/1224","targetHints":{"allow":["GET"]}}],"collection":[{"href":"https:\/\/www.crea.gov.co\/crea-roma\/wp-json\/wp\/v2\/posts"}],"about":[{"href":"https:\/\/www.crea.gov.co\/crea-roma\/wp-json\/wp\/v2\/types\/post"}],"author":[{"embeddable":true,"href":"https:\/\/www.crea.gov.co\/crea-roma\/wp-json\/wp\/v2\/users\/78"}],"replies":[{"embeddable":true,"href":"https:\/\/www.crea.gov.co\/crea-roma\/wp-json\/wp\/v2\/comments?post=1224"}],"version-history":[{"count":4,"href":"https:\/\/www.crea.gov.co\/crea-roma\/wp-json\/wp\/v2\/posts\/1224\/revisions"}],"predecessor-version":[{"id":1253,"href":"https:\/\/www.crea.gov.co\/crea-roma\/wp-json\/wp\/v2\/posts\/1224\/revisions\/1253"}],"wp:featuredmedia":[{"embeddable":true,"href":"https:\/\/www.crea.gov.co\/crea-roma\/wp-json\/wp\/v2\/media\/1161"}],"wp:attachment":[{"href":"https:\/\/www.crea.gov.co\/crea-roma\/wp-json\/wp\/v2\/media?parent=1224"}],"wp:term":[{"taxonomy":"category","embeddable":true,"href":"https:\/\/www.crea.gov.co\/crea-roma\/wp-json\/wp\/v2\/categories?post=1224"},{"taxonomy":"post_tag","embeddable":true,"href":"https:\/\/www.crea.gov.co\/crea-roma\/wp-json\/wp\/v2\/tags?post=1224"}],"curies":[{"name":"wp","href":"https:\/\/api.w.org\/{rel}","templated":true}]}}