{"id":1221,"date":"2024-06-01T00:26:05","date_gmt":"2024-06-01T00:26:05","guid":{"rendered":"https:\/\/www.crea.gov.co\/crea-roma\/?p=1221"},"modified":"2024-08-03T22:56:04","modified_gmt":"2024-08-03T22:56:04","slug":"semana-internacional-educacion-artistica","status":"publish","type":"post","link":"https:\/\/www.crea.gov.co\/crea-roma\/semana-internacional-educacion-artistica\/","title":{"rendered":"Semana Internacional &#8211; Educaci\u00f3n art\u00edstica"},"content":{"rendered":"\n<figure class=\"wp-block-image size-large\"><img loading=\"lazy\" decoding=\"async\" width=\"1024\" height=\"768\" src=\"https:\/\/www.crea.gov.co\/crea-roma\/wp-content\/uploads\/sites\/10\/2024\/06\/WhatsApp-Image-2024-05-31-at-7.18.28-PM-1024x768.jpeg\" alt=\"\" class=\"wp-image-1222\" srcset=\"https:\/\/www.crea.gov.co\/crea-roma\/wp-content\/uploads\/sites\/10\/2024\/06\/WhatsApp-Image-2024-05-31-at-7.18.28-PM-1024x768.jpeg 1024w, https:\/\/www.crea.gov.co\/crea-roma\/wp-content\/uploads\/sites\/10\/2024\/06\/WhatsApp-Image-2024-05-31-at-7.18.28-PM-300x225.jpeg 300w, https:\/\/www.crea.gov.co\/crea-roma\/wp-content\/uploads\/sites\/10\/2024\/06\/WhatsApp-Image-2024-05-31-at-7.18.28-PM-768x576.jpeg 768w, https:\/\/www.crea.gov.co\/crea-roma\/wp-content\/uploads\/sites\/10\/2024\/06\/WhatsApp-Image-2024-05-31-at-7.18.28-PM-1536x1153.jpeg 1536w, https:\/\/www.crea.gov.co\/crea-roma\/wp-content\/uploads\/sites\/10\/2024\/06\/WhatsApp-Image-2024-05-31-at-7.18.28-PM.jpeg 1599w\" sizes=\"auto, (max-width: 1024px) 100vw, 1024px\" \/><\/figure>\n\n\n\n<p>Una experiencia de converge que une la conversaci\u00f3n de mujeres y adultos mayores, un espacio de participaci\u00f3n y sensibilizaci\u00f3n. <\/p>\n\n\n\n<p>CLAUDIA LILIANA ACEVEDO &#8211; <strong>CV-1687<\/strong><\/p>\n\n\n\n<p>ORLANDO MARQUEZ &#8211; <strong>CV-1703<\/strong><\/p>\n\n\n<figure class=\"wp-block-post-featured-image\"><img loading=\"lazy\" decoding=\"async\" width=\"1080\" height=\"1350\" src=\"https:\/\/www.crea.gov.co\/crea-roma\/wp-content\/uploads\/sites\/10\/2024\/05\/este-si-es.jpg\" class=\"attachment-post-thumbnail size-post-thumbnail wp-post-image\" alt=\"\" style=\"object-fit:cover;\" srcset=\"https:\/\/www.crea.gov.co\/crea-roma\/wp-content\/uploads\/sites\/10\/2024\/05\/este-si-es.jpg 1080w, https:\/\/www.crea.gov.co\/crea-roma\/wp-content\/uploads\/sites\/10\/2024\/05\/este-si-es-240x300.jpg 240w, https:\/\/www.crea.gov.co\/crea-roma\/wp-content\/uploads\/sites\/10\/2024\/05\/este-si-es-819x1024.jpg 819w, https:\/\/www.crea.gov.co\/crea-roma\/wp-content\/uploads\/sites\/10\/2024\/05\/este-si-es-768x960.jpg 768w\" sizes=\"auto, (max-width: 1080px) 100vw, 1080px\" \/><\/figure>","protected":false},"excerpt":{"rendered":"<p>Una experiencia de converge que une la conversaci\u00f3n de mujeres y adultos mayores, un espacio de participaci\u00f3n y sensibilizaci\u00f3n. CLAUDIA LILIANA ACEVEDO &#8211; CV-1687 ORLANDO MARQUEZ &#8211; CV-1703<\/p>\n","protected":false},"author":78,"featured_media":1219,"comment_status":"open","ping_status":"open","sticky":false,"template":"","format":"standard","meta":{"footnotes":""},"categories":[1],"tags":[],"class_list":["post-1221","post","type-post","status-publish","format-standard","has-post-thumbnail","hentry","category-sin-categoria"],"yoast_head":"<!-- This site is optimized with the Yoast SEO plugin v24.5 - https:\/\/yoast.com\/wordpress\/plugins\/seo\/ -->\n<title>Semana Internacional - Educaci\u00f3n art\u00edstica - Crea Roma<\/title>\n<meta name=\"robots\" content=\"index, follow, max-snippet:-1, max-image-preview:large, max-video-preview:-1\" \/>\n<link rel=\"canonical\" href=\"https:\/\/www.crea.gov.co\/crea-roma\/semana-internacional-educacion-artistica\/\" \/>\n<meta property=\"og:locale\" content=\"es_ES\" \/>\n<meta property=\"og:type\" content=\"article\" \/>\n<meta property=\"og:title\" content=\"Semana Internacional - Educaci\u00f3n art\u00edstica - Crea Roma\" \/>\n<meta property=\"og:description\" content=\"Una experiencia de converge que une la conversaci\u00f3n de mujeres y adultos mayores, un espacio de participaci\u00f3n y sensibilizaci\u00f3n. CLAUDIA LILIANA ACEVEDO &#8211; CV-1687 ORLANDO MARQUEZ &#8211; CV-1703\" \/>\n<meta property=\"og:url\" content=\"https:\/\/www.crea.gov.co\/crea-roma\/semana-internacional-educacion-artistica\/\" \/>\n<meta property=\"og:site_name\" content=\"Crea Roma\" \/>\n<meta property=\"article:published_time\" content=\"2024-06-01T00:26:05+00:00\" \/>\n<meta property=\"article:modified_time\" content=\"2024-08-03T22:56:04+00:00\" \/>\n<meta property=\"og:image\" content=\"https:\/\/www.crea.gov.co\/crea-roma\/wp-content\/uploads\/sites\/10\/2024\/05\/este-si-es.jpg\" \/>\n\t<meta property=\"og:image:width\" content=\"1080\" \/>\n\t<meta property=\"og:image:height\" content=\"1350\" \/>\n\t<meta property=\"og:image:type\" content=\"image\/jpeg\" \/>\n<meta name=\"author\" content=\"nataliamarquez\" \/>\n<meta name=\"twitter:card\" content=\"summary_large_image\" \/>\n<meta name=\"twitter:label1\" content=\"Escrito por\" \/>\n\t<meta name=\"twitter:data1\" content=\"nataliamarquez\" \/>\n\t<meta name=\"twitter:label2\" content=\"Tiempo de lectura\" \/>\n\t<meta name=\"twitter:data2\" content=\"1 minuto\" \/>\n<script type=\"application\/ld+json\" class=\"yoast-schema-graph\">{\"@context\":\"https:\/\/schema.org\",\"@graph\":[{\"@type\":\"WebPage\",\"@id\":\"https:\/\/www.crea.gov.co\/crea-roma\/semana-internacional-educacion-artistica\/\",\"url\":\"https:\/\/www.crea.gov.co\/crea-roma\/semana-internacional-educacion-artistica\/\",\"name\":\"Semana Internacional - Educaci\u00f3n art\u00edstica - Crea Roma\",\"isPartOf\":{\"@id\":\"https:\/\/www.crea.gov.co\/crea-roma\/#website\"},\"primaryImageOfPage\":{\"@id\":\"https:\/\/www.crea.gov.co\/crea-roma\/semana-internacional-educacion-artistica\/#primaryimage\"},\"image\":{\"@id\":\"https:\/\/www.crea.gov.co\/crea-roma\/semana-internacional-educacion-artistica\/#primaryimage\"},\"thumbnailUrl\":\"https:\/\/www.crea.gov.co\/crea-roma\/wp-content\/uploads\/sites\/10\/2024\/05\/este-si-es.jpg\",\"datePublished\":\"2024-06-01T00:26:05+00:00\",\"dateModified\":\"2024-08-03T22:56:04+00:00\",\"author\":{\"@id\":\"https:\/\/www.crea.gov.co\/crea-roma\/#\/schema\/person\/bf2181bfedee4b4c24743d4c671e52b4\"},\"breadcrumb\":{\"@id\":\"https:\/\/www.crea.gov.co\/crea-roma\/semana-internacional-educacion-artistica\/#breadcrumb\"},\"inLanguage\":\"es-CO\",\"potentialAction\":[{\"@type\":\"ReadAction\",\"target\":[\"https:\/\/www.crea.gov.co\/crea-roma\/semana-internacional-educacion-artistica\/\"]}]},{\"@type\":\"ImageObject\",\"inLanguage\":\"es-CO\",\"@id\":\"https:\/\/www.crea.gov.co\/crea-roma\/semana-internacional-educacion-artistica\/#primaryimage\",\"url\":\"https:\/\/www.crea.gov.co\/crea-roma\/wp-content\/uploads\/sites\/10\/2024\/05\/este-si-es.jpg\",\"contentUrl\":\"https:\/\/www.crea.gov.co\/crea-roma\/wp-content\/uploads\/sites\/10\/2024\/05\/este-si-es.jpg\",\"width\":1080,\"height\":1350},{\"@type\":\"BreadcrumbList\",\"@id\":\"https:\/\/www.crea.gov.co\/crea-roma\/semana-internacional-educacion-artistica\/#breadcrumb\",\"itemListElement\":[{\"@type\":\"ListItem\",\"position\":1,\"name\":\"Home\",\"item\":\"https:\/\/www.crea.gov.co\/crea-roma\/\"},{\"@type\":\"ListItem\",\"position\":2,\"name\":\"Semana Internacional &#8211; Educaci\u00f3n art\u00edstica\"}]},{\"@type\":\"WebSite\",\"@id\":\"https:\/\/www.crea.gov.co\/crea-roma\/#website\",\"url\":\"https:\/\/www.crea.gov.co\/crea-roma\/\",\"name\":\"Crea Roma\",\"description\":\"En Kennedy, rodeado de conjuntos y calles que guardan historias de familias que han crecido en el barrio, este espacio es un lugar donde la creatividad se entrelaza con la vida cotidiana. Aqu\u00ed, los lenguajes art\u00edsticos fortalecen lazos y dan voz a las experiencias de una comunidad que se reconoce en lo colectivo.\",\"potentialAction\":[{\"@type\":\"SearchAction\",\"target\":{\"@type\":\"EntryPoint\",\"urlTemplate\":\"https:\/\/www.crea.gov.co\/crea-roma\/?s={search_term_string}\"},\"query-input\":{\"@type\":\"PropertyValueSpecification\",\"valueRequired\":true,\"valueName\":\"search_term_string\"}}],\"inLanguage\":\"es-CO\"},{\"@type\":\"Person\",\"@id\":\"https:\/\/www.crea.gov.co\/crea-roma\/#\/schema\/person\/bf2181bfedee4b4c24743d4c671e52b4\",\"name\":\"nataliamarquez\",\"image\":{\"@type\":\"ImageObject\",\"inLanguage\":\"es-CO\",\"@id\":\"https:\/\/www.crea.gov.co\/crea-roma\/#\/schema\/person\/image\/\",\"url\":\"https:\/\/secure.gravatar.com\/avatar\/a87a72f7e3426487446f44364c6cc87f?s=96&d=mm&r=g\",\"contentUrl\":\"https:\/\/secure.gravatar.com\/avatar\/a87a72f7e3426487446f44364c6cc87f?s=96&d=mm&r=g\",\"caption\":\"nataliamarquez\"},\"url\":\"https:\/\/www.crea.gov.co\/crea-roma\/author\/nataliamarquez\/\"}]}<\/script>\n<!-- \/ Yoast SEO plugin. -->","yoast_head_json":{"title":"Semana Internacional - Educaci\u00f3n art\u00edstica - Crea Roma","robots":{"index":"index","follow":"follow","max-snippet":"max-snippet:-1","max-image-preview":"max-image-preview:large","max-video-preview":"max-video-preview:-1"},"canonical":"https:\/\/www.crea.gov.co\/crea-roma\/semana-internacional-educacion-artistica\/","og_locale":"es_ES","og_type":"article","og_title":"Semana Internacional - Educaci\u00f3n art\u00edstica - Crea Roma","og_description":"Una experiencia de converge que une la conversaci\u00f3n de mujeres y adultos mayores, un espacio de participaci\u00f3n y sensibilizaci\u00f3n. CLAUDIA LILIANA ACEVEDO &#8211; CV-1687 ORLANDO MARQUEZ &#8211; CV-1703","og_url":"https:\/\/www.crea.gov.co\/crea-roma\/semana-internacional-educacion-artistica\/","og_site_name":"Crea Roma","article_published_time":"2024-06-01T00:26:05+00:00","article_modified_time":"2024-08-03T22:56:04+00:00","og_image":[{"width":1080,"height":1350,"url":"https:\/\/www.crea.gov.co\/crea-roma\/wp-content\/uploads\/sites\/10\/2024\/05\/este-si-es.jpg","type":"image\/jpeg"}],"author":"nataliamarquez","twitter_card":"summary_large_image","twitter_misc":{"Escrito por":"nataliamarquez","Tiempo de lectura":"1 minuto"},"schema":{"@context":"https:\/\/schema.org","@graph":[{"@type":"WebPage","@id":"https:\/\/www.crea.gov.co\/crea-roma\/semana-internacional-educacion-artistica\/","url":"https:\/\/www.crea.gov.co\/crea-roma\/semana-internacional-educacion-artistica\/","name":"Semana Internacional - Educaci\u00f3n art\u00edstica - Crea Roma","isPartOf":{"@id":"https:\/\/www.crea.gov.co\/crea-roma\/#website"},"primaryImageOfPage":{"@id":"https:\/\/www.crea.gov.co\/crea-roma\/semana-internacional-educacion-artistica\/#primaryimage"},"image":{"@id":"https:\/\/www.crea.gov.co\/crea-roma\/semana-internacional-educacion-artistica\/#primaryimage"},"thumbnailUrl":"https:\/\/www.crea.gov.co\/crea-roma\/wp-content\/uploads\/sites\/10\/2024\/05\/este-si-es.jpg","datePublished":"2024-06-01T00:26:05+00:00","dateModified":"2024-08-03T22:56:04+00:00","author":{"@id":"https:\/\/www.crea.gov.co\/crea-roma\/#\/schema\/person\/bf2181bfedee4b4c24743d4c671e52b4"},"breadcrumb":{"@id":"https:\/\/www.crea.gov.co\/crea-roma\/semana-internacional-educacion-artistica\/#breadcrumb"},"inLanguage":"es-CO","potentialAction":[{"@type":"ReadAction","target":["https:\/\/www.crea.gov.co\/crea-roma\/semana-internacional-educacion-artistica\/"]}]},{"@type":"ImageObject","inLanguage":"es-CO","@id":"https:\/\/www.crea.gov.co\/crea-roma\/semana-internacional-educacion-artistica\/#primaryimage","url":"https:\/\/www.crea.gov.co\/crea-roma\/wp-content\/uploads\/sites\/10\/2024\/05\/este-si-es.jpg","contentUrl":"https:\/\/www.crea.gov.co\/crea-roma\/wp-content\/uploads\/sites\/10\/2024\/05\/este-si-es.jpg","width":1080,"height":1350},{"@type":"BreadcrumbList","@id":"https:\/\/www.crea.gov.co\/crea-roma\/semana-internacional-educacion-artistica\/#breadcrumb","itemListElement":[{"@type":"ListItem","position":1,"name":"Home","item":"https:\/\/www.crea.gov.co\/crea-roma\/"},{"@type":"ListItem","position":2,"name":"Semana Internacional &#8211; Educaci\u00f3n art\u00edstica"}]},{"@type":"WebSite","@id":"https:\/\/www.crea.gov.co\/crea-roma\/#website","url":"https:\/\/www.crea.gov.co\/crea-roma\/","name":"Crea Roma","description":"En Kennedy, rodeado de conjuntos y calles que guardan historias de familias que han crecido en el barrio, este espacio es un lugar donde la creatividad se entrelaza con la vida cotidiana. Aqu\u00ed, los lenguajes art\u00edsticos fortalecen lazos y dan voz a las experiencias de una comunidad que se reconoce en lo colectivo.","potentialAction":[{"@type":"SearchAction","target":{"@type":"EntryPoint","urlTemplate":"https:\/\/www.crea.gov.co\/crea-roma\/?s={search_term_string}"},"query-input":{"@type":"PropertyValueSpecification","valueRequired":true,"valueName":"search_term_string"}}],"inLanguage":"es-CO"},{"@type":"Person","@id":"https:\/\/www.crea.gov.co\/crea-roma\/#\/schema\/person\/bf2181bfedee4b4c24743d4c671e52b4","name":"nataliamarquez","image":{"@type":"ImageObject","inLanguage":"es-CO","@id":"https:\/\/www.crea.gov.co\/crea-roma\/#\/schema\/person\/image\/","url":"https:\/\/secure.gravatar.com\/avatar\/a87a72f7e3426487446f44364c6cc87f?s=96&d=mm&r=g","contentUrl":"https:\/\/secure.gravatar.com\/avatar\/a87a72f7e3426487446f44364c6cc87f?s=96&d=mm&r=g","caption":"nataliamarquez"},"url":"https:\/\/www.crea.gov.co\/crea-roma\/author\/nataliamarquez\/"}]}},"_links":{"self":[{"href":"https:\/\/www.crea.gov.co\/crea-roma\/wp-json\/wp\/v2\/posts\/1221","targetHints":{"allow":["GET"]}}],"collection":[{"href":"https:\/\/www.crea.gov.co\/crea-roma\/wp-json\/wp\/v2\/posts"}],"about":[{"href":"https:\/\/www.crea.gov.co\/crea-roma\/wp-json\/wp\/v2\/types\/post"}],"author":[{"embeddable":true,"href":"https:\/\/www.crea.gov.co\/crea-roma\/wp-json\/wp\/v2\/users\/78"}],"replies":[{"embeddable":true,"href":"https:\/\/www.crea.gov.co\/crea-roma\/wp-json\/wp\/v2\/comments?post=1221"}],"version-history":[{"count":2,"href":"https:\/\/www.crea.gov.co\/crea-roma\/wp-json\/wp\/v2\/posts\/1221\/revisions"}],"predecessor-version":[{"id":1255,"href":"https:\/\/www.crea.gov.co\/crea-roma\/wp-json\/wp\/v2\/posts\/1221\/revisions\/1255"}],"wp:featuredmedia":[{"embeddable":true,"href":"https:\/\/www.crea.gov.co\/crea-roma\/wp-json\/wp\/v2\/media\/1219"}],"wp:attachment":[{"href":"https:\/\/www.crea.gov.co\/crea-roma\/wp-json\/wp\/v2\/media?parent=1221"}],"wp:term":[{"taxonomy":"category","embeddable":true,"href":"https:\/\/www.crea.gov.co\/crea-roma\/wp-json\/wp\/v2\/categories?post=1221"},{"taxonomy":"post_tag","embeddable":true,"href":"https:\/\/www.crea.gov.co\/crea-roma\/wp-json\/wp\/v2\/tags?post=1221"}],"curies":[{"name":"wp","href":"https:\/\/api.w.org\/{rel}","templated":true}]}}