{"id":118,"date":"2021-09-16T14:25:10","date_gmt":"2021-09-16T14:25:10","guid":{"rendered":"https:\/\/www.crea.gov.co\/crea-roma\/?post_type=news&#038;p=118"},"modified":"2021-09-16T14:25:10","modified_gmt":"2021-09-16T14:25:10","slug":"proyeccion-cortometrajes-crea-en-franja-cultural-del-archivo-distrita","status":"publish","type":"post","link":"https:\/\/www.crea.gov.co\/crea-roma\/proyeccion-cortometrajes-crea-en-franja-cultural-del-archivo-distrita\/","title":{"rendered":"Proyecci\u00f3n cortometrajes crea en franja cultural del archivo distrita"},"content":{"rendered":"\n<figure class=\"wp-block-image size-large is-resized\"><img loading=\"lazy\" decoding=\"async\" src=\"https:\/\/www.crea.gov.co\/crea-roma\/wp-content\/uploads\/sites\/10\/2021\/09\/WhatsApp-Image-2021-09-15-at-12.34.21-PM-1024x576.jpeg\" alt=\"\" class=\"wp-image-119\" width=\"683\" height=\"384\" srcset=\"https:\/\/www.crea.gov.co\/crea-roma\/wp-content\/uploads\/sites\/10\/2021\/09\/WhatsApp-Image-2021-09-15-at-12.34.21-PM-1024x576.jpeg 1024w, https:\/\/www.crea.gov.co\/crea-roma\/wp-content\/uploads\/sites\/10\/2021\/09\/WhatsApp-Image-2021-09-15-at-12.34.21-PM-300x169.jpeg 300w, https:\/\/www.crea.gov.co\/crea-roma\/wp-content\/uploads\/sites\/10\/2021\/09\/WhatsApp-Image-2021-09-15-at-12.34.21-PM-768x432.jpeg 768w, https:\/\/www.crea.gov.co\/crea-roma\/wp-content\/uploads\/sites\/10\/2021\/09\/WhatsApp-Image-2021-09-15-at-12.34.21-PM.jpeg 1280w\" sizes=\"auto, (max-width: 683px) 100vw, 683px\" \/><\/figure>\n\n\n\n<h4 class=\"wp-block-heading\">10 de septiembre 2021<\/h4>\n\n\n\n<p class=\"has-drop-cap\">Estudiantes del Crea Roma en Proyecci\u00f3n de Cortometrajes<br>Como parte de la alianza entre la Secretar\u00eda General de la Alcald\u00eda Mayor de Bogot\u00e1 y el Programa Crea del Idartes, el pasado viernes 10 de septiembre se realiz\u00f3 la proyecci\u00f3n de 5 cortometrajes creados dentro de los procesos Crea y que fueron seleccionados por el Archivo Distrital.<br>La asistencia de los estudiantes del \u00e1rea de audiovisuales del Crea Roma no se hizo esperar, quienes aprovecharon la actividad pedag\u00f3gica para escuchar a los realizadores de los cortometrajes, hacer preguntas y apreciar cada pieza proyectada. Algunos adem\u00e1s se dieron cita en compa\u00f1\u00eda de sus padres quienes evidenciaron los procesos de los cuales sus hijos tambi\u00e9n hacen parte, manifestando total apoyo a que sigan teniendo parte activa en estas iniciativas de formaci\u00f3n del Programa Crea.<br>Cabe destacar que esta es una estrategia de la alcald\u00eda de Bogot\u00e1 en la que, a trav\u00e9s de las l\u00edneas converge, arte en la escuela e impulso colectivo, se llega a la comunidad bogotana a trav\u00e9s de la ense\u00f1anza de distintas disciplinas del arte como literatura, m\u00fasica, danza, teatro, artes pl\u00e1sticas, artes electr\u00f3nicas y audiovisuales.<\/p>\n","protected":false},"excerpt":{"rendered":"<p>10 de septiembre 2021 Estudiantes del Crea Roma en Proyecci\u00f3n de CortometrajesComo parte de la alianza entre la Secretar\u00eda General de la Alcald\u00eda Mayor de Bogot\u00e1 y el Programa Crea del Idartes, el pasado viernes 10 de septiembre se realiz\u00f3 la proyecci\u00f3n de 5 cortometrajes creados dentro de los procesos Crea y que fueron seleccionados [&hellip;]<\/p>\n","protected":false},"author":44,"featured_media":120,"comment_status":"open","ping_status":"closed","sticky":false,"template":"","format":"standard","meta":{"footnotes":""},"categories":[],"tags":[],"class_list":["post-118","post","type-post","status-publish","format-standard","has-post-thumbnail","hentry"],"yoast_head":"<!-- This site is optimized with the Yoast SEO plugin v24.5 - https:\/\/yoast.com\/wordpress\/plugins\/seo\/ -->\n<title>Proyecci\u00f3n cortometrajes crea en franja cultural del archivo distrita - Crea Roma<\/title>\n<meta name=\"robots\" content=\"index, follow, max-snippet:-1, max-image-preview:large, max-video-preview:-1\" \/>\n<link rel=\"canonical\" href=\"https:\/\/www.crea.gov.co\/crea-roma\/proyeccion-cortometrajes-crea-en-franja-cultural-del-archivo-distrita\/\" \/>\n<meta property=\"og:locale\" content=\"es_ES\" \/>\n<meta property=\"og:type\" content=\"article\" \/>\n<meta property=\"og:title\" content=\"Proyecci\u00f3n cortometrajes crea en franja cultural del archivo distrita - Crea Roma\" \/>\n<meta property=\"og:description\" content=\"10 de septiembre 2021 Estudiantes del Crea Roma en Proyecci\u00f3n de CortometrajesComo parte de la alianza entre la Secretar\u00eda General de la Alcald\u00eda Mayor de Bogot\u00e1 y el Programa Crea del Idartes, el pasado viernes 10 de septiembre se realiz\u00f3 la proyecci\u00f3n de 5 cortometrajes creados dentro de los procesos Crea y que fueron seleccionados [&hellip;]\" \/>\n<meta property=\"og:url\" content=\"https:\/\/www.crea.gov.co\/crea-roma\/proyeccion-cortometrajes-crea-en-franja-cultural-del-archivo-distrita\/\" \/>\n<meta property=\"og:site_name\" content=\"Crea Roma\" \/>\n<meta property=\"article:published_time\" content=\"2021-09-16T14:25:10+00:00\" \/>\n<meta property=\"og:image\" content=\"https:\/\/www.crea.gov.co\/crea-roma\/wp-content\/uploads\/sites\/10\/2021\/09\/WhatsApp-Image-2021-09-15-at-12.34.21-PM1.jpeg\" \/>\n\t<meta property=\"og:image:width\" content=\"1280\" \/>\n\t<meta property=\"og:image:height\" content=\"720\" \/>\n\t<meta property=\"og:image:type\" content=\"image\/jpeg\" \/>\n<meta name=\"author\" content=\"dianahenao\" \/>\n<meta name=\"twitter:card\" content=\"summary_large_image\" \/>\n<meta name=\"twitter:label1\" content=\"Escrito por\" \/>\n\t<meta name=\"twitter:data1\" content=\"dianahenao\" \/>\n\t<meta name=\"twitter:label2\" content=\"Tiempo de lectura\" \/>\n\t<meta name=\"twitter:data2\" content=\"1 minuto\" \/>\n<script type=\"application\/ld+json\" class=\"yoast-schema-graph\">{\"@context\":\"https:\/\/schema.org\",\"@graph\":[{\"@type\":\"WebPage\",\"@id\":\"https:\/\/www.crea.gov.co\/crea-roma\/proyeccion-cortometrajes-crea-en-franja-cultural-del-archivo-distrita\/\",\"url\":\"https:\/\/www.crea.gov.co\/crea-roma\/proyeccion-cortometrajes-crea-en-franja-cultural-del-archivo-distrita\/\",\"name\":\"Proyecci\u00f3n cortometrajes crea en franja cultural del archivo distrita - Crea Roma\",\"isPartOf\":{\"@id\":\"https:\/\/www.crea.gov.co\/crea-roma\/#website\"},\"primaryImageOfPage\":{\"@id\":\"https:\/\/www.crea.gov.co\/crea-roma\/proyeccion-cortometrajes-crea-en-franja-cultural-del-archivo-distrita\/#primaryimage\"},\"image\":{\"@id\":\"https:\/\/www.crea.gov.co\/crea-roma\/proyeccion-cortometrajes-crea-en-franja-cultural-del-archivo-distrita\/#primaryimage\"},\"thumbnailUrl\":\"https:\/\/www.crea.gov.co\/crea-roma\/wp-content\/uploads\/sites\/10\/2021\/09\/WhatsApp-Image-2021-09-15-at-12.34.21-PM1.jpeg\",\"datePublished\":\"2021-09-16T14:25:10+00:00\",\"author\":{\"@id\":\"https:\/\/www.crea.gov.co\/crea-roma\/#\/schema\/person\/21f4af65becded92a4d94437f5b2a956\"},\"breadcrumb\":{\"@id\":\"https:\/\/www.crea.gov.co\/crea-roma\/proyeccion-cortometrajes-crea-en-franja-cultural-del-archivo-distrita\/#breadcrumb\"},\"inLanguage\":\"es-CO\",\"potentialAction\":[{\"@type\":\"ReadAction\",\"target\":[\"https:\/\/www.crea.gov.co\/crea-roma\/proyeccion-cortometrajes-crea-en-franja-cultural-del-archivo-distrita\/\"]}]},{\"@type\":\"ImageObject\",\"inLanguage\":\"es-CO\",\"@id\":\"https:\/\/www.crea.gov.co\/crea-roma\/proyeccion-cortometrajes-crea-en-franja-cultural-del-archivo-distrita\/#primaryimage\",\"url\":\"https:\/\/www.crea.gov.co\/crea-roma\/wp-content\/uploads\/sites\/10\/2021\/09\/WhatsApp-Image-2021-09-15-at-12.34.21-PM1.jpeg\",\"contentUrl\":\"https:\/\/www.crea.gov.co\/crea-roma\/wp-content\/uploads\/sites\/10\/2021\/09\/WhatsApp-Image-2021-09-15-at-12.34.21-PM1.jpeg\",\"width\":1280,\"height\":720},{\"@type\":\"BreadcrumbList\",\"@id\":\"https:\/\/www.crea.gov.co\/crea-roma\/proyeccion-cortometrajes-crea-en-franja-cultural-del-archivo-distrita\/#breadcrumb\",\"itemListElement\":[{\"@type\":\"ListItem\",\"position\":1,\"name\":\"Home\",\"item\":\"https:\/\/www.crea.gov.co\/crea-roma\/\"},{\"@type\":\"ListItem\",\"position\":2,\"name\":\"Proyecci\u00f3n cortometrajes crea en franja cultural del archivo distrita\"}]},{\"@type\":\"WebSite\",\"@id\":\"https:\/\/www.crea.gov.co\/crea-roma\/#website\",\"url\":\"https:\/\/www.crea.gov.co\/crea-roma\/\",\"name\":\"Crea Roma\",\"description\":\"En Kennedy, rodeado de conjuntos y calles que guardan historias de familias que han crecido en el barrio, este espacio es un lugar donde la creatividad se entrelaza con la vida cotidiana. Aqu\u00ed, los lenguajes art\u00edsticos fortalecen lazos y dan voz a las experiencias de una comunidad que se reconoce en lo colectivo.\",\"potentialAction\":[{\"@type\":\"SearchAction\",\"target\":{\"@type\":\"EntryPoint\",\"urlTemplate\":\"https:\/\/www.crea.gov.co\/crea-roma\/?s={search_term_string}\"},\"query-input\":{\"@type\":\"PropertyValueSpecification\",\"valueRequired\":true,\"valueName\":\"search_term_string\"}}],\"inLanguage\":\"es-CO\"},{\"@type\":\"Person\",\"@id\":\"https:\/\/www.crea.gov.co\/crea-roma\/#\/schema\/person\/21f4af65becded92a4d94437f5b2a956\",\"name\":\"dianahenao\",\"image\":{\"@type\":\"ImageObject\",\"inLanguage\":\"es-CO\",\"@id\":\"https:\/\/www.crea.gov.co\/crea-roma\/#\/schema\/person\/image\/\",\"url\":\"https:\/\/secure.gravatar.com\/avatar\/21a46432310ad2712e5b660e19cb0b22?s=96&d=mm&r=g\",\"contentUrl\":\"https:\/\/secure.gravatar.com\/avatar\/21a46432310ad2712e5b660e19cb0b22?s=96&d=mm&r=g\",\"caption\":\"dianahenao\"},\"url\":\"https:\/\/www.crea.gov.co\/crea-roma\/author\/dianahenao\/\"}]}<\/script>\n<!-- \/ Yoast SEO plugin. -->","yoast_head_json":{"title":"Proyecci\u00f3n cortometrajes crea en franja cultural del archivo distrita - Crea Roma","robots":{"index":"index","follow":"follow","max-snippet":"max-snippet:-1","max-image-preview":"max-image-preview:large","max-video-preview":"max-video-preview:-1"},"canonical":"https:\/\/www.crea.gov.co\/crea-roma\/proyeccion-cortometrajes-crea-en-franja-cultural-del-archivo-distrita\/","og_locale":"es_ES","og_type":"article","og_title":"Proyecci\u00f3n cortometrajes crea en franja cultural del archivo distrita - Crea Roma","og_description":"10 de septiembre 2021 Estudiantes del Crea Roma en Proyecci\u00f3n de CortometrajesComo parte de la alianza entre la Secretar\u00eda General de la Alcald\u00eda Mayor de Bogot\u00e1 y el Programa Crea del Idartes, el pasado viernes 10 de septiembre se realiz\u00f3 la proyecci\u00f3n de 5 cortometrajes creados dentro de los procesos Crea y que fueron seleccionados [&hellip;]","og_url":"https:\/\/www.crea.gov.co\/crea-roma\/proyeccion-cortometrajes-crea-en-franja-cultural-del-archivo-distrita\/","og_site_name":"Crea Roma","article_published_time":"2021-09-16T14:25:10+00:00","og_image":[{"width":1280,"height":720,"url":"https:\/\/www.crea.gov.co\/crea-roma\/wp-content\/uploads\/sites\/10\/2021\/09\/WhatsApp-Image-2021-09-15-at-12.34.21-PM1.jpeg","type":"image\/jpeg"}],"author":"dianahenao","twitter_card":"summary_large_image","twitter_misc":{"Escrito por":"dianahenao","Tiempo de lectura":"1 minuto"},"schema":{"@context":"https:\/\/schema.org","@graph":[{"@type":"WebPage","@id":"https:\/\/www.crea.gov.co\/crea-roma\/proyeccion-cortometrajes-crea-en-franja-cultural-del-archivo-distrita\/","url":"https:\/\/www.crea.gov.co\/crea-roma\/proyeccion-cortometrajes-crea-en-franja-cultural-del-archivo-distrita\/","name":"Proyecci\u00f3n cortometrajes crea en franja cultural del archivo distrita - Crea Roma","isPartOf":{"@id":"https:\/\/www.crea.gov.co\/crea-roma\/#website"},"primaryImageOfPage":{"@id":"https:\/\/www.crea.gov.co\/crea-roma\/proyeccion-cortometrajes-crea-en-franja-cultural-del-archivo-distrita\/#primaryimage"},"image":{"@id":"https:\/\/www.crea.gov.co\/crea-roma\/proyeccion-cortometrajes-crea-en-franja-cultural-del-archivo-distrita\/#primaryimage"},"thumbnailUrl":"https:\/\/www.crea.gov.co\/crea-roma\/wp-content\/uploads\/sites\/10\/2021\/09\/WhatsApp-Image-2021-09-15-at-12.34.21-PM1.jpeg","datePublished":"2021-09-16T14:25:10+00:00","author":{"@id":"https:\/\/www.crea.gov.co\/crea-roma\/#\/schema\/person\/21f4af65becded92a4d94437f5b2a956"},"breadcrumb":{"@id":"https:\/\/www.crea.gov.co\/crea-roma\/proyeccion-cortometrajes-crea-en-franja-cultural-del-archivo-distrita\/#breadcrumb"},"inLanguage":"es-CO","potentialAction":[{"@type":"ReadAction","target":["https:\/\/www.crea.gov.co\/crea-roma\/proyeccion-cortometrajes-crea-en-franja-cultural-del-archivo-distrita\/"]}]},{"@type":"ImageObject","inLanguage":"es-CO","@id":"https:\/\/www.crea.gov.co\/crea-roma\/proyeccion-cortometrajes-crea-en-franja-cultural-del-archivo-distrita\/#primaryimage","url":"https:\/\/www.crea.gov.co\/crea-roma\/wp-content\/uploads\/sites\/10\/2021\/09\/WhatsApp-Image-2021-09-15-at-12.34.21-PM1.jpeg","contentUrl":"https:\/\/www.crea.gov.co\/crea-roma\/wp-content\/uploads\/sites\/10\/2021\/09\/WhatsApp-Image-2021-09-15-at-12.34.21-PM1.jpeg","width":1280,"height":720},{"@type":"BreadcrumbList","@id":"https:\/\/www.crea.gov.co\/crea-roma\/proyeccion-cortometrajes-crea-en-franja-cultural-del-archivo-distrita\/#breadcrumb","itemListElement":[{"@type":"ListItem","position":1,"name":"Home","item":"https:\/\/www.crea.gov.co\/crea-roma\/"},{"@type":"ListItem","position":2,"name":"Proyecci\u00f3n cortometrajes crea en franja cultural del archivo distrita"}]},{"@type":"WebSite","@id":"https:\/\/www.crea.gov.co\/crea-roma\/#website","url":"https:\/\/www.crea.gov.co\/crea-roma\/","name":"Crea Roma","description":"En Kennedy, rodeado de conjuntos y calles que guardan historias de familias que han crecido en el barrio, este espacio es un lugar donde la creatividad se entrelaza con la vida cotidiana. Aqu\u00ed, los lenguajes art\u00edsticos fortalecen lazos y dan voz a las experiencias de una comunidad que se reconoce en lo colectivo.","potentialAction":[{"@type":"SearchAction","target":{"@type":"EntryPoint","urlTemplate":"https:\/\/www.crea.gov.co\/crea-roma\/?s={search_term_string}"},"query-input":{"@type":"PropertyValueSpecification","valueRequired":true,"valueName":"search_term_string"}}],"inLanguage":"es-CO"},{"@type":"Person","@id":"https:\/\/www.crea.gov.co\/crea-roma\/#\/schema\/person\/21f4af65becded92a4d94437f5b2a956","name":"dianahenao","image":{"@type":"ImageObject","inLanguage":"es-CO","@id":"https:\/\/www.crea.gov.co\/crea-roma\/#\/schema\/person\/image\/","url":"https:\/\/secure.gravatar.com\/avatar\/21a46432310ad2712e5b660e19cb0b22?s=96&d=mm&r=g","contentUrl":"https:\/\/secure.gravatar.com\/avatar\/21a46432310ad2712e5b660e19cb0b22?s=96&d=mm&r=g","caption":"dianahenao"},"url":"https:\/\/www.crea.gov.co\/crea-roma\/author\/dianahenao\/"}]}},"_links":{"self":[{"href":"https:\/\/www.crea.gov.co\/crea-roma\/wp-json\/wp\/v2\/posts\/118","targetHints":{"allow":["GET"]}}],"collection":[{"href":"https:\/\/www.crea.gov.co\/crea-roma\/wp-json\/wp\/v2\/posts"}],"about":[{"href":"https:\/\/www.crea.gov.co\/crea-roma\/wp-json\/wp\/v2\/types\/post"}],"author":[{"embeddable":true,"href":"https:\/\/www.crea.gov.co\/crea-roma\/wp-json\/wp\/v2\/users\/44"}],"replies":[{"embeddable":true,"href":"https:\/\/www.crea.gov.co\/crea-roma\/wp-json\/wp\/v2\/comments?post=118"}],"version-history":[{"count":0,"href":"https:\/\/www.crea.gov.co\/crea-roma\/wp-json\/wp\/v2\/posts\/118\/revisions"}],"wp:featuredmedia":[{"embeddable":true,"href":"https:\/\/www.crea.gov.co\/crea-roma\/wp-json\/wp\/v2\/media\/120"}],"wp:attachment":[{"href":"https:\/\/www.crea.gov.co\/crea-roma\/wp-json\/wp\/v2\/media?parent=118"}],"wp:term":[{"taxonomy":"category","embeddable":true,"href":"https:\/\/www.crea.gov.co\/crea-roma\/wp-json\/wp\/v2\/categories?post=118"},{"taxonomy":"post_tag","embeddable":true,"href":"https:\/\/www.crea.gov.co\/crea-roma\/wp-json\/wp\/v2\/tags?post=118"}],"curies":[{"name":"wp","href":"https:\/\/api.w.org\/{rel}","templated":true}]}}