{"id":382,"date":"2026-02-20T18:14:16","date_gmt":"2026-02-20T23:14:16","guid":{"rendered":"https:\/\/www.crea.gov.co\/crea-molinos\/?p=382"},"modified":"2026-02-24T17:33:52","modified_gmt":"2026-02-24T22:33:52","slug":"%f0%9f%8c%bf-toda-la-informacion-que-necesitas-para-ser-parte-del-crea-molinos","status":"publish","type":"post","link":"https:\/\/www.crea.gov.co\/crea-molinos\/2026\/02\/20\/%f0%9f%8c%bf-toda-la-informacion-que-necesitas-para-ser-parte-del-crea-molinos\/","title":{"rendered":"\ud83c\udf3f TODO LO QUE NECESITAS PARA SER PARTE DEL CREA MOLINOS"},"content":{"rendered":"\n<p>El <strong>CREA Molinos<\/strong> ya est\u00e1 abierto y listo para recibir a la comunidad.<br>Si quieres hacer parte de nuestros procesos art\u00edsticos gratuitos, aqu\u00ed encontrar\u00e1s todo lo que necesitas saber para inscribirte y comenzar.<\/p>\n\n\n\n<div class=\"wp-block-buttons has-custom-font-size has-large-font-size is-content-justification-center is-layout-flex wp-container-core-buttons-is-layout-1 wp-block-buttons-is-layout-flex\">\n<div class=\"wp-block-button\"><a class=\"wp-block-button__link has-black-color has-text-color has-background has-link-color wp-element-button\" href=\"https:\/\/www.canva.com\/design\/DAHCRrvTvLw\/C4E_E1ZvpUIykJfhiyREnQ\/view?utm_content=DAHCRrvTvLw&amp;utm_campaign=designshare&amp;utm_medium=link2&amp;utm_source=uniquelinks&amp;utlId=h92e420c649\" style=\"background:radial-gradient(rgb(255,255,255) 0%,rgb(242,141,0) 100%)\"><strong>NUESTRA OFERTA<\/strong><\/a><\/div>\n<\/div>\n\n\n\n<p class=\"has-text-align-center\">Un espacio para ni\u00f1as, ni\u00f1os, j\u00f3venes y personas adultas que quieren crear, explorar y construir en colectivo desde el arte.<\/p>\n\n\n\n<hr class=\"wp-block-separator has-alpha-channel-opacity\" \/>\n\n\n\n<div class=\"wp-block-buttons has-custom-font-size has-large-font-size is-content-justification-center is-layout-flex wp-container-core-buttons-is-layout-2 wp-block-buttons-is-layout-flex\">\n<div class=\"wp-block-button\"><a class=\"wp-block-button__link has-black-color has-text-color has-background has-link-color wp-element-button\" href=\"https:\/\/maps.app.goo.gl\/pGurnfFNJFDhY1qB9?g_st=iw\" style=\"background:radial-gradient(rgb(255,245,203) 0%,rgb(182,227,212) 50%,rgb(51,167,181) 100%)\">\ud83d\udccd<strong>\u00bfD\u00d3NDE ESTAMOS?<\/strong> \ud83d\udccc<\/a><\/div>\n<\/div>\n\n\n\n<p class=\"has-text-align-center\">Ac\u00e9rcate y resuelve tus dudas directamente en el punto de atenci\u00f3n. <strong>Cra 5 a bis # 48N &#8211; 48<\/strong> <\/p>\n\n\n\n<p class=\"has-text-align-center\">Te esperamos en estos horarios: Lunes a viernes 8:00 a.m. a 5:00 p.m.  S\u00e1bados 8:00 a.m. a 12:00 m.<\/p>\n\n\n\n<hr class=\"wp-block-separator has-alpha-channel-opacity\" \/>\n\n\n\n<div class=\"wp-block-buttons has-custom-font-size has-large-font-size is-content-justification-center is-layout-flex wp-container-core-buttons-is-layout-3 wp-block-buttons-is-layout-flex\">\n<div class=\"wp-block-button\"><a class=\"wp-block-button__link has-black-color has-text-color has-background has-link-color wp-element-button\" href=\"https:\/\/sif.idartes.gov.co\/sif\/framework\/crea\/territorial\/oferta\/oferta-disponible\" style=\"background:radial-gradient(rgb(74,234,220) 0%,rgb(207,42,186) 0%,rgb(151,120,209) 39%,rgb(238,44,130) 60%,rgb(251,105,98) 80%,rgb(254,248,76) 100%)\"><strong>INSCRIBITE  AQU\u00cd <\/strong><\/a><\/div>\n<\/div>\n\n\n\n<p class=\"has-text-align-center\">Puedes realizar tu proceso de inscripci\u00f3n de manera virtual. An\u00edmate<\/p>\n\n\n\n<hr class=\"wp-block-separator has-alpha-channel-opacity\" \/>\n\n\n\n<div class=\"wp-block-buttons is-content-justification-center is-layout-flex wp-container-core-buttons-is-layout-4 wp-block-buttons-is-layout-flex\">\n<div class=\"wp-block-button\"><a class=\"wp-block-button__link has-background wp-element-button\" href=\"https:\/\/chat.whatsapp.com\/FR7b3QxhlFPH5l8B7Ilus5\" style=\"background:radial-gradient(rgb(171,255,69) 0%,rgb(28,138,85) 100%)\">COMUNIDAD INFORMATIVA DE WHATSAPP<\/a><\/div>\n<\/div>\n\n\n\n<hr class=\"wp-block-separator has-alpha-channel-opacity\" \/>\n\n\n\n<h2 class=\"wp-block-heading has-text-align-center\">\u2b07\ufe0f PREGUNTAS FRECUENTES \u2b07\ufe0f<\/h2>\n\n\n\n<h3 class=\"wp-block-heading\">\ud83d\udd18  \u00bfQUI\u00c9N PUEDE INSCRIBIRSE?<\/h3>\n\n\n\n<p class=\"has-text-align-left\">Ni\u00f1as, ni\u00f1os, j\u00f3venes, personas adultas, personas mayores, cualquier persona con m\u00e1s de 6 a\u00f1os cumplidos. <\/p>\n\n\n\n<p class=\"has-text-align-left\">No importa si nunca has tomado un taller art\u00edstico. Aqu\u00ed vienes a aprender, a explorar y a crecer. <\/p>\n\n\n\n<h3 class=\"wp-block-heading\">\ud83d\udd18  \u00bfQU\u00c9 DOCUMENTOS NECESITO PARA INSCRIBIRME?<\/h3>\n\n\n\n<p>\u2714 Documento de identidad del participante<br>\u2714 Recibo de servicio p\u00fablico<br>\u2714 Certificado de afiliaci\u00f3n a salud (si lo tienes)<\/p>\n\n\n\n<h3 class=\"wp-block-heading\">\ud83d\udd18 \ud83c\udfa8 \u00bfLOS TALLERES TIENEN COSTO?<\/h3>\n\n\n\n<p class=\"has-text-align-left\">\ud83d\uded1 <strong>NO<\/strong>, nuestros talleres <strong>son totalmente gratuitos.<\/strong> Adem\u00e1s te suministramos los materiales y elementos necesarios para tu proceso.<\/p>\n\n\n\n<h3 class=\"wp-block-heading\">\ud83d\udd18 \u26a0\ufe0f \u00bfC\u00d3MO FUNCIONAN LOS CUPOS?<\/h3>\n\n\n\n<p class=\"has-text-align-left\">Los cupos son limitados ye asignan por orden de inscripci\u00f3n. Si te interesa, no lo dejes para despu\u00e9s.<\/p>\n\n\n\n<h3 class=\"wp-block-heading has-text-align-center\">El arte ya est\u00e1 pasando en el barrio. Ahora te estamos esperando a ti.<\/h3>\n\n\n\n<p><\/p>\n","protected":false},"excerpt":{"rendered":"<p>El CREA Molinos ya est\u00e1 abierto y listo para recibir a la comunidad.Si quieres hacer parte de nuestros procesos art\u00edsticos gratuitos, aqu\u00ed encontrar\u00e1s todo lo que necesitas saber para inscribirte y comenzar. Un espacio para ni\u00f1as, ni\u00f1os, j\u00f3venes y personas adultas que quieren crear, explorar y construir en colectivo desde el arte. Ac\u00e9rcate y resuelve [&hellip;]<\/p>\n","protected":false},"author":100,"featured_media":388,"comment_status":"closed","ping_status":"open","sticky":false,"template":"","format":"standard","meta":{"footnotes":""},"categories":[1],"tags":[],"class_list":["post-382","post","type-post","status-publish","format-standard","has-post-thumbnail","hentry","category-sin-categoria"],"yoast_head":"<!-- This site is optimized with the Yoast SEO plugin v24.5 - https:\/\/yoast.com\/wordpress\/plugins\/seo\/ -->\n<title>\ud83c\udf3f TODO LO QUE NECESITAS PARA SER PARTE DEL CREA MOLINOS - Crea Molinos<\/title>\n<meta name=\"robots\" content=\"index, follow, max-snippet:-1, max-image-preview:large, max-video-preview:-1\" \/>\n<link rel=\"canonical\" href=\"https:\/\/www.crea.gov.co\/crea-molinos\/2026\/02\/20\/\ud83c\udf3f-toda-la-informacion-que-necesitas-para-ser-parte-del-crea-molinos\/\" \/>\n<meta property=\"og:locale\" content=\"es_ES\" \/>\n<meta property=\"og:type\" content=\"article\" \/>\n<meta property=\"og:title\" content=\"\ud83c\udf3f TODO LO QUE NECESITAS PARA SER PARTE DEL CREA MOLINOS - Crea Molinos\" \/>\n<meta property=\"og:description\" content=\"El CREA Molinos ya est\u00e1 abierto y listo para recibir a la comunidad.Si quieres hacer parte de nuestros procesos art\u00edsticos gratuitos, aqu\u00ed encontrar\u00e1s todo lo que necesitas saber para inscribirte y comenzar. Un espacio para ni\u00f1as, ni\u00f1os, j\u00f3venes y personas adultas que quieren crear, explorar y construir en colectivo desde el arte. Ac\u00e9rcate y resuelve [&hellip;]\" \/>\n<meta property=\"og:url\" content=\"https:\/\/www.crea.gov.co\/crea-molinos\/2026\/02\/20\/\ud83c\udf3f-toda-la-informacion-que-necesitas-para-ser-parte-del-crea-molinos\/\" \/>\n<meta property=\"og:site_name\" content=\"Crea Molinos\" \/>\n<meta property=\"article:published_time\" content=\"2026-02-20T23:14:16+00:00\" \/>\n<meta property=\"article:modified_time\" content=\"2026-02-24T22:33:52+00:00\" \/>\n<meta property=\"og:image\" content=\"https:\/\/www.crea.gov.co\/crea-molinos\/wp-content\/uploads\/sites\/32\/2026\/02\/WhatsApp-Image-2026-02-06-at-10.40.51-2.jpeg\" \/>\n\t<meta property=\"og:image:width\" content=\"1200\" \/>\n\t<meta property=\"og:image:height\" content=\"1600\" \/>\n\t<meta property=\"og:image:type\" content=\"image\/jpeg\" \/>\n<meta name=\"author\" content=\"creamolinos\" \/>\n<meta name=\"twitter:card\" content=\"summary_large_image\" \/>\n<meta name=\"twitter:label1\" content=\"Escrito por\" \/>\n\t<meta name=\"twitter:data1\" content=\"creamolinos\" \/>\n\t<meta name=\"twitter:label2\" content=\"Tiempo de lectura\" \/>\n\t<meta name=\"twitter:data2\" content=\"2 minutos\" \/>\n<script type=\"application\/ld+json\" class=\"yoast-schema-graph\">{\"@context\":\"https:\/\/schema.org\",\"@graph\":[{\"@type\":\"WebPage\",\"@id\":\"https:\/\/www.crea.gov.co\/crea-molinos\/2026\/02\/20\/%f0%9f%8c%bf-toda-la-informacion-que-necesitas-para-ser-parte-del-crea-molinos\/\",\"url\":\"https:\/\/www.crea.gov.co\/crea-molinos\/2026\/02\/20\/%f0%9f%8c%bf-toda-la-informacion-que-necesitas-para-ser-parte-del-crea-molinos\/\",\"name\":\"\ud83c\udf3f TODO LO QUE NECESITAS PARA SER PARTE DEL CREA MOLINOS - Crea Molinos\",\"isPartOf\":{\"@id\":\"https:\/\/www.crea.gov.co\/crea-molinos\/#website\"},\"primaryImageOfPage\":{\"@id\":\"https:\/\/www.crea.gov.co\/crea-molinos\/2026\/02\/20\/%f0%9f%8c%bf-toda-la-informacion-que-necesitas-para-ser-parte-del-crea-molinos\/#primaryimage\"},\"image\":{\"@id\":\"https:\/\/www.crea.gov.co\/crea-molinos\/2026\/02\/20\/%f0%9f%8c%bf-toda-la-informacion-que-necesitas-para-ser-parte-del-crea-molinos\/#primaryimage\"},\"thumbnailUrl\":\"https:\/\/www.crea.gov.co\/crea-molinos\/wp-content\/uploads\/sites\/32\/2026\/02\/WhatsApp-Image-2026-02-06-at-10.40.51-2.jpeg\",\"datePublished\":\"2026-02-20T23:14:16+00:00\",\"dateModified\":\"2026-02-24T22:33:52+00:00\",\"author\":{\"@id\":\"https:\/\/www.crea.gov.co\/crea-molinos\/#\/schema\/person\/c1adcbd10cb5c2da4ea3eb23b07f92a4\"},\"breadcrumb\":{\"@id\":\"https:\/\/www.crea.gov.co\/crea-molinos\/2026\/02\/20\/%f0%9f%8c%bf-toda-la-informacion-que-necesitas-para-ser-parte-del-crea-molinos\/#breadcrumb\"},\"inLanguage\":\"es-CO\",\"potentialAction\":[{\"@type\":\"ReadAction\",\"target\":[\"https:\/\/www.crea.gov.co\/crea-molinos\/2026\/02\/20\/%f0%9f%8c%bf-toda-la-informacion-que-necesitas-para-ser-parte-del-crea-molinos\/\"]}]},{\"@type\":\"ImageObject\",\"inLanguage\":\"es-CO\",\"@id\":\"https:\/\/www.crea.gov.co\/crea-molinos\/2026\/02\/20\/%f0%9f%8c%bf-toda-la-informacion-que-necesitas-para-ser-parte-del-crea-molinos\/#primaryimage\",\"url\":\"https:\/\/www.crea.gov.co\/crea-molinos\/wp-content\/uploads\/sites\/32\/2026\/02\/WhatsApp-Image-2026-02-06-at-10.40.51-2.jpeg\",\"contentUrl\":\"https:\/\/www.crea.gov.co\/crea-molinos\/wp-content\/uploads\/sites\/32\/2026\/02\/WhatsApp-Image-2026-02-06-at-10.40.51-2.jpeg\",\"width\":1200,\"height\":1600},{\"@type\":\"BreadcrumbList\",\"@id\":\"https:\/\/www.crea.gov.co\/crea-molinos\/2026\/02\/20\/%f0%9f%8c%bf-toda-la-informacion-que-necesitas-para-ser-parte-del-crea-molinos\/#breadcrumb\",\"itemListElement\":[{\"@type\":\"ListItem\",\"position\":1,\"name\":\"Inicio\",\"item\":\"https:\/\/www.crea.gov.co\/crea-molinos\/\"},{\"@type\":\"ListItem\",\"position\":2,\"name\":\"\ud83c\udf3f TODO LO QUE NECESITAS PARA SER PARTE DEL CREA MOLINOS\"}]},{\"@type\":\"WebSite\",\"@id\":\"https:\/\/www.crea.gov.co\/crea-molinos\/#website\",\"url\":\"https:\/\/www.crea.gov.co\/crea-molinos\/\",\"name\":\"Crea Molinos\",\"description\":\"En el coraz\u00f3n de un barrio con fuerte arraigo comunitario, el arte se abre paso entre calles empinadas y memorias compartidas. Este espacio es un punto de encuentro para ni\u00f1as, ni\u00f1os, j\u00f3venes y adultos que transforman su entorno a trav\u00e9s de la creaci\u00f3n colectiva.\",\"potentialAction\":[{\"@type\":\"SearchAction\",\"target\":{\"@type\":\"EntryPoint\",\"urlTemplate\":\"https:\/\/www.crea.gov.co\/crea-molinos\/?s={search_term_string}\"},\"query-input\":{\"@type\":\"PropertyValueSpecification\",\"valueRequired\":true,\"valueName\":\"search_term_string\"}}],\"inLanguage\":\"es-CO\"},{\"@type\":\"Person\",\"@id\":\"https:\/\/www.crea.gov.co\/crea-molinos\/#\/schema\/person\/c1adcbd10cb5c2da4ea3eb23b07f92a4\",\"name\":\"creamolinos\",\"image\":{\"@type\":\"ImageObject\",\"inLanguage\":\"es-CO\",\"@id\":\"https:\/\/www.crea.gov.co\/crea-molinos\/#\/schema\/person\/image\/\",\"url\":\"https:\/\/secure.gravatar.com\/avatar\/6a52da26e78adfc4ebb477aaa4058c94?s=96&d=mm&r=g\",\"contentUrl\":\"https:\/\/secure.gravatar.com\/avatar\/6a52da26e78adfc4ebb477aaa4058c94?s=96&d=mm&r=g\",\"caption\":\"creamolinos\"},\"url\":\"https:\/\/www.crea.gov.co\/crea-molinos\/author\/creamolinos\/\"}]}<\/script>\n<!-- \/ Yoast SEO plugin. -->","yoast_head_json":{"title":"\ud83c\udf3f TODO LO QUE NECESITAS PARA SER PARTE DEL CREA MOLINOS - Crea Molinos","robots":{"index":"index","follow":"follow","max-snippet":"max-snippet:-1","max-image-preview":"max-image-preview:large","max-video-preview":"max-video-preview:-1"},"canonical":"https:\/\/www.crea.gov.co\/crea-molinos\/2026\/02\/20\/\ud83c\udf3f-toda-la-informacion-que-necesitas-para-ser-parte-del-crea-molinos\/","og_locale":"es_ES","og_type":"article","og_title":"\ud83c\udf3f TODO LO QUE NECESITAS PARA SER PARTE DEL CREA MOLINOS - Crea Molinos","og_description":"El CREA Molinos ya est\u00e1 abierto y listo para recibir a la comunidad.Si quieres hacer parte de nuestros procesos art\u00edsticos gratuitos, aqu\u00ed encontrar\u00e1s todo lo que necesitas saber para inscribirte y comenzar. Un espacio para ni\u00f1as, ni\u00f1os, j\u00f3venes y personas adultas que quieren crear, explorar y construir en colectivo desde el arte. Ac\u00e9rcate y resuelve [&hellip;]","og_url":"https:\/\/www.crea.gov.co\/crea-molinos\/2026\/02\/20\/\ud83c\udf3f-toda-la-informacion-que-necesitas-para-ser-parte-del-crea-molinos\/","og_site_name":"Crea Molinos","article_published_time":"2026-02-20T23:14:16+00:00","article_modified_time":"2026-02-24T22:33:52+00:00","og_image":[{"width":1200,"height":1600,"url":"https:\/\/www.crea.gov.co\/crea-molinos\/wp-content\/uploads\/sites\/32\/2026\/02\/WhatsApp-Image-2026-02-06-at-10.40.51-2.jpeg","type":"image\/jpeg"}],"author":"creamolinos","twitter_card":"summary_large_image","twitter_misc":{"Escrito por":"creamolinos","Tiempo de lectura":"2 minutos"},"schema":{"@context":"https:\/\/schema.org","@graph":[{"@type":"WebPage","@id":"https:\/\/www.crea.gov.co\/crea-molinos\/2026\/02\/20\/%f0%9f%8c%bf-toda-la-informacion-que-necesitas-para-ser-parte-del-crea-molinos\/","url":"https:\/\/www.crea.gov.co\/crea-molinos\/2026\/02\/20\/%f0%9f%8c%bf-toda-la-informacion-que-necesitas-para-ser-parte-del-crea-molinos\/","name":"\ud83c\udf3f TODO LO QUE NECESITAS PARA SER PARTE DEL CREA MOLINOS - Crea Molinos","isPartOf":{"@id":"https:\/\/www.crea.gov.co\/crea-molinos\/#website"},"primaryImageOfPage":{"@id":"https:\/\/www.crea.gov.co\/crea-molinos\/2026\/02\/20\/%f0%9f%8c%bf-toda-la-informacion-que-necesitas-para-ser-parte-del-crea-molinos\/#primaryimage"},"image":{"@id":"https:\/\/www.crea.gov.co\/crea-molinos\/2026\/02\/20\/%f0%9f%8c%bf-toda-la-informacion-que-necesitas-para-ser-parte-del-crea-molinos\/#primaryimage"},"thumbnailUrl":"https:\/\/www.crea.gov.co\/crea-molinos\/wp-content\/uploads\/sites\/32\/2026\/02\/WhatsApp-Image-2026-02-06-at-10.40.51-2.jpeg","datePublished":"2026-02-20T23:14:16+00:00","dateModified":"2026-02-24T22:33:52+00:00","author":{"@id":"https:\/\/www.crea.gov.co\/crea-molinos\/#\/schema\/person\/c1adcbd10cb5c2da4ea3eb23b07f92a4"},"breadcrumb":{"@id":"https:\/\/www.crea.gov.co\/crea-molinos\/2026\/02\/20\/%f0%9f%8c%bf-toda-la-informacion-que-necesitas-para-ser-parte-del-crea-molinos\/#breadcrumb"},"inLanguage":"es-CO","potentialAction":[{"@type":"ReadAction","target":["https:\/\/www.crea.gov.co\/crea-molinos\/2026\/02\/20\/%f0%9f%8c%bf-toda-la-informacion-que-necesitas-para-ser-parte-del-crea-molinos\/"]}]},{"@type":"ImageObject","inLanguage":"es-CO","@id":"https:\/\/www.crea.gov.co\/crea-molinos\/2026\/02\/20\/%f0%9f%8c%bf-toda-la-informacion-que-necesitas-para-ser-parte-del-crea-molinos\/#primaryimage","url":"https:\/\/www.crea.gov.co\/crea-molinos\/wp-content\/uploads\/sites\/32\/2026\/02\/WhatsApp-Image-2026-02-06-at-10.40.51-2.jpeg","contentUrl":"https:\/\/www.crea.gov.co\/crea-molinos\/wp-content\/uploads\/sites\/32\/2026\/02\/WhatsApp-Image-2026-02-06-at-10.40.51-2.jpeg","width":1200,"height":1600},{"@type":"BreadcrumbList","@id":"https:\/\/www.crea.gov.co\/crea-molinos\/2026\/02\/20\/%f0%9f%8c%bf-toda-la-informacion-que-necesitas-para-ser-parte-del-crea-molinos\/#breadcrumb","itemListElement":[{"@type":"ListItem","position":1,"name":"Inicio","item":"https:\/\/www.crea.gov.co\/crea-molinos\/"},{"@type":"ListItem","position":2,"name":"\ud83c\udf3f TODO LO QUE NECESITAS PARA SER PARTE DEL CREA MOLINOS"}]},{"@type":"WebSite","@id":"https:\/\/www.crea.gov.co\/crea-molinos\/#website","url":"https:\/\/www.crea.gov.co\/crea-molinos\/","name":"Crea Molinos","description":"En el coraz\u00f3n de un barrio con fuerte arraigo comunitario, el arte se abre paso entre calles empinadas y memorias compartidas. Este espacio es un punto de encuentro para ni\u00f1as, ni\u00f1os, j\u00f3venes y adultos que transforman su entorno a trav\u00e9s de la creaci\u00f3n colectiva.","potentialAction":[{"@type":"SearchAction","target":{"@type":"EntryPoint","urlTemplate":"https:\/\/www.crea.gov.co\/crea-molinos\/?s={search_term_string}"},"query-input":{"@type":"PropertyValueSpecification","valueRequired":true,"valueName":"search_term_string"}}],"inLanguage":"es-CO"},{"@type":"Person","@id":"https:\/\/www.crea.gov.co\/crea-molinos\/#\/schema\/person\/c1adcbd10cb5c2da4ea3eb23b07f92a4","name":"creamolinos","image":{"@type":"ImageObject","inLanguage":"es-CO","@id":"https:\/\/www.crea.gov.co\/crea-molinos\/#\/schema\/person\/image\/","url":"https:\/\/secure.gravatar.com\/avatar\/6a52da26e78adfc4ebb477aaa4058c94?s=96&d=mm&r=g","contentUrl":"https:\/\/secure.gravatar.com\/avatar\/6a52da26e78adfc4ebb477aaa4058c94?s=96&d=mm&r=g","caption":"creamolinos"},"url":"https:\/\/www.crea.gov.co\/crea-molinos\/author\/creamolinos\/"}]}},"_links":{"self":[{"href":"https:\/\/www.crea.gov.co\/crea-molinos\/wp-json\/wp\/v2\/posts\/382","targetHints":{"allow":["GET"]}}],"collection":[{"href":"https:\/\/www.crea.gov.co\/crea-molinos\/wp-json\/wp\/v2\/posts"}],"about":[{"href":"https:\/\/www.crea.gov.co\/crea-molinos\/wp-json\/wp\/v2\/types\/post"}],"author":[{"embeddable":true,"href":"https:\/\/www.crea.gov.co\/crea-molinos\/wp-json\/wp\/v2\/users\/100"}],"replies":[{"embeddable":true,"href":"https:\/\/www.crea.gov.co\/crea-molinos\/wp-json\/wp\/v2\/comments?post=382"}],"version-history":[{"count":17,"href":"https:\/\/www.crea.gov.co\/crea-molinos\/wp-json\/wp\/v2\/posts\/382\/revisions"}],"predecessor-version":[{"id":457,"href":"https:\/\/www.crea.gov.co\/crea-molinos\/wp-json\/wp\/v2\/posts\/382\/revisions\/457"}],"wp:featuredmedia":[{"embeddable":true,"href":"https:\/\/www.crea.gov.co\/crea-molinos\/wp-json\/wp\/v2\/media\/388"}],"wp:attachment":[{"href":"https:\/\/www.crea.gov.co\/crea-molinos\/wp-json\/wp\/v2\/media?parent=382"}],"wp:term":[{"taxonomy":"category","embeddable":true,"href":"https:\/\/www.crea.gov.co\/crea-molinos\/wp-json\/wp\/v2\/categories?post=382"},{"taxonomy":"post_tag","embeddable":true,"href":"https:\/\/www.crea.gov.co\/crea-molinos\/wp-json\/wp\/v2\/tags?post=382"}],"curies":[{"name":"wp","href":"https:\/\/api.w.org\/{rel}","templated":true}]}}