{"id":362,"date":"2026-02-03T11:16:47","date_gmt":"2026-02-03T16:16:47","guid":{"rendered":"https:\/\/www.crea.gov.co\/crea-molinos\/?p=362"},"modified":"2026-02-03T11:27:02","modified_gmt":"2026-02-03T16:27:02","slug":"%f0%9f%8c%bf-el-crea-molinos-ya-esta-abierto-%f0%9f%8c%bf","status":"publish","type":"post","link":"https:\/\/www.crea.gov.co\/crea-molinos\/2026\/02\/03\/%f0%9f%8c%bf-el-crea-molinos-ya-esta-abierto-%f0%9f%8c%bf\/","title":{"rendered":"\ud83c\udf3f CREA MOLINOS YA EST\u00c1 ABIERTO \ud83c\udf3f"},"content":{"rendered":"\n<h2 class=\"wp-block-heading\">Un espacio art\u00edstico para el territorio con talleres gratuitos y puertas abiertas a la comunidad.<\/h2>\n\n\n\n<p>Este <strong>2026<\/strong>, el <strong>CREA Molinos<\/strong> abre sus puertas para encontrarnos, crear, mover el cuerpo y dejar que el arte fluya.<\/p>\n\n\n\n<p>Un espacio donde toda la comunidad puede participar, so\u00f1ar, imaginar y compartir. Fortaleciendo los v\u00ednculos, la sensibilidad y las posibilidades de expresi\u00f3n.  Aqu\u00ed, el arte se vive desde lo cotidiano y se construye en di\u00e1logo con el territorio.<\/p>\n\n\n\n<p><\/p>\n\n\n\n<p class=\"has-text-align-center\">Pasa, pregunta, conoce el espacio e <strong>inscr\u00edbete a nuestros talleres gratuitos<\/strong>.<br>\u26a0\ufe0f <strong>Los cupos son limitados, \u00a1asegura el tuyo<\/strong>!<\/p>\n\n\n\n<figure class=\"wp-block-image size-large\"><img loading=\"lazy\" decoding=\"async\" width=\"1024\" height=\"576\" src=\"https:\/\/www.crea.gov.co\/crea-molinos\/wp-content\/uploads\/sites\/32\/2026\/02\/Diseno-sin-titulo-1-1024x576.png\" alt=\"\" class=\"wp-image-371\" srcset=\"https:\/\/www.crea.gov.co\/crea-molinos\/wp-content\/uploads\/sites\/32\/2026\/02\/Diseno-sin-titulo-1-1024x576.png 1024w, https:\/\/www.crea.gov.co\/crea-molinos\/wp-content\/uploads\/sites\/32\/2026\/02\/Diseno-sin-titulo-1-300x169.png 300w, https:\/\/www.crea.gov.co\/crea-molinos\/wp-content\/uploads\/sites\/32\/2026\/02\/Diseno-sin-titulo-1-768x432.png 768w, https:\/\/www.crea.gov.co\/crea-molinos\/wp-content\/uploads\/sites\/32\/2026\/02\/Diseno-sin-titulo-1-1536x864.png 1536w, https:\/\/www.crea.gov.co\/crea-molinos\/wp-content\/uploads\/sites\/32\/2026\/02\/Diseno-sin-titulo-1.png 1920w\" sizes=\"auto, (max-width: 1024px) 100vw, 1024px\" \/><\/figure>\n\n\n\n<p>\ud83d\udd52 <strong>Nuestro horario de atenci\u00f3n<\/strong>:<br>\ud83d\udccd Lunes a viernes: <strong>8:00 a.m. a 5:00 p.m.<\/strong><br>\ud83d\udccd S\u00e1bados: <strong>8:00 a.m. a 12:00 m.<\/strong><\/p>\n\n\n\n<p><\/p>\n\n\n\n<p>\ud83d\udcc4<strong>Recuerda traer tus documentos para la inscripci\u00f3n:<\/strong><\/p>\n\n\n\n<ul class=\"wp-block-list\">\n<li>Copia del documento de identidad del participante<\/li>\n\n\n\n<li>Copia de un recibo de servicio p\u00fablico<\/li>\n\n\n\n<li>Certificado de afiliaci\u00f3n a salud o ADRES<\/li>\n<\/ul>\n\n\n\n<p class=\"has-text-align-center\">\u2728 <strong>Ven el arte ya lleg\u00f3 al barrio. Ahora faltas t\u00fa.<\/strong> \u2728 <\/p>\n\n\n\n<p><\/p>\n\n\n\n<p>La invitaci\u00f3n est\u00e1 abierta: a acercarse, a conocer el espacio y a ser parte de este nuevo cap\u00edtulo donde el arte se convierte en puente, refugio y motor de cambio.<\/p>\n\n\n\n<hr class=\"wp-block-separator has-alpha-channel-opacity\" \/>\n\n\n\n<p class=\"has-text-align-center\"><em>Cada taller es una oportunidad para encontrarnos, aprender y crear en colectivo. <\/em><\/p>\n\n\n\n<p class=\"has-text-align-center\"><em><mark class=\"has-inline-color has-luminous-vivid-orange-color\">\u00a1Hag\u00e1moslo juntos!<\/mark><\/em><\/p>\n\n\n\n<p><\/p>\n","protected":false},"excerpt":{"rendered":"<p>Un espacio art\u00edstico para el territorio con talleres gratuitos y puertas abiertas a la comunidad. Este 2026, el CREA Molinos abre sus puertas para encontrarnos, crear, mover el cuerpo y dejar que el arte fluya. Un espacio donde toda la comunidad puede participar, so\u00f1ar, imaginar y compartir. Fortaleciendo los v\u00ednculos, la sensibilidad y las posibilidades [&hellip;]<\/p>\n","protected":false},"author":100,"featured_media":372,"comment_status":"open","ping_status":"open","sticky":false,"template":"","format":"standard","meta":{"footnotes":""},"categories":[1],"tags":[],"class_list":["post-362","post","type-post","status-publish","format-standard","has-post-thumbnail","hentry","category-sin-categoria"],"yoast_head":"<!-- This site is optimized with the Yoast SEO plugin v24.5 - https:\/\/yoast.com\/wordpress\/plugins\/seo\/ -->\n<title>\ud83c\udf3f CREA MOLINOS YA EST\u00c1 ABIERTO \ud83c\udf3f - Crea Molinos<\/title>\n<meta name=\"robots\" content=\"index, follow, max-snippet:-1, max-image-preview:large, max-video-preview:-1\" \/>\n<link rel=\"canonical\" href=\"https:\/\/www.crea.gov.co\/crea-molinos\/2026\/02\/03\/\ud83c\udf3f-el-crea-molinos-ya-esta-abierto-\ud83c\udf3f\/\" \/>\n<meta property=\"og:locale\" content=\"es_ES\" \/>\n<meta property=\"og:type\" content=\"article\" \/>\n<meta property=\"og:title\" content=\"\ud83c\udf3f CREA MOLINOS YA EST\u00c1 ABIERTO \ud83c\udf3f - Crea Molinos\" \/>\n<meta property=\"og:description\" content=\"Un espacio art\u00edstico para el territorio con talleres gratuitos y puertas abiertas a la comunidad. Este 2026, el CREA Molinos abre sus puertas para encontrarnos, crear, mover el cuerpo y dejar que el arte fluya. Un espacio donde toda la comunidad puede participar, so\u00f1ar, imaginar y compartir. Fortaleciendo los v\u00ednculos, la sensibilidad y las posibilidades [&hellip;]\" \/>\n<meta property=\"og:url\" content=\"https:\/\/www.crea.gov.co\/crea-molinos\/2026\/02\/03\/\ud83c\udf3f-el-crea-molinos-ya-esta-abierto-\ud83c\udf3f\/\" \/>\n<meta property=\"og:site_name\" content=\"Crea Molinos\" \/>\n<meta property=\"article:published_time\" content=\"2026-02-03T16:16:47+00:00\" \/>\n<meta property=\"article:modified_time\" content=\"2026-02-03T16:27:02+00:00\" \/>\n<meta property=\"og:image\" content=\"https:\/\/www.crea.gov.co\/crea-molinos\/wp-content\/uploads\/sites\/32\/2026\/02\/\u00a1Salud-1024x576.png\" \/>\n\t<meta property=\"og:image:width\" content=\"1024\" \/>\n\t<meta property=\"og:image:height\" content=\"576\" \/>\n\t<meta property=\"og:image:type\" content=\"image\/png\" \/>\n<meta name=\"author\" content=\"creamolinos\" \/>\n<meta name=\"twitter:card\" content=\"summary_large_image\" \/>\n<meta name=\"twitter:label1\" content=\"Escrito por\" \/>\n\t<meta name=\"twitter:data1\" content=\"creamolinos\" \/>\n\t<meta name=\"twitter:label2\" content=\"Tiempo de lectura\" \/>\n\t<meta name=\"twitter:data2\" content=\"2 minutos\" \/>\n<script type=\"application\/ld+json\" class=\"yoast-schema-graph\">{\"@context\":\"https:\/\/schema.org\",\"@graph\":[{\"@type\":\"WebPage\",\"@id\":\"https:\/\/www.crea.gov.co\/crea-molinos\/2026\/02\/03\/%f0%9f%8c%bf-el-crea-molinos-ya-esta-abierto-%f0%9f%8c%bf\/\",\"url\":\"https:\/\/www.crea.gov.co\/crea-molinos\/2026\/02\/03\/%f0%9f%8c%bf-el-crea-molinos-ya-esta-abierto-%f0%9f%8c%bf\/\",\"name\":\"\ud83c\udf3f CREA MOLINOS YA EST\u00c1 ABIERTO \ud83c\udf3f - Crea Molinos\",\"isPartOf\":{\"@id\":\"https:\/\/www.crea.gov.co\/crea-molinos\/#website\"},\"primaryImageOfPage\":{\"@id\":\"https:\/\/www.crea.gov.co\/crea-molinos\/2026\/02\/03\/%f0%9f%8c%bf-el-crea-molinos-ya-esta-abierto-%f0%9f%8c%bf\/#primaryimage\"},\"image\":{\"@id\":\"https:\/\/www.crea.gov.co\/crea-molinos\/2026\/02\/03\/%f0%9f%8c%bf-el-crea-molinos-ya-esta-abierto-%f0%9f%8c%bf\/#primaryimage\"},\"thumbnailUrl\":\"https:\/\/www.crea.gov.co\/crea-molinos\/wp-content\/uploads\/sites\/32\/2026\/02\/\u00a1Salud.png\",\"datePublished\":\"2026-02-03T16:16:47+00:00\",\"dateModified\":\"2026-02-03T16:27:02+00:00\",\"author\":{\"@id\":\"https:\/\/www.crea.gov.co\/crea-molinos\/#\/schema\/person\/c1adcbd10cb5c2da4ea3eb23b07f92a4\"},\"breadcrumb\":{\"@id\":\"https:\/\/www.crea.gov.co\/crea-molinos\/2026\/02\/03\/%f0%9f%8c%bf-el-crea-molinos-ya-esta-abierto-%f0%9f%8c%bf\/#breadcrumb\"},\"inLanguage\":\"es-CO\",\"potentialAction\":[{\"@type\":\"ReadAction\",\"target\":[\"https:\/\/www.crea.gov.co\/crea-molinos\/2026\/02\/03\/%f0%9f%8c%bf-el-crea-molinos-ya-esta-abierto-%f0%9f%8c%bf\/\"]}]},{\"@type\":\"ImageObject\",\"inLanguage\":\"es-CO\",\"@id\":\"https:\/\/www.crea.gov.co\/crea-molinos\/2026\/02\/03\/%f0%9f%8c%bf-el-crea-molinos-ya-esta-abierto-%f0%9f%8c%bf\/#primaryimage\",\"url\":\"https:\/\/www.crea.gov.co\/crea-molinos\/wp-content\/uploads\/sites\/32\/2026\/02\/\u00a1Salud.png\",\"contentUrl\":\"https:\/\/www.crea.gov.co\/crea-molinos\/wp-content\/uploads\/sites\/32\/2026\/02\/\u00a1Salud.png\",\"width\":1920,\"height\":1080},{\"@type\":\"BreadcrumbList\",\"@id\":\"https:\/\/www.crea.gov.co\/crea-molinos\/2026\/02\/03\/%f0%9f%8c%bf-el-crea-molinos-ya-esta-abierto-%f0%9f%8c%bf\/#breadcrumb\",\"itemListElement\":[{\"@type\":\"ListItem\",\"position\":1,\"name\":\"Inicio\",\"item\":\"https:\/\/www.crea.gov.co\/crea-molinos\/\"},{\"@type\":\"ListItem\",\"position\":2,\"name\":\"\ud83c\udf3f CREA MOLINOS YA EST\u00c1 ABIERTO \ud83c\udf3f\"}]},{\"@type\":\"WebSite\",\"@id\":\"https:\/\/www.crea.gov.co\/crea-molinos\/#website\",\"url\":\"https:\/\/www.crea.gov.co\/crea-molinos\/\",\"name\":\"Crea Molinos\",\"description\":\"En el coraz\u00f3n de un barrio con fuerte arraigo comunitario, el arte se abre paso entre calles empinadas y memorias compartidas. Este espacio es un punto de encuentro para ni\u00f1as, ni\u00f1os, j\u00f3venes y adultos que transforman su entorno a trav\u00e9s de la creaci\u00f3n colectiva.\",\"potentialAction\":[{\"@type\":\"SearchAction\",\"target\":{\"@type\":\"EntryPoint\",\"urlTemplate\":\"https:\/\/www.crea.gov.co\/crea-molinos\/?s={search_term_string}\"},\"query-input\":{\"@type\":\"PropertyValueSpecification\",\"valueRequired\":true,\"valueName\":\"search_term_string\"}}],\"inLanguage\":\"es-CO\"},{\"@type\":\"Person\",\"@id\":\"https:\/\/www.crea.gov.co\/crea-molinos\/#\/schema\/person\/c1adcbd10cb5c2da4ea3eb23b07f92a4\",\"name\":\"creamolinos\",\"image\":{\"@type\":\"ImageObject\",\"inLanguage\":\"es-CO\",\"@id\":\"https:\/\/www.crea.gov.co\/crea-molinos\/#\/schema\/person\/image\/\",\"url\":\"https:\/\/secure.gravatar.com\/avatar\/6a52da26e78adfc4ebb477aaa4058c94?s=96&d=mm&r=g\",\"contentUrl\":\"https:\/\/secure.gravatar.com\/avatar\/6a52da26e78adfc4ebb477aaa4058c94?s=96&d=mm&r=g\",\"caption\":\"creamolinos\"},\"url\":\"https:\/\/www.crea.gov.co\/crea-molinos\/author\/creamolinos\/\"}]}<\/script>\n<!-- \/ Yoast SEO plugin. -->","yoast_head_json":{"title":"\ud83c\udf3f CREA MOLINOS YA EST\u00c1 ABIERTO \ud83c\udf3f - Crea Molinos","robots":{"index":"index","follow":"follow","max-snippet":"max-snippet:-1","max-image-preview":"max-image-preview:large","max-video-preview":"max-video-preview:-1"},"canonical":"https:\/\/www.crea.gov.co\/crea-molinos\/2026\/02\/03\/\ud83c\udf3f-el-crea-molinos-ya-esta-abierto-\ud83c\udf3f\/","og_locale":"es_ES","og_type":"article","og_title":"\ud83c\udf3f CREA MOLINOS YA EST\u00c1 ABIERTO \ud83c\udf3f - Crea Molinos","og_description":"Un espacio art\u00edstico para el territorio con talleres gratuitos y puertas abiertas a la comunidad. Este 2026, el CREA Molinos abre sus puertas para encontrarnos, crear, mover el cuerpo y dejar que el arte fluya. Un espacio donde toda la comunidad puede participar, so\u00f1ar, imaginar y compartir. Fortaleciendo los v\u00ednculos, la sensibilidad y las posibilidades [&hellip;]","og_url":"https:\/\/www.crea.gov.co\/crea-molinos\/2026\/02\/03\/\ud83c\udf3f-el-crea-molinos-ya-esta-abierto-\ud83c\udf3f\/","og_site_name":"Crea Molinos","article_published_time":"2026-02-03T16:16:47+00:00","article_modified_time":"2026-02-03T16:27:02+00:00","og_image":[{"width":1024,"height":576,"url":"https:\/\/www.crea.gov.co\/crea-molinos\/wp-content\/uploads\/sites\/32\/2026\/02\/\u00a1Salud-1024x576.png","type":"image\/png"}],"author":"creamolinos","twitter_card":"summary_large_image","twitter_misc":{"Escrito por":"creamolinos","Tiempo de lectura":"2 minutos"},"schema":{"@context":"https:\/\/schema.org","@graph":[{"@type":"WebPage","@id":"https:\/\/www.crea.gov.co\/crea-molinos\/2026\/02\/03\/%f0%9f%8c%bf-el-crea-molinos-ya-esta-abierto-%f0%9f%8c%bf\/","url":"https:\/\/www.crea.gov.co\/crea-molinos\/2026\/02\/03\/%f0%9f%8c%bf-el-crea-molinos-ya-esta-abierto-%f0%9f%8c%bf\/","name":"\ud83c\udf3f CREA MOLINOS YA EST\u00c1 ABIERTO \ud83c\udf3f - Crea Molinos","isPartOf":{"@id":"https:\/\/www.crea.gov.co\/crea-molinos\/#website"},"primaryImageOfPage":{"@id":"https:\/\/www.crea.gov.co\/crea-molinos\/2026\/02\/03\/%f0%9f%8c%bf-el-crea-molinos-ya-esta-abierto-%f0%9f%8c%bf\/#primaryimage"},"image":{"@id":"https:\/\/www.crea.gov.co\/crea-molinos\/2026\/02\/03\/%f0%9f%8c%bf-el-crea-molinos-ya-esta-abierto-%f0%9f%8c%bf\/#primaryimage"},"thumbnailUrl":"https:\/\/www.crea.gov.co\/crea-molinos\/wp-content\/uploads\/sites\/32\/2026\/02\/\u00a1Salud.png","datePublished":"2026-02-03T16:16:47+00:00","dateModified":"2026-02-03T16:27:02+00:00","author":{"@id":"https:\/\/www.crea.gov.co\/crea-molinos\/#\/schema\/person\/c1adcbd10cb5c2da4ea3eb23b07f92a4"},"breadcrumb":{"@id":"https:\/\/www.crea.gov.co\/crea-molinos\/2026\/02\/03\/%f0%9f%8c%bf-el-crea-molinos-ya-esta-abierto-%f0%9f%8c%bf\/#breadcrumb"},"inLanguage":"es-CO","potentialAction":[{"@type":"ReadAction","target":["https:\/\/www.crea.gov.co\/crea-molinos\/2026\/02\/03\/%f0%9f%8c%bf-el-crea-molinos-ya-esta-abierto-%f0%9f%8c%bf\/"]}]},{"@type":"ImageObject","inLanguage":"es-CO","@id":"https:\/\/www.crea.gov.co\/crea-molinos\/2026\/02\/03\/%f0%9f%8c%bf-el-crea-molinos-ya-esta-abierto-%f0%9f%8c%bf\/#primaryimage","url":"https:\/\/www.crea.gov.co\/crea-molinos\/wp-content\/uploads\/sites\/32\/2026\/02\/\u00a1Salud.png","contentUrl":"https:\/\/www.crea.gov.co\/crea-molinos\/wp-content\/uploads\/sites\/32\/2026\/02\/\u00a1Salud.png","width":1920,"height":1080},{"@type":"BreadcrumbList","@id":"https:\/\/www.crea.gov.co\/crea-molinos\/2026\/02\/03\/%f0%9f%8c%bf-el-crea-molinos-ya-esta-abierto-%f0%9f%8c%bf\/#breadcrumb","itemListElement":[{"@type":"ListItem","position":1,"name":"Inicio","item":"https:\/\/www.crea.gov.co\/crea-molinos\/"},{"@type":"ListItem","position":2,"name":"\ud83c\udf3f CREA MOLINOS YA EST\u00c1 ABIERTO \ud83c\udf3f"}]},{"@type":"WebSite","@id":"https:\/\/www.crea.gov.co\/crea-molinos\/#website","url":"https:\/\/www.crea.gov.co\/crea-molinos\/","name":"Crea Molinos","description":"En el coraz\u00f3n de un barrio con fuerte arraigo comunitario, el arte se abre paso entre calles empinadas y memorias compartidas. Este espacio es un punto de encuentro para ni\u00f1as, ni\u00f1os, j\u00f3venes y adultos que transforman su entorno a trav\u00e9s de la creaci\u00f3n colectiva.","potentialAction":[{"@type":"SearchAction","target":{"@type":"EntryPoint","urlTemplate":"https:\/\/www.crea.gov.co\/crea-molinos\/?s={search_term_string}"},"query-input":{"@type":"PropertyValueSpecification","valueRequired":true,"valueName":"search_term_string"}}],"inLanguage":"es-CO"},{"@type":"Person","@id":"https:\/\/www.crea.gov.co\/crea-molinos\/#\/schema\/person\/c1adcbd10cb5c2da4ea3eb23b07f92a4","name":"creamolinos","image":{"@type":"ImageObject","inLanguage":"es-CO","@id":"https:\/\/www.crea.gov.co\/crea-molinos\/#\/schema\/person\/image\/","url":"https:\/\/secure.gravatar.com\/avatar\/6a52da26e78adfc4ebb477aaa4058c94?s=96&d=mm&r=g","contentUrl":"https:\/\/secure.gravatar.com\/avatar\/6a52da26e78adfc4ebb477aaa4058c94?s=96&d=mm&r=g","caption":"creamolinos"},"url":"https:\/\/www.crea.gov.co\/crea-molinos\/author\/creamolinos\/"}]}},"_links":{"self":[{"href":"https:\/\/www.crea.gov.co\/crea-molinos\/wp-json\/wp\/v2\/posts\/362","targetHints":{"allow":["GET"]}}],"collection":[{"href":"https:\/\/www.crea.gov.co\/crea-molinos\/wp-json\/wp\/v2\/posts"}],"about":[{"href":"https:\/\/www.crea.gov.co\/crea-molinos\/wp-json\/wp\/v2\/types\/post"}],"author":[{"embeddable":true,"href":"https:\/\/www.crea.gov.co\/crea-molinos\/wp-json\/wp\/v2\/users\/100"}],"replies":[{"embeddable":true,"href":"https:\/\/www.crea.gov.co\/crea-molinos\/wp-json\/wp\/v2\/comments?post=362"}],"version-history":[{"count":13,"href":"https:\/\/www.crea.gov.co\/crea-molinos\/wp-json\/wp\/v2\/posts\/362\/revisions"}],"predecessor-version":[{"id":381,"href":"https:\/\/www.crea.gov.co\/crea-molinos\/wp-json\/wp\/v2\/posts\/362\/revisions\/381"}],"wp:featuredmedia":[{"embeddable":true,"href":"https:\/\/www.crea.gov.co\/crea-molinos\/wp-json\/wp\/v2\/media\/372"}],"wp:attachment":[{"href":"https:\/\/www.crea.gov.co\/crea-molinos\/wp-json\/wp\/v2\/media?parent=362"}],"wp:term":[{"taxonomy":"category","embeddable":true,"href":"https:\/\/www.crea.gov.co\/crea-molinos\/wp-json\/wp\/v2\/categories?post=362"},{"taxonomy":"post_tag","embeddable":true,"href":"https:\/\/www.crea.gov.co\/crea-molinos\/wp-json\/wp\/v2\/tags?post=362"}],"curies":[{"name":"wp","href":"https:\/\/api.w.org\/{rel}","templated":true}]}}