{"id":359,"date":"2025-12-17T15:50:11","date_gmt":"2025-12-17T20:50:11","guid":{"rendered":"https:\/\/www.crea.gov.co\/crea-molinos\/?p=359"},"modified":"2025-12-18T17:28:56","modified_gmt":"2025-12-18T22:28:56","slug":"nuestro-primeros-9-meses","status":"publish","type":"post","link":"https:\/\/www.crea.gov.co\/crea-molinos\/2025\/12\/17\/nuestro-primeros-9-meses\/","title":{"rendered":"NUESTRO PRIMEROS 9 MESES"},"content":{"rendered":"\n<p class=\"has-medium-font-size\">Desde que llegamos a Molinos a comienzo del mes de marzo, nos pusimos a la tarea de cambiar la imagen de espacio del antigua UPI Molinos, la tarea no fue f\u00e1cil y aun tenemos muchas tareas por hacer, sin embargo, podemos decir que tuvimos un gran inicio gracias a toda la comunidad que se integro a nuestros procesos de formaci\u00f3n de art\u00edstica.<\/p>\n\n\n\n<figure class=\"wp-block-image size-full\"><img loading=\"lazy\" decoding=\"async\" width=\"218\" height=\"232\" src=\"https:\/\/www.crea.gov.co\/crea-molinos\/wp-content\/uploads\/sites\/32\/2025\/02\/YA-MERITO.jpg\" alt=\"\" class=\"wp-image-16\" \/><\/figure>\n\n\n\n<p class=\"has-medium-font-size\">Nuestros resultados, son la inspiraci\u00f3n para volver en el 2026 con las pilas recargadas para llegar   mas rincones de nuestra localidad,  fueron aproximadamente <strong>1.115 <\/strong>participantes que terminaron los cursos en los que se inscribieron, tuvimos todas las \u00e1reas de formaci\u00f3n, llegamos a lugares nuevos que nos recibieron llenos de gratitud y alegr\u00eda.<\/p>\n\n\n\n<figure class=\"wp-block-gallery has-nested-images columns-default is-cropped wp-block-gallery-1 is-layout-flex wp-block-gallery-is-layout-flex\">\n<figure class=\"wp-block-image size-large\"><img loading=\"lazy\" decoding=\"async\" width=\"768\" height=\"1024\" data-id=\"341\" src=\"https:\/\/www.crea.gov.co\/crea-molinos\/wp-content\/uploads\/sites\/32\/2025\/12\/IMG_20251125_095312-768x1024.jpg\" alt=\"\" class=\"wp-image-341\" srcset=\"https:\/\/www.crea.gov.co\/crea-molinos\/wp-content\/uploads\/sites\/32\/2025\/12\/IMG_20251125_095312-768x1024.jpg 768w, https:\/\/www.crea.gov.co\/crea-molinos\/wp-content\/uploads\/sites\/32\/2025\/12\/IMG_20251125_095312-225x300.jpg 225w, https:\/\/www.crea.gov.co\/crea-molinos\/wp-content\/uploads\/sites\/32\/2025\/12\/IMG_20251125_095312-1152x1536.jpg 1152w, https:\/\/www.crea.gov.co\/crea-molinos\/wp-content\/uploads\/sites\/32\/2025\/12\/IMG_20251125_095312-1536x2048.jpg 1536w, https:\/\/www.crea.gov.co\/crea-molinos\/wp-content\/uploads\/sites\/32\/2025\/12\/IMG_20251125_095312-scaled.jpg 1920w\" sizes=\"auto, (max-width: 768px) 100vw, 768px\" \/><\/figure>\n\n\n\n<figure class=\"wp-block-image size-large\"><img loading=\"lazy\" decoding=\"async\" width=\"1024\" height=\"576\" data-id=\"302\" src=\"https:\/\/www.crea.gov.co\/crea-molinos\/wp-content\/uploads\/sites\/32\/2025\/11\/WhatsApp-Image-2025-11-07-at-20.24.21-1-1024x576.jpeg\" alt=\"\" class=\"wp-image-302\" srcset=\"https:\/\/www.crea.gov.co\/crea-molinos\/wp-content\/uploads\/sites\/32\/2025\/11\/WhatsApp-Image-2025-11-07-at-20.24.21-1-1024x576.jpeg 1024w, https:\/\/www.crea.gov.co\/crea-molinos\/wp-content\/uploads\/sites\/32\/2025\/11\/WhatsApp-Image-2025-11-07-at-20.24.21-1-300x169.jpeg 300w, https:\/\/www.crea.gov.co\/crea-molinos\/wp-content\/uploads\/sites\/32\/2025\/11\/WhatsApp-Image-2025-11-07-at-20.24.21-1-768x432.jpeg 768w, https:\/\/www.crea.gov.co\/crea-molinos\/wp-content\/uploads\/sites\/32\/2025\/11\/WhatsApp-Image-2025-11-07-at-20.24.21-1-1536x864.jpeg 1536w, https:\/\/www.crea.gov.co\/crea-molinos\/wp-content\/uploads\/sites\/32\/2025\/11\/WhatsApp-Image-2025-11-07-at-20.24.21-1.jpeg 1599w\" sizes=\"auto, (max-width: 1024px) 100vw, 1024px\" \/><\/figure>\n\n\n\n<figure class=\"wp-block-image size-large\"><img loading=\"lazy\" decoding=\"async\" width=\"819\" height=\"1024\" data-id=\"183\" src=\"https:\/\/www.crea.gov.co\/crea-molinos\/wp-content\/uploads\/sites\/32\/2025\/08\/cm7-819x1024.jpg\" alt=\"\" class=\"wp-image-183\" srcset=\"https:\/\/www.crea.gov.co\/crea-molinos\/wp-content\/uploads\/sites\/32\/2025\/08\/cm7-819x1024.jpg 819w, https:\/\/www.crea.gov.co\/crea-molinos\/wp-content\/uploads\/sites\/32\/2025\/08\/cm7-240x300.jpg 240w, https:\/\/www.crea.gov.co\/crea-molinos\/wp-content\/uploads\/sites\/32\/2025\/08\/cm7-768x960.jpg 768w, https:\/\/www.crea.gov.co\/crea-molinos\/wp-content\/uploads\/sites\/32\/2025\/08\/cm7-1229x1536.jpg 1229w, https:\/\/www.crea.gov.co\/crea-molinos\/wp-content\/uploads\/sites\/32\/2025\/08\/cm7.jpg 1638w\" sizes=\"auto, (max-width: 819px) 100vw, 819px\" \/><\/figure>\n\n\n\n<figure class=\"wp-block-image size-large\"><img loading=\"lazy\" decoding=\"async\" width=\"1024\" height=\"768\" data-id=\"135\" src=\"https:\/\/www.crea.gov.co\/crea-molinos\/wp-content\/uploads\/sites\/32\/2025\/02\/IMG_20250524_084118-1024x768.jpg\" alt=\"\" class=\"wp-image-135\" srcset=\"https:\/\/www.crea.gov.co\/crea-molinos\/wp-content\/uploads\/sites\/32\/2025\/02\/IMG_20250524_084118-1024x768.jpg 1024w, https:\/\/www.crea.gov.co\/crea-molinos\/wp-content\/uploads\/sites\/32\/2025\/02\/IMG_20250524_084118-300x225.jpg 300w, https:\/\/www.crea.gov.co\/crea-molinos\/wp-content\/uploads\/sites\/32\/2025\/02\/IMG_20250524_084118-768x576.jpg 768w, https:\/\/www.crea.gov.co\/crea-molinos\/wp-content\/uploads\/sites\/32\/2025\/02\/IMG_20250524_084118-1536x1152.jpg 1536w, https:\/\/www.crea.gov.co\/crea-molinos\/wp-content\/uploads\/sites\/32\/2025\/02\/IMG_20250524_084118-2048x1536.jpg 2048w\" sizes=\"auto, (max-width: 1024px) 100vw, 1024px\" \/><\/figure>\n<\/figure>\n\n\n\n<p class=\"has-medium-font-size\">Nos vemos para seguir caminando en el 2026, con nuevos cursos, nuevos espacios y fortaleciendo todo lo construido durante este a\u00f1o. <\/p>\n\n\n\n<p class=\"has-large-font-size\"><mark class=\"has-inline-color has-luminous-vivid-orange-color\">\u00a1GRACIAS POR CONFIAR EN NOSOTROS DURANTE ESTE A\u00d1O\u00a1<\/mark><\/p>\n\n\n\n<p class=\"has-large-font-size\"><strong><mark class=\"has-inline-color has-vivid-purple-color\">\u00a1FELICES FIESTAS LES DESEA CREA MOLINOS!<\/mark><\/strong><\/p>\n\n\n\n<p><\/p>\n","protected":false},"excerpt":{"rendered":"<p>Desde que llegamos a Molinos a comienzo del mes de marzo, nos pusimos a la tarea de cambiar la imagen de espacio del antigua UPI Molinos, la tarea no fue f\u00e1cil y aun tenemos muchas tareas por hacer, sin embargo, podemos decir que tuvimos un gran inicio gracias a toda la comunidad que se integro [&hellip;]<\/p>\n","protected":false},"author":100,"featured_media":298,"comment_status":"open","ping_status":"open","sticky":false,"template":"","format":"standard","meta":{"footnotes":""},"categories":[1],"tags":[],"class_list":["post-359","post","type-post","status-publish","format-standard","has-post-thumbnail","hentry","category-sin-categoria"],"yoast_head":"<!-- This site is optimized with the Yoast SEO plugin v24.5 - https:\/\/yoast.com\/wordpress\/plugins\/seo\/ -->\n<title>NUESTRO PRIMEROS 9 MESES - Crea Molinos<\/title>\n<meta name=\"robots\" content=\"index, follow, max-snippet:-1, max-image-preview:large, max-video-preview:-1\" \/>\n<link rel=\"canonical\" href=\"https:\/\/www.crea.gov.co\/crea-molinos\/2025\/12\/17\/nuestro-primeros-9-meses\/\" \/>\n<meta property=\"og:locale\" content=\"es_ES\" \/>\n<meta property=\"og:type\" content=\"article\" \/>\n<meta property=\"og:title\" content=\"NUESTRO PRIMEROS 9 MESES - Crea Molinos\" \/>\n<meta property=\"og:description\" content=\"Desde que llegamos a Molinos a comienzo del mes de marzo, nos pusimos a la tarea de cambiar la imagen de espacio del antigua UPI Molinos, la tarea no fue f\u00e1cil y aun tenemos muchas tareas por hacer, sin embargo, podemos decir que tuvimos un gran inicio gracias a toda la comunidad que se integro [&hellip;]\" \/>\n<meta property=\"og:url\" content=\"https:\/\/www.crea.gov.co\/crea-molinos\/2025\/12\/17\/nuestro-primeros-9-meses\/\" \/>\n<meta property=\"og:site_name\" content=\"Crea Molinos\" \/>\n<meta property=\"article:published_time\" content=\"2025-12-17T20:50:11+00:00\" \/>\n<meta property=\"article:modified_time\" content=\"2025-12-18T22:28:56+00:00\" \/>\n<meta property=\"og:image\" content=\"https:\/\/www.crea.gov.co\/crea-molinos\/wp-content\/uploads\/sites\/32\/2025\/11\/WhatsApp-Image-2025-11-07-at-20.24.23-1.jpeg\" \/>\n\t<meta property=\"og:image:width\" content=\"1600\" \/>\n\t<meta property=\"og:image:height\" content=\"901\" \/>\n\t<meta property=\"og:image:type\" content=\"image\/jpeg\" \/>\n<meta name=\"author\" content=\"creamolinos\" \/>\n<meta name=\"twitter:card\" content=\"summary_large_image\" \/>\n<meta name=\"twitter:label1\" content=\"Escrito por\" \/>\n\t<meta name=\"twitter:data1\" content=\"creamolinos\" \/>\n\t<meta name=\"twitter:label2\" content=\"Tiempo de lectura\" \/>\n\t<meta name=\"twitter:data2\" content=\"2 minutos\" \/>\n<script type=\"application\/ld+json\" class=\"yoast-schema-graph\">{\"@context\":\"https:\/\/schema.org\",\"@graph\":[{\"@type\":\"WebPage\",\"@id\":\"https:\/\/www.crea.gov.co\/crea-molinos\/2025\/12\/17\/nuestro-primeros-9-meses\/\",\"url\":\"https:\/\/www.crea.gov.co\/crea-molinos\/2025\/12\/17\/nuestro-primeros-9-meses\/\",\"name\":\"NUESTRO PRIMEROS 9 MESES - Crea Molinos\",\"isPartOf\":{\"@id\":\"https:\/\/www.crea.gov.co\/crea-molinos\/#website\"},\"primaryImageOfPage\":{\"@id\":\"https:\/\/www.crea.gov.co\/crea-molinos\/2025\/12\/17\/nuestro-primeros-9-meses\/#primaryimage\"},\"image\":{\"@id\":\"https:\/\/www.crea.gov.co\/crea-molinos\/2025\/12\/17\/nuestro-primeros-9-meses\/#primaryimage\"},\"thumbnailUrl\":\"https:\/\/www.crea.gov.co\/crea-molinos\/wp-content\/uploads\/sites\/32\/2025\/11\/WhatsApp-Image-2025-11-07-at-20.24.23-1.jpeg\",\"datePublished\":\"2025-12-17T20:50:11+00:00\",\"dateModified\":\"2025-12-18T22:28:56+00:00\",\"author\":{\"@id\":\"https:\/\/www.crea.gov.co\/crea-molinos\/#\/schema\/person\/c1adcbd10cb5c2da4ea3eb23b07f92a4\"},\"breadcrumb\":{\"@id\":\"https:\/\/www.crea.gov.co\/crea-molinos\/2025\/12\/17\/nuestro-primeros-9-meses\/#breadcrumb\"},\"inLanguage\":\"es-CO\",\"potentialAction\":[{\"@type\":\"ReadAction\",\"target\":[\"https:\/\/www.crea.gov.co\/crea-molinos\/2025\/12\/17\/nuestro-primeros-9-meses\/\"]}]},{\"@type\":\"ImageObject\",\"inLanguage\":\"es-CO\",\"@id\":\"https:\/\/www.crea.gov.co\/crea-molinos\/2025\/12\/17\/nuestro-primeros-9-meses\/#primaryimage\",\"url\":\"https:\/\/www.crea.gov.co\/crea-molinos\/wp-content\/uploads\/sites\/32\/2025\/11\/WhatsApp-Image-2025-11-07-at-20.24.23-1.jpeg\",\"contentUrl\":\"https:\/\/www.crea.gov.co\/crea-molinos\/wp-content\/uploads\/sites\/32\/2025\/11\/WhatsApp-Image-2025-11-07-at-20.24.23-1.jpeg\",\"width\":1600,\"height\":901},{\"@type\":\"BreadcrumbList\",\"@id\":\"https:\/\/www.crea.gov.co\/crea-molinos\/2025\/12\/17\/nuestro-primeros-9-meses\/#breadcrumb\",\"itemListElement\":[{\"@type\":\"ListItem\",\"position\":1,\"name\":\"Inicio\",\"item\":\"https:\/\/www.crea.gov.co\/crea-molinos\/\"},{\"@type\":\"ListItem\",\"position\":2,\"name\":\"NUESTRO PRIMEROS 9 MESES\"}]},{\"@type\":\"WebSite\",\"@id\":\"https:\/\/www.crea.gov.co\/crea-molinos\/#website\",\"url\":\"https:\/\/www.crea.gov.co\/crea-molinos\/\",\"name\":\"Crea Molinos\",\"description\":\"En el coraz\u00f3n de un barrio con fuerte arraigo comunitario, el arte se abre paso entre calles empinadas y memorias compartidas. Este espacio es un punto de encuentro para ni\u00f1as, ni\u00f1os, j\u00f3venes y adultos que transforman su entorno a trav\u00e9s de la creaci\u00f3n colectiva.\",\"potentialAction\":[{\"@type\":\"SearchAction\",\"target\":{\"@type\":\"EntryPoint\",\"urlTemplate\":\"https:\/\/www.crea.gov.co\/crea-molinos\/?s={search_term_string}\"},\"query-input\":{\"@type\":\"PropertyValueSpecification\",\"valueRequired\":true,\"valueName\":\"search_term_string\"}}],\"inLanguage\":\"es-CO\"},{\"@type\":\"Person\",\"@id\":\"https:\/\/www.crea.gov.co\/crea-molinos\/#\/schema\/person\/c1adcbd10cb5c2da4ea3eb23b07f92a4\",\"name\":\"creamolinos\",\"image\":{\"@type\":\"ImageObject\",\"inLanguage\":\"es-CO\",\"@id\":\"https:\/\/www.crea.gov.co\/crea-molinos\/#\/schema\/person\/image\/\",\"url\":\"https:\/\/secure.gravatar.com\/avatar\/6a52da26e78adfc4ebb477aaa4058c94?s=96&d=mm&r=g\",\"contentUrl\":\"https:\/\/secure.gravatar.com\/avatar\/6a52da26e78adfc4ebb477aaa4058c94?s=96&d=mm&r=g\",\"caption\":\"creamolinos\"},\"url\":\"https:\/\/www.crea.gov.co\/crea-molinos\/author\/creamolinos\/\"}]}<\/script>\n<!-- \/ Yoast SEO plugin. -->","yoast_head_json":{"title":"NUESTRO PRIMEROS 9 MESES - Crea Molinos","robots":{"index":"index","follow":"follow","max-snippet":"max-snippet:-1","max-image-preview":"max-image-preview:large","max-video-preview":"max-video-preview:-1"},"canonical":"https:\/\/www.crea.gov.co\/crea-molinos\/2025\/12\/17\/nuestro-primeros-9-meses\/","og_locale":"es_ES","og_type":"article","og_title":"NUESTRO PRIMEROS 9 MESES - Crea Molinos","og_description":"Desde que llegamos a Molinos a comienzo del mes de marzo, nos pusimos a la tarea de cambiar la imagen de espacio del antigua UPI Molinos, la tarea no fue f\u00e1cil y aun tenemos muchas tareas por hacer, sin embargo, podemos decir que tuvimos un gran inicio gracias a toda la comunidad que se integro [&hellip;]","og_url":"https:\/\/www.crea.gov.co\/crea-molinos\/2025\/12\/17\/nuestro-primeros-9-meses\/","og_site_name":"Crea Molinos","article_published_time":"2025-12-17T20:50:11+00:00","article_modified_time":"2025-12-18T22:28:56+00:00","og_image":[{"width":1600,"height":901,"url":"https:\/\/www.crea.gov.co\/crea-molinos\/wp-content\/uploads\/sites\/32\/2025\/11\/WhatsApp-Image-2025-11-07-at-20.24.23-1.jpeg","type":"image\/jpeg"}],"author":"creamolinos","twitter_card":"summary_large_image","twitter_misc":{"Escrito por":"creamolinos","Tiempo de lectura":"2 minutos"},"schema":{"@context":"https:\/\/schema.org","@graph":[{"@type":"WebPage","@id":"https:\/\/www.crea.gov.co\/crea-molinos\/2025\/12\/17\/nuestro-primeros-9-meses\/","url":"https:\/\/www.crea.gov.co\/crea-molinos\/2025\/12\/17\/nuestro-primeros-9-meses\/","name":"NUESTRO PRIMEROS 9 MESES - Crea Molinos","isPartOf":{"@id":"https:\/\/www.crea.gov.co\/crea-molinos\/#website"},"primaryImageOfPage":{"@id":"https:\/\/www.crea.gov.co\/crea-molinos\/2025\/12\/17\/nuestro-primeros-9-meses\/#primaryimage"},"image":{"@id":"https:\/\/www.crea.gov.co\/crea-molinos\/2025\/12\/17\/nuestro-primeros-9-meses\/#primaryimage"},"thumbnailUrl":"https:\/\/www.crea.gov.co\/crea-molinos\/wp-content\/uploads\/sites\/32\/2025\/11\/WhatsApp-Image-2025-11-07-at-20.24.23-1.jpeg","datePublished":"2025-12-17T20:50:11+00:00","dateModified":"2025-12-18T22:28:56+00:00","author":{"@id":"https:\/\/www.crea.gov.co\/crea-molinos\/#\/schema\/person\/c1adcbd10cb5c2da4ea3eb23b07f92a4"},"breadcrumb":{"@id":"https:\/\/www.crea.gov.co\/crea-molinos\/2025\/12\/17\/nuestro-primeros-9-meses\/#breadcrumb"},"inLanguage":"es-CO","potentialAction":[{"@type":"ReadAction","target":["https:\/\/www.crea.gov.co\/crea-molinos\/2025\/12\/17\/nuestro-primeros-9-meses\/"]}]},{"@type":"ImageObject","inLanguage":"es-CO","@id":"https:\/\/www.crea.gov.co\/crea-molinos\/2025\/12\/17\/nuestro-primeros-9-meses\/#primaryimage","url":"https:\/\/www.crea.gov.co\/crea-molinos\/wp-content\/uploads\/sites\/32\/2025\/11\/WhatsApp-Image-2025-11-07-at-20.24.23-1.jpeg","contentUrl":"https:\/\/www.crea.gov.co\/crea-molinos\/wp-content\/uploads\/sites\/32\/2025\/11\/WhatsApp-Image-2025-11-07-at-20.24.23-1.jpeg","width":1600,"height":901},{"@type":"BreadcrumbList","@id":"https:\/\/www.crea.gov.co\/crea-molinos\/2025\/12\/17\/nuestro-primeros-9-meses\/#breadcrumb","itemListElement":[{"@type":"ListItem","position":1,"name":"Inicio","item":"https:\/\/www.crea.gov.co\/crea-molinos\/"},{"@type":"ListItem","position":2,"name":"NUESTRO PRIMEROS 9 MESES"}]},{"@type":"WebSite","@id":"https:\/\/www.crea.gov.co\/crea-molinos\/#website","url":"https:\/\/www.crea.gov.co\/crea-molinos\/","name":"Crea Molinos","description":"En el coraz\u00f3n de un barrio con fuerte arraigo comunitario, el arte se abre paso entre calles empinadas y memorias compartidas. Este espacio es un punto de encuentro para ni\u00f1as, ni\u00f1os, j\u00f3venes y adultos que transforman su entorno a trav\u00e9s de la creaci\u00f3n colectiva.","potentialAction":[{"@type":"SearchAction","target":{"@type":"EntryPoint","urlTemplate":"https:\/\/www.crea.gov.co\/crea-molinos\/?s={search_term_string}"},"query-input":{"@type":"PropertyValueSpecification","valueRequired":true,"valueName":"search_term_string"}}],"inLanguage":"es-CO"},{"@type":"Person","@id":"https:\/\/www.crea.gov.co\/crea-molinos\/#\/schema\/person\/c1adcbd10cb5c2da4ea3eb23b07f92a4","name":"creamolinos","image":{"@type":"ImageObject","inLanguage":"es-CO","@id":"https:\/\/www.crea.gov.co\/crea-molinos\/#\/schema\/person\/image\/","url":"https:\/\/secure.gravatar.com\/avatar\/6a52da26e78adfc4ebb477aaa4058c94?s=96&d=mm&r=g","contentUrl":"https:\/\/secure.gravatar.com\/avatar\/6a52da26e78adfc4ebb477aaa4058c94?s=96&d=mm&r=g","caption":"creamolinos"},"url":"https:\/\/www.crea.gov.co\/crea-molinos\/author\/creamolinos\/"}]}},"_links":{"self":[{"href":"https:\/\/www.crea.gov.co\/crea-molinos\/wp-json\/wp\/v2\/posts\/359","targetHints":{"allow":["GET"]}}],"collection":[{"href":"https:\/\/www.crea.gov.co\/crea-molinos\/wp-json\/wp\/v2\/posts"}],"about":[{"href":"https:\/\/www.crea.gov.co\/crea-molinos\/wp-json\/wp\/v2\/types\/post"}],"author":[{"embeddable":true,"href":"https:\/\/www.crea.gov.co\/crea-molinos\/wp-json\/wp\/v2\/users\/100"}],"replies":[{"embeddable":true,"href":"https:\/\/www.crea.gov.co\/crea-molinos\/wp-json\/wp\/v2\/comments?post=359"}],"version-history":[{"count":1,"href":"https:\/\/www.crea.gov.co\/crea-molinos\/wp-json\/wp\/v2\/posts\/359\/revisions"}],"predecessor-version":[{"id":360,"href":"https:\/\/www.crea.gov.co\/crea-molinos\/wp-json\/wp\/v2\/posts\/359\/revisions\/360"}],"wp:featuredmedia":[{"embeddable":true,"href":"https:\/\/www.crea.gov.co\/crea-molinos\/wp-json\/wp\/v2\/media\/298"}],"wp:attachment":[{"href":"https:\/\/www.crea.gov.co\/crea-molinos\/wp-json\/wp\/v2\/media?parent=359"}],"wp:term":[{"taxonomy":"category","embeddable":true,"href":"https:\/\/www.crea.gov.co\/crea-molinos\/wp-json\/wp\/v2\/categories?post=359"},{"taxonomy":"post_tag","embeddable":true,"href":"https:\/\/www.crea.gov.co\/crea-molinos\/wp-json\/wp\/v2\/tags?post=359"}],"curies":[{"name":"wp","href":"https:\/\/api.w.org\/{rel}","templated":true}]}}