{"id":318,"date":"2025-11-11T10:45:00","date_gmt":"2025-11-11T15:45:00","guid":{"rendered":"https:\/\/www.crea.gov.co\/crea-molinos\/?p=318"},"modified":"2025-11-11T10:45:01","modified_gmt":"2025-11-11T15:45:01","slug":"idartes-da-inicio-a-la-temporada-de-vacaciones-en-20-espacios-de-creacion-gratuita-en-bogota","status":"publish","type":"post","link":"https:\/\/www.crea.gov.co\/crea-molinos\/2025\/11\/11\/idartes-da-inicio-a-la-temporada-de-vacaciones-en-20-espacios-de-creacion-gratuita-en-bogota\/","title":{"rendered":"Idartes da inicio a la temporada de vacaciones en 20 espacios de creaci\u00f3n gratuita en Bogot\u00e1"},"content":{"rendered":"\n<h2 class=\"wp-block-heading\">por Margareth S\u00e1nchez Melo<\/h2>\n\n\n\n<figure class=\"wp-block-gallery has-nested-images columns-default is-cropped wp-block-gallery-1 is-layout-flex wp-block-gallery-is-layout-flex\">\n<figure class=\"wp-block-image is-resized\"><img decoding=\"async\" src=\"https:\/\/www.crea.gov.co\/wp-content\/themes\/crea\/images\/iconos\/calendario_morado.png\" alt=\"\" style=\"width:82px;height:auto\" \/><\/figure>\n\n\n<div class=\"wp-block-image\">\n<figure class=\"aligncenter is-resized\"><img decoding=\"async\" src=\"https:\/\/www.crea.gov.co\/wp-content\/themes\/crea\/images\/iconos\/reloj_morado.png\" alt=\"\" style=\"width:89px;height:auto\" \/><\/figure><\/div><\/figure>\n\n\n\n<p><strong>Comienza  Noviembre 8, 2025    Termina: Diciembre 6, 2025<\/strong><\/p>\n\n\n\n<p class=\"has-medium-font-size\">Del 8 de noviembre al 6 de diciembre, Idartes ofrece talleres art\u00edsticos gratuitos para todas las edades en los 20 centros Crea.<\/p>\n\n\n\n<p class=\"has-medium-font-size\">Del 8 de noviembre al 6 de diciembre, Bogot\u00e1 vivir\u00e1 una nueva edici\u00f3n de Vacaciones Crea, una invitaci\u00f3n del&nbsp;<a href=\"http:\/\/www.idartes.gov.co\/es\"><strong>Instituto Distrital de las Artes \u2013 Idartes<\/strong><\/a>&nbsp;para que personas de todas las edades exploren su creatividad en los veinte centros de formaci\u00f3n del Programa Crea. Durante casi un mes, los espacios se llenar\u00e1n de color, movimiento, palabra y experimentaci\u00f3n con una amplia oferta de talleres art\u00edsticos gratuitos.<\/p>\n\n\n\n<p class=\"has-medium-font-size\">Para Mar\u00eda Claudia Parias Dur\u00e1n, directora general de Idartes, esta temporada es una oportunidad para que el arte siga siendo parte de la vida cotidiana de los bogotanos. \u201cQueremos que ni\u00f1as, ni\u00f1os, j\u00f3venes y adultos comprendan que el deseo de crear, de compartir y de jugar con los sentidos puede empezar hoy, aqu\u00ed, en cualquier taller\u201d, afirm\u00f3 para luego agregar: \u201cEn Idartes creemos que las artes son un medio para el crecimiento y el bienestar de las personas, para construir una sociedad m\u00e1s libre, diversa, cr\u00edtica, incluyente e intercultural\u201d.<\/p>\n\n\n\n<p class=\"has-medium-font-size\">En esta edici\u00f3n, los talleres proponen viajes por m\u00faltiples lenguajes art\u00edsticos. Habr\u00e1 quienes inventen personajes, compongan canciones o creen c\u00f3mics y fanzines; otros construir\u00e1n m\u00e1quinas in\u00fatiles a partir de materiales reciclados o experimentar\u00e1n con sonidos para descubrir que el cuerpo tambi\u00e9n puede ser un instrumento musical. En los laboratorios de danza y teatro se explorar\u00e1n los elementos del movimiento y la expresi\u00f3n, mientras que la creaci\u00f3n digital y los audiovisuales abrir\u00e1n puertas para imaginar videoclips, p\u00f3dcast o universos de ciencia ficci\u00f3n.<\/p>\n\n\n\n<p class=\"has-medium-font-size\">M\u00e1s que una programaci\u00f3n de vacaciones, Crea ofrece una experiencia de descubrimiento: un espacio en el que lo l\u00fadico y lo art\u00edstico se entrelazan para generar encuentros entre generaciones, disciplinas y territorios. Los talleres est\u00e1n dise\u00f1ados para que cada participante, sin importar la edad o la experiencia, encuentre su propio camino creativo.<\/p>\n\n\n\n<p class=\"has-medium-font-size\">En palabras de su directora, \u201cestas vacaciones son una invitaci\u00f3n a que cada persona se acerque al arte con curiosidad, con alegr\u00eda y con libertad. Lo importante no es saber hacerlo todo, sino atreverse a imaginar, a probar, a crear\u201d.<\/p>\n\n\n\n<figure class=\"wp-block-image size-large\"><img loading=\"lazy\" decoding=\"async\" width=\"820\" height=\"1024\" src=\"https:\/\/www.crea.gov.co\/crea-molinos\/wp-content\/uploads\/sites\/32\/2025\/11\/Crea_VACACIONES-2_2025_2-820x1024.png\" alt=\"\" class=\"wp-image-319\" srcset=\"https:\/\/www.crea.gov.co\/crea-molinos\/wp-content\/uploads\/sites\/32\/2025\/11\/Crea_VACACIONES-2_2025_2-820x1024.png 820w, https:\/\/www.crea.gov.co\/crea-molinos\/wp-content\/uploads\/sites\/32\/2025\/11\/Crea_VACACIONES-2_2025_2-240x300.png 240w, https:\/\/www.crea.gov.co\/crea-molinos\/wp-content\/uploads\/sites\/32\/2025\/11\/Crea_VACACIONES-2_2025_2-768x959.png 768w, https:\/\/www.crea.gov.co\/crea-molinos\/wp-content\/uploads\/sites\/32\/2025\/11\/Crea_VACACIONES-2_2025_2.png 1081w\" sizes=\"auto, (max-width: 820px) 100vw, 820px\" \/><\/figure>\n\n\n\n<p><\/p>\n","protected":false},"excerpt":{"rendered":"<p>por Margareth S\u00e1nchez Melo Comienza Noviembre 8, 2025 Termina: Diciembre 6, 2025 Del 8 de noviembre al 6 de diciembre, Idartes ofrece talleres art\u00edsticos gratuitos para todas las edades en los 20 centros Crea. Del 8 de noviembre al 6 de diciembre, Bogot\u00e1 vivir\u00e1 una nueva edici\u00f3n de Vacaciones Crea, una invitaci\u00f3n del&nbsp;Instituto Distrital de [&hellip;]<\/p>\n","protected":false},"author":100,"featured_media":319,"comment_status":"open","ping_status":"open","sticky":false,"template":"","format":"standard","meta":{"footnotes":""},"categories":[1],"tags":[],"class_list":["post-318","post","type-post","status-publish","format-standard","has-post-thumbnail","hentry","category-sin-categoria"],"yoast_head":"<!-- This site is optimized with the Yoast SEO plugin v24.5 - https:\/\/yoast.com\/wordpress\/plugins\/seo\/ -->\n<title>Idartes da inicio a la temporada de vacaciones en 20 espacios de creaci\u00f3n gratuita en Bogot\u00e1 - Crea Molinos<\/title>\n<meta name=\"robots\" content=\"index, follow, max-snippet:-1, max-image-preview:large, max-video-preview:-1\" \/>\n<link rel=\"canonical\" href=\"https:\/\/www.crea.gov.co\/crea-molinos\/2025\/11\/11\/idartes-da-inicio-a-la-temporada-de-vacaciones-en-20-espacios-de-creacion-gratuita-en-bogota\/\" \/>\n<meta property=\"og:locale\" content=\"es_ES\" \/>\n<meta property=\"og:type\" content=\"article\" \/>\n<meta property=\"og:title\" content=\"Idartes da inicio a la temporada de vacaciones en 20 espacios de creaci\u00f3n gratuita en Bogot\u00e1 - Crea Molinos\" \/>\n<meta property=\"og:description\" content=\"por Margareth S\u00e1nchez Melo Comienza Noviembre 8, 2025 Termina: Diciembre 6, 2025 Del 8 de noviembre al 6 de diciembre, Idartes ofrece talleres art\u00edsticos gratuitos para todas las edades en los 20 centros Crea. Del 8 de noviembre al 6 de diciembre, Bogot\u00e1 vivir\u00e1 una nueva edici\u00f3n de Vacaciones Crea, una invitaci\u00f3n del&nbsp;Instituto Distrital de [&hellip;]\" \/>\n<meta property=\"og:url\" content=\"https:\/\/www.crea.gov.co\/crea-molinos\/2025\/11\/11\/idartes-da-inicio-a-la-temporada-de-vacaciones-en-20-espacios-de-creacion-gratuita-en-bogota\/\" \/>\n<meta property=\"og:site_name\" content=\"Crea Molinos\" \/>\n<meta property=\"article:published_time\" content=\"2025-11-11T15:45:00+00:00\" \/>\n<meta property=\"article:modified_time\" content=\"2025-11-11T15:45:01+00:00\" \/>\n<meta property=\"og:image\" content=\"https:\/\/www.crea.gov.co\/crea-molinos\/wp-content\/uploads\/sites\/32\/2025\/11\/Crea_VACACIONES-2_2025_2.png\" \/>\n\t<meta property=\"og:image:width\" content=\"1081\" \/>\n\t<meta property=\"og:image:height\" content=\"1350\" \/>\n\t<meta property=\"og:image:type\" content=\"image\/png\" \/>\n<meta name=\"author\" content=\"creamolinos\" \/>\n<meta name=\"twitter:card\" content=\"summary_large_image\" \/>\n<meta name=\"twitter:label1\" content=\"Escrito por\" \/>\n\t<meta name=\"twitter:data1\" content=\"creamolinos\" \/>\n\t<meta name=\"twitter:label2\" content=\"Tiempo de lectura\" \/>\n\t<meta name=\"twitter:data2\" content=\"3 minutos\" \/>\n<script type=\"application\/ld+json\" class=\"yoast-schema-graph\">{\"@context\":\"https:\/\/schema.org\",\"@graph\":[{\"@type\":\"WebPage\",\"@id\":\"https:\/\/www.crea.gov.co\/crea-molinos\/2025\/11\/11\/idartes-da-inicio-a-la-temporada-de-vacaciones-en-20-espacios-de-creacion-gratuita-en-bogota\/\",\"url\":\"https:\/\/www.crea.gov.co\/crea-molinos\/2025\/11\/11\/idartes-da-inicio-a-la-temporada-de-vacaciones-en-20-espacios-de-creacion-gratuita-en-bogota\/\",\"name\":\"Idartes da inicio a la temporada de vacaciones en 20 espacios de creaci\u00f3n gratuita en Bogot\u00e1 - Crea Molinos\",\"isPartOf\":{\"@id\":\"https:\/\/www.crea.gov.co\/crea-molinos\/#website\"},\"primaryImageOfPage\":{\"@id\":\"https:\/\/www.crea.gov.co\/crea-molinos\/2025\/11\/11\/idartes-da-inicio-a-la-temporada-de-vacaciones-en-20-espacios-de-creacion-gratuita-en-bogota\/#primaryimage\"},\"image\":{\"@id\":\"https:\/\/www.crea.gov.co\/crea-molinos\/2025\/11\/11\/idartes-da-inicio-a-la-temporada-de-vacaciones-en-20-espacios-de-creacion-gratuita-en-bogota\/#primaryimage\"},\"thumbnailUrl\":\"https:\/\/www.crea.gov.co\/crea-molinos\/wp-content\/uploads\/sites\/32\/2025\/11\/Crea_VACACIONES-2_2025_2.png\",\"datePublished\":\"2025-11-11T15:45:00+00:00\",\"dateModified\":\"2025-11-11T15:45:01+00:00\",\"author\":{\"@id\":\"https:\/\/www.crea.gov.co\/crea-molinos\/#\/schema\/person\/c1adcbd10cb5c2da4ea3eb23b07f92a4\"},\"breadcrumb\":{\"@id\":\"https:\/\/www.crea.gov.co\/crea-molinos\/2025\/11\/11\/idartes-da-inicio-a-la-temporada-de-vacaciones-en-20-espacios-de-creacion-gratuita-en-bogota\/#breadcrumb\"},\"inLanguage\":\"es-CO\",\"potentialAction\":[{\"@type\":\"ReadAction\",\"target\":[\"https:\/\/www.crea.gov.co\/crea-molinos\/2025\/11\/11\/idartes-da-inicio-a-la-temporada-de-vacaciones-en-20-espacios-de-creacion-gratuita-en-bogota\/\"]}]},{\"@type\":\"ImageObject\",\"inLanguage\":\"es-CO\",\"@id\":\"https:\/\/www.crea.gov.co\/crea-molinos\/2025\/11\/11\/idartes-da-inicio-a-la-temporada-de-vacaciones-en-20-espacios-de-creacion-gratuita-en-bogota\/#primaryimage\",\"url\":\"https:\/\/www.crea.gov.co\/crea-molinos\/wp-content\/uploads\/sites\/32\/2025\/11\/Crea_VACACIONES-2_2025_2.png\",\"contentUrl\":\"https:\/\/www.crea.gov.co\/crea-molinos\/wp-content\/uploads\/sites\/32\/2025\/11\/Crea_VACACIONES-2_2025_2.png\",\"width\":1081,\"height\":1350},{\"@type\":\"BreadcrumbList\",\"@id\":\"https:\/\/www.crea.gov.co\/crea-molinos\/2025\/11\/11\/idartes-da-inicio-a-la-temporada-de-vacaciones-en-20-espacios-de-creacion-gratuita-en-bogota\/#breadcrumb\",\"itemListElement\":[{\"@type\":\"ListItem\",\"position\":1,\"name\":\"Inicio\",\"item\":\"https:\/\/www.crea.gov.co\/crea-molinos\/\"},{\"@type\":\"ListItem\",\"position\":2,\"name\":\"Idartes da inicio a la temporada de vacaciones en 20 espacios de creaci\u00f3n gratuita en Bogot\u00e1\"}]},{\"@type\":\"WebSite\",\"@id\":\"https:\/\/www.crea.gov.co\/crea-molinos\/#website\",\"url\":\"https:\/\/www.crea.gov.co\/crea-molinos\/\",\"name\":\"Crea Molinos\",\"description\":\"En el coraz\u00f3n de un barrio con fuerte arraigo comunitario, el arte se abre paso entre calles empinadas y memorias compartidas. Este espacio es un punto de encuentro para ni\u00f1as, ni\u00f1os, j\u00f3venes y adultos que transforman su entorno a trav\u00e9s de la creaci\u00f3n colectiva.\",\"potentialAction\":[{\"@type\":\"SearchAction\",\"target\":{\"@type\":\"EntryPoint\",\"urlTemplate\":\"https:\/\/www.crea.gov.co\/crea-molinos\/?s={search_term_string}\"},\"query-input\":{\"@type\":\"PropertyValueSpecification\",\"valueRequired\":true,\"valueName\":\"search_term_string\"}}],\"inLanguage\":\"es-CO\"},{\"@type\":\"Person\",\"@id\":\"https:\/\/www.crea.gov.co\/crea-molinos\/#\/schema\/person\/c1adcbd10cb5c2da4ea3eb23b07f92a4\",\"name\":\"creamolinos\",\"image\":{\"@type\":\"ImageObject\",\"inLanguage\":\"es-CO\",\"@id\":\"https:\/\/www.crea.gov.co\/crea-molinos\/#\/schema\/person\/image\/\",\"url\":\"https:\/\/secure.gravatar.com\/avatar\/6a52da26e78adfc4ebb477aaa4058c94?s=96&d=mm&r=g\",\"contentUrl\":\"https:\/\/secure.gravatar.com\/avatar\/6a52da26e78adfc4ebb477aaa4058c94?s=96&d=mm&r=g\",\"caption\":\"creamolinos\"},\"url\":\"https:\/\/www.crea.gov.co\/crea-molinos\/author\/creamolinos\/\"}]}<\/script>\n<!-- \/ Yoast SEO plugin. -->","yoast_head_json":{"title":"Idartes da inicio a la temporada de vacaciones en 20 espacios de creaci\u00f3n gratuita en Bogot\u00e1 - Crea Molinos","robots":{"index":"index","follow":"follow","max-snippet":"max-snippet:-1","max-image-preview":"max-image-preview:large","max-video-preview":"max-video-preview:-1"},"canonical":"https:\/\/www.crea.gov.co\/crea-molinos\/2025\/11\/11\/idartes-da-inicio-a-la-temporada-de-vacaciones-en-20-espacios-de-creacion-gratuita-en-bogota\/","og_locale":"es_ES","og_type":"article","og_title":"Idartes da inicio a la temporada de vacaciones en 20 espacios de creaci\u00f3n gratuita en Bogot\u00e1 - Crea Molinos","og_description":"por Margareth S\u00e1nchez Melo Comienza Noviembre 8, 2025 Termina: Diciembre 6, 2025 Del 8 de noviembre al 6 de diciembre, Idartes ofrece talleres art\u00edsticos gratuitos para todas las edades en los 20 centros Crea. Del 8 de noviembre al 6 de diciembre, Bogot\u00e1 vivir\u00e1 una nueva edici\u00f3n de Vacaciones Crea, una invitaci\u00f3n del&nbsp;Instituto Distrital de [&hellip;]","og_url":"https:\/\/www.crea.gov.co\/crea-molinos\/2025\/11\/11\/idartes-da-inicio-a-la-temporada-de-vacaciones-en-20-espacios-de-creacion-gratuita-en-bogota\/","og_site_name":"Crea Molinos","article_published_time":"2025-11-11T15:45:00+00:00","article_modified_time":"2025-11-11T15:45:01+00:00","og_image":[{"width":1081,"height":1350,"url":"https:\/\/www.crea.gov.co\/crea-molinos\/wp-content\/uploads\/sites\/32\/2025\/11\/Crea_VACACIONES-2_2025_2.png","type":"image\/png"}],"author":"creamolinos","twitter_card":"summary_large_image","twitter_misc":{"Escrito por":"creamolinos","Tiempo de lectura":"3 minutos"},"schema":{"@context":"https:\/\/schema.org","@graph":[{"@type":"WebPage","@id":"https:\/\/www.crea.gov.co\/crea-molinos\/2025\/11\/11\/idartes-da-inicio-a-la-temporada-de-vacaciones-en-20-espacios-de-creacion-gratuita-en-bogota\/","url":"https:\/\/www.crea.gov.co\/crea-molinos\/2025\/11\/11\/idartes-da-inicio-a-la-temporada-de-vacaciones-en-20-espacios-de-creacion-gratuita-en-bogota\/","name":"Idartes da inicio a la temporada de vacaciones en 20 espacios de creaci\u00f3n gratuita en Bogot\u00e1 - Crea Molinos","isPartOf":{"@id":"https:\/\/www.crea.gov.co\/crea-molinos\/#website"},"primaryImageOfPage":{"@id":"https:\/\/www.crea.gov.co\/crea-molinos\/2025\/11\/11\/idartes-da-inicio-a-la-temporada-de-vacaciones-en-20-espacios-de-creacion-gratuita-en-bogota\/#primaryimage"},"image":{"@id":"https:\/\/www.crea.gov.co\/crea-molinos\/2025\/11\/11\/idartes-da-inicio-a-la-temporada-de-vacaciones-en-20-espacios-de-creacion-gratuita-en-bogota\/#primaryimage"},"thumbnailUrl":"https:\/\/www.crea.gov.co\/crea-molinos\/wp-content\/uploads\/sites\/32\/2025\/11\/Crea_VACACIONES-2_2025_2.png","datePublished":"2025-11-11T15:45:00+00:00","dateModified":"2025-11-11T15:45:01+00:00","author":{"@id":"https:\/\/www.crea.gov.co\/crea-molinos\/#\/schema\/person\/c1adcbd10cb5c2da4ea3eb23b07f92a4"},"breadcrumb":{"@id":"https:\/\/www.crea.gov.co\/crea-molinos\/2025\/11\/11\/idartes-da-inicio-a-la-temporada-de-vacaciones-en-20-espacios-de-creacion-gratuita-en-bogota\/#breadcrumb"},"inLanguage":"es-CO","potentialAction":[{"@type":"ReadAction","target":["https:\/\/www.crea.gov.co\/crea-molinos\/2025\/11\/11\/idartes-da-inicio-a-la-temporada-de-vacaciones-en-20-espacios-de-creacion-gratuita-en-bogota\/"]}]},{"@type":"ImageObject","inLanguage":"es-CO","@id":"https:\/\/www.crea.gov.co\/crea-molinos\/2025\/11\/11\/idartes-da-inicio-a-la-temporada-de-vacaciones-en-20-espacios-de-creacion-gratuita-en-bogota\/#primaryimage","url":"https:\/\/www.crea.gov.co\/crea-molinos\/wp-content\/uploads\/sites\/32\/2025\/11\/Crea_VACACIONES-2_2025_2.png","contentUrl":"https:\/\/www.crea.gov.co\/crea-molinos\/wp-content\/uploads\/sites\/32\/2025\/11\/Crea_VACACIONES-2_2025_2.png","width":1081,"height":1350},{"@type":"BreadcrumbList","@id":"https:\/\/www.crea.gov.co\/crea-molinos\/2025\/11\/11\/idartes-da-inicio-a-la-temporada-de-vacaciones-en-20-espacios-de-creacion-gratuita-en-bogota\/#breadcrumb","itemListElement":[{"@type":"ListItem","position":1,"name":"Inicio","item":"https:\/\/www.crea.gov.co\/crea-molinos\/"},{"@type":"ListItem","position":2,"name":"Idartes da inicio a la temporada de vacaciones en 20 espacios de creaci\u00f3n gratuita en Bogot\u00e1"}]},{"@type":"WebSite","@id":"https:\/\/www.crea.gov.co\/crea-molinos\/#website","url":"https:\/\/www.crea.gov.co\/crea-molinos\/","name":"Crea Molinos","description":"En el coraz\u00f3n de un barrio con fuerte arraigo comunitario, el arte se abre paso entre calles empinadas y memorias compartidas. Este espacio es un punto de encuentro para ni\u00f1as, ni\u00f1os, j\u00f3venes y adultos que transforman su entorno a trav\u00e9s de la creaci\u00f3n colectiva.","potentialAction":[{"@type":"SearchAction","target":{"@type":"EntryPoint","urlTemplate":"https:\/\/www.crea.gov.co\/crea-molinos\/?s={search_term_string}"},"query-input":{"@type":"PropertyValueSpecification","valueRequired":true,"valueName":"search_term_string"}}],"inLanguage":"es-CO"},{"@type":"Person","@id":"https:\/\/www.crea.gov.co\/crea-molinos\/#\/schema\/person\/c1adcbd10cb5c2da4ea3eb23b07f92a4","name":"creamolinos","image":{"@type":"ImageObject","inLanguage":"es-CO","@id":"https:\/\/www.crea.gov.co\/crea-molinos\/#\/schema\/person\/image\/","url":"https:\/\/secure.gravatar.com\/avatar\/6a52da26e78adfc4ebb477aaa4058c94?s=96&d=mm&r=g","contentUrl":"https:\/\/secure.gravatar.com\/avatar\/6a52da26e78adfc4ebb477aaa4058c94?s=96&d=mm&r=g","caption":"creamolinos"},"url":"https:\/\/www.crea.gov.co\/crea-molinos\/author\/creamolinos\/"}]}},"_links":{"self":[{"href":"https:\/\/www.crea.gov.co\/crea-molinos\/wp-json\/wp\/v2\/posts\/318","targetHints":{"allow":["GET"]}}],"collection":[{"href":"https:\/\/www.crea.gov.co\/crea-molinos\/wp-json\/wp\/v2\/posts"}],"about":[{"href":"https:\/\/www.crea.gov.co\/crea-molinos\/wp-json\/wp\/v2\/types\/post"}],"author":[{"embeddable":true,"href":"https:\/\/www.crea.gov.co\/crea-molinos\/wp-json\/wp\/v2\/users\/100"}],"replies":[{"embeddable":true,"href":"https:\/\/www.crea.gov.co\/crea-molinos\/wp-json\/wp\/v2\/comments?post=318"}],"version-history":[{"count":1,"href":"https:\/\/www.crea.gov.co\/crea-molinos\/wp-json\/wp\/v2\/posts\/318\/revisions"}],"predecessor-version":[{"id":320,"href":"https:\/\/www.crea.gov.co\/crea-molinos\/wp-json\/wp\/v2\/posts\/318\/revisions\/320"}],"wp:featuredmedia":[{"embeddable":true,"href":"https:\/\/www.crea.gov.co\/crea-molinos\/wp-json\/wp\/v2\/media\/319"}],"wp:attachment":[{"href":"https:\/\/www.crea.gov.co\/crea-molinos\/wp-json\/wp\/v2\/media?parent=318"}],"wp:term":[{"taxonomy":"category","embeddable":true,"href":"https:\/\/www.crea.gov.co\/crea-molinos\/wp-json\/wp\/v2\/categories?post=318"},{"taxonomy":"post_tag","embeddable":true,"href":"https:\/\/www.crea.gov.co\/crea-molinos\/wp-json\/wp\/v2\/tags?post=318"}],"curies":[{"name":"wp","href":"https:\/\/api.w.org\/{rel}","templated":true}]}}