{"id":108,"date":"2025-05-28T14:42:37","date_gmt":"2025-05-28T19:42:37","guid":{"rendered":"https:\/\/www.crea.gov.co\/crea-molinos\/?p=108"},"modified":"2025-05-28T14:42:38","modified_gmt":"2025-05-28T19:42:38","slug":"resonaron-los-ecos-crea-en-molinos-un-espejo-de-creacion-colectiva","status":"publish","type":"post","link":"https:\/\/www.crea.gov.co\/crea-molinos\/2025\/05\/28\/resonaron-los-ecos-crea-en-molinos-un-espejo-de-creacion-colectiva\/","title":{"rendered":"Resonaron los Ecos CREA en Molinos: un espejo de creaci\u00f3n colectiva"},"content":{"rendered":"\n<p class=\"has-medium-font-size\">El primer encuentro de articulaci\u00f3n art\u00edstica en el CREA Molinos fue una verdadera celebraci\u00f3n de los lenguajes del arte y la conexi\u00f3n entre procesos. Bajo el nombre <strong><mark class=\"has-inline-color has-vivid-red-color\">\u201cResonaron los Ecos CREA\u201d<\/mark><\/strong>, esta jornada reuni\u00f3 a artistas formadores de distintas \u00e1reas y l\u00edneas del programa en una experiencia que fue, m\u00e1s que un evento, un tejido de encuentros, sentidos y creaci\u00f3n.<\/p>\n\n\n<div class=\"wp-block-image\">\n<figure class=\"aligncenter size-large is-resized\"><img loading=\"lazy\" decoding=\"async\" width=\"1024\" height=\"770\" src=\"https:\/\/www.crea.gov.co\/crea-molinos\/wp-content\/uploads\/sites\/32\/2025\/05\/WhatsApp-Image-2025-05-28-at-14.34.15-1024x770.jpeg\" alt=\"\" class=\"wp-image-109\" style=\"width:684px;height:auto\" srcset=\"https:\/\/www.crea.gov.co\/crea-molinos\/wp-content\/uploads\/sites\/32\/2025\/05\/WhatsApp-Image-2025-05-28-at-14.34.15-1024x770.jpeg 1024w, https:\/\/www.crea.gov.co\/crea-molinos\/wp-content\/uploads\/sites\/32\/2025\/05\/WhatsApp-Image-2025-05-28-at-14.34.15-300x226.jpeg 300w, https:\/\/www.crea.gov.co\/crea-molinos\/wp-content\/uploads\/sites\/32\/2025\/05\/WhatsApp-Image-2025-05-28-at-14.34.15-768x578.jpeg 768w, https:\/\/www.crea.gov.co\/crea-molinos\/wp-content\/uploads\/sites\/32\/2025\/05\/WhatsApp-Image-2025-05-28-at-14.34.15.jpeg 1280w\" sizes=\"auto, (max-width: 1024px) 100vw, 1024px\" \/><\/figure><\/div>\n\n\n<p class=\"has-medium-font-size\">Durante esta jornada vibrante, se vivieron <strong><mark class=\"has-inline-color has-vivid-red-color\">seis experiencias articuladas<\/mark><\/strong> en formato de duplas y tr\u00edadas, logradas gracias al trabajo colaborativo entre artistas formadores de las l\u00edneas <mark class=\"has-inline-color has-vivid-red-color\"><strong>Arte en la Escuela<\/strong> e <strong>Impulso Colectivo<\/strong><\/mark>. En cada uno de estos encuentros, los participantes pudieron sumergirse en un di\u00e1logo sensible entre los lenguajes de las<mark class=\"has-inline-color has-vivid-red-color\"> <strong>artes pl\u00e1sticas, creaci\u00f3n digital, m\u00fasica, danza, audiovisuales y teatro<\/strong><\/mark>, generando experiencias inmersivas donde el arte integral se manifest\u00f3 con fuerza y frescura.<\/p>\n\n\n\n<figure class=\"wp-block-image size-large\"><img loading=\"lazy\" decoding=\"async\" width=\"1024\" height=\"768\" src=\"https:\/\/www.crea.gov.co\/crea-molinos\/wp-content\/uploads\/sites\/32\/2025\/05\/WhatsApp-Image-2025-05-28-at-14.33.41-1024x768.jpeg\" alt=\"\" class=\"wp-image-110\" srcset=\"https:\/\/www.crea.gov.co\/crea-molinos\/wp-content\/uploads\/sites\/32\/2025\/05\/WhatsApp-Image-2025-05-28-at-14.33.41-1024x768.jpeg 1024w, https:\/\/www.crea.gov.co\/crea-molinos\/wp-content\/uploads\/sites\/32\/2025\/05\/WhatsApp-Image-2025-05-28-at-14.33.41-300x225.jpeg 300w, https:\/\/www.crea.gov.co\/crea-molinos\/wp-content\/uploads\/sites\/32\/2025\/05\/WhatsApp-Image-2025-05-28-at-14.33.41-768x576.jpeg 768w, https:\/\/www.crea.gov.co\/crea-molinos\/wp-content\/uploads\/sites\/32\/2025\/05\/WhatsApp-Image-2025-05-28-at-14.33.41.jpeg 1280w\" sizes=\"auto, (max-width: 1024px) 100vw, 1024px\" \/><\/figure>\n\n\n\n<p class=\"has-medium-font-size\">Cada propuesta fue una invitaci\u00f3n a mirar el arte desde otro \u00e1ngulo, a reconocer en el otro un reflejo, una posibilidad, un nuevo camino de exploraci\u00f3n. <mark class=\"has-inline-color has-vivid-red-color\"><strong>Los lenguajes se entrelazaron, las metodolog\u00edas se expandieron y las sensibilidades se encontraron<\/strong>,<\/mark> propiciando un espacio de creaci\u00f3n compartida que dej\u00f3 huella tanto en los participantes como en los equipos de formadores.<\/p>\n\n\n\n<p class=\"has-medium-font-size\">Desde<mark class=\"has-inline-color has-vivid-red-color\"> <strong>Impulso Colectivo<\/strong><\/mark>, los procesos de audiovisuales, teatro, creaci\u00f3n digital y artes pl\u00e1sticas dieron vida a conexiones profundas entre generaciones, perspectivas y formas de hacer. Esta integraci\u00f3n propici\u00f3 el trabajo colaborativo entre equipos creativos diversos, demostrando que el arte es un puente que une edades, historias y territorios.<\/p>\n\n\n\n<figure class=\"wp-block-image size-large\"><img loading=\"lazy\" decoding=\"async\" width=\"1024\" height=\"576\" src=\"https:\/\/www.crea.gov.co\/crea-molinos\/wp-content\/uploads\/sites\/32\/2025\/05\/WhatsApp-Image-2025-05-28-at-14.33.41-2-1024x576.jpeg\" alt=\"\" class=\"wp-image-112\" srcset=\"https:\/\/www.crea.gov.co\/crea-molinos\/wp-content\/uploads\/sites\/32\/2025\/05\/WhatsApp-Image-2025-05-28-at-14.33.41-2-1024x576.jpeg 1024w, https:\/\/www.crea.gov.co\/crea-molinos\/wp-content\/uploads\/sites\/32\/2025\/05\/WhatsApp-Image-2025-05-28-at-14.33.41-2-300x169.jpeg 300w, https:\/\/www.crea.gov.co\/crea-molinos\/wp-content\/uploads\/sites\/32\/2025\/05\/WhatsApp-Image-2025-05-28-at-14.33.41-2-768x432.jpeg 768w, https:\/\/www.crea.gov.co\/crea-molinos\/wp-content\/uploads\/sites\/32\/2025\/05\/WhatsApp-Image-2025-05-28-at-14.33.41-2.jpeg 1280w\" sizes=\"auto, (max-width: 1024px) 100vw, 1024px\" \/><\/figure>\n\n\n\n<p class=\"has-medium-font-size\">Este tipo de experiencias inspiran y despiertan la <strong><mark class=\"has-inline-color has-vivid-red-color\">chispa de la creaci\u00f3n colectiva<\/mark><\/strong> y expanden los l\u00edmites de lo pedag\u00f3gico hacia lo vivencial. M\u00e1s all\u00e1 de un solo lenguaje art\u00edstico, se apost\u00f3 por la <mark class=\"has-inline-color has-vivid-red-color\"><strong>sinergia<\/strong> <\/mark>como motor, por el encuentro como m\u00e9todo, y por el arte como espejo donde todos podemos reflejarnos, reconociendo que al mirarnos en el otro, tambi\u00e9n nos vemos a nosotros mismos.<\/p>\n\n\n\n<figure class=\"wp-block-gallery has-nested-images columns-default is-cropped wp-block-gallery-1 is-layout-flex wp-block-gallery-is-layout-flex\">\n<figure class=\"wp-block-image size-large\"><img loading=\"lazy\" decoding=\"async\" width=\"1024\" height=\"770\" data-id=\"115\" src=\"https:\/\/www.crea.gov.co\/crea-molinos\/wp-content\/uploads\/sites\/32\/2025\/05\/WhatsApp-Image-2025-05-28-at-14.33.42-1-1-1024x770.jpeg\" alt=\"\" class=\"wp-image-115\" srcset=\"https:\/\/www.crea.gov.co\/crea-molinos\/wp-content\/uploads\/sites\/32\/2025\/05\/WhatsApp-Image-2025-05-28-at-14.33.42-1-1-1024x770.jpeg 1024w, https:\/\/www.crea.gov.co\/crea-molinos\/wp-content\/uploads\/sites\/32\/2025\/05\/WhatsApp-Image-2025-05-28-at-14.33.42-1-1-300x226.jpeg 300w, https:\/\/www.crea.gov.co\/crea-molinos\/wp-content\/uploads\/sites\/32\/2025\/05\/WhatsApp-Image-2025-05-28-at-14.33.42-1-1-768x578.jpeg 768w, https:\/\/www.crea.gov.co\/crea-molinos\/wp-content\/uploads\/sites\/32\/2025\/05\/WhatsApp-Image-2025-05-28-at-14.33.42-1-1.jpeg 1280w\" sizes=\"auto, (max-width: 1024px) 100vw, 1024px\" \/><\/figure>\n\n\n\n<figure class=\"wp-block-image size-large\"><img loading=\"lazy\" decoding=\"async\" width=\"1024\" height=\"770\" data-id=\"114\" src=\"https:\/\/www.crea.gov.co\/crea-molinos\/wp-content\/uploads\/sites\/32\/2025\/05\/WhatsApp-Image-2025-05-28-at-14.33.42-1-1024x770.jpeg\" alt=\"\" class=\"wp-image-114\" srcset=\"https:\/\/www.crea.gov.co\/crea-molinos\/wp-content\/uploads\/sites\/32\/2025\/05\/WhatsApp-Image-2025-05-28-at-14.33.42-1-1024x770.jpeg 1024w, https:\/\/www.crea.gov.co\/crea-molinos\/wp-content\/uploads\/sites\/32\/2025\/05\/WhatsApp-Image-2025-05-28-at-14.33.42-1-300x226.jpeg 300w, https:\/\/www.crea.gov.co\/crea-molinos\/wp-content\/uploads\/sites\/32\/2025\/05\/WhatsApp-Image-2025-05-28-at-14.33.42-1-768x578.jpeg 768w, https:\/\/www.crea.gov.co\/crea-molinos\/wp-content\/uploads\/sites\/32\/2025\/05\/WhatsApp-Image-2025-05-28-at-14.33.42-1.jpeg 1280w\" sizes=\"auto, (max-width: 1024px) 100vw, 1024px\" \/><\/figure>\n<\/figure>\n\n\n\n<p class=\"has-medium-font-size\"><strong><em><mark style=\"background-color:#7bdcb5\" class=\"has-inline-color\">\u201cResonaron los Ecos CREA\u201d no fue solo un encuentro, fue una provocaci\u00f3n para seguir so\u00f1ando, creando y articulando. Porque cuando el arte se cruza, se comparte y se escucha, su eco no se apaga, se multiplica.<\/mark><\/em><\/strong><\/p>\n\n\n\n<p><\/p>\n","protected":false},"excerpt":{"rendered":"<p>El primer encuentro de articulaci\u00f3n art\u00edstica en el CREA Molinos fue una verdadera celebraci\u00f3n de los lenguajes del arte y la conexi\u00f3n entre procesos. Bajo el nombre \u201cResonaron los Ecos CREA\u201d, esta jornada reuni\u00f3 a artistas formadores de distintas \u00e1reas y l\u00edneas del programa en una experiencia que fue, m\u00e1s que un evento, un tejido [&hellip;]<\/p>\n","protected":false},"author":100,"featured_media":112,"comment_status":"open","ping_status":"open","sticky":false,"template":"","format":"standard","meta":{"footnotes":""},"categories":[1],"tags":[],"class_list":["post-108","post","type-post","status-publish","format-standard","has-post-thumbnail","hentry","category-sin-categoria"],"yoast_head":"<!-- This site is optimized with the Yoast SEO plugin v24.5 - https:\/\/yoast.com\/wordpress\/plugins\/seo\/ -->\n<title>Resonaron los Ecos CREA en Molinos: un espejo de creaci\u00f3n colectiva - Crea Molinos<\/title>\n<meta name=\"robots\" content=\"index, follow, max-snippet:-1, max-image-preview:large, max-video-preview:-1\" \/>\n<link rel=\"canonical\" href=\"https:\/\/www.crea.gov.co\/crea-molinos\/2025\/05\/28\/resonaron-los-ecos-crea-en-molinos-un-espejo-de-creacion-colectiva\/\" \/>\n<meta property=\"og:locale\" content=\"es_ES\" \/>\n<meta property=\"og:type\" content=\"article\" \/>\n<meta property=\"og:title\" content=\"Resonaron los Ecos CREA en Molinos: un espejo de creaci\u00f3n colectiva - Crea Molinos\" \/>\n<meta property=\"og:description\" content=\"El primer encuentro de articulaci\u00f3n art\u00edstica en el CREA Molinos fue una verdadera celebraci\u00f3n de los lenguajes del arte y la conexi\u00f3n entre procesos. Bajo el nombre \u201cResonaron los Ecos CREA\u201d, esta jornada reuni\u00f3 a artistas formadores de distintas \u00e1reas y l\u00edneas del programa en una experiencia que fue, m\u00e1s que un evento, un tejido [&hellip;]\" \/>\n<meta property=\"og:url\" content=\"https:\/\/www.crea.gov.co\/crea-molinos\/2025\/05\/28\/resonaron-los-ecos-crea-en-molinos-un-espejo-de-creacion-colectiva\/\" \/>\n<meta property=\"og:site_name\" content=\"Crea Molinos\" \/>\n<meta property=\"article:published_time\" content=\"2025-05-28T19:42:37+00:00\" \/>\n<meta property=\"article:modified_time\" content=\"2025-05-28T19:42:38+00:00\" \/>\n<meta property=\"og:image\" content=\"https:\/\/www.crea.gov.co\/crea-molinos\/wp-content\/uploads\/sites\/32\/2025\/05\/WhatsApp-Image-2025-05-28-at-14.33.41-2.jpeg\" \/>\n\t<meta property=\"og:image:width\" content=\"1280\" \/>\n\t<meta property=\"og:image:height\" content=\"720\" \/>\n\t<meta property=\"og:image:type\" content=\"image\/jpeg\" \/>\n<meta name=\"author\" content=\"creamolinos\" \/>\n<meta name=\"twitter:card\" content=\"summary_large_image\" \/>\n<meta name=\"twitter:label1\" content=\"Escrito por\" \/>\n\t<meta name=\"twitter:data1\" content=\"creamolinos\" \/>\n\t<meta name=\"twitter:label2\" content=\"Tiempo de lectura\" \/>\n\t<meta name=\"twitter:data2\" content=\"3 minutos\" \/>\n<script type=\"application\/ld+json\" class=\"yoast-schema-graph\">{\"@context\":\"https:\/\/schema.org\",\"@graph\":[{\"@type\":\"WebPage\",\"@id\":\"https:\/\/www.crea.gov.co\/crea-molinos\/2025\/05\/28\/resonaron-los-ecos-crea-en-molinos-un-espejo-de-creacion-colectiva\/\",\"url\":\"https:\/\/www.crea.gov.co\/crea-molinos\/2025\/05\/28\/resonaron-los-ecos-crea-en-molinos-un-espejo-de-creacion-colectiva\/\",\"name\":\"Resonaron los Ecos CREA en Molinos: un espejo de creaci\u00f3n colectiva - Crea Molinos\",\"isPartOf\":{\"@id\":\"https:\/\/www.crea.gov.co\/crea-molinos\/#website\"},\"primaryImageOfPage\":{\"@id\":\"https:\/\/www.crea.gov.co\/crea-molinos\/2025\/05\/28\/resonaron-los-ecos-crea-en-molinos-un-espejo-de-creacion-colectiva\/#primaryimage\"},\"image\":{\"@id\":\"https:\/\/www.crea.gov.co\/crea-molinos\/2025\/05\/28\/resonaron-los-ecos-crea-en-molinos-un-espejo-de-creacion-colectiva\/#primaryimage\"},\"thumbnailUrl\":\"https:\/\/www.crea.gov.co\/crea-molinos\/wp-content\/uploads\/sites\/32\/2025\/05\/WhatsApp-Image-2025-05-28-at-14.33.41-2.jpeg\",\"datePublished\":\"2025-05-28T19:42:37+00:00\",\"dateModified\":\"2025-05-28T19:42:38+00:00\",\"author\":{\"@id\":\"https:\/\/www.crea.gov.co\/crea-molinos\/#\/schema\/person\/c1adcbd10cb5c2da4ea3eb23b07f92a4\"},\"breadcrumb\":{\"@id\":\"https:\/\/www.crea.gov.co\/crea-molinos\/2025\/05\/28\/resonaron-los-ecos-crea-en-molinos-un-espejo-de-creacion-colectiva\/#breadcrumb\"},\"inLanguage\":\"es-CO\",\"potentialAction\":[{\"@type\":\"ReadAction\",\"target\":[\"https:\/\/www.crea.gov.co\/crea-molinos\/2025\/05\/28\/resonaron-los-ecos-crea-en-molinos-un-espejo-de-creacion-colectiva\/\"]}]},{\"@type\":\"ImageObject\",\"inLanguage\":\"es-CO\",\"@id\":\"https:\/\/www.crea.gov.co\/crea-molinos\/2025\/05\/28\/resonaron-los-ecos-crea-en-molinos-un-espejo-de-creacion-colectiva\/#primaryimage\",\"url\":\"https:\/\/www.crea.gov.co\/crea-molinos\/wp-content\/uploads\/sites\/32\/2025\/05\/WhatsApp-Image-2025-05-28-at-14.33.41-2.jpeg\",\"contentUrl\":\"https:\/\/www.crea.gov.co\/crea-molinos\/wp-content\/uploads\/sites\/32\/2025\/05\/WhatsApp-Image-2025-05-28-at-14.33.41-2.jpeg\",\"width\":1280,\"height\":720},{\"@type\":\"BreadcrumbList\",\"@id\":\"https:\/\/www.crea.gov.co\/crea-molinos\/2025\/05\/28\/resonaron-los-ecos-crea-en-molinos-un-espejo-de-creacion-colectiva\/#breadcrumb\",\"itemListElement\":[{\"@type\":\"ListItem\",\"position\":1,\"name\":\"Inicio\",\"item\":\"https:\/\/www.crea.gov.co\/crea-molinos\/\"},{\"@type\":\"ListItem\",\"position\":2,\"name\":\"Resonaron los Ecos CREA en Molinos: un espejo de creaci\u00f3n colectiva\"}]},{\"@type\":\"WebSite\",\"@id\":\"https:\/\/www.crea.gov.co\/crea-molinos\/#website\",\"url\":\"https:\/\/www.crea.gov.co\/crea-molinos\/\",\"name\":\"Crea Molinos\",\"description\":\"En el coraz\u00f3n de un barrio con fuerte arraigo comunitario, el arte se abre paso entre calles empinadas y memorias compartidas. Este espacio es un punto de encuentro para ni\u00f1as, ni\u00f1os, j\u00f3venes y adultos que transforman su entorno a trav\u00e9s de la creaci\u00f3n colectiva.\",\"potentialAction\":[{\"@type\":\"SearchAction\",\"target\":{\"@type\":\"EntryPoint\",\"urlTemplate\":\"https:\/\/www.crea.gov.co\/crea-molinos\/?s={search_term_string}\"},\"query-input\":{\"@type\":\"PropertyValueSpecification\",\"valueRequired\":true,\"valueName\":\"search_term_string\"}}],\"inLanguage\":\"es-CO\"},{\"@type\":\"Person\",\"@id\":\"https:\/\/www.crea.gov.co\/crea-molinos\/#\/schema\/person\/c1adcbd10cb5c2da4ea3eb23b07f92a4\",\"name\":\"creamolinos\",\"image\":{\"@type\":\"ImageObject\",\"inLanguage\":\"es-CO\",\"@id\":\"https:\/\/www.crea.gov.co\/crea-molinos\/#\/schema\/person\/image\/\",\"url\":\"https:\/\/secure.gravatar.com\/avatar\/6a52da26e78adfc4ebb477aaa4058c94?s=96&d=mm&r=g\",\"contentUrl\":\"https:\/\/secure.gravatar.com\/avatar\/6a52da26e78adfc4ebb477aaa4058c94?s=96&d=mm&r=g\",\"caption\":\"creamolinos\"},\"url\":\"https:\/\/www.crea.gov.co\/crea-molinos\/author\/creamolinos\/\"}]}<\/script>\n<!-- \/ Yoast SEO plugin. -->","yoast_head_json":{"title":"Resonaron los Ecos CREA en Molinos: un espejo de creaci\u00f3n colectiva - Crea Molinos","robots":{"index":"index","follow":"follow","max-snippet":"max-snippet:-1","max-image-preview":"max-image-preview:large","max-video-preview":"max-video-preview:-1"},"canonical":"https:\/\/www.crea.gov.co\/crea-molinos\/2025\/05\/28\/resonaron-los-ecos-crea-en-molinos-un-espejo-de-creacion-colectiva\/","og_locale":"es_ES","og_type":"article","og_title":"Resonaron los Ecos CREA en Molinos: un espejo de creaci\u00f3n colectiva - Crea Molinos","og_description":"El primer encuentro de articulaci\u00f3n art\u00edstica en el CREA Molinos fue una verdadera celebraci\u00f3n de los lenguajes del arte y la conexi\u00f3n entre procesos. Bajo el nombre \u201cResonaron los Ecos CREA\u201d, esta jornada reuni\u00f3 a artistas formadores de distintas \u00e1reas y l\u00edneas del programa en una experiencia que fue, m\u00e1s que un evento, un tejido [&hellip;]","og_url":"https:\/\/www.crea.gov.co\/crea-molinos\/2025\/05\/28\/resonaron-los-ecos-crea-en-molinos-un-espejo-de-creacion-colectiva\/","og_site_name":"Crea Molinos","article_published_time":"2025-05-28T19:42:37+00:00","article_modified_time":"2025-05-28T19:42:38+00:00","og_image":[{"width":1280,"height":720,"url":"https:\/\/www.crea.gov.co\/crea-molinos\/wp-content\/uploads\/sites\/32\/2025\/05\/WhatsApp-Image-2025-05-28-at-14.33.41-2.jpeg","type":"image\/jpeg"}],"author":"creamolinos","twitter_card":"summary_large_image","twitter_misc":{"Escrito por":"creamolinos","Tiempo de lectura":"3 minutos"},"schema":{"@context":"https:\/\/schema.org","@graph":[{"@type":"WebPage","@id":"https:\/\/www.crea.gov.co\/crea-molinos\/2025\/05\/28\/resonaron-los-ecos-crea-en-molinos-un-espejo-de-creacion-colectiva\/","url":"https:\/\/www.crea.gov.co\/crea-molinos\/2025\/05\/28\/resonaron-los-ecos-crea-en-molinos-un-espejo-de-creacion-colectiva\/","name":"Resonaron los Ecos CREA en Molinos: un espejo de creaci\u00f3n colectiva - Crea Molinos","isPartOf":{"@id":"https:\/\/www.crea.gov.co\/crea-molinos\/#website"},"primaryImageOfPage":{"@id":"https:\/\/www.crea.gov.co\/crea-molinos\/2025\/05\/28\/resonaron-los-ecos-crea-en-molinos-un-espejo-de-creacion-colectiva\/#primaryimage"},"image":{"@id":"https:\/\/www.crea.gov.co\/crea-molinos\/2025\/05\/28\/resonaron-los-ecos-crea-en-molinos-un-espejo-de-creacion-colectiva\/#primaryimage"},"thumbnailUrl":"https:\/\/www.crea.gov.co\/crea-molinos\/wp-content\/uploads\/sites\/32\/2025\/05\/WhatsApp-Image-2025-05-28-at-14.33.41-2.jpeg","datePublished":"2025-05-28T19:42:37+00:00","dateModified":"2025-05-28T19:42:38+00:00","author":{"@id":"https:\/\/www.crea.gov.co\/crea-molinos\/#\/schema\/person\/c1adcbd10cb5c2da4ea3eb23b07f92a4"},"breadcrumb":{"@id":"https:\/\/www.crea.gov.co\/crea-molinos\/2025\/05\/28\/resonaron-los-ecos-crea-en-molinos-un-espejo-de-creacion-colectiva\/#breadcrumb"},"inLanguage":"es-CO","potentialAction":[{"@type":"ReadAction","target":["https:\/\/www.crea.gov.co\/crea-molinos\/2025\/05\/28\/resonaron-los-ecos-crea-en-molinos-un-espejo-de-creacion-colectiva\/"]}]},{"@type":"ImageObject","inLanguage":"es-CO","@id":"https:\/\/www.crea.gov.co\/crea-molinos\/2025\/05\/28\/resonaron-los-ecos-crea-en-molinos-un-espejo-de-creacion-colectiva\/#primaryimage","url":"https:\/\/www.crea.gov.co\/crea-molinos\/wp-content\/uploads\/sites\/32\/2025\/05\/WhatsApp-Image-2025-05-28-at-14.33.41-2.jpeg","contentUrl":"https:\/\/www.crea.gov.co\/crea-molinos\/wp-content\/uploads\/sites\/32\/2025\/05\/WhatsApp-Image-2025-05-28-at-14.33.41-2.jpeg","width":1280,"height":720},{"@type":"BreadcrumbList","@id":"https:\/\/www.crea.gov.co\/crea-molinos\/2025\/05\/28\/resonaron-los-ecos-crea-en-molinos-un-espejo-de-creacion-colectiva\/#breadcrumb","itemListElement":[{"@type":"ListItem","position":1,"name":"Inicio","item":"https:\/\/www.crea.gov.co\/crea-molinos\/"},{"@type":"ListItem","position":2,"name":"Resonaron los Ecos CREA en Molinos: un espejo de creaci\u00f3n colectiva"}]},{"@type":"WebSite","@id":"https:\/\/www.crea.gov.co\/crea-molinos\/#website","url":"https:\/\/www.crea.gov.co\/crea-molinos\/","name":"Crea Molinos","description":"En el coraz\u00f3n de un barrio con fuerte arraigo comunitario, el arte se abre paso entre calles empinadas y memorias compartidas. Este espacio es un punto de encuentro para ni\u00f1as, ni\u00f1os, j\u00f3venes y adultos que transforman su entorno a trav\u00e9s de la creaci\u00f3n colectiva.","potentialAction":[{"@type":"SearchAction","target":{"@type":"EntryPoint","urlTemplate":"https:\/\/www.crea.gov.co\/crea-molinos\/?s={search_term_string}"},"query-input":{"@type":"PropertyValueSpecification","valueRequired":true,"valueName":"search_term_string"}}],"inLanguage":"es-CO"},{"@type":"Person","@id":"https:\/\/www.crea.gov.co\/crea-molinos\/#\/schema\/person\/c1adcbd10cb5c2da4ea3eb23b07f92a4","name":"creamolinos","image":{"@type":"ImageObject","inLanguage":"es-CO","@id":"https:\/\/www.crea.gov.co\/crea-molinos\/#\/schema\/person\/image\/","url":"https:\/\/secure.gravatar.com\/avatar\/6a52da26e78adfc4ebb477aaa4058c94?s=96&d=mm&r=g","contentUrl":"https:\/\/secure.gravatar.com\/avatar\/6a52da26e78adfc4ebb477aaa4058c94?s=96&d=mm&r=g","caption":"creamolinos"},"url":"https:\/\/www.crea.gov.co\/crea-molinos\/author\/creamolinos\/"}]}},"_links":{"self":[{"href":"https:\/\/www.crea.gov.co\/crea-molinos\/wp-json\/wp\/v2\/posts\/108","targetHints":{"allow":["GET"]}}],"collection":[{"href":"https:\/\/www.crea.gov.co\/crea-molinos\/wp-json\/wp\/v2\/posts"}],"about":[{"href":"https:\/\/www.crea.gov.co\/crea-molinos\/wp-json\/wp\/v2\/types\/post"}],"author":[{"embeddable":true,"href":"https:\/\/www.crea.gov.co\/crea-molinos\/wp-json\/wp\/v2\/users\/100"}],"replies":[{"embeddable":true,"href":"https:\/\/www.crea.gov.co\/crea-molinos\/wp-json\/wp\/v2\/comments?post=108"}],"version-history":[{"count":1,"href":"https:\/\/www.crea.gov.co\/crea-molinos\/wp-json\/wp\/v2\/posts\/108\/revisions"}],"predecessor-version":[{"id":116,"href":"https:\/\/www.crea.gov.co\/crea-molinos\/wp-json\/wp\/v2\/posts\/108\/revisions\/116"}],"wp:featuredmedia":[{"embeddable":true,"href":"https:\/\/www.crea.gov.co\/crea-molinos\/wp-json\/wp\/v2\/media\/112"}],"wp:attachment":[{"href":"https:\/\/www.crea.gov.co\/crea-molinos\/wp-json\/wp\/v2\/media?parent=108"}],"wp:term":[{"taxonomy":"category","embeddable":true,"href":"https:\/\/www.crea.gov.co\/crea-molinos\/wp-json\/wp\/v2\/categories?post=108"},{"taxonomy":"post_tag","embeddable":true,"href":"https:\/\/www.crea.gov.co\/crea-molinos\/wp-json\/wp\/v2\/tags?post=108"}],"curies":[{"name":"wp","href":"https:\/\/api.w.org\/{rel}","templated":true}]}}