{"id":2498,"date":"2026-04-24T16:38:30","date_gmt":"2026-04-24T21:38:30","guid":{"rendered":"https:\/\/www.crea.gov.co\/crea-manitas\/?p=2498"},"modified":"2026-04-24T16:38:30","modified_gmt":"2026-04-24T21:38:30","slug":"llego-nuestra-celecracion-del-dia-de-la-ninez","status":"publish","type":"post","link":"https:\/\/www.crea.gov.co\/crea-manitas\/llego-nuestra-celecracion-del-dia-de-la-ninez\/","title":{"rendered":"LLEG\u00d3 NUESTRA CELECRACI\u00d3N DEL D\u00cdA DE LA NI\u00d1EZ"},"content":{"rendered":"<div class=\"wp-block-image\">\n<figure class=\"aligncenter size-full\"><img loading=\"lazy\" decoding=\"async\" width=\"745\" height=\"598\" src=\"https:\/\/www.crea.gov.co\/crea-manitas\/wp-content\/uploads\/sites\/23\/2026\/04\/image-1.png\" alt=\"\" class=\"wp-image-2499\" srcset=\"https:\/\/www.crea.gov.co\/crea-manitas\/wp-content\/uploads\/sites\/23\/2026\/04\/image-1.png 745w, https:\/\/www.crea.gov.co\/crea-manitas\/wp-content\/uploads\/sites\/23\/2026\/04\/image-1-300x241.png 300w\" sizes=\"auto, (max-width: 745px) 100vw, 745px\" \/><\/figure><\/div>\n\n\n<p>\ud83c\udf88 Idartes invita a celebrar el mes de la ni\u00f1ez con una gran fiesta cultural y recreativa en Bogot\u00e1 \ud83c\udfad\u2728.<\/p>\n\n\n\n<p>A trav\u00e9s de Crea, se realizar\u00e1 una programaci\u00f3n especial con actividades que promueven el acceso a los derechos culturales a trav\u00e9s del arte y el juego \ud83e\udde9\ud83c\udfb6.<\/p>\n\n\n\n<p>\u00a1Los esperamos!<\/p>\n\n\n\n<p><\/p>\n","protected":false},"excerpt":{"rendered":"<p>\ud83c\udf88 Idartes invita a celebrar el mes de la ni\u00f1ez con una gran fiesta cultural y recreativa en Bogot\u00e1 \ud83c\udfad\u2728. A trav\u00e9s de Crea, se realizar\u00e1 una programaci\u00f3n especial con actividades que promueven el acceso a los derechos culturales a trav\u00e9s del arte y el juego \ud83e\udde9\ud83c\udfb6. \u00a1Los esperamos!<\/p>\n","protected":false},"author":98,"featured_media":2492,"comment_status":"open","ping_status":"open","sticky":false,"template":"","format":"standard","meta":{"footnotes":""},"categories":[1],"tags":[],"class_list":["post-2498","post","type-post","status-publish","format-standard","has-post-thumbnail","hentry","category-sin-categoria"],"yoast_head":"<!-- This site is optimized with the Yoast SEO plugin v24.5 - https:\/\/yoast.com\/wordpress\/plugins\/seo\/ -->\n<title>LLEG\u00d3 NUESTRA CELECRACI\u00d3N DEL D\u00cdA DE LA NI\u00d1EZ - Crea Manitas<\/title>\n<meta name=\"robots\" content=\"index, follow, max-snippet:-1, max-image-preview:large, max-video-preview:-1\" \/>\n<link rel=\"canonical\" href=\"https:\/\/www.crea.gov.co\/crea-manitas\/llego-nuestra-celecracion-del-dia-de-la-ninez\/\" \/>\n<meta property=\"og:locale\" content=\"es_ES\" \/>\n<meta property=\"og:type\" content=\"article\" \/>\n<meta property=\"og:title\" content=\"LLEG\u00d3 NUESTRA CELECRACI\u00d3N DEL D\u00cdA DE LA NI\u00d1EZ - Crea Manitas\" \/>\n<meta property=\"og:description\" content=\"\ud83c\udf88 Idartes invita a celebrar el mes de la ni\u00f1ez con una gran fiesta cultural y recreativa en Bogot\u00e1 \ud83c\udfad\u2728. A trav\u00e9s de Crea, se realizar\u00e1 una programaci\u00f3n especial con actividades que promueven el acceso a los derechos culturales a trav\u00e9s del arte y el juego \ud83e\udde9\ud83c\udfb6. \u00a1Los esperamos!\" \/>\n<meta property=\"og:url\" content=\"https:\/\/www.crea.gov.co\/crea-manitas\/llego-nuestra-celecracion-del-dia-de-la-ninez\/\" \/>\n<meta property=\"og:site_name\" content=\"Crea Manitas\" \/>\n<meta property=\"article:published_time\" content=\"2026-04-24T21:38:30+00:00\" \/>\n<meta property=\"og:image\" content=\"https:\/\/www.crea.gov.co\/crea-manitas\/wp-content\/uploads\/sites\/23\/2026\/04\/Pieza-general-3.jpeg\" \/>\n\t<meta property=\"og:image:width\" content=\"1074\" \/>\n\t<meta property=\"og:image:height\" content=\"1433\" \/>\n\t<meta property=\"og:image:type\" content=\"image\/jpeg\" \/>\n<meta name=\"author\" content=\"creamanitas\" \/>\n<meta name=\"twitter:card\" content=\"summary_large_image\" \/>\n<meta name=\"twitter:label1\" content=\"Escrito por\" \/>\n\t<meta name=\"twitter:data1\" content=\"creamanitas\" \/>\n\t<meta name=\"twitter:label2\" content=\"Tiempo de lectura\" \/>\n\t<meta name=\"twitter:data2\" content=\"1 minuto\" \/>\n<script type=\"application\/ld+json\" class=\"yoast-schema-graph\">{\"@context\":\"https:\/\/schema.org\",\"@graph\":[{\"@type\":\"WebPage\",\"@id\":\"https:\/\/www.crea.gov.co\/crea-manitas\/llego-nuestra-celecracion-del-dia-de-la-ninez\/\",\"url\":\"https:\/\/www.crea.gov.co\/crea-manitas\/llego-nuestra-celecracion-del-dia-de-la-ninez\/\",\"name\":\"LLEG\u00d3 NUESTRA CELECRACI\u00d3N DEL D\u00cdA DE LA NI\u00d1EZ - Crea Manitas\",\"isPartOf\":{\"@id\":\"https:\/\/www.crea.gov.co\/crea-manitas\/#website\"},\"primaryImageOfPage\":{\"@id\":\"https:\/\/www.crea.gov.co\/crea-manitas\/llego-nuestra-celecracion-del-dia-de-la-ninez\/#primaryimage\"},\"image\":{\"@id\":\"https:\/\/www.crea.gov.co\/crea-manitas\/llego-nuestra-celecracion-del-dia-de-la-ninez\/#primaryimage\"},\"thumbnailUrl\":\"https:\/\/www.crea.gov.co\/crea-manitas\/wp-content\/uploads\/sites\/23\/2026\/04\/Pieza-general-3.jpeg\",\"datePublished\":\"2026-04-24T21:38:30+00:00\",\"author\":{\"@id\":\"https:\/\/www.crea.gov.co\/crea-manitas\/#\/schema\/person\/8a91c4a807a18c3d97f41a833e9bc78e\"},\"breadcrumb\":{\"@id\":\"https:\/\/www.crea.gov.co\/crea-manitas\/llego-nuestra-celecracion-del-dia-de-la-ninez\/#breadcrumb\"},\"inLanguage\":\"es-CO\",\"potentialAction\":[{\"@type\":\"ReadAction\",\"target\":[\"https:\/\/www.crea.gov.co\/crea-manitas\/llego-nuestra-celecracion-del-dia-de-la-ninez\/\"]}]},{\"@type\":\"ImageObject\",\"inLanguage\":\"es-CO\",\"@id\":\"https:\/\/www.crea.gov.co\/crea-manitas\/llego-nuestra-celecracion-del-dia-de-la-ninez\/#primaryimage\",\"url\":\"https:\/\/www.crea.gov.co\/crea-manitas\/wp-content\/uploads\/sites\/23\/2026\/04\/Pieza-general-3.jpeg\",\"contentUrl\":\"https:\/\/www.crea.gov.co\/crea-manitas\/wp-content\/uploads\/sites\/23\/2026\/04\/Pieza-general-3.jpeg\",\"width\":1074,\"height\":1433},{\"@type\":\"BreadcrumbList\",\"@id\":\"https:\/\/www.crea.gov.co\/crea-manitas\/llego-nuestra-celecracion-del-dia-de-la-ninez\/#breadcrumb\",\"itemListElement\":[{\"@type\":\"ListItem\",\"position\":1,\"name\":\"Inicio\",\"item\":\"https:\/\/www.crea.gov.co\/crea-manitas\/\"},{\"@type\":\"ListItem\",\"position\":2,\"name\":\"LLEG\u00d3 NUESTRA CELECRACI\u00d3N DEL D\u00cdA DE LA NI\u00d1EZ\"}]},{\"@type\":\"WebSite\",\"@id\":\"https:\/\/www.crea.gov.co\/crea-manitas\/#website\",\"url\":\"https:\/\/www.crea.gov.co\/crea-manitas\/\",\"name\":\"Crea Manitas\",\"description\":\"En Ciudad Bol\u00edvar, junto a la estaci\u00f3n del TransMiCable, este espacio mira hacia una ciudad que se extiende hasta el horizonte. La creatividad se inspira en esa vista abierta, donde las ideas circulan libres, como los cables que conectan barrios y personas. Aqu\u00ed, la comunidad encuentra un lugar para so\u00f1ar, crear y hacer crecer sus proyectos con la misma libertad con la que se despliega la ciudad.\",\"potentialAction\":[{\"@type\":\"SearchAction\",\"target\":{\"@type\":\"EntryPoint\",\"urlTemplate\":\"https:\/\/www.crea.gov.co\/crea-manitas\/?s={search_term_string}\"},\"query-input\":{\"@type\":\"PropertyValueSpecification\",\"valueRequired\":true,\"valueName\":\"search_term_string\"}}],\"inLanguage\":\"es-CO\"},{\"@type\":\"Person\",\"@id\":\"https:\/\/www.crea.gov.co\/crea-manitas\/#\/schema\/person\/8a91c4a807a18c3d97f41a833e9bc78e\",\"name\":\"creamanitas\",\"image\":{\"@type\":\"ImageObject\",\"inLanguage\":\"es-CO\",\"@id\":\"https:\/\/www.crea.gov.co\/crea-manitas\/#\/schema\/person\/image\/\",\"url\":\"https:\/\/secure.gravatar.com\/avatar\/a93cebf25ba72f97e5e70db841b6d642?s=96&d=mm&r=g\",\"contentUrl\":\"https:\/\/secure.gravatar.com\/avatar\/a93cebf25ba72f97e5e70db841b6d642?s=96&d=mm&r=g\",\"caption\":\"creamanitas\"},\"url\":\"https:\/\/www.crea.gov.co\/crea-manitas\/author\/creamanitas\/\"}]}<\/script>\n<!-- \/ Yoast SEO plugin. -->","yoast_head_json":{"title":"LLEG\u00d3 NUESTRA CELECRACI\u00d3N DEL D\u00cdA DE LA NI\u00d1EZ - Crea Manitas","robots":{"index":"index","follow":"follow","max-snippet":"max-snippet:-1","max-image-preview":"max-image-preview:large","max-video-preview":"max-video-preview:-1"},"canonical":"https:\/\/www.crea.gov.co\/crea-manitas\/llego-nuestra-celecracion-del-dia-de-la-ninez\/","og_locale":"es_ES","og_type":"article","og_title":"LLEG\u00d3 NUESTRA CELECRACI\u00d3N DEL D\u00cdA DE LA NI\u00d1EZ - Crea Manitas","og_description":"\ud83c\udf88 Idartes invita a celebrar el mes de la ni\u00f1ez con una gran fiesta cultural y recreativa en Bogot\u00e1 \ud83c\udfad\u2728. A trav\u00e9s de Crea, se realizar\u00e1 una programaci\u00f3n especial con actividades que promueven el acceso a los derechos culturales a trav\u00e9s del arte y el juego \ud83e\udde9\ud83c\udfb6. \u00a1Los esperamos!","og_url":"https:\/\/www.crea.gov.co\/crea-manitas\/llego-nuestra-celecracion-del-dia-de-la-ninez\/","og_site_name":"Crea Manitas","article_published_time":"2026-04-24T21:38:30+00:00","og_image":[{"width":1074,"height":1433,"url":"https:\/\/www.crea.gov.co\/crea-manitas\/wp-content\/uploads\/sites\/23\/2026\/04\/Pieza-general-3.jpeg","type":"image\/jpeg"}],"author":"creamanitas","twitter_card":"summary_large_image","twitter_misc":{"Escrito por":"creamanitas","Tiempo de lectura":"1 minuto"},"schema":{"@context":"https:\/\/schema.org","@graph":[{"@type":"WebPage","@id":"https:\/\/www.crea.gov.co\/crea-manitas\/llego-nuestra-celecracion-del-dia-de-la-ninez\/","url":"https:\/\/www.crea.gov.co\/crea-manitas\/llego-nuestra-celecracion-del-dia-de-la-ninez\/","name":"LLEG\u00d3 NUESTRA CELECRACI\u00d3N DEL D\u00cdA DE LA NI\u00d1EZ - Crea Manitas","isPartOf":{"@id":"https:\/\/www.crea.gov.co\/crea-manitas\/#website"},"primaryImageOfPage":{"@id":"https:\/\/www.crea.gov.co\/crea-manitas\/llego-nuestra-celecracion-del-dia-de-la-ninez\/#primaryimage"},"image":{"@id":"https:\/\/www.crea.gov.co\/crea-manitas\/llego-nuestra-celecracion-del-dia-de-la-ninez\/#primaryimage"},"thumbnailUrl":"https:\/\/www.crea.gov.co\/crea-manitas\/wp-content\/uploads\/sites\/23\/2026\/04\/Pieza-general-3.jpeg","datePublished":"2026-04-24T21:38:30+00:00","author":{"@id":"https:\/\/www.crea.gov.co\/crea-manitas\/#\/schema\/person\/8a91c4a807a18c3d97f41a833e9bc78e"},"breadcrumb":{"@id":"https:\/\/www.crea.gov.co\/crea-manitas\/llego-nuestra-celecracion-del-dia-de-la-ninez\/#breadcrumb"},"inLanguage":"es-CO","potentialAction":[{"@type":"ReadAction","target":["https:\/\/www.crea.gov.co\/crea-manitas\/llego-nuestra-celecracion-del-dia-de-la-ninez\/"]}]},{"@type":"ImageObject","inLanguage":"es-CO","@id":"https:\/\/www.crea.gov.co\/crea-manitas\/llego-nuestra-celecracion-del-dia-de-la-ninez\/#primaryimage","url":"https:\/\/www.crea.gov.co\/crea-manitas\/wp-content\/uploads\/sites\/23\/2026\/04\/Pieza-general-3.jpeg","contentUrl":"https:\/\/www.crea.gov.co\/crea-manitas\/wp-content\/uploads\/sites\/23\/2026\/04\/Pieza-general-3.jpeg","width":1074,"height":1433},{"@type":"BreadcrumbList","@id":"https:\/\/www.crea.gov.co\/crea-manitas\/llego-nuestra-celecracion-del-dia-de-la-ninez\/#breadcrumb","itemListElement":[{"@type":"ListItem","position":1,"name":"Inicio","item":"https:\/\/www.crea.gov.co\/crea-manitas\/"},{"@type":"ListItem","position":2,"name":"LLEG\u00d3 NUESTRA CELECRACI\u00d3N DEL D\u00cdA DE LA NI\u00d1EZ"}]},{"@type":"WebSite","@id":"https:\/\/www.crea.gov.co\/crea-manitas\/#website","url":"https:\/\/www.crea.gov.co\/crea-manitas\/","name":"Crea Manitas","description":"En Ciudad Bol\u00edvar, junto a la estaci\u00f3n del TransMiCable, este espacio mira hacia una ciudad que se extiende hasta el horizonte. La creatividad se inspira en esa vista abierta, donde las ideas circulan libres, como los cables que conectan barrios y personas. Aqu\u00ed, la comunidad encuentra un lugar para so\u00f1ar, crear y hacer crecer sus proyectos con la misma libertad con la que se despliega la ciudad.","potentialAction":[{"@type":"SearchAction","target":{"@type":"EntryPoint","urlTemplate":"https:\/\/www.crea.gov.co\/crea-manitas\/?s={search_term_string}"},"query-input":{"@type":"PropertyValueSpecification","valueRequired":true,"valueName":"search_term_string"}}],"inLanguage":"es-CO"},{"@type":"Person","@id":"https:\/\/www.crea.gov.co\/crea-manitas\/#\/schema\/person\/8a91c4a807a18c3d97f41a833e9bc78e","name":"creamanitas","image":{"@type":"ImageObject","inLanguage":"es-CO","@id":"https:\/\/www.crea.gov.co\/crea-manitas\/#\/schema\/person\/image\/","url":"https:\/\/secure.gravatar.com\/avatar\/a93cebf25ba72f97e5e70db841b6d642?s=96&d=mm&r=g","contentUrl":"https:\/\/secure.gravatar.com\/avatar\/a93cebf25ba72f97e5e70db841b6d642?s=96&d=mm&r=g","caption":"creamanitas"},"url":"https:\/\/www.crea.gov.co\/crea-manitas\/author\/creamanitas\/"}]}},"_links":{"self":[{"href":"https:\/\/www.crea.gov.co\/crea-manitas\/wp-json\/wp\/v2\/posts\/2498","targetHints":{"allow":["GET"]}}],"collection":[{"href":"https:\/\/www.crea.gov.co\/crea-manitas\/wp-json\/wp\/v2\/posts"}],"about":[{"href":"https:\/\/www.crea.gov.co\/crea-manitas\/wp-json\/wp\/v2\/types\/post"}],"author":[{"embeddable":true,"href":"https:\/\/www.crea.gov.co\/crea-manitas\/wp-json\/wp\/v2\/users\/98"}],"replies":[{"embeddable":true,"href":"https:\/\/www.crea.gov.co\/crea-manitas\/wp-json\/wp\/v2\/comments?post=2498"}],"version-history":[{"count":1,"href":"https:\/\/www.crea.gov.co\/crea-manitas\/wp-json\/wp\/v2\/posts\/2498\/revisions"}],"predecessor-version":[{"id":2500,"href":"https:\/\/www.crea.gov.co\/crea-manitas\/wp-json\/wp\/v2\/posts\/2498\/revisions\/2500"}],"wp:featuredmedia":[{"embeddable":true,"href":"https:\/\/www.crea.gov.co\/crea-manitas\/wp-json\/wp\/v2\/media\/2492"}],"wp:attachment":[{"href":"https:\/\/www.crea.gov.co\/crea-manitas\/wp-json\/wp\/v2\/media?parent=2498"}],"wp:term":[{"taxonomy":"category","embeddable":true,"href":"https:\/\/www.crea.gov.co\/crea-manitas\/wp-json\/wp\/v2\/categories?post=2498"},{"taxonomy":"post_tag","embeddable":true,"href":"https:\/\/www.crea.gov.co\/crea-manitas\/wp-json\/wp\/v2\/tags?post=2498"}],"curies":[{"name":"wp","href":"https:\/\/api.w.org\/{rel}","templated":true}]}}