{"id":2497,"date":"2026-04-17T16:33:30","date_gmt":"2026-04-17T21:33:30","guid":{"rendered":"https:\/\/www.crea.gov.co\/crea-manitas\/?p=2497"},"modified":"2026-04-24T16:43:58","modified_gmt":"2026-04-24T21:43:58","slug":"produccion-musical-en-el-crea-manitas","status":"publish","type":"post","link":"https:\/\/www.crea.gov.co\/crea-manitas\/produccion-musical-en-el-crea-manitas\/","title":{"rendered":"PRODUCCI\u00d3N M\u00daSICAL EN EL CREA MANITAS"},"content":{"rendered":"<div class=\"wp-block-image\">\n<figure class=\"aligncenter size-large\"><img loading=\"lazy\" decoding=\"async\" width=\"566\" height=\"1024\" src=\"https:\/\/www.crea.gov.co\/crea-manitas\/wp-content\/uploads\/sites\/23\/2026\/04\/WhatsApp-Image-2026-04-21-at-12.09.34-PM-566x1024.jpeg\" alt=\"\" class=\"wp-image-2501\" srcset=\"https:\/\/www.crea.gov.co\/crea-manitas\/wp-content\/uploads\/sites\/23\/2026\/04\/WhatsApp-Image-2026-04-21-at-12.09.34-PM-566x1024.jpeg 566w, https:\/\/www.crea.gov.co\/crea-manitas\/wp-content\/uploads\/sites\/23\/2026\/04\/WhatsApp-Image-2026-04-21-at-12.09.34-PM-166x300.jpeg 166w, https:\/\/www.crea.gov.co\/crea-manitas\/wp-content\/uploads\/sites\/23\/2026\/04\/WhatsApp-Image-2026-04-21-at-12.09.34-PM.jpeg 707w\" sizes=\"auto, (max-width: 566px) 100vw, 566px\" \/><\/figure><\/div>\n\n\n<p class=\"has-text-align-left\">El proceso de producci\u00f3n musical del crea manitas se ha caracterizado por ser un espacio donde los participantes han podido materializar sus proyectos musicales, realizando grabaciones y nuevas alianzas que han aportado a su crecimiento art\u00edstico desde lo personal y lo colectivo. <\/p>\n\n\n\n<p class=\"has-text-align-left\">El \u00faltimo proceso pudimos realizar la grabaci\u00f3n audiovisual de un ensamble musical donde realizamos preparaci\u00f3n, mezcla y r\u00e9cord de coros, voces principales, secuenciadores, Dj y guitarras en vivo. <\/p>\n\n\n\n<p class=\"has-text-align-left\">Esta experiencia fue visibilizada en la cinemateca distrital durante la jornada de muestras CREA<\/p>\n\n\n\n<p class=\"has-text-align-left\">Queremos continuar con el proceso de producci\u00f3n musical, por esto la invitaci\u00f3n est\u00e1 abierta para que se vinculen y hagan parte de este proceso maravilloso.<\/p>\n\n\n\n<p><\/p>\n","protected":false},"excerpt":{"rendered":"<p>El proceso de producci\u00f3n musical del crea manitas se ha caracterizado por ser un espacio donde los participantes han podido materializar sus proyectos musicales, realizando grabaciones y nuevas alianzas que han aportado a su crecimiento art\u00edstico desde lo personal y lo colectivo. El \u00faltimo proceso pudimos realizar la grabaci\u00f3n audiovisual de un ensamble musical donde [&hellip;]<\/p>\n","protected":false},"author":98,"featured_media":2501,"comment_status":"open","ping_status":"open","sticky":false,"template":"","format":"standard","meta":{"footnotes":""},"categories":[1],"tags":[],"class_list":["post-2497","post","type-post","status-publish","format-standard","has-post-thumbnail","hentry","category-sin-categoria"],"yoast_head":"<!-- This site is optimized with the Yoast SEO plugin v24.5 - https:\/\/yoast.com\/wordpress\/plugins\/seo\/ -->\n<title>PRODUCCI\u00d3N M\u00daSICAL EN EL CREA MANITAS - Crea Manitas<\/title>\n<meta name=\"robots\" content=\"index, follow, max-snippet:-1, max-image-preview:large, max-video-preview:-1\" \/>\n<link rel=\"canonical\" href=\"https:\/\/www.crea.gov.co\/crea-manitas\/produccion-musical-en-el-crea-manitas\/\" \/>\n<meta property=\"og:locale\" content=\"es_ES\" \/>\n<meta property=\"og:type\" content=\"article\" \/>\n<meta property=\"og:title\" content=\"PRODUCCI\u00d3N M\u00daSICAL EN EL CREA MANITAS - Crea Manitas\" \/>\n<meta property=\"og:description\" content=\"El proceso de producci\u00f3n musical del crea manitas se ha caracterizado por ser un espacio donde los participantes han podido materializar sus proyectos musicales, realizando grabaciones y nuevas alianzas que han aportado a su crecimiento art\u00edstico desde lo personal y lo colectivo. El \u00faltimo proceso pudimos realizar la grabaci\u00f3n audiovisual de un ensamble musical donde [&hellip;]\" \/>\n<meta property=\"og:url\" content=\"https:\/\/www.crea.gov.co\/crea-manitas\/produccion-musical-en-el-crea-manitas\/\" \/>\n<meta property=\"og:site_name\" content=\"Crea Manitas\" \/>\n<meta property=\"article:published_time\" content=\"2026-04-17T21:33:30+00:00\" \/>\n<meta property=\"article:modified_time\" content=\"2026-04-24T21:43:58+00:00\" \/>\n<meta property=\"og:image\" content=\"https:\/\/www.crea.gov.co\/crea-manitas\/wp-content\/uploads\/sites\/23\/2026\/04\/WhatsApp-Image-2026-04-21-at-12.09.34-PM.jpeg\" \/>\n\t<meta property=\"og:image:width\" content=\"707\" \/>\n\t<meta property=\"og:image:height\" content=\"1280\" \/>\n\t<meta property=\"og:image:type\" content=\"image\/jpeg\" \/>\n<meta name=\"author\" content=\"creamanitas\" \/>\n<meta name=\"twitter:card\" content=\"summary_large_image\" \/>\n<meta name=\"twitter:label1\" content=\"Escrito por\" \/>\n\t<meta name=\"twitter:data1\" content=\"creamanitas\" \/>\n\t<meta name=\"twitter:label2\" content=\"Tiempo de lectura\" \/>\n\t<meta name=\"twitter:data2\" content=\"1 minuto\" \/>\n<script type=\"application\/ld+json\" class=\"yoast-schema-graph\">{\"@context\":\"https:\/\/schema.org\",\"@graph\":[{\"@type\":\"WebPage\",\"@id\":\"https:\/\/www.crea.gov.co\/crea-manitas\/produccion-musical-en-el-crea-manitas\/\",\"url\":\"https:\/\/www.crea.gov.co\/crea-manitas\/produccion-musical-en-el-crea-manitas\/\",\"name\":\"PRODUCCI\u00d3N M\u00daSICAL EN EL CREA MANITAS - Crea Manitas\",\"isPartOf\":{\"@id\":\"https:\/\/www.crea.gov.co\/crea-manitas\/#website\"},\"primaryImageOfPage\":{\"@id\":\"https:\/\/www.crea.gov.co\/crea-manitas\/produccion-musical-en-el-crea-manitas\/#primaryimage\"},\"image\":{\"@id\":\"https:\/\/www.crea.gov.co\/crea-manitas\/produccion-musical-en-el-crea-manitas\/#primaryimage\"},\"thumbnailUrl\":\"https:\/\/www.crea.gov.co\/crea-manitas\/wp-content\/uploads\/sites\/23\/2026\/04\/WhatsApp-Image-2026-04-21-at-12.09.34-PM.jpeg\",\"datePublished\":\"2026-04-17T21:33:30+00:00\",\"dateModified\":\"2026-04-24T21:43:58+00:00\",\"author\":{\"@id\":\"https:\/\/www.crea.gov.co\/crea-manitas\/#\/schema\/person\/8a91c4a807a18c3d97f41a833e9bc78e\"},\"breadcrumb\":{\"@id\":\"https:\/\/www.crea.gov.co\/crea-manitas\/produccion-musical-en-el-crea-manitas\/#breadcrumb\"},\"inLanguage\":\"es-CO\",\"potentialAction\":[{\"@type\":\"ReadAction\",\"target\":[\"https:\/\/www.crea.gov.co\/crea-manitas\/produccion-musical-en-el-crea-manitas\/\"]}]},{\"@type\":\"ImageObject\",\"inLanguage\":\"es-CO\",\"@id\":\"https:\/\/www.crea.gov.co\/crea-manitas\/produccion-musical-en-el-crea-manitas\/#primaryimage\",\"url\":\"https:\/\/www.crea.gov.co\/crea-manitas\/wp-content\/uploads\/sites\/23\/2026\/04\/WhatsApp-Image-2026-04-21-at-12.09.34-PM.jpeg\",\"contentUrl\":\"https:\/\/www.crea.gov.co\/crea-manitas\/wp-content\/uploads\/sites\/23\/2026\/04\/WhatsApp-Image-2026-04-21-at-12.09.34-PM.jpeg\",\"width\":707,\"height\":1280},{\"@type\":\"BreadcrumbList\",\"@id\":\"https:\/\/www.crea.gov.co\/crea-manitas\/produccion-musical-en-el-crea-manitas\/#breadcrumb\",\"itemListElement\":[{\"@type\":\"ListItem\",\"position\":1,\"name\":\"Inicio\",\"item\":\"https:\/\/www.crea.gov.co\/crea-manitas\/\"},{\"@type\":\"ListItem\",\"position\":2,\"name\":\"PRODUCCI\u00d3N M\u00daSICAL EN EL CREA MANITAS\"}]},{\"@type\":\"WebSite\",\"@id\":\"https:\/\/www.crea.gov.co\/crea-manitas\/#website\",\"url\":\"https:\/\/www.crea.gov.co\/crea-manitas\/\",\"name\":\"Crea Manitas\",\"description\":\"En Ciudad Bol\u00edvar, junto a la estaci\u00f3n del TransMiCable, este espacio mira hacia una ciudad que se extiende hasta el horizonte. La creatividad se inspira en esa vista abierta, donde las ideas circulan libres, como los cables que conectan barrios y personas. Aqu\u00ed, la comunidad encuentra un lugar para so\u00f1ar, crear y hacer crecer sus proyectos con la misma libertad con la que se despliega la ciudad.\",\"potentialAction\":[{\"@type\":\"SearchAction\",\"target\":{\"@type\":\"EntryPoint\",\"urlTemplate\":\"https:\/\/www.crea.gov.co\/crea-manitas\/?s={search_term_string}\"},\"query-input\":{\"@type\":\"PropertyValueSpecification\",\"valueRequired\":true,\"valueName\":\"search_term_string\"}}],\"inLanguage\":\"es-CO\"},{\"@type\":\"Person\",\"@id\":\"https:\/\/www.crea.gov.co\/crea-manitas\/#\/schema\/person\/8a91c4a807a18c3d97f41a833e9bc78e\",\"name\":\"creamanitas\",\"image\":{\"@type\":\"ImageObject\",\"inLanguage\":\"es-CO\",\"@id\":\"https:\/\/www.crea.gov.co\/crea-manitas\/#\/schema\/person\/image\/\",\"url\":\"https:\/\/secure.gravatar.com\/avatar\/a93cebf25ba72f97e5e70db841b6d642?s=96&d=mm&r=g\",\"contentUrl\":\"https:\/\/secure.gravatar.com\/avatar\/a93cebf25ba72f97e5e70db841b6d642?s=96&d=mm&r=g\",\"caption\":\"creamanitas\"},\"url\":\"https:\/\/www.crea.gov.co\/crea-manitas\/author\/creamanitas\/\"}]}<\/script>\n<!-- \/ Yoast SEO plugin. -->","yoast_head_json":{"title":"PRODUCCI\u00d3N M\u00daSICAL EN EL CREA MANITAS - Crea Manitas","robots":{"index":"index","follow":"follow","max-snippet":"max-snippet:-1","max-image-preview":"max-image-preview:large","max-video-preview":"max-video-preview:-1"},"canonical":"https:\/\/www.crea.gov.co\/crea-manitas\/produccion-musical-en-el-crea-manitas\/","og_locale":"es_ES","og_type":"article","og_title":"PRODUCCI\u00d3N M\u00daSICAL EN EL CREA MANITAS - Crea Manitas","og_description":"El proceso de producci\u00f3n musical del crea manitas se ha caracterizado por ser un espacio donde los participantes han podido materializar sus proyectos musicales, realizando grabaciones y nuevas alianzas que han aportado a su crecimiento art\u00edstico desde lo personal y lo colectivo. El \u00faltimo proceso pudimos realizar la grabaci\u00f3n audiovisual de un ensamble musical donde [&hellip;]","og_url":"https:\/\/www.crea.gov.co\/crea-manitas\/produccion-musical-en-el-crea-manitas\/","og_site_name":"Crea Manitas","article_published_time":"2026-04-17T21:33:30+00:00","article_modified_time":"2026-04-24T21:43:58+00:00","og_image":[{"width":707,"height":1280,"url":"https:\/\/www.crea.gov.co\/crea-manitas\/wp-content\/uploads\/sites\/23\/2026\/04\/WhatsApp-Image-2026-04-21-at-12.09.34-PM.jpeg","type":"image\/jpeg"}],"author":"creamanitas","twitter_card":"summary_large_image","twitter_misc":{"Escrito por":"creamanitas","Tiempo de lectura":"1 minuto"},"schema":{"@context":"https:\/\/schema.org","@graph":[{"@type":"WebPage","@id":"https:\/\/www.crea.gov.co\/crea-manitas\/produccion-musical-en-el-crea-manitas\/","url":"https:\/\/www.crea.gov.co\/crea-manitas\/produccion-musical-en-el-crea-manitas\/","name":"PRODUCCI\u00d3N M\u00daSICAL EN EL CREA MANITAS - Crea Manitas","isPartOf":{"@id":"https:\/\/www.crea.gov.co\/crea-manitas\/#website"},"primaryImageOfPage":{"@id":"https:\/\/www.crea.gov.co\/crea-manitas\/produccion-musical-en-el-crea-manitas\/#primaryimage"},"image":{"@id":"https:\/\/www.crea.gov.co\/crea-manitas\/produccion-musical-en-el-crea-manitas\/#primaryimage"},"thumbnailUrl":"https:\/\/www.crea.gov.co\/crea-manitas\/wp-content\/uploads\/sites\/23\/2026\/04\/WhatsApp-Image-2026-04-21-at-12.09.34-PM.jpeg","datePublished":"2026-04-17T21:33:30+00:00","dateModified":"2026-04-24T21:43:58+00:00","author":{"@id":"https:\/\/www.crea.gov.co\/crea-manitas\/#\/schema\/person\/8a91c4a807a18c3d97f41a833e9bc78e"},"breadcrumb":{"@id":"https:\/\/www.crea.gov.co\/crea-manitas\/produccion-musical-en-el-crea-manitas\/#breadcrumb"},"inLanguage":"es-CO","potentialAction":[{"@type":"ReadAction","target":["https:\/\/www.crea.gov.co\/crea-manitas\/produccion-musical-en-el-crea-manitas\/"]}]},{"@type":"ImageObject","inLanguage":"es-CO","@id":"https:\/\/www.crea.gov.co\/crea-manitas\/produccion-musical-en-el-crea-manitas\/#primaryimage","url":"https:\/\/www.crea.gov.co\/crea-manitas\/wp-content\/uploads\/sites\/23\/2026\/04\/WhatsApp-Image-2026-04-21-at-12.09.34-PM.jpeg","contentUrl":"https:\/\/www.crea.gov.co\/crea-manitas\/wp-content\/uploads\/sites\/23\/2026\/04\/WhatsApp-Image-2026-04-21-at-12.09.34-PM.jpeg","width":707,"height":1280},{"@type":"BreadcrumbList","@id":"https:\/\/www.crea.gov.co\/crea-manitas\/produccion-musical-en-el-crea-manitas\/#breadcrumb","itemListElement":[{"@type":"ListItem","position":1,"name":"Inicio","item":"https:\/\/www.crea.gov.co\/crea-manitas\/"},{"@type":"ListItem","position":2,"name":"PRODUCCI\u00d3N M\u00daSICAL EN EL CREA MANITAS"}]},{"@type":"WebSite","@id":"https:\/\/www.crea.gov.co\/crea-manitas\/#website","url":"https:\/\/www.crea.gov.co\/crea-manitas\/","name":"Crea Manitas","description":"En Ciudad Bol\u00edvar, junto a la estaci\u00f3n del TransMiCable, este espacio mira hacia una ciudad que se extiende hasta el horizonte. La creatividad se inspira en esa vista abierta, donde las ideas circulan libres, como los cables que conectan barrios y personas. Aqu\u00ed, la comunidad encuentra un lugar para so\u00f1ar, crear y hacer crecer sus proyectos con la misma libertad con la que se despliega la ciudad.","potentialAction":[{"@type":"SearchAction","target":{"@type":"EntryPoint","urlTemplate":"https:\/\/www.crea.gov.co\/crea-manitas\/?s={search_term_string}"},"query-input":{"@type":"PropertyValueSpecification","valueRequired":true,"valueName":"search_term_string"}}],"inLanguage":"es-CO"},{"@type":"Person","@id":"https:\/\/www.crea.gov.co\/crea-manitas\/#\/schema\/person\/8a91c4a807a18c3d97f41a833e9bc78e","name":"creamanitas","image":{"@type":"ImageObject","inLanguage":"es-CO","@id":"https:\/\/www.crea.gov.co\/crea-manitas\/#\/schema\/person\/image\/","url":"https:\/\/secure.gravatar.com\/avatar\/a93cebf25ba72f97e5e70db841b6d642?s=96&d=mm&r=g","contentUrl":"https:\/\/secure.gravatar.com\/avatar\/a93cebf25ba72f97e5e70db841b6d642?s=96&d=mm&r=g","caption":"creamanitas"},"url":"https:\/\/www.crea.gov.co\/crea-manitas\/author\/creamanitas\/"}]}},"_links":{"self":[{"href":"https:\/\/www.crea.gov.co\/crea-manitas\/wp-json\/wp\/v2\/posts\/2497","targetHints":{"allow":["GET"]}}],"collection":[{"href":"https:\/\/www.crea.gov.co\/crea-manitas\/wp-json\/wp\/v2\/posts"}],"about":[{"href":"https:\/\/www.crea.gov.co\/crea-manitas\/wp-json\/wp\/v2\/types\/post"}],"author":[{"embeddable":true,"href":"https:\/\/www.crea.gov.co\/crea-manitas\/wp-json\/wp\/v2\/users\/98"}],"replies":[{"embeddable":true,"href":"https:\/\/www.crea.gov.co\/crea-manitas\/wp-json\/wp\/v2\/comments?post=2497"}],"version-history":[{"count":1,"href":"https:\/\/www.crea.gov.co\/crea-manitas\/wp-json\/wp\/v2\/posts\/2497\/revisions"}],"predecessor-version":[{"id":2502,"href":"https:\/\/www.crea.gov.co\/crea-manitas\/wp-json\/wp\/v2\/posts\/2497\/revisions\/2502"}],"wp:featuredmedia":[{"embeddable":true,"href":"https:\/\/www.crea.gov.co\/crea-manitas\/wp-json\/wp\/v2\/media\/2501"}],"wp:attachment":[{"href":"https:\/\/www.crea.gov.co\/crea-manitas\/wp-json\/wp\/v2\/media?parent=2497"}],"wp:term":[{"taxonomy":"category","embeddable":true,"href":"https:\/\/www.crea.gov.co\/crea-manitas\/wp-json\/wp\/v2\/categories?post=2497"},{"taxonomy":"post_tag","embeddable":true,"href":"https:\/\/www.crea.gov.co\/crea-manitas\/wp-json\/wp\/v2\/tags?post=2497"}],"curies":[{"name":"wp","href":"https:\/\/api.w.org\/{rel}","templated":true}]}}