{"id":2491,"date":"2026-04-15T14:43:52","date_gmt":"2026-04-15T19:43:52","guid":{"rendered":"https:\/\/www.crea.gov.co\/crea-manitas\/?p=2491"},"modified":"2026-04-24T16:32:57","modified_gmt":"2026-04-24T21:32:57","slug":"proximamente-celebraremos-el-dia-del-nino-en-el-crea-manitas","status":"publish","type":"post","link":"https:\/\/www.crea.gov.co\/crea-manitas\/proximamente-celebraremos-el-dia-del-nino-en-el-crea-manitas\/","title":{"rendered":"PR\u00d3XIMAMENTE CELEBRAREMOS EL D\u00cdA DEL NI\u00d1O EN EL CREA MANITAS."},"content":{"rendered":"<div class=\"wp-block-image\">\n<figure class=\"aligncenter size-large is-resized\"><img loading=\"lazy\" decoding=\"async\" width=\"767\" height=\"1024\" src=\"https:\/\/www.crea.gov.co\/crea-manitas\/wp-content\/uploads\/sites\/23\/2026\/04\/Pieza-general-3-767x1024.jpeg\" alt=\"\" class=\"wp-image-2492\" style=\"width:767px;height:auto\" srcset=\"https:\/\/www.crea.gov.co\/crea-manitas\/wp-content\/uploads\/sites\/23\/2026\/04\/Pieza-general-3-767x1024.jpeg 767w, https:\/\/www.crea.gov.co\/crea-manitas\/wp-content\/uploads\/sites\/23\/2026\/04\/Pieza-general-3-225x300.jpeg 225w, https:\/\/www.crea.gov.co\/crea-manitas\/wp-content\/uploads\/sites\/23\/2026\/04\/Pieza-general-3-768x1025.jpeg 768w, https:\/\/www.crea.gov.co\/crea-manitas\/wp-content\/uploads\/sites\/23\/2026\/04\/Pieza-general-3.jpeg 1074w\" sizes=\"auto, (max-width: 767px) 100vw, 767px\" \/><\/figure><\/div>\n\n\n<p>Abril es para jugar, crear y disfrutar en familia.<\/p>\n\n\n\n<p class=\"has-text-align-left\">En el Mes de la Ni\u00f1ez, Idartes presenta una programaci\u00f3n llena de teatro, m\u00fasica, experiencias interactivas y actividades art\u00edsticas pensadas para ni\u00f1as, ni\u00f1os, sus familias y cuidadores en distintos escenarios de Bogot\u00e1. \ud83c\udfad\ud83c\udfb6<\/p>\n\n\n\n<p class=\"has-text-align-left\">Historias que despiertan la imaginaci\u00f3n, conciertos participativos, aventuras esc\u00e9nicas, experiencias sensoriales y espacios de juego hacen parte de esta agenda que invita a explorar, sentir y descubrir el arte de maneras \u00fanicas.<\/p>\n\n\n\n<p class=\"has-text-align-left\">Idartes invita a celebrar el mes de la ni\u00f1ez con una gran fiesta cultural y recreativa en Bogot\u00e1 \ud83c\udfad\u2728.<\/p>\n\n\n\n<p class=\"has-text-align-left\">A trav\u00e9s de Crea, se realizar\u00e1 una programaci\u00f3n especial con actividades que promueven el acceso a los derechos culturales a trav\u00e9s del arte y el juego \ud83e\udde9\ud83c\udfb6.<\/p>\n\n\n\n<figure class=\"wp-block-image size-full\"><img loading=\"lazy\" decoding=\"async\" width=\"863\" height=\"776\" src=\"https:\/\/www.crea.gov.co\/crea-manitas\/wp-content\/uploads\/sites\/23\/2026\/04\/image.png\" alt=\"\" class=\"wp-image-2494\" srcset=\"https:\/\/www.crea.gov.co\/crea-manitas\/wp-content\/uploads\/sites\/23\/2026\/04\/image.png 863w, https:\/\/www.crea.gov.co\/crea-manitas\/wp-content\/uploads\/sites\/23\/2026\/04\/image-300x270.png 300w, https:\/\/www.crea.gov.co\/crea-manitas\/wp-content\/uploads\/sites\/23\/2026\/04\/image-768x691.png 768w\" sizes=\"auto, (max-width: 863px) 100vw, 863px\" \/><\/figure>\n","protected":false},"excerpt":{"rendered":"<p>Abril es para jugar, crear y disfrutar en familia. En el Mes de la Ni\u00f1ez, Idartes presenta una programaci\u00f3n llena de teatro, m\u00fasica, experiencias interactivas y actividades art\u00edsticas pensadas para ni\u00f1as, ni\u00f1os, sus familias y cuidadores en distintos escenarios de Bogot\u00e1. \ud83c\udfad\ud83c\udfb6 Historias que despiertan la imaginaci\u00f3n, conciertos participativos, aventuras esc\u00e9nicas, experiencias sensoriales y espacios [&hellip;]<\/p>\n","protected":false},"author":98,"featured_media":2492,"comment_status":"open","ping_status":"open","sticky":false,"template":"","format":"standard","meta":{"footnotes":""},"categories":[1],"tags":[],"class_list":["post-2491","post","type-post","status-publish","format-standard","has-post-thumbnail","hentry","category-sin-categoria"],"yoast_head":"<!-- This site is optimized with the Yoast SEO plugin v24.5 - https:\/\/yoast.com\/wordpress\/plugins\/seo\/ -->\n<title>PR\u00d3XIMAMENTE CELEBRAREMOS EL D\u00cdA DEL NI\u00d1O EN EL CREA MANITAS. - Crea Manitas<\/title>\n<meta name=\"robots\" content=\"index, follow, max-snippet:-1, max-image-preview:large, max-video-preview:-1\" \/>\n<link rel=\"canonical\" href=\"https:\/\/www.crea.gov.co\/crea-manitas\/proximamente-celebraremos-el-dia-del-nino-en-el-crea-manitas\/\" \/>\n<meta property=\"og:locale\" content=\"es_ES\" \/>\n<meta property=\"og:type\" content=\"article\" \/>\n<meta property=\"og:title\" content=\"PR\u00d3XIMAMENTE CELEBRAREMOS EL D\u00cdA DEL NI\u00d1O EN EL CREA MANITAS. - Crea Manitas\" \/>\n<meta property=\"og:description\" content=\"Abril es para jugar, crear y disfrutar en familia. En el Mes de la Ni\u00f1ez, Idartes presenta una programaci\u00f3n llena de teatro, m\u00fasica, experiencias interactivas y actividades art\u00edsticas pensadas para ni\u00f1as, ni\u00f1os, sus familias y cuidadores en distintos escenarios de Bogot\u00e1. \ud83c\udfad\ud83c\udfb6 Historias que despiertan la imaginaci\u00f3n, conciertos participativos, aventuras esc\u00e9nicas, experiencias sensoriales y espacios [&hellip;]\" \/>\n<meta property=\"og:url\" content=\"https:\/\/www.crea.gov.co\/crea-manitas\/proximamente-celebraremos-el-dia-del-nino-en-el-crea-manitas\/\" \/>\n<meta property=\"og:site_name\" content=\"Crea Manitas\" \/>\n<meta property=\"article:published_time\" content=\"2026-04-15T19:43:52+00:00\" \/>\n<meta property=\"article:modified_time\" content=\"2026-04-24T21:32:57+00:00\" \/>\n<meta property=\"og:image\" content=\"https:\/\/www.crea.gov.co\/crea-manitas\/wp-content\/uploads\/sites\/23\/2026\/04\/Pieza-general-3.jpeg\" \/>\n\t<meta property=\"og:image:width\" content=\"1074\" \/>\n\t<meta property=\"og:image:height\" content=\"1433\" \/>\n\t<meta property=\"og:image:type\" content=\"image\/jpeg\" \/>\n<meta name=\"author\" content=\"creamanitas\" \/>\n<meta name=\"twitter:card\" content=\"summary_large_image\" \/>\n<meta name=\"twitter:label1\" content=\"Escrito por\" \/>\n\t<meta name=\"twitter:data1\" content=\"creamanitas\" \/>\n\t<meta name=\"twitter:label2\" content=\"Tiempo de lectura\" \/>\n\t<meta name=\"twitter:data2\" content=\"2 minutos\" \/>\n<script type=\"application\/ld+json\" class=\"yoast-schema-graph\">{\"@context\":\"https:\/\/schema.org\",\"@graph\":[{\"@type\":\"WebPage\",\"@id\":\"https:\/\/www.crea.gov.co\/crea-manitas\/proximamente-celebraremos-el-dia-del-nino-en-el-crea-manitas\/\",\"url\":\"https:\/\/www.crea.gov.co\/crea-manitas\/proximamente-celebraremos-el-dia-del-nino-en-el-crea-manitas\/\",\"name\":\"PR\u00d3XIMAMENTE CELEBRAREMOS EL D\u00cdA DEL NI\u00d1O EN EL CREA MANITAS. - Crea Manitas\",\"isPartOf\":{\"@id\":\"https:\/\/www.crea.gov.co\/crea-manitas\/#website\"},\"primaryImageOfPage\":{\"@id\":\"https:\/\/www.crea.gov.co\/crea-manitas\/proximamente-celebraremos-el-dia-del-nino-en-el-crea-manitas\/#primaryimage\"},\"image\":{\"@id\":\"https:\/\/www.crea.gov.co\/crea-manitas\/proximamente-celebraremos-el-dia-del-nino-en-el-crea-manitas\/#primaryimage\"},\"thumbnailUrl\":\"https:\/\/www.crea.gov.co\/crea-manitas\/wp-content\/uploads\/sites\/23\/2026\/04\/Pieza-general-3.jpeg\",\"datePublished\":\"2026-04-15T19:43:52+00:00\",\"dateModified\":\"2026-04-24T21:32:57+00:00\",\"author\":{\"@id\":\"https:\/\/www.crea.gov.co\/crea-manitas\/#\/schema\/person\/8a91c4a807a18c3d97f41a833e9bc78e\"},\"breadcrumb\":{\"@id\":\"https:\/\/www.crea.gov.co\/crea-manitas\/proximamente-celebraremos-el-dia-del-nino-en-el-crea-manitas\/#breadcrumb\"},\"inLanguage\":\"es-CO\",\"potentialAction\":[{\"@type\":\"ReadAction\",\"target\":[\"https:\/\/www.crea.gov.co\/crea-manitas\/proximamente-celebraremos-el-dia-del-nino-en-el-crea-manitas\/\"]}]},{\"@type\":\"ImageObject\",\"inLanguage\":\"es-CO\",\"@id\":\"https:\/\/www.crea.gov.co\/crea-manitas\/proximamente-celebraremos-el-dia-del-nino-en-el-crea-manitas\/#primaryimage\",\"url\":\"https:\/\/www.crea.gov.co\/crea-manitas\/wp-content\/uploads\/sites\/23\/2026\/04\/Pieza-general-3.jpeg\",\"contentUrl\":\"https:\/\/www.crea.gov.co\/crea-manitas\/wp-content\/uploads\/sites\/23\/2026\/04\/Pieza-general-3.jpeg\",\"width\":1074,\"height\":1433},{\"@type\":\"BreadcrumbList\",\"@id\":\"https:\/\/www.crea.gov.co\/crea-manitas\/proximamente-celebraremos-el-dia-del-nino-en-el-crea-manitas\/#breadcrumb\",\"itemListElement\":[{\"@type\":\"ListItem\",\"position\":1,\"name\":\"Inicio\",\"item\":\"https:\/\/www.crea.gov.co\/crea-manitas\/\"},{\"@type\":\"ListItem\",\"position\":2,\"name\":\"PR\u00d3XIMAMENTE CELEBRAREMOS EL D\u00cdA DEL NI\u00d1O EN EL CREA MANITAS.\"}]},{\"@type\":\"WebSite\",\"@id\":\"https:\/\/www.crea.gov.co\/crea-manitas\/#website\",\"url\":\"https:\/\/www.crea.gov.co\/crea-manitas\/\",\"name\":\"Crea Manitas\",\"description\":\"En Ciudad Bol\u00edvar, junto a la estaci\u00f3n del TransMiCable, este espacio mira hacia una ciudad que se extiende hasta el horizonte. La creatividad se inspira en esa vista abierta, donde las ideas circulan libres, como los cables que conectan barrios y personas. Aqu\u00ed, la comunidad encuentra un lugar para so\u00f1ar, crear y hacer crecer sus proyectos con la misma libertad con la que se despliega la ciudad.\",\"potentialAction\":[{\"@type\":\"SearchAction\",\"target\":{\"@type\":\"EntryPoint\",\"urlTemplate\":\"https:\/\/www.crea.gov.co\/crea-manitas\/?s={search_term_string}\"},\"query-input\":{\"@type\":\"PropertyValueSpecification\",\"valueRequired\":true,\"valueName\":\"search_term_string\"}}],\"inLanguage\":\"es-CO\"},{\"@type\":\"Person\",\"@id\":\"https:\/\/www.crea.gov.co\/crea-manitas\/#\/schema\/person\/8a91c4a807a18c3d97f41a833e9bc78e\",\"name\":\"creamanitas\",\"image\":{\"@type\":\"ImageObject\",\"inLanguage\":\"es-CO\",\"@id\":\"https:\/\/www.crea.gov.co\/crea-manitas\/#\/schema\/person\/image\/\",\"url\":\"https:\/\/secure.gravatar.com\/avatar\/a93cebf25ba72f97e5e70db841b6d642?s=96&d=mm&r=g\",\"contentUrl\":\"https:\/\/secure.gravatar.com\/avatar\/a93cebf25ba72f97e5e70db841b6d642?s=96&d=mm&r=g\",\"caption\":\"creamanitas\"},\"url\":\"https:\/\/www.crea.gov.co\/crea-manitas\/author\/creamanitas\/\"}]}<\/script>\n<!-- \/ Yoast SEO plugin. -->","yoast_head_json":{"title":"PR\u00d3XIMAMENTE CELEBRAREMOS EL D\u00cdA DEL NI\u00d1O EN EL CREA MANITAS. - Crea Manitas","robots":{"index":"index","follow":"follow","max-snippet":"max-snippet:-1","max-image-preview":"max-image-preview:large","max-video-preview":"max-video-preview:-1"},"canonical":"https:\/\/www.crea.gov.co\/crea-manitas\/proximamente-celebraremos-el-dia-del-nino-en-el-crea-manitas\/","og_locale":"es_ES","og_type":"article","og_title":"PR\u00d3XIMAMENTE CELEBRAREMOS EL D\u00cdA DEL NI\u00d1O EN EL CREA MANITAS. - Crea Manitas","og_description":"Abril es para jugar, crear y disfrutar en familia. En el Mes de la Ni\u00f1ez, Idartes presenta una programaci\u00f3n llena de teatro, m\u00fasica, experiencias interactivas y actividades art\u00edsticas pensadas para ni\u00f1as, ni\u00f1os, sus familias y cuidadores en distintos escenarios de Bogot\u00e1. \ud83c\udfad\ud83c\udfb6 Historias que despiertan la imaginaci\u00f3n, conciertos participativos, aventuras esc\u00e9nicas, experiencias sensoriales y espacios [&hellip;]","og_url":"https:\/\/www.crea.gov.co\/crea-manitas\/proximamente-celebraremos-el-dia-del-nino-en-el-crea-manitas\/","og_site_name":"Crea Manitas","article_published_time":"2026-04-15T19:43:52+00:00","article_modified_time":"2026-04-24T21:32:57+00:00","og_image":[{"width":1074,"height":1433,"url":"https:\/\/www.crea.gov.co\/crea-manitas\/wp-content\/uploads\/sites\/23\/2026\/04\/Pieza-general-3.jpeg","type":"image\/jpeg"}],"author":"creamanitas","twitter_card":"summary_large_image","twitter_misc":{"Escrito por":"creamanitas","Tiempo de lectura":"2 minutos"},"schema":{"@context":"https:\/\/schema.org","@graph":[{"@type":"WebPage","@id":"https:\/\/www.crea.gov.co\/crea-manitas\/proximamente-celebraremos-el-dia-del-nino-en-el-crea-manitas\/","url":"https:\/\/www.crea.gov.co\/crea-manitas\/proximamente-celebraremos-el-dia-del-nino-en-el-crea-manitas\/","name":"PR\u00d3XIMAMENTE CELEBRAREMOS EL D\u00cdA DEL NI\u00d1O EN EL CREA MANITAS. - Crea Manitas","isPartOf":{"@id":"https:\/\/www.crea.gov.co\/crea-manitas\/#website"},"primaryImageOfPage":{"@id":"https:\/\/www.crea.gov.co\/crea-manitas\/proximamente-celebraremos-el-dia-del-nino-en-el-crea-manitas\/#primaryimage"},"image":{"@id":"https:\/\/www.crea.gov.co\/crea-manitas\/proximamente-celebraremos-el-dia-del-nino-en-el-crea-manitas\/#primaryimage"},"thumbnailUrl":"https:\/\/www.crea.gov.co\/crea-manitas\/wp-content\/uploads\/sites\/23\/2026\/04\/Pieza-general-3.jpeg","datePublished":"2026-04-15T19:43:52+00:00","dateModified":"2026-04-24T21:32:57+00:00","author":{"@id":"https:\/\/www.crea.gov.co\/crea-manitas\/#\/schema\/person\/8a91c4a807a18c3d97f41a833e9bc78e"},"breadcrumb":{"@id":"https:\/\/www.crea.gov.co\/crea-manitas\/proximamente-celebraremos-el-dia-del-nino-en-el-crea-manitas\/#breadcrumb"},"inLanguage":"es-CO","potentialAction":[{"@type":"ReadAction","target":["https:\/\/www.crea.gov.co\/crea-manitas\/proximamente-celebraremos-el-dia-del-nino-en-el-crea-manitas\/"]}]},{"@type":"ImageObject","inLanguage":"es-CO","@id":"https:\/\/www.crea.gov.co\/crea-manitas\/proximamente-celebraremos-el-dia-del-nino-en-el-crea-manitas\/#primaryimage","url":"https:\/\/www.crea.gov.co\/crea-manitas\/wp-content\/uploads\/sites\/23\/2026\/04\/Pieza-general-3.jpeg","contentUrl":"https:\/\/www.crea.gov.co\/crea-manitas\/wp-content\/uploads\/sites\/23\/2026\/04\/Pieza-general-3.jpeg","width":1074,"height":1433},{"@type":"BreadcrumbList","@id":"https:\/\/www.crea.gov.co\/crea-manitas\/proximamente-celebraremos-el-dia-del-nino-en-el-crea-manitas\/#breadcrumb","itemListElement":[{"@type":"ListItem","position":1,"name":"Inicio","item":"https:\/\/www.crea.gov.co\/crea-manitas\/"},{"@type":"ListItem","position":2,"name":"PR\u00d3XIMAMENTE CELEBRAREMOS EL D\u00cdA DEL NI\u00d1O EN EL CREA MANITAS."}]},{"@type":"WebSite","@id":"https:\/\/www.crea.gov.co\/crea-manitas\/#website","url":"https:\/\/www.crea.gov.co\/crea-manitas\/","name":"Crea Manitas","description":"En Ciudad Bol\u00edvar, junto a la estaci\u00f3n del TransMiCable, este espacio mira hacia una ciudad que se extiende hasta el horizonte. La creatividad se inspira en esa vista abierta, donde las ideas circulan libres, como los cables que conectan barrios y personas. Aqu\u00ed, la comunidad encuentra un lugar para so\u00f1ar, crear y hacer crecer sus proyectos con la misma libertad con la que se despliega la ciudad.","potentialAction":[{"@type":"SearchAction","target":{"@type":"EntryPoint","urlTemplate":"https:\/\/www.crea.gov.co\/crea-manitas\/?s={search_term_string}"},"query-input":{"@type":"PropertyValueSpecification","valueRequired":true,"valueName":"search_term_string"}}],"inLanguage":"es-CO"},{"@type":"Person","@id":"https:\/\/www.crea.gov.co\/crea-manitas\/#\/schema\/person\/8a91c4a807a18c3d97f41a833e9bc78e","name":"creamanitas","image":{"@type":"ImageObject","inLanguage":"es-CO","@id":"https:\/\/www.crea.gov.co\/crea-manitas\/#\/schema\/person\/image\/","url":"https:\/\/secure.gravatar.com\/avatar\/a93cebf25ba72f97e5e70db841b6d642?s=96&d=mm&r=g","contentUrl":"https:\/\/secure.gravatar.com\/avatar\/a93cebf25ba72f97e5e70db841b6d642?s=96&d=mm&r=g","caption":"creamanitas"},"url":"https:\/\/www.crea.gov.co\/crea-manitas\/author\/creamanitas\/"}]}},"_links":{"self":[{"href":"https:\/\/www.crea.gov.co\/crea-manitas\/wp-json\/wp\/v2\/posts\/2491","targetHints":{"allow":["GET"]}}],"collection":[{"href":"https:\/\/www.crea.gov.co\/crea-manitas\/wp-json\/wp\/v2\/posts"}],"about":[{"href":"https:\/\/www.crea.gov.co\/crea-manitas\/wp-json\/wp\/v2\/types\/post"}],"author":[{"embeddable":true,"href":"https:\/\/www.crea.gov.co\/crea-manitas\/wp-json\/wp\/v2\/users\/98"}],"replies":[{"embeddable":true,"href":"https:\/\/www.crea.gov.co\/crea-manitas\/wp-json\/wp\/v2\/comments?post=2491"}],"version-history":[{"count":2,"href":"https:\/\/www.crea.gov.co\/crea-manitas\/wp-json\/wp\/v2\/posts\/2491\/revisions"}],"predecessor-version":[{"id":2496,"href":"https:\/\/www.crea.gov.co\/crea-manitas\/wp-json\/wp\/v2\/posts\/2491\/revisions\/2496"}],"wp:featuredmedia":[{"embeddable":true,"href":"https:\/\/www.crea.gov.co\/crea-manitas\/wp-json\/wp\/v2\/media\/2492"}],"wp:attachment":[{"href":"https:\/\/www.crea.gov.co\/crea-manitas\/wp-json\/wp\/v2\/media?parent=2491"}],"wp:term":[{"taxonomy":"category","embeddable":true,"href":"https:\/\/www.crea.gov.co\/crea-manitas\/wp-json\/wp\/v2\/categories?post=2491"},{"taxonomy":"post_tag","embeddable":true,"href":"https:\/\/www.crea.gov.co\/crea-manitas\/wp-json\/wp\/v2\/tags?post=2491"}],"curies":[{"name":"wp","href":"https:\/\/api.w.org\/{rel}","templated":true}]}}