{"id":2485,"date":"2026-03-30T11:54:00","date_gmt":"2026-03-30T16:54:00","guid":{"rendered":"https:\/\/www.crea.gov.co\/crea-manitas\/?p=2485"},"modified":"2026-04-04T21:11:36","modified_gmt":"2026-04-05T02:11:36","slug":"inicio-atencion-colegio-union-europea","status":"publish","type":"post","link":"https:\/\/www.crea.gov.co\/crea-manitas\/inicio-atencion-colegio-union-europea\/","title":{"rendered":"INICIO ATENCI\u00d3N COLEGIO UNI\u00d3N EUROPEA"},"content":{"rendered":"\n<figure class=\"wp-block-gallery has-nested-images columns-default is-cropped wp-block-gallery-1 is-layout-flex wp-block-gallery-is-layout-flex\">\n<figure class=\"wp-block-image size-large\"><img loading=\"lazy\" decoding=\"async\" width=\"1024\" height=\"576\" data-id=\"2489\" src=\"https:\/\/www.crea.gov.co\/crea-manitas\/wp-content\/uploads\/sites\/23\/2026\/04\/WhatsApp-Image-2026-03-24-at-3.48.07-PM-1-1024x576.jpeg\" alt=\"\" class=\"wp-image-2489\" srcset=\"https:\/\/www.crea.gov.co\/crea-manitas\/wp-content\/uploads\/sites\/23\/2026\/04\/WhatsApp-Image-2026-03-24-at-3.48.07-PM-1-1024x576.jpeg 1024w, https:\/\/www.crea.gov.co\/crea-manitas\/wp-content\/uploads\/sites\/23\/2026\/04\/WhatsApp-Image-2026-03-24-at-3.48.07-PM-1-300x169.jpeg 300w, https:\/\/www.crea.gov.co\/crea-manitas\/wp-content\/uploads\/sites\/23\/2026\/04\/WhatsApp-Image-2026-03-24-at-3.48.07-PM-1-768x432.jpeg 768w, https:\/\/www.crea.gov.co\/crea-manitas\/wp-content\/uploads\/sites\/23\/2026\/04\/WhatsApp-Image-2026-03-24-at-3.48.07-PM-1-1536x864.jpeg 1536w, https:\/\/www.crea.gov.co\/crea-manitas\/wp-content\/uploads\/sites\/23\/2026\/04\/WhatsApp-Image-2026-03-24-at-3.48.07-PM-1.jpeg 1599w\" sizes=\"auto, (max-width: 1024px) 100vw, 1024px\" \/><\/figure>\n\n\n\n<figure class=\"wp-block-image size-large\"><img loading=\"lazy\" decoding=\"async\" width=\"1024\" height=\"576\" data-id=\"2486\" src=\"https:\/\/www.crea.gov.co\/crea-manitas\/wp-content\/uploads\/sites\/23\/2026\/04\/WhatsApp-Image-2026-03-24-at-3.48.07-PM-1024x576.jpeg\" alt=\"\" class=\"wp-image-2486\" srcset=\"https:\/\/www.crea.gov.co\/crea-manitas\/wp-content\/uploads\/sites\/23\/2026\/04\/WhatsApp-Image-2026-03-24-at-3.48.07-PM-1024x576.jpeg 1024w, https:\/\/www.crea.gov.co\/crea-manitas\/wp-content\/uploads\/sites\/23\/2026\/04\/WhatsApp-Image-2026-03-24-at-3.48.07-PM-300x169.jpeg 300w, https:\/\/www.crea.gov.co\/crea-manitas\/wp-content\/uploads\/sites\/23\/2026\/04\/WhatsApp-Image-2026-03-24-at-3.48.07-PM-768x432.jpeg 768w, https:\/\/www.crea.gov.co\/crea-manitas\/wp-content\/uploads\/sites\/23\/2026\/04\/WhatsApp-Image-2026-03-24-at-3.48.07-PM-1536x864.jpeg 1536w, https:\/\/www.crea.gov.co\/crea-manitas\/wp-content\/uploads\/sites\/23\/2026\/04\/WhatsApp-Image-2026-03-24-at-3.48.07-PM.jpeg 1599w\" sizes=\"auto, (max-width: 1024px) 100vw, 1024px\" \/><\/figure>\n\n\n\n<figure class=\"wp-block-image size-large\"><img loading=\"lazy\" decoding=\"async\" width=\"576\" height=\"1024\" data-id=\"2488\" src=\"https:\/\/www.crea.gov.co\/crea-manitas\/wp-content\/uploads\/sites\/23\/2026\/04\/WhatsApp-Image-2026-03-24-at-9.54.25-AM-576x1024.jpeg\" alt=\"\" class=\"wp-image-2488\" srcset=\"https:\/\/www.crea.gov.co\/crea-manitas\/wp-content\/uploads\/sites\/23\/2026\/04\/WhatsApp-Image-2026-03-24-at-9.54.25-AM-576x1024.jpeg 576w, https:\/\/www.crea.gov.co\/crea-manitas\/wp-content\/uploads\/sites\/23\/2026\/04\/WhatsApp-Image-2026-03-24-at-9.54.25-AM-169x300.jpeg 169w, https:\/\/www.crea.gov.co\/crea-manitas\/wp-content\/uploads\/sites\/23\/2026\/04\/WhatsApp-Image-2026-03-24-at-9.54.25-AM-768x1366.jpeg 768w, https:\/\/www.crea.gov.co\/crea-manitas\/wp-content\/uploads\/sites\/23\/2026\/04\/WhatsApp-Image-2026-03-24-at-9.54.25-AM-864x1536.jpeg 864w, https:\/\/www.crea.gov.co\/crea-manitas\/wp-content\/uploads\/sites\/23\/2026\/04\/WhatsApp-Image-2026-03-24-at-9.54.25-AM.jpeg 899w\" sizes=\"auto, (max-width: 576px) 100vw, 576px\" \/><\/figure>\n\n\n\n<figure class=\"wp-block-image size-large\"><img loading=\"lazy\" decoding=\"async\" width=\"1024\" height=\"768\" data-id=\"2487\" src=\"https:\/\/www.crea.gov.co\/crea-manitas\/wp-content\/uploads\/sites\/23\/2026\/04\/WhatsApp-Image-2026-03-26-at-9.42.46-AM-1024x768.jpeg\" alt=\"\" class=\"wp-image-2487\" srcset=\"https:\/\/www.crea.gov.co\/crea-manitas\/wp-content\/uploads\/sites\/23\/2026\/04\/WhatsApp-Image-2026-03-26-at-9.42.46-AM-1024x768.jpeg 1024w, https:\/\/www.crea.gov.co\/crea-manitas\/wp-content\/uploads\/sites\/23\/2026\/04\/WhatsApp-Image-2026-03-26-at-9.42.46-AM-300x225.jpeg 300w, https:\/\/www.crea.gov.co\/crea-manitas\/wp-content\/uploads\/sites\/23\/2026\/04\/WhatsApp-Image-2026-03-26-at-9.42.46-AM-768x576.jpeg 768w, https:\/\/www.crea.gov.co\/crea-manitas\/wp-content\/uploads\/sites\/23\/2026\/04\/WhatsApp-Image-2026-03-26-at-9.42.46-AM-1536x1152.jpeg 1536w, https:\/\/www.crea.gov.co\/crea-manitas\/wp-content\/uploads\/sites\/23\/2026\/04\/WhatsApp-Image-2026-03-26-at-9.42.46-AM.jpeg 1600w\" sizes=\"auto, (max-width: 1024px) 100vw, 1024px\" \/><\/figure>\n<\/figure>\n\n\n\n<p>El pasado 24 de marzo el Crea Manitas llega a la Instituci\u00f3n Educativa Distrital Uni\u00f3n Europea con la oferta art\u00edstica talleres de formaci\u00f3n art\u00edstica en Audiovisuales, Teatro y Creaci\u00f3n Digital, \u00e1reas art\u00edsticas que aportaran conocimientos y fortalecer\u00e1 el proceso educativo de los estudiantes de esta instituci\u00f3n, pronto los estudiantes de esta instituci\u00f3n estar\u00e1n en las instalaciones del Crea Manitas.<\/p>\n\n\n\n<p><\/p>\n","protected":false},"excerpt":{"rendered":"<p>El pasado 24 de marzo el Crea Manitas llega a la Instituci\u00f3n Educativa Distrital Uni\u00f3n Europea con la oferta art\u00edstica talleres de formaci\u00f3n art\u00edstica en Audiovisuales, Teatro y Creaci\u00f3n Digital, \u00e1reas art\u00edsticas que aportaran conocimientos y fortalecer\u00e1 el proceso educativo de los estudiantes de esta instituci\u00f3n, pronto los estudiantes de esta instituci\u00f3n estar\u00e1n en las [&hellip;]<\/p>\n","protected":false},"author":98,"featured_media":2489,"comment_status":"open","ping_status":"open","sticky":false,"template":"","format":"standard","meta":{"footnotes":""},"categories":[1],"tags":[],"class_list":["post-2485","post","type-post","status-publish","format-standard","has-post-thumbnail","hentry","category-sin-categoria"],"yoast_head":"<!-- This site is optimized with the Yoast SEO plugin v24.5 - https:\/\/yoast.com\/wordpress\/plugins\/seo\/ -->\n<title>INICIO ATENCI\u00d3N COLEGIO UNI\u00d3N EUROPEA - Crea Manitas<\/title>\n<meta name=\"robots\" content=\"index, follow, max-snippet:-1, max-image-preview:large, max-video-preview:-1\" \/>\n<link rel=\"canonical\" href=\"https:\/\/www.crea.gov.co\/crea-manitas\/inicio-atencion-colegio-union-europea\/\" \/>\n<meta property=\"og:locale\" content=\"es_ES\" \/>\n<meta property=\"og:type\" content=\"article\" \/>\n<meta property=\"og:title\" content=\"INICIO ATENCI\u00d3N COLEGIO UNI\u00d3N EUROPEA - Crea Manitas\" \/>\n<meta property=\"og:description\" content=\"El pasado 24 de marzo el Crea Manitas llega a la Instituci\u00f3n Educativa Distrital Uni\u00f3n Europea con la oferta art\u00edstica talleres de formaci\u00f3n art\u00edstica en Audiovisuales, Teatro y Creaci\u00f3n Digital, \u00e1reas art\u00edsticas que aportaran conocimientos y fortalecer\u00e1 el proceso educativo de los estudiantes de esta instituci\u00f3n, pronto los estudiantes de esta instituci\u00f3n estar\u00e1n en las [&hellip;]\" \/>\n<meta property=\"og:url\" content=\"https:\/\/www.crea.gov.co\/crea-manitas\/inicio-atencion-colegio-union-europea\/\" \/>\n<meta property=\"og:site_name\" content=\"Crea Manitas\" \/>\n<meta property=\"article:published_time\" content=\"2026-03-30T16:54:00+00:00\" \/>\n<meta property=\"article:modified_time\" content=\"2026-04-05T02:11:36+00:00\" \/>\n<meta property=\"og:image\" content=\"https:\/\/www.crea.gov.co\/crea-manitas\/wp-content\/uploads\/sites\/23\/2026\/04\/WhatsApp-Image-2026-03-24-at-3.48.07-PM-1.jpeg\" \/>\n\t<meta property=\"og:image:width\" content=\"1599\" \/>\n\t<meta property=\"og:image:height\" content=\"899\" \/>\n\t<meta property=\"og:image:type\" content=\"image\/jpeg\" \/>\n<meta name=\"author\" content=\"creamanitas\" \/>\n<meta name=\"twitter:card\" content=\"summary_large_image\" \/>\n<meta name=\"twitter:label1\" content=\"Escrito por\" \/>\n\t<meta name=\"twitter:data1\" content=\"creamanitas\" \/>\n\t<meta name=\"twitter:label2\" content=\"Tiempo de lectura\" \/>\n\t<meta name=\"twitter:data2\" content=\"2 minutos\" \/>\n<script type=\"application\/ld+json\" class=\"yoast-schema-graph\">{\"@context\":\"https:\/\/schema.org\",\"@graph\":[{\"@type\":\"WebPage\",\"@id\":\"https:\/\/www.crea.gov.co\/crea-manitas\/inicio-atencion-colegio-union-europea\/\",\"url\":\"https:\/\/www.crea.gov.co\/crea-manitas\/inicio-atencion-colegio-union-europea\/\",\"name\":\"INICIO ATENCI\u00d3N COLEGIO UNI\u00d3N EUROPEA - Crea Manitas\",\"isPartOf\":{\"@id\":\"https:\/\/www.crea.gov.co\/crea-manitas\/#website\"},\"primaryImageOfPage\":{\"@id\":\"https:\/\/www.crea.gov.co\/crea-manitas\/inicio-atencion-colegio-union-europea\/#primaryimage\"},\"image\":{\"@id\":\"https:\/\/www.crea.gov.co\/crea-manitas\/inicio-atencion-colegio-union-europea\/#primaryimage\"},\"thumbnailUrl\":\"https:\/\/www.crea.gov.co\/crea-manitas\/wp-content\/uploads\/sites\/23\/2026\/04\/WhatsApp-Image-2026-03-24-at-3.48.07-PM-1.jpeg\",\"datePublished\":\"2026-03-30T16:54:00+00:00\",\"dateModified\":\"2026-04-05T02:11:36+00:00\",\"author\":{\"@id\":\"https:\/\/www.crea.gov.co\/crea-manitas\/#\/schema\/person\/8a91c4a807a18c3d97f41a833e9bc78e\"},\"breadcrumb\":{\"@id\":\"https:\/\/www.crea.gov.co\/crea-manitas\/inicio-atencion-colegio-union-europea\/#breadcrumb\"},\"inLanguage\":\"es-CO\",\"potentialAction\":[{\"@type\":\"ReadAction\",\"target\":[\"https:\/\/www.crea.gov.co\/crea-manitas\/inicio-atencion-colegio-union-europea\/\"]}]},{\"@type\":\"ImageObject\",\"inLanguage\":\"es-CO\",\"@id\":\"https:\/\/www.crea.gov.co\/crea-manitas\/inicio-atencion-colegio-union-europea\/#primaryimage\",\"url\":\"https:\/\/www.crea.gov.co\/crea-manitas\/wp-content\/uploads\/sites\/23\/2026\/04\/WhatsApp-Image-2026-03-24-at-3.48.07-PM-1.jpeg\",\"contentUrl\":\"https:\/\/www.crea.gov.co\/crea-manitas\/wp-content\/uploads\/sites\/23\/2026\/04\/WhatsApp-Image-2026-03-24-at-3.48.07-PM-1.jpeg\",\"width\":1599,\"height\":899},{\"@type\":\"BreadcrumbList\",\"@id\":\"https:\/\/www.crea.gov.co\/crea-manitas\/inicio-atencion-colegio-union-europea\/#breadcrumb\",\"itemListElement\":[{\"@type\":\"ListItem\",\"position\":1,\"name\":\"Inicio\",\"item\":\"https:\/\/www.crea.gov.co\/crea-manitas\/\"},{\"@type\":\"ListItem\",\"position\":2,\"name\":\"INICIO ATENCI\u00d3N COLEGIO UNI\u00d3N EUROPEA\"}]},{\"@type\":\"WebSite\",\"@id\":\"https:\/\/www.crea.gov.co\/crea-manitas\/#website\",\"url\":\"https:\/\/www.crea.gov.co\/crea-manitas\/\",\"name\":\"Crea Manitas\",\"description\":\"En Ciudad Bol\u00edvar, junto a la estaci\u00f3n del TransMiCable, este espacio mira hacia una ciudad que se extiende hasta el horizonte. La creatividad se inspira en esa vista abierta, donde las ideas circulan libres, como los cables que conectan barrios y personas. Aqu\u00ed, la comunidad encuentra un lugar para so\u00f1ar, crear y hacer crecer sus proyectos con la misma libertad con la que se despliega la ciudad.\",\"potentialAction\":[{\"@type\":\"SearchAction\",\"target\":{\"@type\":\"EntryPoint\",\"urlTemplate\":\"https:\/\/www.crea.gov.co\/crea-manitas\/?s={search_term_string}\"},\"query-input\":{\"@type\":\"PropertyValueSpecification\",\"valueRequired\":true,\"valueName\":\"search_term_string\"}}],\"inLanguage\":\"es-CO\"},{\"@type\":\"Person\",\"@id\":\"https:\/\/www.crea.gov.co\/crea-manitas\/#\/schema\/person\/8a91c4a807a18c3d97f41a833e9bc78e\",\"name\":\"creamanitas\",\"image\":{\"@type\":\"ImageObject\",\"inLanguage\":\"es-CO\",\"@id\":\"https:\/\/www.crea.gov.co\/crea-manitas\/#\/schema\/person\/image\/\",\"url\":\"https:\/\/secure.gravatar.com\/avatar\/a93cebf25ba72f97e5e70db841b6d642?s=96&d=mm&r=g\",\"contentUrl\":\"https:\/\/secure.gravatar.com\/avatar\/a93cebf25ba72f97e5e70db841b6d642?s=96&d=mm&r=g\",\"caption\":\"creamanitas\"},\"url\":\"https:\/\/www.crea.gov.co\/crea-manitas\/author\/creamanitas\/\"}]}<\/script>\n<!-- \/ Yoast SEO plugin. -->","yoast_head_json":{"title":"INICIO ATENCI\u00d3N COLEGIO UNI\u00d3N EUROPEA - Crea Manitas","robots":{"index":"index","follow":"follow","max-snippet":"max-snippet:-1","max-image-preview":"max-image-preview:large","max-video-preview":"max-video-preview:-1"},"canonical":"https:\/\/www.crea.gov.co\/crea-manitas\/inicio-atencion-colegio-union-europea\/","og_locale":"es_ES","og_type":"article","og_title":"INICIO ATENCI\u00d3N COLEGIO UNI\u00d3N EUROPEA - Crea Manitas","og_description":"El pasado 24 de marzo el Crea Manitas llega a la Instituci\u00f3n Educativa Distrital Uni\u00f3n Europea con la oferta art\u00edstica talleres de formaci\u00f3n art\u00edstica en Audiovisuales, Teatro y Creaci\u00f3n Digital, \u00e1reas art\u00edsticas que aportaran conocimientos y fortalecer\u00e1 el proceso educativo de los estudiantes de esta instituci\u00f3n, pronto los estudiantes de esta instituci\u00f3n estar\u00e1n en las [&hellip;]","og_url":"https:\/\/www.crea.gov.co\/crea-manitas\/inicio-atencion-colegio-union-europea\/","og_site_name":"Crea Manitas","article_published_time":"2026-03-30T16:54:00+00:00","article_modified_time":"2026-04-05T02:11:36+00:00","og_image":[{"width":1599,"height":899,"url":"https:\/\/www.crea.gov.co\/crea-manitas\/wp-content\/uploads\/sites\/23\/2026\/04\/WhatsApp-Image-2026-03-24-at-3.48.07-PM-1.jpeg","type":"image\/jpeg"}],"author":"creamanitas","twitter_card":"summary_large_image","twitter_misc":{"Escrito por":"creamanitas","Tiempo de lectura":"2 minutos"},"schema":{"@context":"https:\/\/schema.org","@graph":[{"@type":"WebPage","@id":"https:\/\/www.crea.gov.co\/crea-manitas\/inicio-atencion-colegio-union-europea\/","url":"https:\/\/www.crea.gov.co\/crea-manitas\/inicio-atencion-colegio-union-europea\/","name":"INICIO ATENCI\u00d3N COLEGIO UNI\u00d3N EUROPEA - Crea Manitas","isPartOf":{"@id":"https:\/\/www.crea.gov.co\/crea-manitas\/#website"},"primaryImageOfPage":{"@id":"https:\/\/www.crea.gov.co\/crea-manitas\/inicio-atencion-colegio-union-europea\/#primaryimage"},"image":{"@id":"https:\/\/www.crea.gov.co\/crea-manitas\/inicio-atencion-colegio-union-europea\/#primaryimage"},"thumbnailUrl":"https:\/\/www.crea.gov.co\/crea-manitas\/wp-content\/uploads\/sites\/23\/2026\/04\/WhatsApp-Image-2026-03-24-at-3.48.07-PM-1.jpeg","datePublished":"2026-03-30T16:54:00+00:00","dateModified":"2026-04-05T02:11:36+00:00","author":{"@id":"https:\/\/www.crea.gov.co\/crea-manitas\/#\/schema\/person\/8a91c4a807a18c3d97f41a833e9bc78e"},"breadcrumb":{"@id":"https:\/\/www.crea.gov.co\/crea-manitas\/inicio-atencion-colegio-union-europea\/#breadcrumb"},"inLanguage":"es-CO","potentialAction":[{"@type":"ReadAction","target":["https:\/\/www.crea.gov.co\/crea-manitas\/inicio-atencion-colegio-union-europea\/"]}]},{"@type":"ImageObject","inLanguage":"es-CO","@id":"https:\/\/www.crea.gov.co\/crea-manitas\/inicio-atencion-colegio-union-europea\/#primaryimage","url":"https:\/\/www.crea.gov.co\/crea-manitas\/wp-content\/uploads\/sites\/23\/2026\/04\/WhatsApp-Image-2026-03-24-at-3.48.07-PM-1.jpeg","contentUrl":"https:\/\/www.crea.gov.co\/crea-manitas\/wp-content\/uploads\/sites\/23\/2026\/04\/WhatsApp-Image-2026-03-24-at-3.48.07-PM-1.jpeg","width":1599,"height":899},{"@type":"BreadcrumbList","@id":"https:\/\/www.crea.gov.co\/crea-manitas\/inicio-atencion-colegio-union-europea\/#breadcrumb","itemListElement":[{"@type":"ListItem","position":1,"name":"Inicio","item":"https:\/\/www.crea.gov.co\/crea-manitas\/"},{"@type":"ListItem","position":2,"name":"INICIO ATENCI\u00d3N COLEGIO UNI\u00d3N EUROPEA"}]},{"@type":"WebSite","@id":"https:\/\/www.crea.gov.co\/crea-manitas\/#website","url":"https:\/\/www.crea.gov.co\/crea-manitas\/","name":"Crea Manitas","description":"En Ciudad Bol\u00edvar, junto a la estaci\u00f3n del TransMiCable, este espacio mira hacia una ciudad que se extiende hasta el horizonte. La creatividad se inspira en esa vista abierta, donde las ideas circulan libres, como los cables que conectan barrios y personas. Aqu\u00ed, la comunidad encuentra un lugar para so\u00f1ar, crear y hacer crecer sus proyectos con la misma libertad con la que se despliega la ciudad.","potentialAction":[{"@type":"SearchAction","target":{"@type":"EntryPoint","urlTemplate":"https:\/\/www.crea.gov.co\/crea-manitas\/?s={search_term_string}"},"query-input":{"@type":"PropertyValueSpecification","valueRequired":true,"valueName":"search_term_string"}}],"inLanguage":"es-CO"},{"@type":"Person","@id":"https:\/\/www.crea.gov.co\/crea-manitas\/#\/schema\/person\/8a91c4a807a18c3d97f41a833e9bc78e","name":"creamanitas","image":{"@type":"ImageObject","inLanguage":"es-CO","@id":"https:\/\/www.crea.gov.co\/crea-manitas\/#\/schema\/person\/image\/","url":"https:\/\/secure.gravatar.com\/avatar\/a93cebf25ba72f97e5e70db841b6d642?s=96&d=mm&r=g","contentUrl":"https:\/\/secure.gravatar.com\/avatar\/a93cebf25ba72f97e5e70db841b6d642?s=96&d=mm&r=g","caption":"creamanitas"},"url":"https:\/\/www.crea.gov.co\/crea-manitas\/author\/creamanitas\/"}]}},"_links":{"self":[{"href":"https:\/\/www.crea.gov.co\/crea-manitas\/wp-json\/wp\/v2\/posts\/2485","targetHints":{"allow":["GET"]}}],"collection":[{"href":"https:\/\/www.crea.gov.co\/crea-manitas\/wp-json\/wp\/v2\/posts"}],"about":[{"href":"https:\/\/www.crea.gov.co\/crea-manitas\/wp-json\/wp\/v2\/types\/post"}],"author":[{"embeddable":true,"href":"https:\/\/www.crea.gov.co\/crea-manitas\/wp-json\/wp\/v2\/users\/98"}],"replies":[{"embeddable":true,"href":"https:\/\/www.crea.gov.co\/crea-manitas\/wp-json\/wp\/v2\/comments?post=2485"}],"version-history":[{"count":1,"href":"https:\/\/www.crea.gov.co\/crea-manitas\/wp-json\/wp\/v2\/posts\/2485\/revisions"}],"predecessor-version":[{"id":2490,"href":"https:\/\/www.crea.gov.co\/crea-manitas\/wp-json\/wp\/v2\/posts\/2485\/revisions\/2490"}],"wp:featuredmedia":[{"embeddable":true,"href":"https:\/\/www.crea.gov.co\/crea-manitas\/wp-json\/wp\/v2\/media\/2489"}],"wp:attachment":[{"href":"https:\/\/www.crea.gov.co\/crea-manitas\/wp-json\/wp\/v2\/media?parent=2485"}],"wp:term":[{"taxonomy":"category","embeddable":true,"href":"https:\/\/www.crea.gov.co\/crea-manitas\/wp-json\/wp\/v2\/categories?post=2485"},{"taxonomy":"post_tag","embeddable":true,"href":"https:\/\/www.crea.gov.co\/crea-manitas\/wp-json\/wp\/v2\/tags?post=2485"}],"curies":[{"name":"wp","href":"https:\/\/api.w.org\/{rel}","templated":true}]}}