{"id":2482,"date":"2026-03-10T10:20:00","date_gmt":"2026-03-10T15:20:00","guid":{"rendered":"https:\/\/www.crea.gov.co\/crea-manitas\/?p=2482"},"modified":"2026-04-04T20:54:13","modified_gmt":"2026-04-05T01:54:13","slug":"inscripciones-taller-de-iniciacion-musical","status":"publish","type":"post","link":"https:\/\/www.crea.gov.co\/crea-manitas\/inscripciones-taller-de-iniciacion-musical\/","title":{"rendered":"INSCRIPCIONES TALLER DE INICIACI\u00d3N M\u00daSICAL"},"content":{"rendered":"<div class=\"wp-block-image\">\n<figure class=\"aligncenter size-large\"><img loading=\"lazy\" decoding=\"async\" width=\"724\" height=\"1024\" src=\"https:\/\/www.crea.gov.co\/crea-manitas\/wp-content\/uploads\/sites\/23\/2026\/04\/TALLER-DE-FORMACION-ARTITISTA-MUSICAL-PARA-NINOS-Y-JOVENES-12-A-18-ANOS_page-0001-724x1024.jpg\" alt=\"\" class=\"wp-image-2483\" srcset=\"https:\/\/www.crea.gov.co\/crea-manitas\/wp-content\/uploads\/sites\/23\/2026\/04\/TALLER-DE-FORMACION-ARTITISTA-MUSICAL-PARA-NINOS-Y-JOVENES-12-A-18-ANOS_page-0001-724x1024.jpg 724w, https:\/\/www.crea.gov.co\/crea-manitas\/wp-content\/uploads\/sites\/23\/2026\/04\/TALLER-DE-FORMACION-ARTITISTA-MUSICAL-PARA-NINOS-Y-JOVENES-12-A-18-ANOS_page-0001-212x300.jpg 212w, https:\/\/www.crea.gov.co\/crea-manitas\/wp-content\/uploads\/sites\/23\/2026\/04\/TALLER-DE-FORMACION-ARTITISTA-MUSICAL-PARA-NINOS-Y-JOVENES-12-A-18-ANOS_page-0001-768x1086.jpg 768w, https:\/\/www.crea.gov.co\/crea-manitas\/wp-content\/uploads\/sites\/23\/2026\/04\/TALLER-DE-FORMACION-ARTITISTA-MUSICAL-PARA-NINOS-Y-JOVENES-12-A-18-ANOS_page-0001-1086x1536.jpg 1086w, https:\/\/www.crea.gov.co\/crea-manitas\/wp-content\/uploads\/sites\/23\/2026\/04\/TALLER-DE-FORMACION-ARTITISTA-MUSICAL-PARA-NINOS-Y-JOVENES-12-A-18-ANOS_page-0001.jpg 1241w\" sizes=\"auto, (max-width: 724px) 100vw, 724px\" \/><\/figure><\/div>\n\n\n<p>Si tienes entre 12 y 18 a\u00f1os y vives en el sector, el taller musical del Crea Manitas es para ti. <\/p>\n\n\n\n<p>Es gratuito. Aprende rock, pop y jazz, teor\u00eda e improvisaci\u00f3n, y estudia el instrumento que m\u00e1s te guste: bajo, guitarra el\u00e9ctrica, saxof\u00f3n, bater\u00eda o percusi\u00f3n. \u00a1Inscr\u00edbete y haz m\u00fasica!<\/p>\n\n\n\n<p><\/p>\n","protected":false},"excerpt":{"rendered":"<p>Si tienes entre 12 y 18 a\u00f1os y vives en el sector, el taller musical del Crea Manitas es para ti. Es gratuito. Aprende rock, pop y jazz, teor\u00eda e improvisaci\u00f3n, y estudia el instrumento que m\u00e1s te guste: bajo, guitarra el\u00e9ctrica, saxof\u00f3n, bater\u00eda o percusi\u00f3n. \u00a1Inscr\u00edbete y haz m\u00fasica!<\/p>\n","protected":false},"author":98,"featured_media":2483,"comment_status":"open","ping_status":"open","sticky":false,"template":"","format":"standard","meta":{"footnotes":""},"categories":[1],"tags":[],"class_list":["post-2482","post","type-post","status-publish","format-standard","has-post-thumbnail","hentry","category-sin-categoria"],"yoast_head":"<!-- This site is optimized with the Yoast SEO plugin v24.5 - https:\/\/yoast.com\/wordpress\/plugins\/seo\/ -->\n<title>INSCRIPCIONES TALLER DE INICIACI\u00d3N M\u00daSICAL - Crea Manitas<\/title>\n<meta name=\"robots\" content=\"index, follow, max-snippet:-1, max-image-preview:large, max-video-preview:-1\" \/>\n<link rel=\"canonical\" href=\"https:\/\/www.crea.gov.co\/crea-manitas\/inscripciones-taller-de-iniciacion-musical\/\" \/>\n<meta property=\"og:locale\" content=\"es_ES\" \/>\n<meta property=\"og:type\" content=\"article\" \/>\n<meta property=\"og:title\" content=\"INSCRIPCIONES TALLER DE INICIACI\u00d3N M\u00daSICAL - Crea Manitas\" \/>\n<meta property=\"og:description\" content=\"Si tienes entre 12 y 18 a\u00f1os y vives en el sector, el taller musical del Crea Manitas es para ti. Es gratuito. Aprende rock, pop y jazz, teor\u00eda e improvisaci\u00f3n, y estudia el instrumento que m\u00e1s te guste: bajo, guitarra el\u00e9ctrica, saxof\u00f3n, bater\u00eda o percusi\u00f3n. \u00a1Inscr\u00edbete y haz m\u00fasica!\" \/>\n<meta property=\"og:url\" content=\"https:\/\/www.crea.gov.co\/crea-manitas\/inscripciones-taller-de-iniciacion-musical\/\" \/>\n<meta property=\"og:site_name\" content=\"Crea Manitas\" \/>\n<meta property=\"article:published_time\" content=\"2026-03-10T15:20:00+00:00\" \/>\n<meta property=\"article:modified_time\" content=\"2026-04-05T01:54:13+00:00\" \/>\n<meta property=\"og:image\" content=\"https:\/\/www.crea.gov.co\/crea-manitas\/wp-content\/uploads\/sites\/23\/2026\/04\/TALLER-DE-FORMACION-ARTITISTA-MUSICAL-PARA-NINOS-Y-JOVENES-12-A-18-ANOS_page-0001.jpg\" \/>\n\t<meta property=\"og:image:width\" content=\"1241\" \/>\n\t<meta property=\"og:image:height\" content=\"1755\" \/>\n\t<meta property=\"og:image:type\" content=\"image\/jpeg\" \/>\n<meta name=\"author\" content=\"creamanitas\" \/>\n<meta name=\"twitter:card\" content=\"summary_large_image\" \/>\n<meta name=\"twitter:label1\" content=\"Escrito por\" \/>\n\t<meta name=\"twitter:data1\" content=\"creamanitas\" \/>\n\t<meta name=\"twitter:label2\" content=\"Tiempo de lectura\" \/>\n\t<meta name=\"twitter:data2\" content=\"1 minuto\" \/>\n<script type=\"application\/ld+json\" class=\"yoast-schema-graph\">{\"@context\":\"https:\/\/schema.org\",\"@graph\":[{\"@type\":\"WebPage\",\"@id\":\"https:\/\/www.crea.gov.co\/crea-manitas\/inscripciones-taller-de-iniciacion-musical\/\",\"url\":\"https:\/\/www.crea.gov.co\/crea-manitas\/inscripciones-taller-de-iniciacion-musical\/\",\"name\":\"INSCRIPCIONES TALLER DE INICIACI\u00d3N M\u00daSICAL - Crea Manitas\",\"isPartOf\":{\"@id\":\"https:\/\/www.crea.gov.co\/crea-manitas\/#website\"},\"primaryImageOfPage\":{\"@id\":\"https:\/\/www.crea.gov.co\/crea-manitas\/inscripciones-taller-de-iniciacion-musical\/#primaryimage\"},\"image\":{\"@id\":\"https:\/\/www.crea.gov.co\/crea-manitas\/inscripciones-taller-de-iniciacion-musical\/#primaryimage\"},\"thumbnailUrl\":\"https:\/\/www.crea.gov.co\/crea-manitas\/wp-content\/uploads\/sites\/23\/2026\/04\/TALLER-DE-FORMACION-ARTITISTA-MUSICAL-PARA-NINOS-Y-JOVENES-12-A-18-ANOS_page-0001.jpg\",\"datePublished\":\"2026-03-10T15:20:00+00:00\",\"dateModified\":\"2026-04-05T01:54:13+00:00\",\"author\":{\"@id\":\"https:\/\/www.crea.gov.co\/crea-manitas\/#\/schema\/person\/8a91c4a807a18c3d97f41a833e9bc78e\"},\"breadcrumb\":{\"@id\":\"https:\/\/www.crea.gov.co\/crea-manitas\/inscripciones-taller-de-iniciacion-musical\/#breadcrumb\"},\"inLanguage\":\"es-CO\",\"potentialAction\":[{\"@type\":\"ReadAction\",\"target\":[\"https:\/\/www.crea.gov.co\/crea-manitas\/inscripciones-taller-de-iniciacion-musical\/\"]}]},{\"@type\":\"ImageObject\",\"inLanguage\":\"es-CO\",\"@id\":\"https:\/\/www.crea.gov.co\/crea-manitas\/inscripciones-taller-de-iniciacion-musical\/#primaryimage\",\"url\":\"https:\/\/www.crea.gov.co\/crea-manitas\/wp-content\/uploads\/sites\/23\/2026\/04\/TALLER-DE-FORMACION-ARTITISTA-MUSICAL-PARA-NINOS-Y-JOVENES-12-A-18-ANOS_page-0001.jpg\",\"contentUrl\":\"https:\/\/www.crea.gov.co\/crea-manitas\/wp-content\/uploads\/sites\/23\/2026\/04\/TALLER-DE-FORMACION-ARTITISTA-MUSICAL-PARA-NINOS-Y-JOVENES-12-A-18-ANOS_page-0001.jpg\",\"width\":1241,\"height\":1755},{\"@type\":\"BreadcrumbList\",\"@id\":\"https:\/\/www.crea.gov.co\/crea-manitas\/inscripciones-taller-de-iniciacion-musical\/#breadcrumb\",\"itemListElement\":[{\"@type\":\"ListItem\",\"position\":1,\"name\":\"Inicio\",\"item\":\"https:\/\/www.crea.gov.co\/crea-manitas\/\"},{\"@type\":\"ListItem\",\"position\":2,\"name\":\"INSCRIPCIONES TALLER DE INICIACI\u00d3N M\u00daSICAL\"}]},{\"@type\":\"WebSite\",\"@id\":\"https:\/\/www.crea.gov.co\/crea-manitas\/#website\",\"url\":\"https:\/\/www.crea.gov.co\/crea-manitas\/\",\"name\":\"Crea Manitas\",\"description\":\"En Ciudad Bol\u00edvar, junto a la estaci\u00f3n del TransMiCable, este espacio mira hacia una ciudad que se extiende hasta el horizonte. La creatividad se inspira en esa vista abierta, donde las ideas circulan libres, como los cables que conectan barrios y personas. Aqu\u00ed, la comunidad encuentra un lugar para so\u00f1ar, crear y hacer crecer sus proyectos con la misma libertad con la que se despliega la ciudad.\",\"potentialAction\":[{\"@type\":\"SearchAction\",\"target\":{\"@type\":\"EntryPoint\",\"urlTemplate\":\"https:\/\/www.crea.gov.co\/crea-manitas\/?s={search_term_string}\"},\"query-input\":{\"@type\":\"PropertyValueSpecification\",\"valueRequired\":true,\"valueName\":\"search_term_string\"}}],\"inLanguage\":\"es-CO\"},{\"@type\":\"Person\",\"@id\":\"https:\/\/www.crea.gov.co\/crea-manitas\/#\/schema\/person\/8a91c4a807a18c3d97f41a833e9bc78e\",\"name\":\"creamanitas\",\"image\":{\"@type\":\"ImageObject\",\"inLanguage\":\"es-CO\",\"@id\":\"https:\/\/www.crea.gov.co\/crea-manitas\/#\/schema\/person\/image\/\",\"url\":\"https:\/\/secure.gravatar.com\/avatar\/a93cebf25ba72f97e5e70db841b6d642?s=96&d=mm&r=g\",\"contentUrl\":\"https:\/\/secure.gravatar.com\/avatar\/a93cebf25ba72f97e5e70db841b6d642?s=96&d=mm&r=g\",\"caption\":\"creamanitas\"},\"url\":\"https:\/\/www.crea.gov.co\/crea-manitas\/author\/creamanitas\/\"}]}<\/script>\n<!-- \/ Yoast SEO plugin. -->","yoast_head_json":{"title":"INSCRIPCIONES TALLER DE INICIACI\u00d3N M\u00daSICAL - Crea Manitas","robots":{"index":"index","follow":"follow","max-snippet":"max-snippet:-1","max-image-preview":"max-image-preview:large","max-video-preview":"max-video-preview:-1"},"canonical":"https:\/\/www.crea.gov.co\/crea-manitas\/inscripciones-taller-de-iniciacion-musical\/","og_locale":"es_ES","og_type":"article","og_title":"INSCRIPCIONES TALLER DE INICIACI\u00d3N M\u00daSICAL - Crea Manitas","og_description":"Si tienes entre 12 y 18 a\u00f1os y vives en el sector, el taller musical del Crea Manitas es para ti. Es gratuito. Aprende rock, pop y jazz, teor\u00eda e improvisaci\u00f3n, y estudia el instrumento que m\u00e1s te guste: bajo, guitarra el\u00e9ctrica, saxof\u00f3n, bater\u00eda o percusi\u00f3n. \u00a1Inscr\u00edbete y haz m\u00fasica!","og_url":"https:\/\/www.crea.gov.co\/crea-manitas\/inscripciones-taller-de-iniciacion-musical\/","og_site_name":"Crea Manitas","article_published_time":"2026-03-10T15:20:00+00:00","article_modified_time":"2026-04-05T01:54:13+00:00","og_image":[{"width":1241,"height":1755,"url":"https:\/\/www.crea.gov.co\/crea-manitas\/wp-content\/uploads\/sites\/23\/2026\/04\/TALLER-DE-FORMACION-ARTITISTA-MUSICAL-PARA-NINOS-Y-JOVENES-12-A-18-ANOS_page-0001.jpg","type":"image\/jpeg"}],"author":"creamanitas","twitter_card":"summary_large_image","twitter_misc":{"Escrito por":"creamanitas","Tiempo de lectura":"1 minuto"},"schema":{"@context":"https:\/\/schema.org","@graph":[{"@type":"WebPage","@id":"https:\/\/www.crea.gov.co\/crea-manitas\/inscripciones-taller-de-iniciacion-musical\/","url":"https:\/\/www.crea.gov.co\/crea-manitas\/inscripciones-taller-de-iniciacion-musical\/","name":"INSCRIPCIONES TALLER DE INICIACI\u00d3N M\u00daSICAL - Crea Manitas","isPartOf":{"@id":"https:\/\/www.crea.gov.co\/crea-manitas\/#website"},"primaryImageOfPage":{"@id":"https:\/\/www.crea.gov.co\/crea-manitas\/inscripciones-taller-de-iniciacion-musical\/#primaryimage"},"image":{"@id":"https:\/\/www.crea.gov.co\/crea-manitas\/inscripciones-taller-de-iniciacion-musical\/#primaryimage"},"thumbnailUrl":"https:\/\/www.crea.gov.co\/crea-manitas\/wp-content\/uploads\/sites\/23\/2026\/04\/TALLER-DE-FORMACION-ARTITISTA-MUSICAL-PARA-NINOS-Y-JOVENES-12-A-18-ANOS_page-0001.jpg","datePublished":"2026-03-10T15:20:00+00:00","dateModified":"2026-04-05T01:54:13+00:00","author":{"@id":"https:\/\/www.crea.gov.co\/crea-manitas\/#\/schema\/person\/8a91c4a807a18c3d97f41a833e9bc78e"},"breadcrumb":{"@id":"https:\/\/www.crea.gov.co\/crea-manitas\/inscripciones-taller-de-iniciacion-musical\/#breadcrumb"},"inLanguage":"es-CO","potentialAction":[{"@type":"ReadAction","target":["https:\/\/www.crea.gov.co\/crea-manitas\/inscripciones-taller-de-iniciacion-musical\/"]}]},{"@type":"ImageObject","inLanguage":"es-CO","@id":"https:\/\/www.crea.gov.co\/crea-manitas\/inscripciones-taller-de-iniciacion-musical\/#primaryimage","url":"https:\/\/www.crea.gov.co\/crea-manitas\/wp-content\/uploads\/sites\/23\/2026\/04\/TALLER-DE-FORMACION-ARTITISTA-MUSICAL-PARA-NINOS-Y-JOVENES-12-A-18-ANOS_page-0001.jpg","contentUrl":"https:\/\/www.crea.gov.co\/crea-manitas\/wp-content\/uploads\/sites\/23\/2026\/04\/TALLER-DE-FORMACION-ARTITISTA-MUSICAL-PARA-NINOS-Y-JOVENES-12-A-18-ANOS_page-0001.jpg","width":1241,"height":1755},{"@type":"BreadcrumbList","@id":"https:\/\/www.crea.gov.co\/crea-manitas\/inscripciones-taller-de-iniciacion-musical\/#breadcrumb","itemListElement":[{"@type":"ListItem","position":1,"name":"Inicio","item":"https:\/\/www.crea.gov.co\/crea-manitas\/"},{"@type":"ListItem","position":2,"name":"INSCRIPCIONES TALLER DE INICIACI\u00d3N M\u00daSICAL"}]},{"@type":"WebSite","@id":"https:\/\/www.crea.gov.co\/crea-manitas\/#website","url":"https:\/\/www.crea.gov.co\/crea-manitas\/","name":"Crea Manitas","description":"En Ciudad Bol\u00edvar, junto a la estaci\u00f3n del TransMiCable, este espacio mira hacia una ciudad que se extiende hasta el horizonte. La creatividad se inspira en esa vista abierta, donde las ideas circulan libres, como los cables que conectan barrios y personas. Aqu\u00ed, la comunidad encuentra un lugar para so\u00f1ar, crear y hacer crecer sus proyectos con la misma libertad con la que se despliega la ciudad.","potentialAction":[{"@type":"SearchAction","target":{"@type":"EntryPoint","urlTemplate":"https:\/\/www.crea.gov.co\/crea-manitas\/?s={search_term_string}"},"query-input":{"@type":"PropertyValueSpecification","valueRequired":true,"valueName":"search_term_string"}}],"inLanguage":"es-CO"},{"@type":"Person","@id":"https:\/\/www.crea.gov.co\/crea-manitas\/#\/schema\/person\/8a91c4a807a18c3d97f41a833e9bc78e","name":"creamanitas","image":{"@type":"ImageObject","inLanguage":"es-CO","@id":"https:\/\/www.crea.gov.co\/crea-manitas\/#\/schema\/person\/image\/","url":"https:\/\/secure.gravatar.com\/avatar\/a93cebf25ba72f97e5e70db841b6d642?s=96&d=mm&r=g","contentUrl":"https:\/\/secure.gravatar.com\/avatar\/a93cebf25ba72f97e5e70db841b6d642?s=96&d=mm&r=g","caption":"creamanitas"},"url":"https:\/\/www.crea.gov.co\/crea-manitas\/author\/creamanitas\/"}]}},"_links":{"self":[{"href":"https:\/\/www.crea.gov.co\/crea-manitas\/wp-json\/wp\/v2\/posts\/2482","targetHints":{"allow":["GET"]}}],"collection":[{"href":"https:\/\/www.crea.gov.co\/crea-manitas\/wp-json\/wp\/v2\/posts"}],"about":[{"href":"https:\/\/www.crea.gov.co\/crea-manitas\/wp-json\/wp\/v2\/types\/post"}],"author":[{"embeddable":true,"href":"https:\/\/www.crea.gov.co\/crea-manitas\/wp-json\/wp\/v2\/users\/98"}],"replies":[{"embeddable":true,"href":"https:\/\/www.crea.gov.co\/crea-manitas\/wp-json\/wp\/v2\/comments?post=2482"}],"version-history":[{"count":1,"href":"https:\/\/www.crea.gov.co\/crea-manitas\/wp-json\/wp\/v2\/posts\/2482\/revisions"}],"predecessor-version":[{"id":2484,"href":"https:\/\/www.crea.gov.co\/crea-manitas\/wp-json\/wp\/v2\/posts\/2482\/revisions\/2484"}],"wp:featuredmedia":[{"embeddable":true,"href":"https:\/\/www.crea.gov.co\/crea-manitas\/wp-json\/wp\/v2\/media\/2483"}],"wp:attachment":[{"href":"https:\/\/www.crea.gov.co\/crea-manitas\/wp-json\/wp\/v2\/media?parent=2482"}],"wp:term":[{"taxonomy":"category","embeddable":true,"href":"https:\/\/www.crea.gov.co\/crea-manitas\/wp-json\/wp\/v2\/categories?post=2482"},{"taxonomy":"post_tag","embeddable":true,"href":"https:\/\/www.crea.gov.co\/crea-manitas\/wp-json\/wp\/v2\/tags?post=2482"}],"curies":[{"name":"wp","href":"https:\/\/api.w.org\/{rel}","templated":true}]}}