{"id":2154,"date":"2025-09-05T15:52:04","date_gmt":"2025-09-05T20:52:04","guid":{"rendered":"https:\/\/www.crea.gov.co\/crea-manitas\/?p=2154"},"modified":"2025-09-05T15:52:14","modified_gmt":"2025-09-05T20:52:14","slug":"invitacion-cultural-talleres-de-formacion-inicial-e-intermedia-de-lectura-y-escritura-creativa-2025","status":"publish","type":"post","link":"https:\/\/www.crea.gov.co\/crea-manitas\/invitacion-cultural-talleres-de-formacion-inicial-e-intermedia-de-lectura-y-escritura-creativa-2025\/","title":{"rendered":"Invitaci\u00f3n cultural: Talleres de formaci\u00f3n inicial e intermedia de lectura y escritura creativa 2025"},"content":{"rendered":"\n<figure class=\"wp-block-image size-large\"><img loading=\"lazy\" decoding=\"async\" width=\"819\" height=\"1024\" src=\"https:\/\/www.crea.gov.co\/crea-manitas\/wp-content\/uploads\/sites\/23\/2025\/09\/Talleres-de-escritura-inicial-e-Intermedia_con_QR-819x1024.png\" alt=\"\" class=\"wp-image-2155\" srcset=\"https:\/\/www.crea.gov.co\/crea-manitas\/wp-content\/uploads\/sites\/23\/2025\/09\/Talleres-de-escritura-inicial-e-Intermedia_con_QR-819x1024.png 819w, https:\/\/www.crea.gov.co\/crea-manitas\/wp-content\/uploads\/sites\/23\/2025\/09\/Talleres-de-escritura-inicial-e-Intermedia_con_QR-240x300.png 240w, https:\/\/www.crea.gov.co\/crea-manitas\/wp-content\/uploads\/sites\/23\/2025\/09\/Talleres-de-escritura-inicial-e-Intermedia_con_QR-768x960.png 768w, https:\/\/www.crea.gov.co\/crea-manitas\/wp-content\/uploads\/sites\/23\/2025\/09\/Talleres-de-escritura-inicial-e-Intermedia_con_QR.png 1080w\" sizes=\"auto, (max-width: 819px) 100vw, 819px\" \/><\/figure>\n\n\n\n<p>La Alcald\u00eda Mayor de Bogot\u00e1, a trav\u00e9s del Idartes, abre 21 talleres con 630 cupos para quienes deseen formarse en lectura y escritura creativa, correcci\u00f3n de estilo, edici\u00f3n, traducci\u00f3n literaria y en mediaci\u00f3n de lectura. Esta es una oportunidad para iniciar un camino literario o acercarse al mundo de la escritura con acompa\u00f1amiento especializado.<\/p>\n\n\n\n<figure class=\"wp-block-image\"><img loading=\"lazy\" decoding=\"async\" width=\"32\" height=\"32\" src=\"https:\/\/www.crea.gov.co\/crea-manitas\/wp-content\/uploads\/sites\/23\/2025\/09\/32.png\" alt=\"\ud83d\uddd3\" class=\"wp-image-2158\" \/><\/figure>\n\n\n\n<p>&nbsp;Fechas: Todos los s\u00e1bados, del 4 de octubre al 6 de diciembre de 2025 de 9 a.m. a 12 p.m.<\/p>\n\n\n\n<figure class=\"wp-block-image\"><img loading=\"lazy\" decoding=\"async\" width=\"32\" height=\"32\" src=\"https:\/\/www.crea.gov.co\/crea-manitas\/wp-content\/uploads\/sites\/23\/2025\/09\/32-7add67d4-12cb-46f0-b4f1-496bbe7b7884.png\" alt=\"\ud83d\udcdd\" class=\"wp-image-2156\" \/><\/figure>\n\n\n\n<p>&nbsp;Inscripciones: Hasta el 12 de septiembre, a trav\u00e9s de la plataforma de Invitaciones Culturales:&nbsp;<a href=\"https:\/\/invitaciones.scrd.gov.co\/verInvitacion\/930\" target=\"_blank\" rel=\"noreferrer noopener\">https:\/\/invitaciones.scrd.gov.co\/verInvitacion\/930<\/a><\/p>\n\n\n\n<figure class=\"wp-block-image\"><img loading=\"lazy\" decoding=\"async\" width=\"32\" height=\"32\" src=\"https:\/\/www.crea.gov.co\/crea-manitas\/wp-content\/uploads\/sites\/23\/2025\/09\/32-c5d9a09a-e0a1-4c3a-bc53-b501dacb3cd6.png\" alt=\"\ud83d\udc65\" class=\"wp-image-2157\" \/><\/figure>\n\n\n\n<p>&nbsp;Dirigido a: Mayores de 18 a\u00f1os, residentes en Bogot\u00e1 o municipios cercanos.<\/p>\n\n\n\n<p><em>La oferta incluye talleres de lectura literaria, escritura autobiogr\u00e1fica, narrativa de ficci\u00f3n y no ficci\u00f3n, poes\u00eda, c\u00f3mic, ensayo, literatura infantil y juvenil, mediaci\u00f3n intercultural, escritura expandida, traducci\u00f3n literaria, entre otros y no tiene ning\u00fan costo.<br><br>Esta invitaci\u00f3n est\u00e1 dirigida a todas las personas interesadas en fortalecer sus habilidades de escritura, a trav\u00e9s de un proceso de cualificaci\u00f3n guiado por talleristas con amplia trayectoria en el sector literario.<br><br>&nbsp;Cada persona puede postularse a un solo taller para asegurar su cupo.<br><br>Esta es una ocasi\u00f3n para explorar la escritura, nutrirse del intercambio con otros y hacer parte de una comunidad creativa que comparte la pasi\u00f3n por las palabras.<\/em><\/p>\n","protected":false},"excerpt":{"rendered":"<p>La Alcald\u00eda Mayor de Bogot\u00e1, a trav\u00e9s del Idartes, abre 21 talleres con 630 cupos para quienes deseen formarse en lectura y escritura creativa, correcci\u00f3n de estilo, edici\u00f3n, traducci\u00f3n literaria y en mediaci\u00f3n de lectura. Esta es una oportunidad para iniciar un camino literario o acercarse al mundo de la escritura con acompa\u00f1amiento especializado. &nbsp;Fechas: [&hellip;]<\/p>\n","protected":false},"author":98,"featured_media":2155,"comment_status":"open","ping_status":"open","sticky":false,"template":"","format":"standard","meta":{"footnotes":""},"categories":[1],"tags":[],"class_list":["post-2154","post","type-post","status-publish","format-standard","has-post-thumbnail","hentry","category-sin-categoria"],"yoast_head":"<!-- This site is optimized with the Yoast SEO plugin v24.5 - https:\/\/yoast.com\/wordpress\/plugins\/seo\/ -->\n<title>Invitaci\u00f3n cultural: Talleres de formaci\u00f3n inicial e intermedia de lectura y escritura creativa 2025 - Crea Manitas<\/title>\n<meta name=\"robots\" content=\"index, follow, max-snippet:-1, max-image-preview:large, max-video-preview:-1\" \/>\n<link rel=\"canonical\" href=\"https:\/\/www.crea.gov.co\/crea-manitas\/invitacion-cultural-talleres-de-formacion-inicial-e-intermedia-de-lectura-y-escritura-creativa-2025\/\" \/>\n<meta property=\"og:locale\" content=\"es_ES\" \/>\n<meta property=\"og:type\" content=\"article\" \/>\n<meta property=\"og:title\" content=\"Invitaci\u00f3n cultural: Talleres de formaci\u00f3n inicial e intermedia de lectura y escritura creativa 2025 - Crea Manitas\" \/>\n<meta property=\"og:description\" content=\"La Alcald\u00eda Mayor de Bogot\u00e1, a trav\u00e9s del Idartes, abre 21 talleres con 630 cupos para quienes deseen formarse en lectura y escritura creativa, correcci\u00f3n de estilo, edici\u00f3n, traducci\u00f3n literaria y en mediaci\u00f3n de lectura. Esta es una oportunidad para iniciar un camino literario o acercarse al mundo de la escritura con acompa\u00f1amiento especializado. &nbsp;Fechas: [&hellip;]\" \/>\n<meta property=\"og:url\" content=\"https:\/\/www.crea.gov.co\/crea-manitas\/invitacion-cultural-talleres-de-formacion-inicial-e-intermedia-de-lectura-y-escritura-creativa-2025\/\" \/>\n<meta property=\"og:site_name\" content=\"Crea Manitas\" \/>\n<meta property=\"article:published_time\" content=\"2025-09-05T20:52:04+00:00\" \/>\n<meta property=\"article:modified_time\" content=\"2025-09-05T20:52:14+00:00\" \/>\n<meta property=\"og:image\" content=\"https:\/\/www.crea.gov.co\/crea-manitas\/wp-content\/uploads\/sites\/23\/2025\/09\/Talleres-de-escritura-inicial-e-Intermedia_con_QR-819x1024.png\" \/>\n\t<meta property=\"og:image:width\" content=\"819\" \/>\n\t<meta property=\"og:image:height\" content=\"1024\" \/>\n\t<meta property=\"og:image:type\" content=\"image\/png\" \/>\n<meta name=\"author\" content=\"creamanitas\" \/>\n<meta name=\"twitter:card\" content=\"summary_large_image\" \/>\n<meta name=\"twitter:label1\" content=\"Escrito por\" \/>\n\t<meta name=\"twitter:data1\" content=\"creamanitas\" \/>\n\t<meta name=\"twitter:label2\" content=\"Tiempo de lectura\" \/>\n\t<meta name=\"twitter:data2\" content=\"2 minutos\" \/>\n<script type=\"application\/ld+json\" class=\"yoast-schema-graph\">{\"@context\":\"https:\/\/schema.org\",\"@graph\":[{\"@type\":\"WebPage\",\"@id\":\"https:\/\/www.crea.gov.co\/crea-manitas\/invitacion-cultural-talleres-de-formacion-inicial-e-intermedia-de-lectura-y-escritura-creativa-2025\/\",\"url\":\"https:\/\/www.crea.gov.co\/crea-manitas\/invitacion-cultural-talleres-de-formacion-inicial-e-intermedia-de-lectura-y-escritura-creativa-2025\/\",\"name\":\"Invitaci\u00f3n cultural: Talleres de formaci\u00f3n inicial e intermedia de lectura y escritura creativa 2025 - Crea Manitas\",\"isPartOf\":{\"@id\":\"https:\/\/www.crea.gov.co\/crea-manitas\/#website\"},\"primaryImageOfPage\":{\"@id\":\"https:\/\/www.crea.gov.co\/crea-manitas\/invitacion-cultural-talleres-de-formacion-inicial-e-intermedia-de-lectura-y-escritura-creativa-2025\/#primaryimage\"},\"image\":{\"@id\":\"https:\/\/www.crea.gov.co\/crea-manitas\/invitacion-cultural-talleres-de-formacion-inicial-e-intermedia-de-lectura-y-escritura-creativa-2025\/#primaryimage\"},\"thumbnailUrl\":\"https:\/\/www.crea.gov.co\/crea-manitas\/wp-content\/uploads\/sites\/23\/2025\/09\/Talleres-de-escritura-inicial-e-Intermedia_con_QR.png\",\"datePublished\":\"2025-09-05T20:52:04+00:00\",\"dateModified\":\"2025-09-05T20:52:14+00:00\",\"author\":{\"@id\":\"https:\/\/www.crea.gov.co\/crea-manitas\/#\/schema\/person\/8a91c4a807a18c3d97f41a833e9bc78e\"},\"breadcrumb\":{\"@id\":\"https:\/\/www.crea.gov.co\/crea-manitas\/invitacion-cultural-talleres-de-formacion-inicial-e-intermedia-de-lectura-y-escritura-creativa-2025\/#breadcrumb\"},\"inLanguage\":\"es-CO\",\"potentialAction\":[{\"@type\":\"ReadAction\",\"target\":[\"https:\/\/www.crea.gov.co\/crea-manitas\/invitacion-cultural-talleres-de-formacion-inicial-e-intermedia-de-lectura-y-escritura-creativa-2025\/\"]}]},{\"@type\":\"ImageObject\",\"inLanguage\":\"es-CO\",\"@id\":\"https:\/\/www.crea.gov.co\/crea-manitas\/invitacion-cultural-talleres-de-formacion-inicial-e-intermedia-de-lectura-y-escritura-creativa-2025\/#primaryimage\",\"url\":\"https:\/\/www.crea.gov.co\/crea-manitas\/wp-content\/uploads\/sites\/23\/2025\/09\/Talleres-de-escritura-inicial-e-Intermedia_con_QR.png\",\"contentUrl\":\"https:\/\/www.crea.gov.co\/crea-manitas\/wp-content\/uploads\/sites\/23\/2025\/09\/Talleres-de-escritura-inicial-e-Intermedia_con_QR.png\",\"width\":1080,\"height\":1350},{\"@type\":\"BreadcrumbList\",\"@id\":\"https:\/\/www.crea.gov.co\/crea-manitas\/invitacion-cultural-talleres-de-formacion-inicial-e-intermedia-de-lectura-y-escritura-creativa-2025\/#breadcrumb\",\"itemListElement\":[{\"@type\":\"ListItem\",\"position\":1,\"name\":\"Inicio\",\"item\":\"https:\/\/www.crea.gov.co\/crea-manitas\/\"},{\"@type\":\"ListItem\",\"position\":2,\"name\":\"Invitaci\u00f3n cultural: Talleres de formaci\u00f3n inicial e intermedia de lectura y escritura creativa 2025\"}]},{\"@type\":\"WebSite\",\"@id\":\"https:\/\/www.crea.gov.co\/crea-manitas\/#website\",\"url\":\"https:\/\/www.crea.gov.co\/crea-manitas\/\",\"name\":\"Crea Manitas\",\"description\":\"En Ciudad Bol\u00edvar, junto a la estaci\u00f3n del TransMiCable, este espacio mira hacia una ciudad que se extiende hasta el horizonte. La creatividad se inspira en esa vista abierta, donde las ideas circulan libres, como los cables que conectan barrios y personas. Aqu\u00ed, la comunidad encuentra un lugar para so\u00f1ar, crear y hacer crecer sus proyectos con la misma libertad con la que se despliega la ciudad.\",\"potentialAction\":[{\"@type\":\"SearchAction\",\"target\":{\"@type\":\"EntryPoint\",\"urlTemplate\":\"https:\/\/www.crea.gov.co\/crea-manitas\/?s={search_term_string}\"},\"query-input\":{\"@type\":\"PropertyValueSpecification\",\"valueRequired\":true,\"valueName\":\"search_term_string\"}}],\"inLanguage\":\"es-CO\"},{\"@type\":\"Person\",\"@id\":\"https:\/\/www.crea.gov.co\/crea-manitas\/#\/schema\/person\/8a91c4a807a18c3d97f41a833e9bc78e\",\"name\":\"creamanitas\",\"image\":{\"@type\":\"ImageObject\",\"inLanguage\":\"es-CO\",\"@id\":\"https:\/\/www.crea.gov.co\/crea-manitas\/#\/schema\/person\/image\/\",\"url\":\"https:\/\/secure.gravatar.com\/avatar\/a93cebf25ba72f97e5e70db841b6d642?s=96&d=mm&r=g\",\"contentUrl\":\"https:\/\/secure.gravatar.com\/avatar\/a93cebf25ba72f97e5e70db841b6d642?s=96&d=mm&r=g\",\"caption\":\"creamanitas\"},\"url\":\"https:\/\/www.crea.gov.co\/crea-manitas\/author\/creamanitas\/\"}]}<\/script>\n<!-- \/ Yoast SEO plugin. -->","yoast_head_json":{"title":"Invitaci\u00f3n cultural: Talleres de formaci\u00f3n inicial e intermedia de lectura y escritura creativa 2025 - Crea Manitas","robots":{"index":"index","follow":"follow","max-snippet":"max-snippet:-1","max-image-preview":"max-image-preview:large","max-video-preview":"max-video-preview:-1"},"canonical":"https:\/\/www.crea.gov.co\/crea-manitas\/invitacion-cultural-talleres-de-formacion-inicial-e-intermedia-de-lectura-y-escritura-creativa-2025\/","og_locale":"es_ES","og_type":"article","og_title":"Invitaci\u00f3n cultural: Talleres de formaci\u00f3n inicial e intermedia de lectura y escritura creativa 2025 - Crea Manitas","og_description":"La Alcald\u00eda Mayor de Bogot\u00e1, a trav\u00e9s del Idartes, abre 21 talleres con 630 cupos para quienes deseen formarse en lectura y escritura creativa, correcci\u00f3n de estilo, edici\u00f3n, traducci\u00f3n literaria y en mediaci\u00f3n de lectura. Esta es una oportunidad para iniciar un camino literario o acercarse al mundo de la escritura con acompa\u00f1amiento especializado. &nbsp;Fechas: [&hellip;]","og_url":"https:\/\/www.crea.gov.co\/crea-manitas\/invitacion-cultural-talleres-de-formacion-inicial-e-intermedia-de-lectura-y-escritura-creativa-2025\/","og_site_name":"Crea Manitas","article_published_time":"2025-09-05T20:52:04+00:00","article_modified_time":"2025-09-05T20:52:14+00:00","og_image":[{"width":819,"height":1024,"url":"https:\/\/www.crea.gov.co\/crea-manitas\/wp-content\/uploads\/sites\/23\/2025\/09\/Talleres-de-escritura-inicial-e-Intermedia_con_QR-819x1024.png","type":"image\/png"}],"author":"creamanitas","twitter_card":"summary_large_image","twitter_misc":{"Escrito por":"creamanitas","Tiempo de lectura":"2 minutos"},"schema":{"@context":"https:\/\/schema.org","@graph":[{"@type":"WebPage","@id":"https:\/\/www.crea.gov.co\/crea-manitas\/invitacion-cultural-talleres-de-formacion-inicial-e-intermedia-de-lectura-y-escritura-creativa-2025\/","url":"https:\/\/www.crea.gov.co\/crea-manitas\/invitacion-cultural-talleres-de-formacion-inicial-e-intermedia-de-lectura-y-escritura-creativa-2025\/","name":"Invitaci\u00f3n cultural: Talleres de formaci\u00f3n inicial e intermedia de lectura y escritura creativa 2025 - Crea Manitas","isPartOf":{"@id":"https:\/\/www.crea.gov.co\/crea-manitas\/#website"},"primaryImageOfPage":{"@id":"https:\/\/www.crea.gov.co\/crea-manitas\/invitacion-cultural-talleres-de-formacion-inicial-e-intermedia-de-lectura-y-escritura-creativa-2025\/#primaryimage"},"image":{"@id":"https:\/\/www.crea.gov.co\/crea-manitas\/invitacion-cultural-talleres-de-formacion-inicial-e-intermedia-de-lectura-y-escritura-creativa-2025\/#primaryimage"},"thumbnailUrl":"https:\/\/www.crea.gov.co\/crea-manitas\/wp-content\/uploads\/sites\/23\/2025\/09\/Talleres-de-escritura-inicial-e-Intermedia_con_QR.png","datePublished":"2025-09-05T20:52:04+00:00","dateModified":"2025-09-05T20:52:14+00:00","author":{"@id":"https:\/\/www.crea.gov.co\/crea-manitas\/#\/schema\/person\/8a91c4a807a18c3d97f41a833e9bc78e"},"breadcrumb":{"@id":"https:\/\/www.crea.gov.co\/crea-manitas\/invitacion-cultural-talleres-de-formacion-inicial-e-intermedia-de-lectura-y-escritura-creativa-2025\/#breadcrumb"},"inLanguage":"es-CO","potentialAction":[{"@type":"ReadAction","target":["https:\/\/www.crea.gov.co\/crea-manitas\/invitacion-cultural-talleres-de-formacion-inicial-e-intermedia-de-lectura-y-escritura-creativa-2025\/"]}]},{"@type":"ImageObject","inLanguage":"es-CO","@id":"https:\/\/www.crea.gov.co\/crea-manitas\/invitacion-cultural-talleres-de-formacion-inicial-e-intermedia-de-lectura-y-escritura-creativa-2025\/#primaryimage","url":"https:\/\/www.crea.gov.co\/crea-manitas\/wp-content\/uploads\/sites\/23\/2025\/09\/Talleres-de-escritura-inicial-e-Intermedia_con_QR.png","contentUrl":"https:\/\/www.crea.gov.co\/crea-manitas\/wp-content\/uploads\/sites\/23\/2025\/09\/Talleres-de-escritura-inicial-e-Intermedia_con_QR.png","width":1080,"height":1350},{"@type":"BreadcrumbList","@id":"https:\/\/www.crea.gov.co\/crea-manitas\/invitacion-cultural-talleres-de-formacion-inicial-e-intermedia-de-lectura-y-escritura-creativa-2025\/#breadcrumb","itemListElement":[{"@type":"ListItem","position":1,"name":"Inicio","item":"https:\/\/www.crea.gov.co\/crea-manitas\/"},{"@type":"ListItem","position":2,"name":"Invitaci\u00f3n cultural: Talleres de formaci\u00f3n inicial e intermedia de lectura y escritura creativa 2025"}]},{"@type":"WebSite","@id":"https:\/\/www.crea.gov.co\/crea-manitas\/#website","url":"https:\/\/www.crea.gov.co\/crea-manitas\/","name":"Crea Manitas","description":"En Ciudad Bol\u00edvar, junto a la estaci\u00f3n del TransMiCable, este espacio mira hacia una ciudad que se extiende hasta el horizonte. La creatividad se inspira en esa vista abierta, donde las ideas circulan libres, como los cables que conectan barrios y personas. Aqu\u00ed, la comunidad encuentra un lugar para so\u00f1ar, crear y hacer crecer sus proyectos con la misma libertad con la que se despliega la ciudad.","potentialAction":[{"@type":"SearchAction","target":{"@type":"EntryPoint","urlTemplate":"https:\/\/www.crea.gov.co\/crea-manitas\/?s={search_term_string}"},"query-input":{"@type":"PropertyValueSpecification","valueRequired":true,"valueName":"search_term_string"}}],"inLanguage":"es-CO"},{"@type":"Person","@id":"https:\/\/www.crea.gov.co\/crea-manitas\/#\/schema\/person\/8a91c4a807a18c3d97f41a833e9bc78e","name":"creamanitas","image":{"@type":"ImageObject","inLanguage":"es-CO","@id":"https:\/\/www.crea.gov.co\/crea-manitas\/#\/schema\/person\/image\/","url":"https:\/\/secure.gravatar.com\/avatar\/a93cebf25ba72f97e5e70db841b6d642?s=96&d=mm&r=g","contentUrl":"https:\/\/secure.gravatar.com\/avatar\/a93cebf25ba72f97e5e70db841b6d642?s=96&d=mm&r=g","caption":"creamanitas"},"url":"https:\/\/www.crea.gov.co\/crea-manitas\/author\/creamanitas\/"}]}},"_links":{"self":[{"href":"https:\/\/www.crea.gov.co\/crea-manitas\/wp-json\/wp\/v2\/posts\/2154","targetHints":{"allow":["GET"]}}],"collection":[{"href":"https:\/\/www.crea.gov.co\/crea-manitas\/wp-json\/wp\/v2\/posts"}],"about":[{"href":"https:\/\/www.crea.gov.co\/crea-manitas\/wp-json\/wp\/v2\/types\/post"}],"author":[{"embeddable":true,"href":"https:\/\/www.crea.gov.co\/crea-manitas\/wp-json\/wp\/v2\/users\/98"}],"replies":[{"embeddable":true,"href":"https:\/\/www.crea.gov.co\/crea-manitas\/wp-json\/wp\/v2\/comments?post=2154"}],"version-history":[{"count":1,"href":"https:\/\/www.crea.gov.co\/crea-manitas\/wp-json\/wp\/v2\/posts\/2154\/revisions"}],"predecessor-version":[{"id":2159,"href":"https:\/\/www.crea.gov.co\/crea-manitas\/wp-json\/wp\/v2\/posts\/2154\/revisions\/2159"}],"wp:featuredmedia":[{"embeddable":true,"href":"https:\/\/www.crea.gov.co\/crea-manitas\/wp-json\/wp\/v2\/media\/2155"}],"wp:attachment":[{"href":"https:\/\/www.crea.gov.co\/crea-manitas\/wp-json\/wp\/v2\/media?parent=2154"}],"wp:term":[{"taxonomy":"category","embeddable":true,"href":"https:\/\/www.crea.gov.co\/crea-manitas\/wp-json\/wp\/v2\/categories?post=2154"},{"taxonomy":"post_tag","embeddable":true,"href":"https:\/\/www.crea.gov.co\/crea-manitas\/wp-json\/wp\/v2\/tags?post=2154"}],"curies":[{"name":"wp","href":"https:\/\/api.w.org\/{rel}","templated":true}]}}