{"id":850,"date":"2024-12-18T23:43:15","date_gmt":"2024-12-18T23:43:15","guid":{"rendered":"https:\/\/www.crea.gov.co\/crea-lucero-bajo\/?p=850"},"modified":"2024-12-19T00:00:43","modified_gmt":"2024-12-19T00:00:43","slug":"nos-divertimos-en-vacaciones","status":"publish","type":"post","link":"https:\/\/www.crea.gov.co\/crea-lucero-bajo\/nos-divertimos-en-vacaciones\/","title":{"rendered":"NOS DIVERTIMOS EN VACACIONES!!!"},"content":{"rendered":"\n<div class=\"wp-block-columns is-layout-flex wp-container-core-columns-is-layout-6 wp-block-columns-is-layout-flex\">\n<div class=\"wp-block-column is-layout-flow wp-block-column-is-layout-flow\">\n<div class=\"wp-block-group has-pale-cyan-blue-background-color has-background\"><div class=\"wp-block-group__inner-container is-layout-constrained wp-block-group-is-layout-constrained\">\n<div class=\"wp-block-columns is-layout-flex wp-container-core-columns-is-layout-1 wp-block-columns-is-layout-flex\">\n<div class=\"wp-block-column has-luminous-vivid-amber-background-color has-background has-medium-font-size is-layout-flow wp-block-column-is-layout-flow\">\n<div class=\"wp-block-cover is-light\"><span aria-hidden=\"true\" class=\"wp-block-cover__background has-luminous-vivid-amber-background-color has-background-dim-100 has-background-dim\"><\/span><div class=\"wp-block-cover__inner-container is-layout-constrained wp-block-cover-is-layout-constrained\">\n<p class=\"has-text-align-left has-medium-font-size\">COMPARTIR:<br>No se trata solo de divertirse juntos, sino tambi\u00e9n de aprender juntos!<\/p>\n<\/div><\/div>\n<\/div>\n<\/div>\n<\/div><\/div>\n<\/div>\n\n\n\n<div class=\"wp-block-column is-layout-flow wp-block-column-is-layout-flow\">\n<div class=\"wp-block-columns is-layout-flex wp-container-core-columns-is-layout-3 wp-block-columns-is-layout-flex\">\n<div class=\"wp-block-column is-layout-flow wp-block-column-is-layout-flow\" style=\"flex-basis:66.66%\">\n<div class=\"wp-block-columns is-layout-flex wp-container-core-columns-is-layout-2 wp-block-columns-is-layout-flex\">\n<div class=\"wp-block-column is-layout-flow wp-block-column-is-layout-flow\" style=\"flex-basis:100%\">\n<pre class=\"wp-block-preformatted has-light-green-cyan-background-color has-background has-small-font-size\"><strong>ALEGR\u00cdA:\nLa alegr\u00eda es un sentimiento positivo que se manifiesta a trav\u00e9s de un buen estado de \u00e1nimo, satisfacci\u00f3n y tendencia a la risa o la sonrisa.<\/strong><\/pre>\n<\/div>\n<\/div>\n<\/div>\n\n\n\n<div class=\"wp-block-column is-layout-flow wp-block-column-is-layout-flow\" style=\"flex-basis:33.4%\"><\/div>\n<\/div>\n<\/div>\n\n\n\n<div class=\"wp-block-column is-layout-flow wp-block-column-is-layout-flow\">\n<div class=\"wp-block-columns is-layout-flex wp-container-core-columns-is-layout-5 wp-block-columns-is-layout-flex\">\n<div class=\"wp-block-column is-layout-flow wp-block-column-is-layout-flow\" style=\"flex-basis:100%\">\n<div class=\"wp-block-columns is-layout-flex wp-container-core-columns-is-layout-4 wp-block-columns-is-layout-flex\">\n<div class=\"wp-block-column is-layout-flow wp-block-column-is-layout-flow\"><\/div>\n\n\n\n<div class=\"wp-block-column is-layout-flow wp-block-column-is-layout-flow\"><\/div>\n<\/div>\n\n\n\n<div class=\"wp-block-cover is-light\"><span aria-hidden=\"true\" class=\"wp-block-cover__background has-vivid-purple-background-color has-background-dim\"><\/span><div class=\"wp-block-cover__inner-container is-layout-flow wp-block-cover-is-layout-flow\">\n<p class=\"has-text-align-center has-medium-font-size\">DIVERSI\u00d3N: Es una acci\u00f3n que proporciona emociones agradables. Es <strong>el fen\u00f3meno de pasar el tiempo de forma alegre y entretenida<\/strong><\/p>\n<\/div><\/div>\n<\/div>\n<\/div>\n<\/div>\n<\/div>\n\n\n\n<p class=\"has-vivid-cyan-blue-background-color has-background has-x-large-font-size\"><br>\u00a1TODA ESTA DIVERSI\u00d3N Y M\u00c1S LA PUEDES ENCONTRAR EN EL CREA LUCERO BAJO!<\/p>\n\n\n\n<figure class=\"wp-block-gallery has-nested-images columns-2 is-cropped wp-block-gallery-1 is-layout-flex wp-block-gallery-is-layout-flex\">\n<figure class=\"wp-block-image size-large\"><img loading=\"lazy\" decoding=\"async\" width=\"1024\" height=\"768\" data-id=\"852\" src=\"https:\/\/www.crea.gov.co\/crea-lucero-bajo\/wp-content\/uploads\/sites\/18\/2024\/12\/WhatsApp-Image-2024-12-13-at-3.17.20-PM-1-1024x768.jpeg\" alt=\"\" class=\"wp-image-852\" srcset=\"https:\/\/www.crea.gov.co\/crea-lucero-bajo\/wp-content\/uploads\/sites\/18\/2024\/12\/WhatsApp-Image-2024-12-13-at-3.17.20-PM-1-1024x768.jpeg 1024w, https:\/\/www.crea.gov.co\/crea-lucero-bajo\/wp-content\/uploads\/sites\/18\/2024\/12\/WhatsApp-Image-2024-12-13-at-3.17.20-PM-1-300x225.jpeg 300w, https:\/\/www.crea.gov.co\/crea-lucero-bajo\/wp-content\/uploads\/sites\/18\/2024\/12\/WhatsApp-Image-2024-12-13-at-3.17.20-PM-1-768x576.jpeg 768w, https:\/\/www.crea.gov.co\/crea-lucero-bajo\/wp-content\/uploads\/sites\/18\/2024\/12\/WhatsApp-Image-2024-12-13-at-3.17.20-PM-1-1536x1152.jpeg 1536w, https:\/\/www.crea.gov.co\/crea-lucero-bajo\/wp-content\/uploads\/sites\/18\/2024\/12\/WhatsApp-Image-2024-12-13-at-3.17.20-PM-1.jpeg 1600w\" sizes=\"auto, (max-width: 1024px) 100vw, 1024px\" \/><\/figure>\n\n\n\n<figure class=\"wp-block-image size-large\"><img loading=\"lazy\" decoding=\"async\" width=\"1024\" height=\"768\" data-id=\"851\" src=\"https:\/\/www.crea.gov.co\/crea-lucero-bajo\/wp-content\/uploads\/sites\/18\/2024\/12\/WhatsApp-Image-2024-12-18-at-6.11.52-PM-2-1024x768.jpeg\" alt=\"\" class=\"wp-image-851\" srcset=\"https:\/\/www.crea.gov.co\/crea-lucero-bajo\/wp-content\/uploads\/sites\/18\/2024\/12\/WhatsApp-Image-2024-12-18-at-6.11.52-PM-2-1024x768.jpeg 1024w, https:\/\/www.crea.gov.co\/crea-lucero-bajo\/wp-content\/uploads\/sites\/18\/2024\/12\/WhatsApp-Image-2024-12-18-at-6.11.52-PM-2-300x225.jpeg 300w, https:\/\/www.crea.gov.co\/crea-lucero-bajo\/wp-content\/uploads\/sites\/18\/2024\/12\/WhatsApp-Image-2024-12-18-at-6.11.52-PM-2-768x576.jpeg 768w, https:\/\/www.crea.gov.co\/crea-lucero-bajo\/wp-content\/uploads\/sites\/18\/2024\/12\/WhatsApp-Image-2024-12-18-at-6.11.52-PM-2-1536x1152.jpeg 1536w, https:\/\/www.crea.gov.co\/crea-lucero-bajo\/wp-content\/uploads\/sites\/18\/2024\/12\/WhatsApp-Image-2024-12-18-at-6.11.52-PM-2.jpeg 1600w\" sizes=\"auto, (max-width: 1024px) 100vw, 1024px\" \/><\/figure>\n\n\n\n<figure class=\"wp-block-image size-large\"><img loading=\"lazy\" decoding=\"async\" width=\"1024\" height=\"768\" data-id=\"853\" src=\"https:\/\/www.crea.gov.co\/crea-lucero-bajo\/wp-content\/uploads\/sites\/18\/2024\/12\/WhatsApp-Image-2024-12-18-at-6.11.52-PM-1-1024x768.jpeg\" alt=\"\" class=\"wp-image-853\" srcset=\"https:\/\/www.crea.gov.co\/crea-lucero-bajo\/wp-content\/uploads\/sites\/18\/2024\/12\/WhatsApp-Image-2024-12-18-at-6.11.52-PM-1-1024x768.jpeg 1024w, https:\/\/www.crea.gov.co\/crea-lucero-bajo\/wp-content\/uploads\/sites\/18\/2024\/12\/WhatsApp-Image-2024-12-18-at-6.11.52-PM-1-300x225.jpeg 300w, https:\/\/www.crea.gov.co\/crea-lucero-bajo\/wp-content\/uploads\/sites\/18\/2024\/12\/WhatsApp-Image-2024-12-18-at-6.11.52-PM-1-768x576.jpeg 768w, https:\/\/www.crea.gov.co\/crea-lucero-bajo\/wp-content\/uploads\/sites\/18\/2024\/12\/WhatsApp-Image-2024-12-18-at-6.11.52-PM-1-1536x1152.jpeg 1536w, https:\/\/www.crea.gov.co\/crea-lucero-bajo\/wp-content\/uploads\/sites\/18\/2024\/12\/WhatsApp-Image-2024-12-18-at-6.11.52-PM-1.jpeg 1600w\" sizes=\"auto, (max-width: 1024px) 100vw, 1024px\" \/><\/figure>\n\n\n\n<figure class=\"wp-block-image size-large\"><img loading=\"lazy\" decoding=\"async\" width=\"1024\" height=\"768\" data-id=\"854\" src=\"https:\/\/www.crea.gov.co\/crea-lucero-bajo\/wp-content\/uploads\/sites\/18\/2024\/12\/WhatsApp-Image-2024-12-18-at-6.11.52-PM-1024x768.jpeg\" alt=\"\" class=\"wp-image-854\" srcset=\"https:\/\/www.crea.gov.co\/crea-lucero-bajo\/wp-content\/uploads\/sites\/18\/2024\/12\/WhatsApp-Image-2024-12-18-at-6.11.52-PM-1024x768.jpeg 1024w, https:\/\/www.crea.gov.co\/crea-lucero-bajo\/wp-content\/uploads\/sites\/18\/2024\/12\/WhatsApp-Image-2024-12-18-at-6.11.52-PM-300x225.jpeg 300w, https:\/\/www.crea.gov.co\/crea-lucero-bajo\/wp-content\/uploads\/sites\/18\/2024\/12\/WhatsApp-Image-2024-12-18-at-6.11.52-PM-768x576.jpeg 768w, https:\/\/www.crea.gov.co\/crea-lucero-bajo\/wp-content\/uploads\/sites\/18\/2024\/12\/WhatsApp-Image-2024-12-18-at-6.11.52-PM-1536x1152.jpeg 1536w, https:\/\/www.crea.gov.co\/crea-lucero-bajo\/wp-content\/uploads\/sites\/18\/2024\/12\/WhatsApp-Image-2024-12-18-at-6.11.52-PM.jpeg 1600w\" sizes=\"auto, (max-width: 1024px) 100vw, 1024px\" \/><\/figure>\n\n\n\n<figure class=\"wp-block-image size-large\"><img loading=\"lazy\" decoding=\"async\" width=\"1024\" height=\"768\" data-id=\"858\" src=\"https:\/\/www.crea.gov.co\/crea-lucero-bajo\/wp-content\/uploads\/sites\/18\/2024\/12\/WhatsApp-Image-2024-12-18-at-6.11.51-PM-2-1024x768.jpeg\" alt=\"\" class=\"wp-image-858\" srcset=\"https:\/\/www.crea.gov.co\/crea-lucero-bajo\/wp-content\/uploads\/sites\/18\/2024\/12\/WhatsApp-Image-2024-12-18-at-6.11.51-PM-2-1024x768.jpeg 1024w, https:\/\/www.crea.gov.co\/crea-lucero-bajo\/wp-content\/uploads\/sites\/18\/2024\/12\/WhatsApp-Image-2024-12-18-at-6.11.51-PM-2-300x225.jpeg 300w, https:\/\/www.crea.gov.co\/crea-lucero-bajo\/wp-content\/uploads\/sites\/18\/2024\/12\/WhatsApp-Image-2024-12-18-at-6.11.51-PM-2-768x576.jpeg 768w, https:\/\/www.crea.gov.co\/crea-lucero-bajo\/wp-content\/uploads\/sites\/18\/2024\/12\/WhatsApp-Image-2024-12-18-at-6.11.51-PM-2-1536x1152.jpeg 1536w, https:\/\/www.crea.gov.co\/crea-lucero-bajo\/wp-content\/uploads\/sites\/18\/2024\/12\/WhatsApp-Image-2024-12-18-at-6.11.51-PM-2.jpeg 1600w\" sizes=\"auto, (max-width: 1024px) 100vw, 1024px\" \/><\/figure>\n\n\n\n<figure class=\"wp-block-image size-large\"><img loading=\"lazy\" decoding=\"async\" width=\"1024\" height=\"768\" data-id=\"857\" src=\"https:\/\/www.crea.gov.co\/crea-lucero-bajo\/wp-content\/uploads\/sites\/18\/2024\/12\/WhatsApp-Image-2024-12-18-at-6.11.51-PM-1-1024x768.jpeg\" alt=\"\" class=\"wp-image-857\" srcset=\"https:\/\/www.crea.gov.co\/crea-lucero-bajo\/wp-content\/uploads\/sites\/18\/2024\/12\/WhatsApp-Image-2024-12-18-at-6.11.51-PM-1-1024x768.jpeg 1024w, https:\/\/www.crea.gov.co\/crea-lucero-bajo\/wp-content\/uploads\/sites\/18\/2024\/12\/WhatsApp-Image-2024-12-18-at-6.11.51-PM-1-300x225.jpeg 300w, https:\/\/www.crea.gov.co\/crea-lucero-bajo\/wp-content\/uploads\/sites\/18\/2024\/12\/WhatsApp-Image-2024-12-18-at-6.11.51-PM-1-768x576.jpeg 768w, https:\/\/www.crea.gov.co\/crea-lucero-bajo\/wp-content\/uploads\/sites\/18\/2024\/12\/WhatsApp-Image-2024-12-18-at-6.11.51-PM-1-1536x1152.jpeg 1536w, https:\/\/www.crea.gov.co\/crea-lucero-bajo\/wp-content\/uploads\/sites\/18\/2024\/12\/WhatsApp-Image-2024-12-18-at-6.11.51-PM-1.jpeg 1600w\" sizes=\"auto, (max-width: 1024px) 100vw, 1024px\" \/><\/figure>\n<\/figure>\n\n\n\n<div class=\"wp-block-cover is-light\"><span aria-hidden=\"true\" class=\"wp-block-cover__background has-luminous-vivid-orange-background-color has-background-dim-100 has-background-dim\"><\/span><div class=\"wp-block-cover__inner-container is-layout-constrained wp-block-cover-is-layout-constrained\">\n<p class=\"has-text-align-center has-large-font-size\">\u00a1\u00a1\u00a1VAMOS POR OTRO A\u00d1O M\u00c1S DE DIVERSI\u00d3N!!! \u00a12025 ALL\u00c1 VAMOS!<\/p>\n<\/div><\/div>\n\n\n\n<figure class=\"wp-block-gallery has-nested-images columns-default is-cropped wp-block-gallery-2 is-layout-flex wp-block-gallery-is-layout-flex\">\n<figure class=\"wp-block-image size-large\"><img loading=\"lazy\" decoding=\"async\" width=\"1024\" height=\"768\" data-id=\"863\" src=\"https:\/\/www.crea.gov.co\/crea-lucero-bajo\/wp-content\/uploads\/sites\/18\/2024\/12\/WhatsApp-Image-2024-12-18-at-6.11.51-PM-1024x768.jpeg\" alt=\"\" class=\"wp-image-863\" srcset=\"https:\/\/www.crea.gov.co\/crea-lucero-bajo\/wp-content\/uploads\/sites\/18\/2024\/12\/WhatsApp-Image-2024-12-18-at-6.11.51-PM-1024x768.jpeg 1024w, https:\/\/www.crea.gov.co\/crea-lucero-bajo\/wp-content\/uploads\/sites\/18\/2024\/12\/WhatsApp-Image-2024-12-18-at-6.11.51-PM-300x225.jpeg 300w, https:\/\/www.crea.gov.co\/crea-lucero-bajo\/wp-content\/uploads\/sites\/18\/2024\/12\/WhatsApp-Image-2024-12-18-at-6.11.51-PM-768x576.jpeg 768w, https:\/\/www.crea.gov.co\/crea-lucero-bajo\/wp-content\/uploads\/sites\/18\/2024\/12\/WhatsApp-Image-2024-12-18-at-6.11.51-PM-1536x1152.jpeg 1536w, https:\/\/www.crea.gov.co\/crea-lucero-bajo\/wp-content\/uploads\/sites\/18\/2024\/12\/WhatsApp-Image-2024-12-18-at-6.11.51-PM.jpeg 1600w\" sizes=\"auto, (max-width: 1024px) 100vw, 1024px\" \/><\/figure>\n\n\n\n<figure class=\"wp-block-image size-large\"><img loading=\"lazy\" decoding=\"async\" width=\"768\" height=\"1024\" data-id=\"862\" src=\"https:\/\/www.crea.gov.co\/crea-lucero-bajo\/wp-content\/uploads\/sites\/18\/2024\/12\/WhatsApp-Image-2024-12-18-at-6.11.50-PM-2-768x1024.jpeg\" alt=\"\" class=\"wp-image-862\" srcset=\"https:\/\/www.crea.gov.co\/crea-lucero-bajo\/wp-content\/uploads\/sites\/18\/2024\/12\/WhatsApp-Image-2024-12-18-at-6.11.50-PM-2-768x1024.jpeg 768w, https:\/\/www.crea.gov.co\/crea-lucero-bajo\/wp-content\/uploads\/sites\/18\/2024\/12\/WhatsApp-Image-2024-12-18-at-6.11.50-PM-2-225x300.jpeg 225w, https:\/\/www.crea.gov.co\/crea-lucero-bajo\/wp-content\/uploads\/sites\/18\/2024\/12\/WhatsApp-Image-2024-12-18-at-6.11.50-PM-2-1152x1536.jpeg 1152w, https:\/\/www.crea.gov.co\/crea-lucero-bajo\/wp-content\/uploads\/sites\/18\/2024\/12\/WhatsApp-Image-2024-12-18-at-6.11.50-PM-2.jpeg 1200w\" sizes=\"auto, (max-width: 768px) 100vw, 768px\" \/><\/figure>\n\n\n\n<figure class=\"wp-block-image size-large\"><img loading=\"lazy\" decoding=\"async\" width=\"1024\" height=\"768\" data-id=\"861\" src=\"https:\/\/www.crea.gov.co\/crea-lucero-bajo\/wp-content\/uploads\/sites\/18\/2024\/12\/WhatsApp-Image-2024-12-18-at-6.11.50-PM-1-1024x768.jpeg\" alt=\"\" class=\"wp-image-861\" srcset=\"https:\/\/www.crea.gov.co\/crea-lucero-bajo\/wp-content\/uploads\/sites\/18\/2024\/12\/WhatsApp-Image-2024-12-18-at-6.11.50-PM-1-1024x768.jpeg 1024w, https:\/\/www.crea.gov.co\/crea-lucero-bajo\/wp-content\/uploads\/sites\/18\/2024\/12\/WhatsApp-Image-2024-12-18-at-6.11.50-PM-1-300x225.jpeg 300w, https:\/\/www.crea.gov.co\/crea-lucero-bajo\/wp-content\/uploads\/sites\/18\/2024\/12\/WhatsApp-Image-2024-12-18-at-6.11.50-PM-1-768x576.jpeg 768w, https:\/\/www.crea.gov.co\/crea-lucero-bajo\/wp-content\/uploads\/sites\/18\/2024\/12\/WhatsApp-Image-2024-12-18-at-6.11.50-PM-1-1536x1152.jpeg 1536w, https:\/\/www.crea.gov.co\/crea-lucero-bajo\/wp-content\/uploads\/sites\/18\/2024\/12\/WhatsApp-Image-2024-12-18-at-6.11.50-PM-1.jpeg 1600w\" sizes=\"auto, (max-width: 1024px) 100vw, 1024px\" \/><\/figure>\n\n\n\n<figure class=\"wp-block-image size-large\"><img loading=\"lazy\" decoding=\"async\" width=\"1024\" height=\"768\" data-id=\"865\" src=\"https:\/\/www.crea.gov.co\/crea-lucero-bajo\/wp-content\/uploads\/sites\/18\/2024\/12\/WhatsApp-Image-2024-12-18-at-6.11.50-PM-1024x768.jpeg\" alt=\"\" class=\"wp-image-865\" srcset=\"https:\/\/www.crea.gov.co\/crea-lucero-bajo\/wp-content\/uploads\/sites\/18\/2024\/12\/WhatsApp-Image-2024-12-18-at-6.11.50-PM-1024x768.jpeg 1024w, https:\/\/www.crea.gov.co\/crea-lucero-bajo\/wp-content\/uploads\/sites\/18\/2024\/12\/WhatsApp-Image-2024-12-18-at-6.11.50-PM-300x225.jpeg 300w, https:\/\/www.crea.gov.co\/crea-lucero-bajo\/wp-content\/uploads\/sites\/18\/2024\/12\/WhatsApp-Image-2024-12-18-at-6.11.50-PM-768x576.jpeg 768w, https:\/\/www.crea.gov.co\/crea-lucero-bajo\/wp-content\/uploads\/sites\/18\/2024\/12\/WhatsApp-Image-2024-12-18-at-6.11.50-PM-1536x1152.jpeg 1536w, https:\/\/www.crea.gov.co\/crea-lucero-bajo\/wp-content\/uploads\/sites\/18\/2024\/12\/WhatsApp-Image-2024-12-18-at-6.11.50-PM.jpeg 1600w\" sizes=\"auto, (max-width: 1024px) 100vw, 1024px\" \/><\/figure>\n\n\n\n<figure class=\"wp-block-image size-large\"><img loading=\"lazy\" decoding=\"async\" width=\"768\" height=\"1024\" data-id=\"866\" src=\"https:\/\/www.crea.gov.co\/crea-lucero-bajo\/wp-content\/uploads\/sites\/18\/2024\/12\/WhatsApp-Image-2024-12-18-at-6.11.48-PM-768x1024.jpeg\" alt=\"\" class=\"wp-image-866\" srcset=\"https:\/\/www.crea.gov.co\/crea-lucero-bajo\/wp-content\/uploads\/sites\/18\/2024\/12\/WhatsApp-Image-2024-12-18-at-6.11.48-PM-768x1024.jpeg 768w, https:\/\/www.crea.gov.co\/crea-lucero-bajo\/wp-content\/uploads\/sites\/18\/2024\/12\/WhatsApp-Image-2024-12-18-at-6.11.48-PM-225x300.jpeg 225w, https:\/\/www.crea.gov.co\/crea-lucero-bajo\/wp-content\/uploads\/sites\/18\/2024\/12\/WhatsApp-Image-2024-12-18-at-6.11.48-PM-1152x1536.jpeg 1152w, https:\/\/www.crea.gov.co\/crea-lucero-bajo\/wp-content\/uploads\/sites\/18\/2024\/12\/WhatsApp-Image-2024-12-18-at-6.11.48-PM.jpeg 1200w\" sizes=\"auto, (max-width: 768px) 100vw, 768px\" \/><\/figure>\n<\/figure>\n\n\n\n<figure class=\"wp-block-video\"><video controls src=\"https:\/\/www.crea.gov.co\/crea-lucero-bajo\/wp-content\/uploads\/sites\/18\/2024\/12\/WhatsApp-Video-2024-12-18-at-6.11.49-PM.mp4\"><\/video><\/figure>\n\n\n\n<figure class=\"wp-block-video\"><video controls src=\"https:\/\/www.crea.gov.co\/crea-lucero-bajo\/wp-content\/uploads\/sites\/18\/2024\/12\/WhatsApp-Video-2024-12-13-at-3.17.52-PM-1.mp4\"><\/video><\/figure>\n","protected":false},"excerpt":{"rendered":"<p>ALEGR\u00cdA: La alegr\u00eda es un sentimiento positivo que se manifiesta a trav\u00e9s de un buen estado de \u00e1nimo, satisfacci\u00f3n y tendencia a la risa o la sonrisa. \u00a1TODA ESTA DIVERSI\u00d3N Y M\u00c1S LA PUEDES ENCONTRAR EN EL CREA LUCERO BAJO!<\/p>\n","protected":false},"author":72,"featured_media":864,"comment_status":"open","ping_status":"open","sticky":false,"template":"","format":"standard","meta":{"footnotes":""},"categories":[1],"tags":[],"class_list":["post-850","post","type-post","status-publish","format-standard","has-post-thumbnail","hentry","category-sin-categoria"],"yoast_head":"<!-- This site is optimized with the Yoast SEO plugin v24.5 - https:\/\/yoast.com\/wordpress\/plugins\/seo\/ -->\n<title>NOS DIVERTIMOS EN VACACIONES!!! - Crea Lucero Bajo<\/title>\n<meta name=\"robots\" content=\"index, follow, max-snippet:-1, max-image-preview:large, max-video-preview:-1\" \/>\n<link rel=\"canonical\" href=\"https:\/\/www.crea.gov.co\/crea-lucero-bajo\/nos-divertimos-en-vacaciones\/\" \/>\n<meta property=\"og:locale\" content=\"es_ES\" \/>\n<meta property=\"og:type\" content=\"article\" \/>\n<meta property=\"og:title\" content=\"NOS DIVERTIMOS EN VACACIONES!!! - Crea Lucero Bajo\" \/>\n<meta property=\"og:description\" content=\"ALEGR\u00cdA: La alegr\u00eda es un sentimiento positivo que se manifiesta a trav\u00e9s de un buen estado de \u00e1nimo, satisfacci\u00f3n y tendencia a la risa o la sonrisa. \u00a1TODA ESTA DIVERSI\u00d3N Y M\u00c1S LA PUEDES ENCONTRAR EN EL CREA LUCERO BAJO!\" \/>\n<meta property=\"og:url\" content=\"https:\/\/www.crea.gov.co\/crea-lucero-bajo\/nos-divertimos-en-vacaciones\/\" \/>\n<meta property=\"og:site_name\" content=\"Crea Lucero Bajo\" \/>\n<meta property=\"article:published_time\" content=\"2024-12-18T23:43:15+00:00\" \/>\n<meta property=\"article:modified_time\" content=\"2024-12-19T00:00:43+00:00\" \/>\n<meta property=\"og:image\" content=\"https:\/\/www.crea.gov.co\/crea-lucero-bajo\/wp-content\/uploads\/sites\/18\/2024\/12\/WhatsApp-Image-2024-12-18-at-6.11.51-PM-1-1.jpeg\" \/>\n\t<meta property=\"og:image:width\" content=\"1600\" \/>\n\t<meta property=\"og:image:height\" content=\"1200\" \/>\n\t<meta property=\"og:image:type\" content=\"image\/jpeg\" \/>\n<meta name=\"author\" content=\"angelahernandez\" \/>\n<meta name=\"twitter:card\" content=\"summary_large_image\" \/>\n<meta name=\"twitter:label1\" content=\"Escrito por\" \/>\n\t<meta name=\"twitter:data1\" content=\"angelahernandez\" \/>\n\t<meta name=\"twitter:label2\" content=\"Tiempo de lectura\" \/>\n\t<meta name=\"twitter:data2\" content=\"3 minutos\" \/>\n<script type=\"application\/ld+json\" class=\"yoast-schema-graph\">{\"@context\":\"https:\/\/schema.org\",\"@graph\":[{\"@type\":\"WebPage\",\"@id\":\"https:\/\/www.crea.gov.co\/crea-lucero-bajo\/nos-divertimos-en-vacaciones\/\",\"url\":\"https:\/\/www.crea.gov.co\/crea-lucero-bajo\/nos-divertimos-en-vacaciones\/\",\"name\":\"NOS DIVERTIMOS EN VACACIONES!!! - Crea Lucero Bajo\",\"isPartOf\":{\"@id\":\"https:\/\/www.crea.gov.co\/crea-lucero-bajo\/#website\"},\"primaryImageOfPage\":{\"@id\":\"https:\/\/www.crea.gov.co\/crea-lucero-bajo\/nos-divertimos-en-vacaciones\/#primaryimage\"},\"image\":{\"@id\":\"https:\/\/www.crea.gov.co\/crea-lucero-bajo\/nos-divertimos-en-vacaciones\/#primaryimage\"},\"thumbnailUrl\":\"https:\/\/www.crea.gov.co\/crea-lucero-bajo\/wp-content\/uploads\/sites\/18\/2024\/12\/WhatsApp-Image-2024-12-18-at-6.11.51-PM-1-1.jpeg\",\"datePublished\":\"2024-12-18T23:43:15+00:00\",\"dateModified\":\"2024-12-19T00:00:43+00:00\",\"author\":{\"@id\":\"https:\/\/www.crea.gov.co\/crea-lucero-bajo\/#\/schema\/person\/fa760553955240172cebbd5fa67f01f8\"},\"breadcrumb\":{\"@id\":\"https:\/\/www.crea.gov.co\/crea-lucero-bajo\/nos-divertimos-en-vacaciones\/#breadcrumb\"},\"inLanguage\":\"es-CO\",\"potentialAction\":[{\"@type\":\"ReadAction\",\"target\":[\"https:\/\/www.crea.gov.co\/crea-lucero-bajo\/nos-divertimos-en-vacaciones\/\"]}]},{\"@type\":\"ImageObject\",\"inLanguage\":\"es-CO\",\"@id\":\"https:\/\/www.crea.gov.co\/crea-lucero-bajo\/nos-divertimos-en-vacaciones\/#primaryimage\",\"url\":\"https:\/\/www.crea.gov.co\/crea-lucero-bajo\/wp-content\/uploads\/sites\/18\/2024\/12\/WhatsApp-Image-2024-12-18-at-6.11.51-PM-1-1.jpeg\",\"contentUrl\":\"https:\/\/www.crea.gov.co\/crea-lucero-bajo\/wp-content\/uploads\/sites\/18\/2024\/12\/WhatsApp-Image-2024-12-18-at-6.11.51-PM-1-1.jpeg\",\"width\":1600,\"height\":1200},{\"@type\":\"BreadcrumbList\",\"@id\":\"https:\/\/www.crea.gov.co\/crea-lucero-bajo\/nos-divertimos-en-vacaciones\/#breadcrumb\",\"itemListElement\":[{\"@type\":\"ListItem\",\"position\":1,\"name\":\"Home\",\"item\":\"https:\/\/www.crea.gov.co\/crea-lucero-bajo\/\"},{\"@type\":\"ListItem\",\"position\":2,\"name\":\"NOS DIVERTIMOS EN VACACIONES!!!\"}]},{\"@type\":\"WebSite\",\"@id\":\"https:\/\/www.crea.gov.co\/crea-lucero-bajo\/#website\",\"url\":\"https:\/\/www.crea.gov.co\/crea-lucero-bajo\/\",\"name\":\"Crea Lucero Bajo\",\"description\":\"En Ciudad Bol\u00edvar, entre calles inclinadas que cuentan historias de esfuerzo y constancia, este espacio crece junto a una comunidad que ha levantado su barrio paso a paso. Aqu\u00ed, ni\u00f1as, ni\u00f1os, j\u00f3venes y adultos se encuentran en talleres que nacen de sus propias realidades, tejiendo juntos un sentido profundo de pertenencia y orgullo por su territorio.\",\"potentialAction\":[{\"@type\":\"SearchAction\",\"target\":{\"@type\":\"EntryPoint\",\"urlTemplate\":\"https:\/\/www.crea.gov.co\/crea-lucero-bajo\/?s={search_term_string}\"},\"query-input\":{\"@type\":\"PropertyValueSpecification\",\"valueRequired\":true,\"valueName\":\"search_term_string\"}}],\"inLanguage\":\"es-CO\"},{\"@type\":\"Person\",\"@id\":\"https:\/\/www.crea.gov.co\/crea-lucero-bajo\/#\/schema\/person\/fa760553955240172cebbd5fa67f01f8\",\"name\":\"angelahernandez\",\"image\":{\"@type\":\"ImageObject\",\"inLanguage\":\"es-CO\",\"@id\":\"https:\/\/www.crea.gov.co\/crea-lucero-bajo\/#\/schema\/person\/image\/\",\"url\":\"https:\/\/secure.gravatar.com\/avatar\/274dc762143df7cc7128f298648373ff?s=96&d=mm&r=g\",\"contentUrl\":\"https:\/\/secure.gravatar.com\/avatar\/274dc762143df7cc7128f298648373ff?s=96&d=mm&r=g\",\"caption\":\"angelahernandez\"},\"url\":\"https:\/\/www.crea.gov.co\/crea-lucero-bajo\/author\/angelahernandez\/\"}]}<\/script>\n<!-- \/ Yoast SEO plugin. -->","yoast_head_json":{"title":"NOS DIVERTIMOS EN VACACIONES!!! - Crea Lucero Bajo","robots":{"index":"index","follow":"follow","max-snippet":"max-snippet:-1","max-image-preview":"max-image-preview:large","max-video-preview":"max-video-preview:-1"},"canonical":"https:\/\/www.crea.gov.co\/crea-lucero-bajo\/nos-divertimos-en-vacaciones\/","og_locale":"es_ES","og_type":"article","og_title":"NOS DIVERTIMOS EN VACACIONES!!! - Crea Lucero Bajo","og_description":"ALEGR\u00cdA: La alegr\u00eda es un sentimiento positivo que se manifiesta a trav\u00e9s de un buen estado de \u00e1nimo, satisfacci\u00f3n y tendencia a la risa o la sonrisa. \u00a1TODA ESTA DIVERSI\u00d3N Y M\u00c1S LA PUEDES ENCONTRAR EN EL CREA LUCERO BAJO!","og_url":"https:\/\/www.crea.gov.co\/crea-lucero-bajo\/nos-divertimos-en-vacaciones\/","og_site_name":"Crea Lucero Bajo","article_published_time":"2024-12-18T23:43:15+00:00","article_modified_time":"2024-12-19T00:00:43+00:00","og_image":[{"width":1600,"height":1200,"url":"https:\/\/www.crea.gov.co\/crea-lucero-bajo\/wp-content\/uploads\/sites\/18\/2024\/12\/WhatsApp-Image-2024-12-18-at-6.11.51-PM-1-1.jpeg","type":"image\/jpeg"}],"author":"angelahernandez","twitter_card":"summary_large_image","twitter_misc":{"Escrito por":"angelahernandez","Tiempo de lectura":"3 minutos"},"schema":{"@context":"https:\/\/schema.org","@graph":[{"@type":"WebPage","@id":"https:\/\/www.crea.gov.co\/crea-lucero-bajo\/nos-divertimos-en-vacaciones\/","url":"https:\/\/www.crea.gov.co\/crea-lucero-bajo\/nos-divertimos-en-vacaciones\/","name":"NOS DIVERTIMOS EN VACACIONES!!! - Crea Lucero Bajo","isPartOf":{"@id":"https:\/\/www.crea.gov.co\/crea-lucero-bajo\/#website"},"primaryImageOfPage":{"@id":"https:\/\/www.crea.gov.co\/crea-lucero-bajo\/nos-divertimos-en-vacaciones\/#primaryimage"},"image":{"@id":"https:\/\/www.crea.gov.co\/crea-lucero-bajo\/nos-divertimos-en-vacaciones\/#primaryimage"},"thumbnailUrl":"https:\/\/www.crea.gov.co\/crea-lucero-bajo\/wp-content\/uploads\/sites\/18\/2024\/12\/WhatsApp-Image-2024-12-18-at-6.11.51-PM-1-1.jpeg","datePublished":"2024-12-18T23:43:15+00:00","dateModified":"2024-12-19T00:00:43+00:00","author":{"@id":"https:\/\/www.crea.gov.co\/crea-lucero-bajo\/#\/schema\/person\/fa760553955240172cebbd5fa67f01f8"},"breadcrumb":{"@id":"https:\/\/www.crea.gov.co\/crea-lucero-bajo\/nos-divertimos-en-vacaciones\/#breadcrumb"},"inLanguage":"es-CO","potentialAction":[{"@type":"ReadAction","target":["https:\/\/www.crea.gov.co\/crea-lucero-bajo\/nos-divertimos-en-vacaciones\/"]}]},{"@type":"ImageObject","inLanguage":"es-CO","@id":"https:\/\/www.crea.gov.co\/crea-lucero-bajo\/nos-divertimos-en-vacaciones\/#primaryimage","url":"https:\/\/www.crea.gov.co\/crea-lucero-bajo\/wp-content\/uploads\/sites\/18\/2024\/12\/WhatsApp-Image-2024-12-18-at-6.11.51-PM-1-1.jpeg","contentUrl":"https:\/\/www.crea.gov.co\/crea-lucero-bajo\/wp-content\/uploads\/sites\/18\/2024\/12\/WhatsApp-Image-2024-12-18-at-6.11.51-PM-1-1.jpeg","width":1600,"height":1200},{"@type":"BreadcrumbList","@id":"https:\/\/www.crea.gov.co\/crea-lucero-bajo\/nos-divertimos-en-vacaciones\/#breadcrumb","itemListElement":[{"@type":"ListItem","position":1,"name":"Home","item":"https:\/\/www.crea.gov.co\/crea-lucero-bajo\/"},{"@type":"ListItem","position":2,"name":"NOS DIVERTIMOS EN VACACIONES!!!"}]},{"@type":"WebSite","@id":"https:\/\/www.crea.gov.co\/crea-lucero-bajo\/#website","url":"https:\/\/www.crea.gov.co\/crea-lucero-bajo\/","name":"Crea Lucero Bajo","description":"En Ciudad Bol\u00edvar, entre calles inclinadas que cuentan historias de esfuerzo y constancia, este espacio crece junto a una comunidad que ha levantado su barrio paso a paso. Aqu\u00ed, ni\u00f1as, ni\u00f1os, j\u00f3venes y adultos se encuentran en talleres que nacen de sus propias realidades, tejiendo juntos un sentido profundo de pertenencia y orgullo por su territorio.","potentialAction":[{"@type":"SearchAction","target":{"@type":"EntryPoint","urlTemplate":"https:\/\/www.crea.gov.co\/crea-lucero-bajo\/?s={search_term_string}"},"query-input":{"@type":"PropertyValueSpecification","valueRequired":true,"valueName":"search_term_string"}}],"inLanguage":"es-CO"},{"@type":"Person","@id":"https:\/\/www.crea.gov.co\/crea-lucero-bajo\/#\/schema\/person\/fa760553955240172cebbd5fa67f01f8","name":"angelahernandez","image":{"@type":"ImageObject","inLanguage":"es-CO","@id":"https:\/\/www.crea.gov.co\/crea-lucero-bajo\/#\/schema\/person\/image\/","url":"https:\/\/secure.gravatar.com\/avatar\/274dc762143df7cc7128f298648373ff?s=96&d=mm&r=g","contentUrl":"https:\/\/secure.gravatar.com\/avatar\/274dc762143df7cc7128f298648373ff?s=96&d=mm&r=g","caption":"angelahernandez"},"url":"https:\/\/www.crea.gov.co\/crea-lucero-bajo\/author\/angelahernandez\/"}]}},"_links":{"self":[{"href":"https:\/\/www.crea.gov.co\/crea-lucero-bajo\/wp-json\/wp\/v2\/posts\/850","targetHints":{"allow":["GET"]}}],"collection":[{"href":"https:\/\/www.crea.gov.co\/crea-lucero-bajo\/wp-json\/wp\/v2\/posts"}],"about":[{"href":"https:\/\/www.crea.gov.co\/crea-lucero-bajo\/wp-json\/wp\/v2\/types\/post"}],"author":[{"embeddable":true,"href":"https:\/\/www.crea.gov.co\/crea-lucero-bajo\/wp-json\/wp\/v2\/users\/72"}],"replies":[{"embeddable":true,"href":"https:\/\/www.crea.gov.co\/crea-lucero-bajo\/wp-json\/wp\/v2\/comments?post=850"}],"version-history":[{"count":2,"href":"https:\/\/www.crea.gov.co\/crea-lucero-bajo\/wp-json\/wp\/v2\/posts\/850\/revisions"}],"predecessor-version":[{"id":872,"href":"https:\/\/www.crea.gov.co\/crea-lucero-bajo\/wp-json\/wp\/v2\/posts\/850\/revisions\/872"}],"wp:featuredmedia":[{"embeddable":true,"href":"https:\/\/www.crea.gov.co\/crea-lucero-bajo\/wp-json\/wp\/v2\/media\/864"}],"wp:attachment":[{"href":"https:\/\/www.crea.gov.co\/crea-lucero-bajo\/wp-json\/wp\/v2\/media?parent=850"}],"wp:term":[{"taxonomy":"category","embeddable":true,"href":"https:\/\/www.crea.gov.co\/crea-lucero-bajo\/wp-json\/wp\/v2\/categories?post=850"},{"taxonomy":"post_tag","embeddable":true,"href":"https:\/\/www.crea.gov.co\/crea-lucero-bajo\/wp-json\/wp\/v2\/tags?post=850"}],"curies":[{"name":"wp","href":"https:\/\/api.w.org\/{rel}","templated":true}]}}