{"id":799,"date":"2024-10-05T04:05:42","date_gmt":"2024-10-05T04:05:42","guid":{"rendered":"https:\/\/www.crea.gov.co\/crea-lucero-bajo\/?p=799"},"modified":"2024-10-05T04:06:42","modified_gmt":"2024-10-05T04:06:42","slug":"llega-crea-en-movimiento-animate-y-acompananos","status":"publish","type":"post","link":"https:\/\/www.crea.gov.co\/crea-lucero-bajo\/llega-crea-en-movimiento-animate-y-acompananos\/","title":{"rendered":"\u00a1LLEGA CREA EN MOVIMIENTO AN\u00cdMATE Y ACOMPA\u00d1ANOS!"},"content":{"rendered":"\n<p><br><br>4 DE OCTUBRE DE 2024<br><br>Este <strong>5 de octubre en el Teatro Villa Mayor<\/strong>, tendremos una programaci\u00f3n diversa que va desde clases abiertas y talleres, hasta grandes muestras art\u00edsticas.<\/p>\n\n\n\n<p>El evento buscara ofrecer diferentes experiencias en torno las m\u00faltiples maneras de narrar y leer el mundo, inspirados en los espacios y relaci\u00f3n con el teatro villamayor, tendremos muestras esc\u00e9nicas, exposiciones interactivas, mediaciones con las obras pl\u00e1sticas y juegos de escritura multimodal.<\/p>\n\n\n\n<p>Es la oportunidad para Los Crea Ingles, Tunal, Lucero Bajo, Manitas y Cantarrana de visibilizar los procesos art\u00edsticos en las tres l\u00edneas de atenci\u00f3n del programa crea. <br><br><\/p>\n\n\n\n<figure class=\"wp-block-image size-large\"><img loading=\"lazy\" decoding=\"async\" width=\"819\" height=\"1024\" src=\"https:\/\/www.crea.gov.co\/crea-lucero-bajo\/wp-content\/uploads\/sites\/18\/2024\/10\/WhatsApp-Image-2024-10-03-at-8.44.06-AM-819x1024.jpeg\" alt=\"\" class=\"wp-image-800\" srcset=\"https:\/\/www.crea.gov.co\/crea-lucero-bajo\/wp-content\/uploads\/sites\/18\/2024\/10\/WhatsApp-Image-2024-10-03-at-8.44.06-AM-819x1024.jpeg 819w, https:\/\/www.crea.gov.co\/crea-lucero-bajo\/wp-content\/uploads\/sites\/18\/2024\/10\/WhatsApp-Image-2024-10-03-at-8.44.06-AM-240x300.jpeg 240w, https:\/\/www.crea.gov.co\/crea-lucero-bajo\/wp-content\/uploads\/sites\/18\/2024\/10\/WhatsApp-Image-2024-10-03-at-8.44.06-AM-768x960.jpeg 768w, https:\/\/www.crea.gov.co\/crea-lucero-bajo\/wp-content\/uploads\/sites\/18\/2024\/10\/WhatsApp-Image-2024-10-03-at-8.44.06-AM-1229x1536.jpeg 1229w, https:\/\/www.crea.gov.co\/crea-lucero-bajo\/wp-content\/uploads\/sites\/18\/2024\/10\/WhatsApp-Image-2024-10-03-at-8.44.06-AM.jpeg 1280w\" sizes=\"auto, (max-width: 819px) 100vw, 819px\" \/><\/figure>\n\n\n\n<p><br><\/p>\n\n\n\n<p>Idartes sigue apostando por llevar el arte a los espacios cotidianos de Bogot\u00e1:<\/p>\n\n\n\n<ul class=\"wp-block-list\">\n<li>Presentaci\u00f3n y muestra de procesos<\/li>\n\n\n\n<li>Transformando lugares comunes en escenarios de creatividad y expresi\u00f3n art\u00edstica.<br>Todas las actividades son gratuitas y abiertas a la comunidad.<\/li>\n\n\n\n<li>El programa Crea te invita a ser parte de esta experiencia que conecta, transforma y resignifica los espacios urbanos. <\/li>\n\n\n\n<li>Reafirmando el compromiso del&nbsp;<a href=\"https:\/\/www.idartes.gov.co\/es\"><strong>Instituto Distrital de las Artes \u2013 Idartes<\/strong><\/a>&nbsp;con el desarrollo cultural de la ciudad.<br><br><br><\/li>\n<\/ul>\n\n\n\n<figure class=\"wp-block-image size-large\"><img loading=\"lazy\" decoding=\"async\" width=\"819\" height=\"1024\" src=\"https:\/\/www.crea.gov.co\/crea-lucero-bajo\/wp-content\/uploads\/sites\/18\/2024\/10\/WhatsApp-Image-2024-10-03-at-8.44.07-AM-819x1024.jpeg\" alt=\"\" class=\"wp-image-801\" srcset=\"https:\/\/www.crea.gov.co\/crea-lucero-bajo\/wp-content\/uploads\/sites\/18\/2024\/10\/WhatsApp-Image-2024-10-03-at-8.44.07-AM-819x1024.jpeg 819w, https:\/\/www.crea.gov.co\/crea-lucero-bajo\/wp-content\/uploads\/sites\/18\/2024\/10\/WhatsApp-Image-2024-10-03-at-8.44.07-AM-240x300.jpeg 240w, https:\/\/www.crea.gov.co\/crea-lucero-bajo\/wp-content\/uploads\/sites\/18\/2024\/10\/WhatsApp-Image-2024-10-03-at-8.44.07-AM-768x960.jpeg 768w, https:\/\/www.crea.gov.co\/crea-lucero-bajo\/wp-content\/uploads\/sites\/18\/2024\/10\/WhatsApp-Image-2024-10-03-at-8.44.07-AM-1229x1536.jpeg 1229w, https:\/\/www.crea.gov.co\/crea-lucero-bajo\/wp-content\/uploads\/sites\/18\/2024\/10\/WhatsApp-Image-2024-10-03-at-8.44.07-AM.jpeg 1280w\" sizes=\"auto, (max-width: 819px) 100vw, 819px\" \/><\/figure>\n\n\n\n<h2 class=\"wp-block-heading has-text-align-right\"><br>\u00a1\u00a1\u00a1VEN Y ACOMP\u00c1\u00d1ANOS!!!<br><br><br><\/h2>\n\n\n\n<figure class=\"wp-block-image size-large\"><img loading=\"lazy\" decoding=\"async\" width=\"819\" height=\"1024\" src=\"https:\/\/www.crea.gov.co\/crea-lucero-bajo\/wp-content\/uploads\/sites\/18\/2024\/10\/WhatsApp-Image-2024-10-03-at-8.44.07-AM-1-819x1024.jpeg\" alt=\"\" class=\"wp-image-802\" srcset=\"https:\/\/www.crea.gov.co\/crea-lucero-bajo\/wp-content\/uploads\/sites\/18\/2024\/10\/WhatsApp-Image-2024-10-03-at-8.44.07-AM-1-819x1024.jpeg 819w, https:\/\/www.crea.gov.co\/crea-lucero-bajo\/wp-content\/uploads\/sites\/18\/2024\/10\/WhatsApp-Image-2024-10-03-at-8.44.07-AM-1-240x300.jpeg 240w, https:\/\/www.crea.gov.co\/crea-lucero-bajo\/wp-content\/uploads\/sites\/18\/2024\/10\/WhatsApp-Image-2024-10-03-at-8.44.07-AM-1-768x960.jpeg 768w, https:\/\/www.crea.gov.co\/crea-lucero-bajo\/wp-content\/uploads\/sites\/18\/2024\/10\/WhatsApp-Image-2024-10-03-at-8.44.07-AM-1-1229x1536.jpeg 1229w, https:\/\/www.crea.gov.co\/crea-lucero-bajo\/wp-content\/uploads\/sites\/18\/2024\/10\/WhatsApp-Image-2024-10-03-at-8.44.07-AM-1.jpeg 1280w\" sizes=\"auto, (max-width: 819px) 100vw, 819px\" \/><\/figure>\n","protected":false},"excerpt":{"rendered":"<p>4 DE OCTUBRE DE 2024 Este 5 de octubre en el Teatro Villa Mayor, tendremos una programaci\u00f3n diversa que va desde clases abiertas y talleres, hasta grandes muestras art\u00edsticas. El evento buscara ofrecer diferentes experiencias en torno las m\u00faltiples maneras de narrar y leer el mundo, inspirados en los espacios y relaci\u00f3n con el teatro [&hellip;]<\/p>\n","protected":false},"author":72,"featured_media":800,"comment_status":"open","ping_status":"open","sticky":false,"template":"","format":"standard","meta":{"footnotes":""},"categories":[1],"tags":[],"class_list":["post-799","post","type-post","status-publish","format-standard","has-post-thumbnail","hentry","category-sin-categoria"],"yoast_head":"<!-- This site is optimized with the Yoast SEO plugin v24.5 - https:\/\/yoast.com\/wordpress\/plugins\/seo\/ -->\n<title>\u00a1LLEGA CREA EN MOVIMIENTO AN\u00cdMATE Y ACOMPA\u00d1ANOS! - Crea Lucero Bajo<\/title>\n<meta name=\"robots\" content=\"index, follow, max-snippet:-1, max-image-preview:large, max-video-preview:-1\" \/>\n<link rel=\"canonical\" href=\"https:\/\/www.crea.gov.co\/crea-lucero-bajo\/llega-crea-en-movimiento-animate-y-acompananos\/\" \/>\n<meta property=\"og:locale\" content=\"es_ES\" \/>\n<meta property=\"og:type\" content=\"article\" \/>\n<meta property=\"og:title\" content=\"\u00a1LLEGA CREA EN MOVIMIENTO AN\u00cdMATE Y ACOMPA\u00d1ANOS! - Crea Lucero Bajo\" \/>\n<meta property=\"og:description\" content=\"4 DE OCTUBRE DE 2024 Este 5 de octubre en el Teatro Villa Mayor, tendremos una programaci\u00f3n diversa que va desde clases abiertas y talleres, hasta grandes muestras art\u00edsticas. El evento buscara ofrecer diferentes experiencias en torno las m\u00faltiples maneras de narrar y leer el mundo, inspirados en los espacios y relaci\u00f3n con el teatro [&hellip;]\" \/>\n<meta property=\"og:url\" content=\"https:\/\/www.crea.gov.co\/crea-lucero-bajo\/llega-crea-en-movimiento-animate-y-acompananos\/\" \/>\n<meta property=\"og:site_name\" content=\"Crea Lucero Bajo\" \/>\n<meta property=\"article:published_time\" content=\"2024-10-05T04:05:42+00:00\" \/>\n<meta property=\"article:modified_time\" content=\"2024-10-05T04:06:42+00:00\" \/>\n<meta property=\"og:image\" content=\"https:\/\/www.crea.gov.co\/crea-lucero-bajo\/wp-content\/uploads\/sites\/18\/2024\/10\/WhatsApp-Image-2024-10-03-at-8.44.06-AM.jpeg\" \/>\n\t<meta property=\"og:image:width\" content=\"1280\" \/>\n\t<meta property=\"og:image:height\" content=\"1600\" \/>\n\t<meta property=\"og:image:type\" content=\"image\/jpeg\" \/>\n<meta name=\"author\" content=\"angelahernandez\" \/>\n<meta name=\"twitter:card\" content=\"summary_large_image\" \/>\n<meta name=\"twitter:label1\" content=\"Escrito por\" \/>\n\t<meta name=\"twitter:data1\" content=\"angelahernandez\" \/>\n\t<meta name=\"twitter:label2\" content=\"Tiempo de lectura\" \/>\n\t<meta name=\"twitter:data2\" content=\"2 minutos\" \/>\n<script type=\"application\/ld+json\" class=\"yoast-schema-graph\">{\"@context\":\"https:\/\/schema.org\",\"@graph\":[{\"@type\":\"WebPage\",\"@id\":\"https:\/\/www.crea.gov.co\/crea-lucero-bajo\/llega-crea-en-movimiento-animate-y-acompananos\/\",\"url\":\"https:\/\/www.crea.gov.co\/crea-lucero-bajo\/llega-crea-en-movimiento-animate-y-acompananos\/\",\"name\":\"\u00a1LLEGA CREA EN MOVIMIENTO AN\u00cdMATE Y ACOMPA\u00d1ANOS! - Crea Lucero Bajo\",\"isPartOf\":{\"@id\":\"https:\/\/www.crea.gov.co\/crea-lucero-bajo\/#website\"},\"primaryImageOfPage\":{\"@id\":\"https:\/\/www.crea.gov.co\/crea-lucero-bajo\/llega-crea-en-movimiento-animate-y-acompananos\/#primaryimage\"},\"image\":{\"@id\":\"https:\/\/www.crea.gov.co\/crea-lucero-bajo\/llega-crea-en-movimiento-animate-y-acompananos\/#primaryimage\"},\"thumbnailUrl\":\"https:\/\/www.crea.gov.co\/crea-lucero-bajo\/wp-content\/uploads\/sites\/18\/2024\/10\/WhatsApp-Image-2024-10-03-at-8.44.06-AM.jpeg\",\"datePublished\":\"2024-10-05T04:05:42+00:00\",\"dateModified\":\"2024-10-05T04:06:42+00:00\",\"author\":{\"@id\":\"https:\/\/www.crea.gov.co\/crea-lucero-bajo\/#\/schema\/person\/fa760553955240172cebbd5fa67f01f8\"},\"breadcrumb\":{\"@id\":\"https:\/\/www.crea.gov.co\/crea-lucero-bajo\/llega-crea-en-movimiento-animate-y-acompananos\/#breadcrumb\"},\"inLanguage\":\"es-CO\",\"potentialAction\":[{\"@type\":\"ReadAction\",\"target\":[\"https:\/\/www.crea.gov.co\/crea-lucero-bajo\/llega-crea-en-movimiento-animate-y-acompananos\/\"]}]},{\"@type\":\"ImageObject\",\"inLanguage\":\"es-CO\",\"@id\":\"https:\/\/www.crea.gov.co\/crea-lucero-bajo\/llega-crea-en-movimiento-animate-y-acompananos\/#primaryimage\",\"url\":\"https:\/\/www.crea.gov.co\/crea-lucero-bajo\/wp-content\/uploads\/sites\/18\/2024\/10\/WhatsApp-Image-2024-10-03-at-8.44.06-AM.jpeg\",\"contentUrl\":\"https:\/\/www.crea.gov.co\/crea-lucero-bajo\/wp-content\/uploads\/sites\/18\/2024\/10\/WhatsApp-Image-2024-10-03-at-8.44.06-AM.jpeg\",\"width\":1280,\"height\":1600},{\"@type\":\"BreadcrumbList\",\"@id\":\"https:\/\/www.crea.gov.co\/crea-lucero-bajo\/llega-crea-en-movimiento-animate-y-acompananos\/#breadcrumb\",\"itemListElement\":[{\"@type\":\"ListItem\",\"position\":1,\"name\":\"Home\",\"item\":\"https:\/\/www.crea.gov.co\/crea-lucero-bajo\/\"},{\"@type\":\"ListItem\",\"position\":2,\"name\":\"\u00a1LLEGA CREA EN MOVIMIENTO AN\u00cdMATE Y ACOMPA\u00d1ANOS!\"}]},{\"@type\":\"WebSite\",\"@id\":\"https:\/\/www.crea.gov.co\/crea-lucero-bajo\/#website\",\"url\":\"https:\/\/www.crea.gov.co\/crea-lucero-bajo\/\",\"name\":\"Crea Lucero Bajo\",\"description\":\"En Ciudad Bol\u00edvar, entre calles inclinadas que cuentan historias de esfuerzo y constancia, este espacio crece junto a una comunidad que ha levantado su barrio paso a paso. Aqu\u00ed, ni\u00f1as, ni\u00f1os, j\u00f3venes y adultos se encuentran en talleres que nacen de sus propias realidades, tejiendo juntos un sentido profundo de pertenencia y orgullo por su territorio.\",\"potentialAction\":[{\"@type\":\"SearchAction\",\"target\":{\"@type\":\"EntryPoint\",\"urlTemplate\":\"https:\/\/www.crea.gov.co\/crea-lucero-bajo\/?s={search_term_string}\"},\"query-input\":{\"@type\":\"PropertyValueSpecification\",\"valueRequired\":true,\"valueName\":\"search_term_string\"}}],\"inLanguage\":\"es-CO\"},{\"@type\":\"Person\",\"@id\":\"https:\/\/www.crea.gov.co\/crea-lucero-bajo\/#\/schema\/person\/fa760553955240172cebbd5fa67f01f8\",\"name\":\"angelahernandez\",\"image\":{\"@type\":\"ImageObject\",\"inLanguage\":\"es-CO\",\"@id\":\"https:\/\/www.crea.gov.co\/crea-lucero-bajo\/#\/schema\/person\/image\/\",\"url\":\"https:\/\/secure.gravatar.com\/avatar\/274dc762143df7cc7128f298648373ff?s=96&d=mm&r=g\",\"contentUrl\":\"https:\/\/secure.gravatar.com\/avatar\/274dc762143df7cc7128f298648373ff?s=96&d=mm&r=g\",\"caption\":\"angelahernandez\"},\"url\":\"https:\/\/www.crea.gov.co\/crea-lucero-bajo\/author\/angelahernandez\/\"}]}<\/script>\n<!-- \/ Yoast SEO plugin. -->","yoast_head_json":{"title":"\u00a1LLEGA CREA EN MOVIMIENTO AN\u00cdMATE Y ACOMPA\u00d1ANOS! - Crea Lucero Bajo","robots":{"index":"index","follow":"follow","max-snippet":"max-snippet:-1","max-image-preview":"max-image-preview:large","max-video-preview":"max-video-preview:-1"},"canonical":"https:\/\/www.crea.gov.co\/crea-lucero-bajo\/llega-crea-en-movimiento-animate-y-acompananos\/","og_locale":"es_ES","og_type":"article","og_title":"\u00a1LLEGA CREA EN MOVIMIENTO AN\u00cdMATE Y ACOMPA\u00d1ANOS! - Crea Lucero Bajo","og_description":"4 DE OCTUBRE DE 2024 Este 5 de octubre en el Teatro Villa Mayor, tendremos una programaci\u00f3n diversa que va desde clases abiertas y talleres, hasta grandes muestras art\u00edsticas. El evento buscara ofrecer diferentes experiencias en torno las m\u00faltiples maneras de narrar y leer el mundo, inspirados en los espacios y relaci\u00f3n con el teatro [&hellip;]","og_url":"https:\/\/www.crea.gov.co\/crea-lucero-bajo\/llega-crea-en-movimiento-animate-y-acompananos\/","og_site_name":"Crea Lucero Bajo","article_published_time":"2024-10-05T04:05:42+00:00","article_modified_time":"2024-10-05T04:06:42+00:00","og_image":[{"width":1280,"height":1600,"url":"https:\/\/www.crea.gov.co\/crea-lucero-bajo\/wp-content\/uploads\/sites\/18\/2024\/10\/WhatsApp-Image-2024-10-03-at-8.44.06-AM.jpeg","type":"image\/jpeg"}],"author":"angelahernandez","twitter_card":"summary_large_image","twitter_misc":{"Escrito por":"angelahernandez","Tiempo de lectura":"2 minutos"},"schema":{"@context":"https:\/\/schema.org","@graph":[{"@type":"WebPage","@id":"https:\/\/www.crea.gov.co\/crea-lucero-bajo\/llega-crea-en-movimiento-animate-y-acompananos\/","url":"https:\/\/www.crea.gov.co\/crea-lucero-bajo\/llega-crea-en-movimiento-animate-y-acompananos\/","name":"\u00a1LLEGA CREA EN MOVIMIENTO AN\u00cdMATE Y ACOMPA\u00d1ANOS! - Crea Lucero Bajo","isPartOf":{"@id":"https:\/\/www.crea.gov.co\/crea-lucero-bajo\/#website"},"primaryImageOfPage":{"@id":"https:\/\/www.crea.gov.co\/crea-lucero-bajo\/llega-crea-en-movimiento-animate-y-acompananos\/#primaryimage"},"image":{"@id":"https:\/\/www.crea.gov.co\/crea-lucero-bajo\/llega-crea-en-movimiento-animate-y-acompananos\/#primaryimage"},"thumbnailUrl":"https:\/\/www.crea.gov.co\/crea-lucero-bajo\/wp-content\/uploads\/sites\/18\/2024\/10\/WhatsApp-Image-2024-10-03-at-8.44.06-AM.jpeg","datePublished":"2024-10-05T04:05:42+00:00","dateModified":"2024-10-05T04:06:42+00:00","author":{"@id":"https:\/\/www.crea.gov.co\/crea-lucero-bajo\/#\/schema\/person\/fa760553955240172cebbd5fa67f01f8"},"breadcrumb":{"@id":"https:\/\/www.crea.gov.co\/crea-lucero-bajo\/llega-crea-en-movimiento-animate-y-acompananos\/#breadcrumb"},"inLanguage":"es-CO","potentialAction":[{"@type":"ReadAction","target":["https:\/\/www.crea.gov.co\/crea-lucero-bajo\/llega-crea-en-movimiento-animate-y-acompananos\/"]}]},{"@type":"ImageObject","inLanguage":"es-CO","@id":"https:\/\/www.crea.gov.co\/crea-lucero-bajo\/llega-crea-en-movimiento-animate-y-acompananos\/#primaryimage","url":"https:\/\/www.crea.gov.co\/crea-lucero-bajo\/wp-content\/uploads\/sites\/18\/2024\/10\/WhatsApp-Image-2024-10-03-at-8.44.06-AM.jpeg","contentUrl":"https:\/\/www.crea.gov.co\/crea-lucero-bajo\/wp-content\/uploads\/sites\/18\/2024\/10\/WhatsApp-Image-2024-10-03-at-8.44.06-AM.jpeg","width":1280,"height":1600},{"@type":"BreadcrumbList","@id":"https:\/\/www.crea.gov.co\/crea-lucero-bajo\/llega-crea-en-movimiento-animate-y-acompananos\/#breadcrumb","itemListElement":[{"@type":"ListItem","position":1,"name":"Home","item":"https:\/\/www.crea.gov.co\/crea-lucero-bajo\/"},{"@type":"ListItem","position":2,"name":"\u00a1LLEGA CREA EN MOVIMIENTO AN\u00cdMATE Y ACOMPA\u00d1ANOS!"}]},{"@type":"WebSite","@id":"https:\/\/www.crea.gov.co\/crea-lucero-bajo\/#website","url":"https:\/\/www.crea.gov.co\/crea-lucero-bajo\/","name":"Crea Lucero Bajo","description":"En Ciudad Bol\u00edvar, entre calles inclinadas que cuentan historias de esfuerzo y constancia, este espacio crece junto a una comunidad que ha levantado su barrio paso a paso. Aqu\u00ed, ni\u00f1as, ni\u00f1os, j\u00f3venes y adultos se encuentran en talleres que nacen de sus propias realidades, tejiendo juntos un sentido profundo de pertenencia y orgullo por su territorio.","potentialAction":[{"@type":"SearchAction","target":{"@type":"EntryPoint","urlTemplate":"https:\/\/www.crea.gov.co\/crea-lucero-bajo\/?s={search_term_string}"},"query-input":{"@type":"PropertyValueSpecification","valueRequired":true,"valueName":"search_term_string"}}],"inLanguage":"es-CO"},{"@type":"Person","@id":"https:\/\/www.crea.gov.co\/crea-lucero-bajo\/#\/schema\/person\/fa760553955240172cebbd5fa67f01f8","name":"angelahernandez","image":{"@type":"ImageObject","inLanguage":"es-CO","@id":"https:\/\/www.crea.gov.co\/crea-lucero-bajo\/#\/schema\/person\/image\/","url":"https:\/\/secure.gravatar.com\/avatar\/274dc762143df7cc7128f298648373ff?s=96&d=mm&r=g","contentUrl":"https:\/\/secure.gravatar.com\/avatar\/274dc762143df7cc7128f298648373ff?s=96&d=mm&r=g","caption":"angelahernandez"},"url":"https:\/\/www.crea.gov.co\/crea-lucero-bajo\/author\/angelahernandez\/"}]}},"_links":{"self":[{"href":"https:\/\/www.crea.gov.co\/crea-lucero-bajo\/wp-json\/wp\/v2\/posts\/799","targetHints":{"allow":["GET"]}}],"collection":[{"href":"https:\/\/www.crea.gov.co\/crea-lucero-bajo\/wp-json\/wp\/v2\/posts"}],"about":[{"href":"https:\/\/www.crea.gov.co\/crea-lucero-bajo\/wp-json\/wp\/v2\/types\/post"}],"author":[{"embeddable":true,"href":"https:\/\/www.crea.gov.co\/crea-lucero-bajo\/wp-json\/wp\/v2\/users\/72"}],"replies":[{"embeddable":true,"href":"https:\/\/www.crea.gov.co\/crea-lucero-bajo\/wp-json\/wp\/v2\/comments?post=799"}],"version-history":[{"count":3,"href":"https:\/\/www.crea.gov.co\/crea-lucero-bajo\/wp-json\/wp\/v2\/posts\/799\/revisions"}],"predecessor-version":[{"id":805,"href":"https:\/\/www.crea.gov.co\/crea-lucero-bajo\/wp-json\/wp\/v2\/posts\/799\/revisions\/805"}],"wp:featuredmedia":[{"embeddable":true,"href":"https:\/\/www.crea.gov.co\/crea-lucero-bajo\/wp-json\/wp\/v2\/media\/800"}],"wp:attachment":[{"href":"https:\/\/www.crea.gov.co\/crea-lucero-bajo\/wp-json\/wp\/v2\/media?parent=799"}],"wp:term":[{"taxonomy":"category","embeddable":true,"href":"https:\/\/www.crea.gov.co\/crea-lucero-bajo\/wp-json\/wp\/v2\/categories?post=799"},{"taxonomy":"post_tag","embeddable":true,"href":"https:\/\/www.crea.gov.co\/crea-lucero-bajo\/wp-json\/wp\/v2\/tags?post=799"}],"curies":[{"name":"wp","href":"https:\/\/api.w.org\/{rel}","templated":true}]}}