{"id":796,"date":"2024-09-24T19:30:43","date_gmt":"2024-09-24T19:30:43","guid":{"rendered":"https:\/\/www.crea.gov.co\/crea-lucero-bajo\/?p=796"},"modified":"2024-09-24T19:30:44","modified_gmt":"2024-09-24T19:30:44","slug":"ninos-crea","status":"publish","type":"post","link":"https:\/\/www.crea.gov.co\/crea-lucero-bajo\/ninos-crea\/","title":{"rendered":"NI\u00d1OS CREA"},"content":{"rendered":"\n<p>HACE ALGUNOS D\u00cdAS EN EL CONCIERTO DE:<br> Andr\u00e9 Rieu en Bogot\u00e1<\/p>\n\n\n\n<figure class=\"wp-block-embed is-type-video is-provider-youtube wp-block-embed-youtube wp-embed-aspect-16-9 wp-has-aspect-ratio\"><div class=\"wp-block-embed__wrapper\">\n<iframe loading=\"lazy\" title=\"Daniel Sanabria Concierto Andr\u00e9 Rieu Bogot\u00e1 Colombia Septiembre 18 de 2024\" width=\"500\" height=\"281\" src=\"https:\/\/www.youtube.com\/embed\/FrkovZroWkI?feature=oembed\" frameborder=\"0\" allow=\"accelerometer; autoplay; clipboard-write; encrypted-media; gyroscope; picture-in-picture; web-share\" referrerpolicy=\"strict-origin-when-cross-origin\" allowfullscreen><\/iframe>\n<\/div><figcaption class=\"wp-element-caption\">Recordamos a uno de los participantes del programa Crea. <br>Unos a\u00f1os despu\u00e9s y con otro instrumento en sus manos.<br><br>El artista formador que acompa\u00f1\u00f3 a este peque\u00f1o en sus inicios fu\u00e9 Omar Flores quien actualmente dirige el taller de formaci\u00f3n de chirim\u00eda.<br><\/figcaption><\/figure>\n\n\n\n<p>LAS INSCRIPCIONES A LOS TALLERES ESTAN ABIERTAS DE MANERA PERMANENTE. <\/p>\n\n\n\n<p><a href=\"https:\/\/sif.idartes.gov.co\/sif\/framework\/crea\/territorial\/oferta\/oferta-disponible\">https:\/\/sif.idartes.gov.co\/sif\/framework\/crea\/territorial\/oferta\/oferta-disponible<\/a><\/p>\n","protected":false},"excerpt":{"rendered":"<p>HACE ALGUNOS D\u00cdAS EN EL CONCIERTO DE: Andr\u00e9 Rieu en Bogot\u00e1 LAS INSCRIPCIONES A LOS TALLERES ESTAN ABIERTAS DE MANERA PERMANENTE. https:\/\/sif.idartes.gov.co\/sif\/framework\/crea\/territorial\/oferta\/oferta-disponible<\/p>\n","protected":false},"author":72,"featured_media":797,"comment_status":"open","ping_status":"open","sticky":false,"template":"","format":"standard","meta":{"footnotes":""},"categories":[1],"tags":[],"class_list":["post-796","post","type-post","status-publish","format-standard","has-post-thumbnail","hentry","category-sin-categoria"],"yoast_head":"<!-- This site is optimized with the Yoast SEO plugin v24.5 - https:\/\/yoast.com\/wordpress\/plugins\/seo\/ -->\n<title>NI\u00d1OS CREA - Crea Lucero Bajo<\/title>\n<meta name=\"robots\" content=\"index, follow, max-snippet:-1, max-image-preview:large, max-video-preview:-1\" \/>\n<link rel=\"canonical\" href=\"https:\/\/www.crea.gov.co\/crea-lucero-bajo\/ninos-crea\/\" \/>\n<meta property=\"og:locale\" content=\"es_ES\" \/>\n<meta property=\"og:type\" content=\"article\" \/>\n<meta property=\"og:title\" content=\"NI\u00d1OS CREA - Crea Lucero Bajo\" \/>\n<meta property=\"og:description\" content=\"HACE ALGUNOS D\u00cdAS EN EL CONCIERTO DE: Andr\u00e9 Rieu en Bogot\u00e1 LAS INSCRIPCIONES A LOS TALLERES ESTAN ABIERTAS DE MANERA PERMANENTE. https:\/\/sif.idartes.gov.co\/sif\/framework\/crea\/territorial\/oferta\/oferta-disponible\" \/>\n<meta property=\"og:url\" content=\"https:\/\/www.crea.gov.co\/crea-lucero-bajo\/ninos-crea\/\" \/>\n<meta property=\"og:site_name\" content=\"Crea Lucero Bajo\" \/>\n<meta property=\"article:published_time\" content=\"2024-09-24T19:30:43+00:00\" \/>\n<meta property=\"article:modified_time\" content=\"2024-09-24T19:30:44+00:00\" \/>\n<meta property=\"og:image\" content=\"https:\/\/www.crea.gov.co\/crea-lucero-bajo\/wp-content\/uploads\/sites\/18\/2024\/09\/ANDRE-1024x497.png\" \/>\n\t<meta property=\"og:image:width\" content=\"1024\" \/>\n\t<meta property=\"og:image:height\" content=\"497\" \/>\n\t<meta property=\"og:image:type\" content=\"image\/png\" \/>\n<meta name=\"author\" content=\"angelahernandez\" \/>\n<meta name=\"twitter:card\" content=\"summary_large_image\" \/>\n<meta name=\"twitter:label1\" content=\"Escrito por\" \/>\n\t<meta name=\"twitter:data1\" content=\"angelahernandez\" \/>\n\t<meta name=\"twitter:label2\" content=\"Tiempo de lectura\" \/>\n\t<meta name=\"twitter:data2\" content=\"1 minuto\" \/>\n<script type=\"application\/ld+json\" class=\"yoast-schema-graph\">{\"@context\":\"https:\/\/schema.org\",\"@graph\":[{\"@type\":\"WebPage\",\"@id\":\"https:\/\/www.crea.gov.co\/crea-lucero-bajo\/ninos-crea\/\",\"url\":\"https:\/\/www.crea.gov.co\/crea-lucero-bajo\/ninos-crea\/\",\"name\":\"NI\u00d1OS CREA - Crea Lucero Bajo\",\"isPartOf\":{\"@id\":\"https:\/\/www.crea.gov.co\/crea-lucero-bajo\/#website\"},\"primaryImageOfPage\":{\"@id\":\"https:\/\/www.crea.gov.co\/crea-lucero-bajo\/ninos-crea\/#primaryimage\"},\"image\":{\"@id\":\"https:\/\/www.crea.gov.co\/crea-lucero-bajo\/ninos-crea\/#primaryimage\"},\"thumbnailUrl\":\"https:\/\/www.crea.gov.co\/crea-lucero-bajo\/wp-content\/uploads\/sites\/18\/2024\/09\/ANDRE.png\",\"datePublished\":\"2024-09-24T19:30:43+00:00\",\"dateModified\":\"2024-09-24T19:30:44+00:00\",\"author\":{\"@id\":\"https:\/\/www.crea.gov.co\/crea-lucero-bajo\/#\/schema\/person\/fa760553955240172cebbd5fa67f01f8\"},\"breadcrumb\":{\"@id\":\"https:\/\/www.crea.gov.co\/crea-lucero-bajo\/ninos-crea\/#breadcrumb\"},\"inLanguage\":\"es-CO\",\"potentialAction\":[{\"@type\":\"ReadAction\",\"target\":[\"https:\/\/www.crea.gov.co\/crea-lucero-bajo\/ninos-crea\/\"]}]},{\"@type\":\"ImageObject\",\"inLanguage\":\"es-CO\",\"@id\":\"https:\/\/www.crea.gov.co\/crea-lucero-bajo\/ninos-crea\/#primaryimage\",\"url\":\"https:\/\/www.crea.gov.co\/crea-lucero-bajo\/wp-content\/uploads\/sites\/18\/2024\/09\/ANDRE.png\",\"contentUrl\":\"https:\/\/www.crea.gov.co\/crea-lucero-bajo\/wp-content\/uploads\/sites\/18\/2024\/09\/ANDRE.png\",\"width\":1595,\"height\":774},{\"@type\":\"BreadcrumbList\",\"@id\":\"https:\/\/www.crea.gov.co\/crea-lucero-bajo\/ninos-crea\/#breadcrumb\",\"itemListElement\":[{\"@type\":\"ListItem\",\"position\":1,\"name\":\"Home\",\"item\":\"https:\/\/www.crea.gov.co\/crea-lucero-bajo\/\"},{\"@type\":\"ListItem\",\"position\":2,\"name\":\"NI\u00d1OS CREA\"}]},{\"@type\":\"WebSite\",\"@id\":\"https:\/\/www.crea.gov.co\/crea-lucero-bajo\/#website\",\"url\":\"https:\/\/www.crea.gov.co\/crea-lucero-bajo\/\",\"name\":\"Crea Lucero Bajo\",\"description\":\"En Ciudad Bol\u00edvar, entre calles inclinadas que cuentan historias de esfuerzo y constancia, este espacio crece junto a una comunidad que ha levantado su barrio paso a paso. Aqu\u00ed, ni\u00f1as, ni\u00f1os, j\u00f3venes y adultos se encuentran en talleres que nacen de sus propias realidades, tejiendo juntos un sentido profundo de pertenencia y orgullo por su territorio.\",\"potentialAction\":[{\"@type\":\"SearchAction\",\"target\":{\"@type\":\"EntryPoint\",\"urlTemplate\":\"https:\/\/www.crea.gov.co\/crea-lucero-bajo\/?s={search_term_string}\"},\"query-input\":{\"@type\":\"PropertyValueSpecification\",\"valueRequired\":true,\"valueName\":\"search_term_string\"}}],\"inLanguage\":\"es-CO\"},{\"@type\":\"Person\",\"@id\":\"https:\/\/www.crea.gov.co\/crea-lucero-bajo\/#\/schema\/person\/fa760553955240172cebbd5fa67f01f8\",\"name\":\"angelahernandez\",\"image\":{\"@type\":\"ImageObject\",\"inLanguage\":\"es-CO\",\"@id\":\"https:\/\/www.crea.gov.co\/crea-lucero-bajo\/#\/schema\/person\/image\/\",\"url\":\"https:\/\/secure.gravatar.com\/avatar\/274dc762143df7cc7128f298648373ff?s=96&d=mm&r=g\",\"contentUrl\":\"https:\/\/secure.gravatar.com\/avatar\/274dc762143df7cc7128f298648373ff?s=96&d=mm&r=g\",\"caption\":\"angelahernandez\"},\"url\":\"https:\/\/www.crea.gov.co\/crea-lucero-bajo\/author\/angelahernandez\/\"}]}<\/script>\n<!-- \/ Yoast SEO plugin. -->","yoast_head_json":{"title":"NI\u00d1OS CREA - Crea Lucero Bajo","robots":{"index":"index","follow":"follow","max-snippet":"max-snippet:-1","max-image-preview":"max-image-preview:large","max-video-preview":"max-video-preview:-1"},"canonical":"https:\/\/www.crea.gov.co\/crea-lucero-bajo\/ninos-crea\/","og_locale":"es_ES","og_type":"article","og_title":"NI\u00d1OS CREA - Crea Lucero Bajo","og_description":"HACE ALGUNOS D\u00cdAS EN EL CONCIERTO DE: Andr\u00e9 Rieu en Bogot\u00e1 LAS INSCRIPCIONES A LOS TALLERES ESTAN ABIERTAS DE MANERA PERMANENTE. https:\/\/sif.idartes.gov.co\/sif\/framework\/crea\/territorial\/oferta\/oferta-disponible","og_url":"https:\/\/www.crea.gov.co\/crea-lucero-bajo\/ninos-crea\/","og_site_name":"Crea Lucero Bajo","article_published_time":"2024-09-24T19:30:43+00:00","article_modified_time":"2024-09-24T19:30:44+00:00","og_image":[{"width":1024,"height":497,"url":"https:\/\/www.crea.gov.co\/crea-lucero-bajo\/wp-content\/uploads\/sites\/18\/2024\/09\/ANDRE-1024x497.png","type":"image\/png"}],"author":"angelahernandez","twitter_card":"summary_large_image","twitter_misc":{"Escrito por":"angelahernandez","Tiempo de lectura":"1 minuto"},"schema":{"@context":"https:\/\/schema.org","@graph":[{"@type":"WebPage","@id":"https:\/\/www.crea.gov.co\/crea-lucero-bajo\/ninos-crea\/","url":"https:\/\/www.crea.gov.co\/crea-lucero-bajo\/ninos-crea\/","name":"NI\u00d1OS CREA - Crea Lucero Bajo","isPartOf":{"@id":"https:\/\/www.crea.gov.co\/crea-lucero-bajo\/#website"},"primaryImageOfPage":{"@id":"https:\/\/www.crea.gov.co\/crea-lucero-bajo\/ninos-crea\/#primaryimage"},"image":{"@id":"https:\/\/www.crea.gov.co\/crea-lucero-bajo\/ninos-crea\/#primaryimage"},"thumbnailUrl":"https:\/\/www.crea.gov.co\/crea-lucero-bajo\/wp-content\/uploads\/sites\/18\/2024\/09\/ANDRE.png","datePublished":"2024-09-24T19:30:43+00:00","dateModified":"2024-09-24T19:30:44+00:00","author":{"@id":"https:\/\/www.crea.gov.co\/crea-lucero-bajo\/#\/schema\/person\/fa760553955240172cebbd5fa67f01f8"},"breadcrumb":{"@id":"https:\/\/www.crea.gov.co\/crea-lucero-bajo\/ninos-crea\/#breadcrumb"},"inLanguage":"es-CO","potentialAction":[{"@type":"ReadAction","target":["https:\/\/www.crea.gov.co\/crea-lucero-bajo\/ninos-crea\/"]}]},{"@type":"ImageObject","inLanguage":"es-CO","@id":"https:\/\/www.crea.gov.co\/crea-lucero-bajo\/ninos-crea\/#primaryimage","url":"https:\/\/www.crea.gov.co\/crea-lucero-bajo\/wp-content\/uploads\/sites\/18\/2024\/09\/ANDRE.png","contentUrl":"https:\/\/www.crea.gov.co\/crea-lucero-bajo\/wp-content\/uploads\/sites\/18\/2024\/09\/ANDRE.png","width":1595,"height":774},{"@type":"BreadcrumbList","@id":"https:\/\/www.crea.gov.co\/crea-lucero-bajo\/ninos-crea\/#breadcrumb","itemListElement":[{"@type":"ListItem","position":1,"name":"Home","item":"https:\/\/www.crea.gov.co\/crea-lucero-bajo\/"},{"@type":"ListItem","position":2,"name":"NI\u00d1OS CREA"}]},{"@type":"WebSite","@id":"https:\/\/www.crea.gov.co\/crea-lucero-bajo\/#website","url":"https:\/\/www.crea.gov.co\/crea-lucero-bajo\/","name":"Crea Lucero Bajo","description":"En Ciudad Bol\u00edvar, entre calles inclinadas que cuentan historias de esfuerzo y constancia, este espacio crece junto a una comunidad que ha levantado su barrio paso a paso. Aqu\u00ed, ni\u00f1as, ni\u00f1os, j\u00f3venes y adultos se encuentran en talleres que nacen de sus propias realidades, tejiendo juntos un sentido profundo de pertenencia y orgullo por su territorio.","potentialAction":[{"@type":"SearchAction","target":{"@type":"EntryPoint","urlTemplate":"https:\/\/www.crea.gov.co\/crea-lucero-bajo\/?s={search_term_string}"},"query-input":{"@type":"PropertyValueSpecification","valueRequired":true,"valueName":"search_term_string"}}],"inLanguage":"es-CO"},{"@type":"Person","@id":"https:\/\/www.crea.gov.co\/crea-lucero-bajo\/#\/schema\/person\/fa760553955240172cebbd5fa67f01f8","name":"angelahernandez","image":{"@type":"ImageObject","inLanguage":"es-CO","@id":"https:\/\/www.crea.gov.co\/crea-lucero-bajo\/#\/schema\/person\/image\/","url":"https:\/\/secure.gravatar.com\/avatar\/274dc762143df7cc7128f298648373ff?s=96&d=mm&r=g","contentUrl":"https:\/\/secure.gravatar.com\/avatar\/274dc762143df7cc7128f298648373ff?s=96&d=mm&r=g","caption":"angelahernandez"},"url":"https:\/\/www.crea.gov.co\/crea-lucero-bajo\/author\/angelahernandez\/"}]}},"_links":{"self":[{"href":"https:\/\/www.crea.gov.co\/crea-lucero-bajo\/wp-json\/wp\/v2\/posts\/796","targetHints":{"allow":["GET"]}}],"collection":[{"href":"https:\/\/www.crea.gov.co\/crea-lucero-bajo\/wp-json\/wp\/v2\/posts"}],"about":[{"href":"https:\/\/www.crea.gov.co\/crea-lucero-bajo\/wp-json\/wp\/v2\/types\/post"}],"author":[{"embeddable":true,"href":"https:\/\/www.crea.gov.co\/crea-lucero-bajo\/wp-json\/wp\/v2\/users\/72"}],"replies":[{"embeddable":true,"href":"https:\/\/www.crea.gov.co\/crea-lucero-bajo\/wp-json\/wp\/v2\/comments?post=796"}],"version-history":[{"count":1,"href":"https:\/\/www.crea.gov.co\/crea-lucero-bajo\/wp-json\/wp\/v2\/posts\/796\/revisions"}],"predecessor-version":[{"id":798,"href":"https:\/\/www.crea.gov.co\/crea-lucero-bajo\/wp-json\/wp\/v2\/posts\/796\/revisions\/798"}],"wp:featuredmedia":[{"embeddable":true,"href":"https:\/\/www.crea.gov.co\/crea-lucero-bajo\/wp-json\/wp\/v2\/media\/797"}],"wp:attachment":[{"href":"https:\/\/www.crea.gov.co\/crea-lucero-bajo\/wp-json\/wp\/v2\/media?parent=796"}],"wp:term":[{"taxonomy":"category","embeddable":true,"href":"https:\/\/www.crea.gov.co\/crea-lucero-bajo\/wp-json\/wp\/v2\/categories?post=796"},{"taxonomy":"post_tag","embeddable":true,"href":"https:\/\/www.crea.gov.co\/crea-lucero-bajo\/wp-json\/wp\/v2\/tags?post=796"}],"curies":[{"name":"wp","href":"https:\/\/api.w.org\/{rel}","templated":true}]}}