{"id":657,"date":"2024-04-25T15:52:38","date_gmt":"2024-04-25T15:52:38","guid":{"rendered":"https:\/\/www.crea.gov.co\/crea-lucero-bajo\/?p=657"},"modified":"2024-04-25T15:52:38","modified_gmt":"2024-04-25T15:52:38","slug":"programa-crea-presenta-su-agenda-cultural-en-la-filbo-2024","status":"publish","type":"post","link":"https:\/\/www.crea.gov.co\/crea-lucero-bajo\/programa-crea-presenta-su-agenda-cultural-en-la-filbo-2024\/","title":{"rendered":"Programa Crea presenta su agenda cultural en la FILBo 2024"},"content":{"rendered":"\n<h2 class=\"wp-block-heading\">Una d\u00e9cada de formaci\u00f3n art\u00edstica: Las lecciones del Programa Crea, ahora al alcance de todos<\/h2>\n\n\n\n<p>Por Margareth S\u00e1nchez Melo<\/p>\n\n\n\n<p>24 abril, 2024<\/p>\n\n\n\n<figure class=\"wp-block-image size-large\"><img loading=\"lazy\" decoding=\"async\" width=\"1024\" height=\"538\" src=\"https:\/\/www.crea.gov.co\/crea-lucero-bajo\/wp-content\/uploads\/sites\/18\/2024\/04\/filbo-2024-10-1-1-1024x538.jpg\" alt=\"\" class=\"wp-image-661\" srcset=\"https:\/\/www.crea.gov.co\/crea-lucero-bajo\/wp-content\/uploads\/sites\/18\/2024\/04\/filbo-2024-10-1-1-1024x538.jpg 1024w, https:\/\/www.crea.gov.co\/crea-lucero-bajo\/wp-content\/uploads\/sites\/18\/2024\/04\/filbo-2024-10-1-1-300x158.jpg 300w, https:\/\/www.crea.gov.co\/crea-lucero-bajo\/wp-content\/uploads\/sites\/18\/2024\/04\/filbo-2024-10-1-1-768x403.jpg 768w, https:\/\/www.crea.gov.co\/crea-lucero-bajo\/wp-content\/uploads\/sites\/18\/2024\/04\/filbo-2024-10-1-1.jpg 1200w\" sizes=\"auto, (max-width: 1024px) 100vw, 1024px\" \/><\/figure>\n\n\n\n<p><em>El&nbsp;<\/em><a href=\"https:\/\/www.idartes.gov.co\/es\"><strong><em>Instituto Distrital de las Artes \u2013 Idartes<\/em><\/strong><\/a><em>&nbsp;\u2013 present\u00f3&nbsp;<\/em><strong><em>Entre hallazgos y derivas: Perspectivas pedag\u00f3gicas del Programa Crea<\/em><\/strong><em>, el libro que recoge las reflexiones y experiencias de una d\u00e9cada de formaci\u00f3n art\u00edstica en Bogot\u00e1, y promete ser un tesoro para educadores, artistas y amantes del arte.<\/em><\/p>\n\n\n\n<p>Con el lanzamiento del libro&nbsp;<strong><em>Entre hallazgos y derivas: Perspectivas pedag\u00f3gicas<\/em><\/strong>&nbsp;del&nbsp;<a href=\"https:\/\/www.crea.gov.co\/\"><strong>Programa Crea<\/strong><\/a><strong>,&nbsp;<\/strong>el&nbsp;<a href=\"https:\/\/www.idartes.gov.co\/es\"><strong>Instituto Distrital de las Artes \u2013 Idartes<\/strong><\/a>&nbsp;comparti\u00f3 con los asistentes a la&nbsp;<a href=\"https:\/\/feriadellibro.com\/\"><strong>Feria Internacional del Libro de Bogot\u00e1 (FILBo)<\/strong><\/a>&nbsp;su visi\u00f3n \u00fanica sobre la formaci\u00f3n art\u00edstica en la ciudad. Esta publicaci\u00f3n, es el resultado de una d\u00e9cada de experiencias y aprendizajes y ofrece una mirada profunda al impacto de la formaci\u00f3n art\u00edstica en la vida de los participantes.<\/p>\n\n\n\n<p>\u201cEste libro es el testimonio de nuestro compromiso inquebrantable con el arte y la educaci\u00f3n en nuestra ciudad. Es una ventana a las experiencias transformadoras que hemos vivido junto a nuestros participantes\u201d, asegura, Jos\u00e9 Alberto Arroyo Valencia, l\u00edder del&nbsp;<a href=\"https:\/\/www.crea.gov.co\/\"><strong>Programa Crea<\/strong><\/a>, .<\/p>\n\n\n\n<p>Y es que como lo confirma Alba Yaneth Reyes, subdirectora de Formaci\u00f3n Art\u00edstica del&nbsp;<a href=\"https:\/\/www.idartes.gov.co\/es\"><strong>Instituto Distrital de las Artes \u2013 Idartes<\/strong><\/a><strong>,&nbsp;<em>Entre hallazgos y derivas: Perspectivas pedag\u00f3gicas del programa Crea<\/em><\/strong>&nbsp;\u201cEs m\u00e1s que un libro, es un tesoro de sabidur\u00eda y creatividad. En sus p\u00e1ginas, encontrar\u00e1s las voces y experiencias de aquellos que han sido tocados por el poder del arte. Es una invitaci\u00f3n a explorar el potencial ilimitado de la expresi\u00f3n art\u00edstica y su impacto en nuestras vidas\u201d.<\/p>\n\n\n\n<p>Desde sus primeras p\u00e1ginas, cautiva con su narrativa y sus reflexiones profundas sobre el papel del arte en la sociedad. Cada cap\u00edtulo ofrece una mirada \u00fanica a los desaf\u00edos y triunfos del&nbsp;<a href=\"https:\/\/www.crea.gov.co\/\"><strong>Programa Crea<\/strong><\/a>, al revelar el poder transformador del arte en las vidas de los participantes y de la comunidad en general.<\/p>\n\n\n\n<p>Para una ciudad como Bogot\u00e1, que respira arte y cultura en cada rinc\u00f3n,&nbsp;<strong><em>Entre hallazgos y derivas<\/em><\/strong>&nbsp;recopila las voces y experiencias de personas de diferentes or\u00edgenes y trayectorias, celebra as\u00ed la riqueza de la diversidad cultural y la importancia de la inclusi\u00f3n en el \u00e1mbito art\u00edstico y educativo. Este enfoque inclusivo no solo enriquece el contenido de la publicaci\u00f3n, sino que tambi\u00e9n refleja los valores fundamentales del&nbsp;<a href=\"https:\/\/www.crea.gov.co\/\"><strong>Programa Crea<\/strong><\/a>&nbsp;como un espacio abierto y acogedor para todos.<\/p>\n\n\n\n<p>Adem\u00e1s, ofrece una visi\u00f3n detallada de las pr\u00e1cticas pedag\u00f3gicas y art\u00edsticas, proporcionando a los lectores una comprensi\u00f3n profunda de su enfoque educativo y su impacto en la comunidad. Desde la exploraci\u00f3n de diferentes disciplinas art\u00edsticas hasta la promoci\u00f3n del pensamiento cr\u00edtico y la creatividad,&nbsp;<strong><em>Entre hallazgos y derivas ofrece<\/em><\/strong>&nbsp;herramientas valiosas para educadores, artistas y cualquier persona interesada en el arte y la educaci\u00f3n.<\/p>\n\n\n\n<p>As\u00ed, quienes no pudieron asistir al evento, y est\u00e9n buscando inspiraci\u00f3n y conocimiento sobre las pr\u00e1cticas de formaci\u00f3n art\u00edstica, podr\u00e1n encontrar el libro para descarga gratuita en la p\u00e1gina web del&nbsp;<a href=\"https:\/\/www.crea.gov.co\/publicaciones-crea\"><strong>Programa Crea<\/strong><\/a>.<\/p>\n\n\n\n<p><strong>Comparte este contenido<\/strong><\/p>\n\n\n\n<figure class=\"wp-block-gallery has-nested-images columns-default is-cropped wp-block-gallery-1 is-layout-flex wp-block-gallery-is-layout-flex\">\n<figure class=\"wp-block-image size-large\"><img loading=\"lazy\" decoding=\"async\" width=\"480\" height=\"679\" data-id=\"659\" src=\"https:\/\/www.crea.gov.co\/crea-lucero-bajo\/wp-content\/uploads\/sites\/18\/2024\/04\/PORTADA_voces_Crea.jpg\" alt=\"\" class=\"wp-image-659\" srcset=\"https:\/\/www.crea.gov.co\/crea-lucero-bajo\/wp-content\/uploads\/sites\/18\/2024\/04\/PORTADA_voces_Crea.jpg 480w, https:\/\/www.crea.gov.co\/crea-lucero-bajo\/wp-content\/uploads\/sites\/18\/2024\/04\/PORTADA_voces_Crea-212x300.jpg 212w\" sizes=\"auto, (max-width: 480px) 100vw, 480px\" \/><\/figure>\n\n\n\n<figure class=\"wp-block-image size-large\"><img loading=\"lazy\" decoding=\"async\" width=\"480\" height=\"679\" data-id=\"658\" src=\"https:\/\/www.crea.gov.co\/crea-lucero-bajo\/wp-content\/uploads\/sites\/18\/2024\/04\/61_entrehallazgos.jpg\" alt=\"\" class=\"wp-image-658\" srcset=\"https:\/\/www.crea.gov.co\/crea-lucero-bajo\/wp-content\/uploads\/sites\/18\/2024\/04\/61_entrehallazgos.jpg 480w, https:\/\/www.crea.gov.co\/crea-lucero-bajo\/wp-content\/uploads\/sites\/18\/2024\/04\/61_entrehallazgos-212x300.jpg 212w\" sizes=\"auto, (max-width: 480px) 100vw, 480px\" \/><\/figure>\n<\/figure>\n\n\n\n<p><a target=\"_blank\" href=\"https:\/\/www.facebook.com\/sharer\/sharer.php?u=\" rel=\"noreferrer noopener\"><\/a><a target=\"_blank\" href=\"https:\/\/web.whatsapp.com\/send?text=Una%20d%C3%A9cada%20de%20formaci%C3%B3n%20art%C3%ADstica:%20Las%20lecciones%20del%20Programa%20Crea,%20ahora%20al%20alcance%20de%20todos%0A\" rel=\"noreferrer noopener\"><\/a><a target=\"_blank\" href=\"https:\/\/twitter.com\/intent\/tweet?text=%27Una%20d%C3%A9cada%20de%20formaci%C3%B3n%20art%C3%ADstica:%20Las%20lecciones%20del%20Programa%20Crea,%20ahora%20al%20alcance%20de%20todos%27&amp;url=\" rel=\"noreferrer noopener\"><\/a><a href=\"https:\/\/www.crea.gov.co\/una-decada-de-formacion-artistica-las-lecciones-del-programa-crea-ahora-al-alcance-de-todos\"><\/a><\/p>\n\n\n\n<p><\/p>\n","protected":false},"excerpt":{"rendered":"<p>Una d\u00e9cada de formaci\u00f3n art\u00edstica: Las lecciones del Programa Crea, ahora al alcance de todos Por Margareth S\u00e1nchez Melo 24 abril, 2024 El&nbsp;Instituto Distrital de las Artes \u2013 Idartes&nbsp;\u2013 present\u00f3&nbsp;Entre hallazgos y derivas: Perspectivas pedag\u00f3gicas del Programa Crea, el libro que recoge las reflexiones y experiencias de una d\u00e9cada de formaci\u00f3n art\u00edstica en Bogot\u00e1, y [&hellip;]<\/p>\n","protected":false},"author":72,"featured_media":661,"comment_status":"open","ping_status":"open","sticky":false,"template":"","format":"standard","meta":{"footnotes":""},"categories":[1],"tags":[],"class_list":["post-657","post","type-post","status-publish","format-standard","has-post-thumbnail","hentry","category-sin-categoria"],"yoast_head":"<!-- This site is optimized with the Yoast SEO plugin v24.5 - https:\/\/yoast.com\/wordpress\/plugins\/seo\/ -->\n<title>Programa Crea presenta su agenda cultural en la FILBo 2024 - Crea Lucero Bajo<\/title>\n<meta name=\"robots\" content=\"index, follow, max-snippet:-1, max-image-preview:large, max-video-preview:-1\" \/>\n<link rel=\"canonical\" href=\"https:\/\/www.crea.gov.co\/crea-lucero-bajo\/programa-crea-presenta-su-agenda-cultural-en-la-filbo-2024\/\" \/>\n<meta property=\"og:locale\" content=\"es_ES\" \/>\n<meta property=\"og:type\" content=\"article\" \/>\n<meta property=\"og:title\" content=\"Programa Crea presenta su agenda cultural en la FILBo 2024 - Crea Lucero Bajo\" \/>\n<meta property=\"og:description\" content=\"Una d\u00e9cada de formaci\u00f3n art\u00edstica: Las lecciones del Programa Crea, ahora al alcance de todos Por Margareth S\u00e1nchez Melo 24 abril, 2024 El&nbsp;Instituto Distrital de las Artes \u2013 Idartes&nbsp;\u2013 present\u00f3&nbsp;Entre hallazgos y derivas: Perspectivas pedag\u00f3gicas del Programa Crea, el libro que recoge las reflexiones y experiencias de una d\u00e9cada de formaci\u00f3n art\u00edstica en Bogot\u00e1, y [&hellip;]\" \/>\n<meta property=\"og:url\" content=\"https:\/\/www.crea.gov.co\/crea-lucero-bajo\/programa-crea-presenta-su-agenda-cultural-en-la-filbo-2024\/\" \/>\n<meta property=\"og:site_name\" content=\"Crea Lucero Bajo\" \/>\n<meta property=\"article:published_time\" content=\"2024-04-25T15:52:38+00:00\" \/>\n<meta property=\"og:image\" content=\"https:\/\/www.crea.gov.co\/crea-lucero-bajo\/wp-content\/uploads\/sites\/18\/2024\/04\/filbo-2024-10-1-1.jpg\" \/>\n\t<meta property=\"og:image:width\" content=\"1200\" \/>\n\t<meta property=\"og:image:height\" content=\"630\" \/>\n\t<meta property=\"og:image:type\" content=\"image\/jpeg\" \/>\n<meta name=\"author\" content=\"angelahernandez\" \/>\n<meta name=\"twitter:card\" content=\"summary_large_image\" \/>\n<meta name=\"twitter:label1\" content=\"Escrito por\" \/>\n\t<meta name=\"twitter:data1\" content=\"angelahernandez\" \/>\n\t<meta name=\"twitter:label2\" content=\"Tiempo de lectura\" \/>\n\t<meta name=\"twitter:data2\" content=\"3 minutos\" \/>\n<script type=\"application\/ld+json\" class=\"yoast-schema-graph\">{\"@context\":\"https:\/\/schema.org\",\"@graph\":[{\"@type\":\"WebPage\",\"@id\":\"https:\/\/www.crea.gov.co\/crea-lucero-bajo\/programa-crea-presenta-su-agenda-cultural-en-la-filbo-2024\/\",\"url\":\"https:\/\/www.crea.gov.co\/crea-lucero-bajo\/programa-crea-presenta-su-agenda-cultural-en-la-filbo-2024\/\",\"name\":\"Programa Crea presenta su agenda cultural en la FILBo 2024 - Crea Lucero Bajo\",\"isPartOf\":{\"@id\":\"https:\/\/www.crea.gov.co\/crea-lucero-bajo\/#website\"},\"primaryImageOfPage\":{\"@id\":\"https:\/\/www.crea.gov.co\/crea-lucero-bajo\/programa-crea-presenta-su-agenda-cultural-en-la-filbo-2024\/#primaryimage\"},\"image\":{\"@id\":\"https:\/\/www.crea.gov.co\/crea-lucero-bajo\/programa-crea-presenta-su-agenda-cultural-en-la-filbo-2024\/#primaryimage\"},\"thumbnailUrl\":\"https:\/\/www.crea.gov.co\/crea-lucero-bajo\/wp-content\/uploads\/sites\/18\/2024\/04\/filbo-2024-10-1-1.jpg\",\"datePublished\":\"2024-04-25T15:52:38+00:00\",\"author\":{\"@id\":\"https:\/\/www.crea.gov.co\/crea-lucero-bajo\/#\/schema\/person\/fa760553955240172cebbd5fa67f01f8\"},\"breadcrumb\":{\"@id\":\"https:\/\/www.crea.gov.co\/crea-lucero-bajo\/programa-crea-presenta-su-agenda-cultural-en-la-filbo-2024\/#breadcrumb\"},\"inLanguage\":\"es-CO\",\"potentialAction\":[{\"@type\":\"ReadAction\",\"target\":[\"https:\/\/www.crea.gov.co\/crea-lucero-bajo\/programa-crea-presenta-su-agenda-cultural-en-la-filbo-2024\/\"]}]},{\"@type\":\"ImageObject\",\"inLanguage\":\"es-CO\",\"@id\":\"https:\/\/www.crea.gov.co\/crea-lucero-bajo\/programa-crea-presenta-su-agenda-cultural-en-la-filbo-2024\/#primaryimage\",\"url\":\"https:\/\/www.crea.gov.co\/crea-lucero-bajo\/wp-content\/uploads\/sites\/18\/2024\/04\/filbo-2024-10-1-1.jpg\",\"contentUrl\":\"https:\/\/www.crea.gov.co\/crea-lucero-bajo\/wp-content\/uploads\/sites\/18\/2024\/04\/filbo-2024-10-1-1.jpg\",\"width\":1200,\"height\":630},{\"@type\":\"BreadcrumbList\",\"@id\":\"https:\/\/www.crea.gov.co\/crea-lucero-bajo\/programa-crea-presenta-su-agenda-cultural-en-la-filbo-2024\/#breadcrumb\",\"itemListElement\":[{\"@type\":\"ListItem\",\"position\":1,\"name\":\"Home\",\"item\":\"https:\/\/www.crea.gov.co\/crea-lucero-bajo\/\"},{\"@type\":\"ListItem\",\"position\":2,\"name\":\"Programa Crea presenta su agenda cultural en la FILBo 2024\"}]},{\"@type\":\"WebSite\",\"@id\":\"https:\/\/www.crea.gov.co\/crea-lucero-bajo\/#website\",\"url\":\"https:\/\/www.crea.gov.co\/crea-lucero-bajo\/\",\"name\":\"Crea Lucero Bajo\",\"description\":\"En Ciudad Bol\u00edvar, entre calles inclinadas que cuentan historias de esfuerzo y constancia, este espacio crece junto a una comunidad que ha levantado su barrio paso a paso. Aqu\u00ed, ni\u00f1as, ni\u00f1os, j\u00f3venes y adultos se encuentran en talleres que nacen de sus propias realidades, tejiendo juntos un sentido profundo de pertenencia y orgullo por su territorio.\",\"potentialAction\":[{\"@type\":\"SearchAction\",\"target\":{\"@type\":\"EntryPoint\",\"urlTemplate\":\"https:\/\/www.crea.gov.co\/crea-lucero-bajo\/?s={search_term_string}\"},\"query-input\":{\"@type\":\"PropertyValueSpecification\",\"valueRequired\":true,\"valueName\":\"search_term_string\"}}],\"inLanguage\":\"es-CO\"},{\"@type\":\"Person\",\"@id\":\"https:\/\/www.crea.gov.co\/crea-lucero-bajo\/#\/schema\/person\/fa760553955240172cebbd5fa67f01f8\",\"name\":\"angelahernandez\",\"image\":{\"@type\":\"ImageObject\",\"inLanguage\":\"es-CO\",\"@id\":\"https:\/\/www.crea.gov.co\/crea-lucero-bajo\/#\/schema\/person\/image\/\",\"url\":\"https:\/\/secure.gravatar.com\/avatar\/274dc762143df7cc7128f298648373ff?s=96&d=mm&r=g\",\"contentUrl\":\"https:\/\/secure.gravatar.com\/avatar\/274dc762143df7cc7128f298648373ff?s=96&d=mm&r=g\",\"caption\":\"angelahernandez\"},\"url\":\"https:\/\/www.crea.gov.co\/crea-lucero-bajo\/author\/angelahernandez\/\"}]}<\/script>\n<!-- \/ Yoast SEO plugin. -->","yoast_head_json":{"title":"Programa Crea presenta su agenda cultural en la FILBo 2024 - Crea Lucero Bajo","robots":{"index":"index","follow":"follow","max-snippet":"max-snippet:-1","max-image-preview":"max-image-preview:large","max-video-preview":"max-video-preview:-1"},"canonical":"https:\/\/www.crea.gov.co\/crea-lucero-bajo\/programa-crea-presenta-su-agenda-cultural-en-la-filbo-2024\/","og_locale":"es_ES","og_type":"article","og_title":"Programa Crea presenta su agenda cultural en la FILBo 2024 - Crea Lucero Bajo","og_description":"Una d\u00e9cada de formaci\u00f3n art\u00edstica: Las lecciones del Programa Crea, ahora al alcance de todos Por Margareth S\u00e1nchez Melo 24 abril, 2024 El&nbsp;Instituto Distrital de las Artes \u2013 Idartes&nbsp;\u2013 present\u00f3&nbsp;Entre hallazgos y derivas: Perspectivas pedag\u00f3gicas del Programa Crea, el libro que recoge las reflexiones y experiencias de una d\u00e9cada de formaci\u00f3n art\u00edstica en Bogot\u00e1, y [&hellip;]","og_url":"https:\/\/www.crea.gov.co\/crea-lucero-bajo\/programa-crea-presenta-su-agenda-cultural-en-la-filbo-2024\/","og_site_name":"Crea Lucero Bajo","article_published_time":"2024-04-25T15:52:38+00:00","og_image":[{"width":1200,"height":630,"url":"https:\/\/www.crea.gov.co\/crea-lucero-bajo\/wp-content\/uploads\/sites\/18\/2024\/04\/filbo-2024-10-1-1.jpg","type":"image\/jpeg"}],"author":"angelahernandez","twitter_card":"summary_large_image","twitter_misc":{"Escrito por":"angelahernandez","Tiempo de lectura":"3 minutos"},"schema":{"@context":"https:\/\/schema.org","@graph":[{"@type":"WebPage","@id":"https:\/\/www.crea.gov.co\/crea-lucero-bajo\/programa-crea-presenta-su-agenda-cultural-en-la-filbo-2024\/","url":"https:\/\/www.crea.gov.co\/crea-lucero-bajo\/programa-crea-presenta-su-agenda-cultural-en-la-filbo-2024\/","name":"Programa Crea presenta su agenda cultural en la FILBo 2024 - Crea Lucero Bajo","isPartOf":{"@id":"https:\/\/www.crea.gov.co\/crea-lucero-bajo\/#website"},"primaryImageOfPage":{"@id":"https:\/\/www.crea.gov.co\/crea-lucero-bajo\/programa-crea-presenta-su-agenda-cultural-en-la-filbo-2024\/#primaryimage"},"image":{"@id":"https:\/\/www.crea.gov.co\/crea-lucero-bajo\/programa-crea-presenta-su-agenda-cultural-en-la-filbo-2024\/#primaryimage"},"thumbnailUrl":"https:\/\/www.crea.gov.co\/crea-lucero-bajo\/wp-content\/uploads\/sites\/18\/2024\/04\/filbo-2024-10-1-1.jpg","datePublished":"2024-04-25T15:52:38+00:00","author":{"@id":"https:\/\/www.crea.gov.co\/crea-lucero-bajo\/#\/schema\/person\/fa760553955240172cebbd5fa67f01f8"},"breadcrumb":{"@id":"https:\/\/www.crea.gov.co\/crea-lucero-bajo\/programa-crea-presenta-su-agenda-cultural-en-la-filbo-2024\/#breadcrumb"},"inLanguage":"es-CO","potentialAction":[{"@type":"ReadAction","target":["https:\/\/www.crea.gov.co\/crea-lucero-bajo\/programa-crea-presenta-su-agenda-cultural-en-la-filbo-2024\/"]}]},{"@type":"ImageObject","inLanguage":"es-CO","@id":"https:\/\/www.crea.gov.co\/crea-lucero-bajo\/programa-crea-presenta-su-agenda-cultural-en-la-filbo-2024\/#primaryimage","url":"https:\/\/www.crea.gov.co\/crea-lucero-bajo\/wp-content\/uploads\/sites\/18\/2024\/04\/filbo-2024-10-1-1.jpg","contentUrl":"https:\/\/www.crea.gov.co\/crea-lucero-bajo\/wp-content\/uploads\/sites\/18\/2024\/04\/filbo-2024-10-1-1.jpg","width":1200,"height":630},{"@type":"BreadcrumbList","@id":"https:\/\/www.crea.gov.co\/crea-lucero-bajo\/programa-crea-presenta-su-agenda-cultural-en-la-filbo-2024\/#breadcrumb","itemListElement":[{"@type":"ListItem","position":1,"name":"Home","item":"https:\/\/www.crea.gov.co\/crea-lucero-bajo\/"},{"@type":"ListItem","position":2,"name":"Programa Crea presenta su agenda cultural en la FILBo 2024"}]},{"@type":"WebSite","@id":"https:\/\/www.crea.gov.co\/crea-lucero-bajo\/#website","url":"https:\/\/www.crea.gov.co\/crea-lucero-bajo\/","name":"Crea Lucero Bajo","description":"En Ciudad Bol\u00edvar, entre calles inclinadas que cuentan historias de esfuerzo y constancia, este espacio crece junto a una comunidad que ha levantado su barrio paso a paso. Aqu\u00ed, ni\u00f1as, ni\u00f1os, j\u00f3venes y adultos se encuentran en talleres que nacen de sus propias realidades, tejiendo juntos un sentido profundo de pertenencia y orgullo por su territorio.","potentialAction":[{"@type":"SearchAction","target":{"@type":"EntryPoint","urlTemplate":"https:\/\/www.crea.gov.co\/crea-lucero-bajo\/?s={search_term_string}"},"query-input":{"@type":"PropertyValueSpecification","valueRequired":true,"valueName":"search_term_string"}}],"inLanguage":"es-CO"},{"@type":"Person","@id":"https:\/\/www.crea.gov.co\/crea-lucero-bajo\/#\/schema\/person\/fa760553955240172cebbd5fa67f01f8","name":"angelahernandez","image":{"@type":"ImageObject","inLanguage":"es-CO","@id":"https:\/\/www.crea.gov.co\/crea-lucero-bajo\/#\/schema\/person\/image\/","url":"https:\/\/secure.gravatar.com\/avatar\/274dc762143df7cc7128f298648373ff?s=96&d=mm&r=g","contentUrl":"https:\/\/secure.gravatar.com\/avatar\/274dc762143df7cc7128f298648373ff?s=96&d=mm&r=g","caption":"angelahernandez"},"url":"https:\/\/www.crea.gov.co\/crea-lucero-bajo\/author\/angelahernandez\/"}]}},"_links":{"self":[{"href":"https:\/\/www.crea.gov.co\/crea-lucero-bajo\/wp-json\/wp\/v2\/posts\/657","targetHints":{"allow":["GET"]}}],"collection":[{"href":"https:\/\/www.crea.gov.co\/crea-lucero-bajo\/wp-json\/wp\/v2\/posts"}],"about":[{"href":"https:\/\/www.crea.gov.co\/crea-lucero-bajo\/wp-json\/wp\/v2\/types\/post"}],"author":[{"embeddable":true,"href":"https:\/\/www.crea.gov.co\/crea-lucero-bajo\/wp-json\/wp\/v2\/users\/72"}],"replies":[{"embeddable":true,"href":"https:\/\/www.crea.gov.co\/crea-lucero-bajo\/wp-json\/wp\/v2\/comments?post=657"}],"version-history":[{"count":1,"href":"https:\/\/www.crea.gov.co\/crea-lucero-bajo\/wp-json\/wp\/v2\/posts\/657\/revisions"}],"predecessor-version":[{"id":662,"href":"https:\/\/www.crea.gov.co\/crea-lucero-bajo\/wp-json\/wp\/v2\/posts\/657\/revisions\/662"}],"wp:featuredmedia":[{"embeddable":true,"href":"https:\/\/www.crea.gov.co\/crea-lucero-bajo\/wp-json\/wp\/v2\/media\/661"}],"wp:attachment":[{"href":"https:\/\/www.crea.gov.co\/crea-lucero-bajo\/wp-json\/wp\/v2\/media?parent=657"}],"wp:term":[{"taxonomy":"category","embeddable":true,"href":"https:\/\/www.crea.gov.co\/crea-lucero-bajo\/wp-json\/wp\/v2\/categories?post=657"},{"taxonomy":"post_tag","embeddable":true,"href":"https:\/\/www.crea.gov.co\/crea-lucero-bajo\/wp-json\/wp\/v2\/tags?post=657"}],"curies":[{"name":"wp","href":"https:\/\/api.w.org\/{rel}","templated":true}]}}