{"id":601,"date":"2024-03-11T21:27:57","date_gmt":"2024-03-11T21:27:57","guid":{"rendered":"https:\/\/www.crea.gov.co\/crea-lucero-bajo\/?p=601"},"modified":"2024-03-11T21:27:57","modified_gmt":"2024-03-11T21:27:57","slug":"el-programa-crea-triunfa-en-el-festival-nacional-de-la-rumba-criolla","status":"publish","type":"post","link":"https:\/\/www.crea.gov.co\/crea-lucero-bajo\/el-programa-crea-triunfa-en-el-festival-nacional-de-la-rumba-criolla\/","title":{"rendered":"<strong>El Programa Crea triunfa en el Festival Nacional de la Rumba Criolla<\/strong>"},"content":{"rendered":"\n<p>Por Margareth S\u00e1nchez Melo<\/p>\n\n\n\n<figure class=\"wp-block-image size-large\"><img loading=\"lazy\" decoding=\"async\" width=\"819\" height=\"1024\" src=\"https:\/\/www.crea.gov.co\/crea-lucero-bajo\/wp-content\/uploads\/sites\/18\/2024\/03\/unnamed-2-819x1024.jpg\" alt=\"\" class=\"wp-image-602\" srcset=\"https:\/\/www.crea.gov.co\/crea-lucero-bajo\/wp-content\/uploads\/sites\/18\/2024\/03\/unnamed-2-819x1024.jpg 819w, https:\/\/www.crea.gov.co\/crea-lucero-bajo\/wp-content\/uploads\/sites\/18\/2024\/03\/unnamed-2-240x300.jpg 240w, https:\/\/www.crea.gov.co\/crea-lucero-bajo\/wp-content\/uploads\/sites\/18\/2024\/03\/unnamed-2-768x960.jpg 768w, https:\/\/www.crea.gov.co\/crea-lucero-bajo\/wp-content\/uploads\/sites\/18\/2024\/03\/unnamed-2.jpg 1080w\" sizes=\"auto, (max-width: 819px) 100vw, 819px\" \/><\/figure>\n\n\n\n<figure class=\"wp-block-audio\"><audio controls src=\"https:\/\/www.crea.gov.co\/crea-lucero-bajo\/wp-content\/uploads\/sites\/18\/2024\/03\/final-con-fondo-los-retonos.mp3\"><\/audio><\/figure>\n\n\n\n<p>En este p\u00f3dcast nos sumergimos en el viaje musical de Los Reto\u00f1os, un talentoso grupo surgido del Centro de Formaci\u00f3n Crea Gustavo Restrepo. El episodio revela c\u00f3mo Los Reto\u00f1os, inspirados por el grupo Los Mara\u00f1ones, se prepararon para el concurso homenajeando a Emilio Sierra con su interpretaci\u00f3n de \u201cCorazoncito\u201d.&nbsp;<\/p>\n\n\n\n<p>Juli\u00e1n, Mart\u00edn, Saray y Juan Diego, los integrantes, comparten emocionados c\u00f3mo fue la experiencia en Fusagasug\u00e1, desde la prueba de sonido hasta la actuaci\u00f3n y la inesperada victoria.<\/p>\n\n\n\n<p><strong>El momento cumbre lleg\u00f3 cuando Los Reto\u00f1os se enteran de que han ganado el primer premio.&nbsp;<\/strong>Con emoci\u00f3n desbordante, los ni\u00f1os relatan su sorpresa y alegr\u00eda al escuchar su nombre anunciado como ganadores. A pesar de la competencia y los nervios, el grupo nunca perdi\u00f3 la esperanza y la confianza en s\u00ed mismos.<\/p>\n\n\n\n<p>Adem\u00e1s, los ni\u00f1os comparten su amor por la m\u00fasica campesina, una pasi\u00f3n transmitida por sus familias y alimentada por experiencias personales. Su conexi\u00f3n con este g\u00e9nero refleja no solo un amor por la tradici\u00f3n, sino tambi\u00e9n un deseo de compartir su cultura y ra\u00edces con el mundo.<\/p>\n\n\n\n<p>Al final del episodio, los oyentes son invitados a descubrir m\u00e1s sobre el&nbsp;<a href=\"https:\/\/www.crea.gov.co\/\"><strong>Programa Crea<\/strong><\/a>&nbsp;y su amplia oferta de talleres de formaci\u00f3n art\u00edstica para todas las edades. Una oportunidad \u00fanica para unirse a una comunidad creativa vibrante y diversa.<\/p>\n\n\n\n<p>No se pierda este episodio lleno de inspiraci\u00f3n y emoci\u00f3n.&nbsp;<\/p>\n","protected":false},"excerpt":{"rendered":"<p>Por Margareth S\u00e1nchez Melo En este p\u00f3dcast nos sumergimos en el viaje musical de Los Reto\u00f1os, un talentoso grupo surgido del Centro de Formaci\u00f3n Crea Gustavo Restrepo. El episodio revela c\u00f3mo Los Reto\u00f1os, inspirados por el grupo Los Mara\u00f1ones, se prepararon para el concurso homenajeando a Emilio Sierra con su interpretaci\u00f3n de \u201cCorazoncito\u201d.&nbsp; Juli\u00e1n, Mart\u00edn, [&hellip;]<\/p>\n","protected":false},"author":72,"featured_media":602,"comment_status":"open","ping_status":"open","sticky":false,"template":"","format":"standard","meta":{"footnotes":""},"categories":[1],"tags":[],"class_list":["post-601","post","type-post","status-publish","format-standard","has-post-thumbnail","hentry","category-sin-categoria"],"yoast_head":"<!-- This site is optimized with the Yoast SEO plugin v24.5 - https:\/\/yoast.com\/wordpress\/plugins\/seo\/ -->\n<title>El Programa Crea triunfa en el Festival Nacional de la Rumba Criolla - Crea Lucero Bajo<\/title>\n<meta name=\"robots\" content=\"index, follow, max-snippet:-1, max-image-preview:large, max-video-preview:-1\" \/>\n<link rel=\"canonical\" href=\"https:\/\/www.crea.gov.co\/crea-lucero-bajo\/el-programa-crea-triunfa-en-el-festival-nacional-de-la-rumba-criolla\/\" \/>\n<meta property=\"og:locale\" content=\"es_ES\" \/>\n<meta property=\"og:type\" content=\"article\" \/>\n<meta property=\"og:title\" content=\"El Programa Crea triunfa en el Festival Nacional de la Rumba Criolla - Crea Lucero Bajo\" \/>\n<meta property=\"og:description\" content=\"Por Margareth S\u00e1nchez Melo En este p\u00f3dcast nos sumergimos en el viaje musical de Los Reto\u00f1os, un talentoso grupo surgido del Centro de Formaci\u00f3n Crea Gustavo Restrepo. El episodio revela c\u00f3mo Los Reto\u00f1os, inspirados por el grupo Los Mara\u00f1ones, se prepararon para el concurso homenajeando a Emilio Sierra con su interpretaci\u00f3n de \u201cCorazoncito\u201d.&nbsp; Juli\u00e1n, Mart\u00edn, [&hellip;]\" \/>\n<meta property=\"og:url\" content=\"https:\/\/www.crea.gov.co\/crea-lucero-bajo\/el-programa-crea-triunfa-en-el-festival-nacional-de-la-rumba-criolla\/\" \/>\n<meta property=\"og:site_name\" content=\"Crea Lucero Bajo\" \/>\n<meta property=\"article:published_time\" content=\"2024-03-11T21:27:57+00:00\" \/>\n<meta property=\"og:image\" content=\"https:\/\/www.crea.gov.co\/crea-lucero-bajo\/wp-content\/uploads\/sites\/18\/2024\/03\/unnamed-2.jpg\" \/>\n\t<meta property=\"og:image:width\" content=\"1080\" \/>\n\t<meta property=\"og:image:height\" content=\"1350\" \/>\n\t<meta property=\"og:image:type\" content=\"image\/jpeg\" \/>\n<meta name=\"author\" content=\"angelahernandez\" \/>\n<meta name=\"twitter:card\" content=\"summary_large_image\" \/>\n<meta name=\"twitter:label1\" content=\"Escrito por\" \/>\n\t<meta name=\"twitter:data1\" content=\"angelahernandez\" \/>\n\t<meta name=\"twitter:label2\" content=\"Tiempo de lectura\" \/>\n\t<meta name=\"twitter:data2\" content=\"2 minutos\" \/>\n<script type=\"application\/ld+json\" class=\"yoast-schema-graph\">{\"@context\":\"https:\/\/schema.org\",\"@graph\":[{\"@type\":\"WebPage\",\"@id\":\"https:\/\/www.crea.gov.co\/crea-lucero-bajo\/el-programa-crea-triunfa-en-el-festival-nacional-de-la-rumba-criolla\/\",\"url\":\"https:\/\/www.crea.gov.co\/crea-lucero-bajo\/el-programa-crea-triunfa-en-el-festival-nacional-de-la-rumba-criolla\/\",\"name\":\"El Programa Crea triunfa en el Festival Nacional de la Rumba Criolla - Crea Lucero Bajo\",\"isPartOf\":{\"@id\":\"https:\/\/www.crea.gov.co\/crea-lucero-bajo\/#website\"},\"primaryImageOfPage\":{\"@id\":\"https:\/\/www.crea.gov.co\/crea-lucero-bajo\/el-programa-crea-triunfa-en-el-festival-nacional-de-la-rumba-criolla\/#primaryimage\"},\"image\":{\"@id\":\"https:\/\/www.crea.gov.co\/crea-lucero-bajo\/el-programa-crea-triunfa-en-el-festival-nacional-de-la-rumba-criolla\/#primaryimage\"},\"thumbnailUrl\":\"https:\/\/www.crea.gov.co\/crea-lucero-bajo\/wp-content\/uploads\/sites\/18\/2024\/03\/unnamed-2.jpg\",\"datePublished\":\"2024-03-11T21:27:57+00:00\",\"author\":{\"@id\":\"https:\/\/www.crea.gov.co\/crea-lucero-bajo\/#\/schema\/person\/fa760553955240172cebbd5fa67f01f8\"},\"breadcrumb\":{\"@id\":\"https:\/\/www.crea.gov.co\/crea-lucero-bajo\/el-programa-crea-triunfa-en-el-festival-nacional-de-la-rumba-criolla\/#breadcrumb\"},\"inLanguage\":\"es-CO\",\"potentialAction\":[{\"@type\":\"ReadAction\",\"target\":[\"https:\/\/www.crea.gov.co\/crea-lucero-bajo\/el-programa-crea-triunfa-en-el-festival-nacional-de-la-rumba-criolla\/\"]}]},{\"@type\":\"ImageObject\",\"inLanguage\":\"es-CO\",\"@id\":\"https:\/\/www.crea.gov.co\/crea-lucero-bajo\/el-programa-crea-triunfa-en-el-festival-nacional-de-la-rumba-criolla\/#primaryimage\",\"url\":\"https:\/\/www.crea.gov.co\/crea-lucero-bajo\/wp-content\/uploads\/sites\/18\/2024\/03\/unnamed-2.jpg\",\"contentUrl\":\"https:\/\/www.crea.gov.co\/crea-lucero-bajo\/wp-content\/uploads\/sites\/18\/2024\/03\/unnamed-2.jpg\",\"width\":1080,\"height\":1350},{\"@type\":\"BreadcrumbList\",\"@id\":\"https:\/\/www.crea.gov.co\/crea-lucero-bajo\/el-programa-crea-triunfa-en-el-festival-nacional-de-la-rumba-criolla\/#breadcrumb\",\"itemListElement\":[{\"@type\":\"ListItem\",\"position\":1,\"name\":\"Home\",\"item\":\"https:\/\/www.crea.gov.co\/crea-lucero-bajo\/\"},{\"@type\":\"ListItem\",\"position\":2,\"name\":\"El Programa Crea triunfa en el Festival Nacional de la Rumba Criolla\"}]},{\"@type\":\"WebSite\",\"@id\":\"https:\/\/www.crea.gov.co\/crea-lucero-bajo\/#website\",\"url\":\"https:\/\/www.crea.gov.co\/crea-lucero-bajo\/\",\"name\":\"Crea Lucero Bajo\",\"description\":\"En Ciudad Bol\u00edvar, entre calles inclinadas que cuentan historias de esfuerzo y constancia, este espacio crece junto a una comunidad que ha levantado su barrio paso a paso. Aqu\u00ed, ni\u00f1as, ni\u00f1os, j\u00f3venes y adultos se encuentran en talleres que nacen de sus propias realidades, tejiendo juntos un sentido profundo de pertenencia y orgullo por su territorio.\",\"potentialAction\":[{\"@type\":\"SearchAction\",\"target\":{\"@type\":\"EntryPoint\",\"urlTemplate\":\"https:\/\/www.crea.gov.co\/crea-lucero-bajo\/?s={search_term_string}\"},\"query-input\":{\"@type\":\"PropertyValueSpecification\",\"valueRequired\":true,\"valueName\":\"search_term_string\"}}],\"inLanguage\":\"es-CO\"},{\"@type\":\"Person\",\"@id\":\"https:\/\/www.crea.gov.co\/crea-lucero-bajo\/#\/schema\/person\/fa760553955240172cebbd5fa67f01f8\",\"name\":\"angelahernandez\",\"image\":{\"@type\":\"ImageObject\",\"inLanguage\":\"es-CO\",\"@id\":\"https:\/\/www.crea.gov.co\/crea-lucero-bajo\/#\/schema\/person\/image\/\",\"url\":\"https:\/\/secure.gravatar.com\/avatar\/274dc762143df7cc7128f298648373ff?s=96&d=mm&r=g\",\"contentUrl\":\"https:\/\/secure.gravatar.com\/avatar\/274dc762143df7cc7128f298648373ff?s=96&d=mm&r=g\",\"caption\":\"angelahernandez\"},\"url\":\"https:\/\/www.crea.gov.co\/crea-lucero-bajo\/author\/angelahernandez\/\"}]}<\/script>\n<!-- \/ Yoast SEO plugin. -->","yoast_head_json":{"title":"El Programa Crea triunfa en el Festival Nacional de la Rumba Criolla - Crea Lucero Bajo","robots":{"index":"index","follow":"follow","max-snippet":"max-snippet:-1","max-image-preview":"max-image-preview:large","max-video-preview":"max-video-preview:-1"},"canonical":"https:\/\/www.crea.gov.co\/crea-lucero-bajo\/el-programa-crea-triunfa-en-el-festival-nacional-de-la-rumba-criolla\/","og_locale":"es_ES","og_type":"article","og_title":"El Programa Crea triunfa en el Festival Nacional de la Rumba Criolla - Crea Lucero Bajo","og_description":"Por Margareth S\u00e1nchez Melo En este p\u00f3dcast nos sumergimos en el viaje musical de Los Reto\u00f1os, un talentoso grupo surgido del Centro de Formaci\u00f3n Crea Gustavo Restrepo. El episodio revela c\u00f3mo Los Reto\u00f1os, inspirados por el grupo Los Mara\u00f1ones, se prepararon para el concurso homenajeando a Emilio Sierra con su interpretaci\u00f3n de \u201cCorazoncito\u201d.&nbsp; Juli\u00e1n, Mart\u00edn, [&hellip;]","og_url":"https:\/\/www.crea.gov.co\/crea-lucero-bajo\/el-programa-crea-triunfa-en-el-festival-nacional-de-la-rumba-criolla\/","og_site_name":"Crea Lucero Bajo","article_published_time":"2024-03-11T21:27:57+00:00","og_image":[{"width":1080,"height":1350,"url":"https:\/\/www.crea.gov.co\/crea-lucero-bajo\/wp-content\/uploads\/sites\/18\/2024\/03\/unnamed-2.jpg","type":"image\/jpeg"}],"author":"angelahernandez","twitter_card":"summary_large_image","twitter_misc":{"Escrito por":"angelahernandez","Tiempo de lectura":"2 minutos"},"schema":{"@context":"https:\/\/schema.org","@graph":[{"@type":"WebPage","@id":"https:\/\/www.crea.gov.co\/crea-lucero-bajo\/el-programa-crea-triunfa-en-el-festival-nacional-de-la-rumba-criolla\/","url":"https:\/\/www.crea.gov.co\/crea-lucero-bajo\/el-programa-crea-triunfa-en-el-festival-nacional-de-la-rumba-criolla\/","name":"El Programa Crea triunfa en el Festival Nacional de la Rumba Criolla - Crea Lucero Bajo","isPartOf":{"@id":"https:\/\/www.crea.gov.co\/crea-lucero-bajo\/#website"},"primaryImageOfPage":{"@id":"https:\/\/www.crea.gov.co\/crea-lucero-bajo\/el-programa-crea-triunfa-en-el-festival-nacional-de-la-rumba-criolla\/#primaryimage"},"image":{"@id":"https:\/\/www.crea.gov.co\/crea-lucero-bajo\/el-programa-crea-triunfa-en-el-festival-nacional-de-la-rumba-criolla\/#primaryimage"},"thumbnailUrl":"https:\/\/www.crea.gov.co\/crea-lucero-bajo\/wp-content\/uploads\/sites\/18\/2024\/03\/unnamed-2.jpg","datePublished":"2024-03-11T21:27:57+00:00","author":{"@id":"https:\/\/www.crea.gov.co\/crea-lucero-bajo\/#\/schema\/person\/fa760553955240172cebbd5fa67f01f8"},"breadcrumb":{"@id":"https:\/\/www.crea.gov.co\/crea-lucero-bajo\/el-programa-crea-triunfa-en-el-festival-nacional-de-la-rumba-criolla\/#breadcrumb"},"inLanguage":"es-CO","potentialAction":[{"@type":"ReadAction","target":["https:\/\/www.crea.gov.co\/crea-lucero-bajo\/el-programa-crea-triunfa-en-el-festival-nacional-de-la-rumba-criolla\/"]}]},{"@type":"ImageObject","inLanguage":"es-CO","@id":"https:\/\/www.crea.gov.co\/crea-lucero-bajo\/el-programa-crea-triunfa-en-el-festival-nacional-de-la-rumba-criolla\/#primaryimage","url":"https:\/\/www.crea.gov.co\/crea-lucero-bajo\/wp-content\/uploads\/sites\/18\/2024\/03\/unnamed-2.jpg","contentUrl":"https:\/\/www.crea.gov.co\/crea-lucero-bajo\/wp-content\/uploads\/sites\/18\/2024\/03\/unnamed-2.jpg","width":1080,"height":1350},{"@type":"BreadcrumbList","@id":"https:\/\/www.crea.gov.co\/crea-lucero-bajo\/el-programa-crea-triunfa-en-el-festival-nacional-de-la-rumba-criolla\/#breadcrumb","itemListElement":[{"@type":"ListItem","position":1,"name":"Home","item":"https:\/\/www.crea.gov.co\/crea-lucero-bajo\/"},{"@type":"ListItem","position":2,"name":"El Programa Crea triunfa en el Festival Nacional de la Rumba Criolla"}]},{"@type":"WebSite","@id":"https:\/\/www.crea.gov.co\/crea-lucero-bajo\/#website","url":"https:\/\/www.crea.gov.co\/crea-lucero-bajo\/","name":"Crea Lucero Bajo","description":"En Ciudad Bol\u00edvar, entre calles inclinadas que cuentan historias de esfuerzo y constancia, este espacio crece junto a una comunidad que ha levantado su barrio paso a paso. Aqu\u00ed, ni\u00f1as, ni\u00f1os, j\u00f3venes y adultos se encuentran en talleres que nacen de sus propias realidades, tejiendo juntos un sentido profundo de pertenencia y orgullo por su territorio.","potentialAction":[{"@type":"SearchAction","target":{"@type":"EntryPoint","urlTemplate":"https:\/\/www.crea.gov.co\/crea-lucero-bajo\/?s={search_term_string}"},"query-input":{"@type":"PropertyValueSpecification","valueRequired":true,"valueName":"search_term_string"}}],"inLanguage":"es-CO"},{"@type":"Person","@id":"https:\/\/www.crea.gov.co\/crea-lucero-bajo\/#\/schema\/person\/fa760553955240172cebbd5fa67f01f8","name":"angelahernandez","image":{"@type":"ImageObject","inLanguage":"es-CO","@id":"https:\/\/www.crea.gov.co\/crea-lucero-bajo\/#\/schema\/person\/image\/","url":"https:\/\/secure.gravatar.com\/avatar\/274dc762143df7cc7128f298648373ff?s=96&d=mm&r=g","contentUrl":"https:\/\/secure.gravatar.com\/avatar\/274dc762143df7cc7128f298648373ff?s=96&d=mm&r=g","caption":"angelahernandez"},"url":"https:\/\/www.crea.gov.co\/crea-lucero-bajo\/author\/angelahernandez\/"}]}},"_links":{"self":[{"href":"https:\/\/www.crea.gov.co\/crea-lucero-bajo\/wp-json\/wp\/v2\/posts\/601","targetHints":{"allow":["GET"]}}],"collection":[{"href":"https:\/\/www.crea.gov.co\/crea-lucero-bajo\/wp-json\/wp\/v2\/posts"}],"about":[{"href":"https:\/\/www.crea.gov.co\/crea-lucero-bajo\/wp-json\/wp\/v2\/types\/post"}],"author":[{"embeddable":true,"href":"https:\/\/www.crea.gov.co\/crea-lucero-bajo\/wp-json\/wp\/v2\/users\/72"}],"replies":[{"embeddable":true,"href":"https:\/\/www.crea.gov.co\/crea-lucero-bajo\/wp-json\/wp\/v2\/comments?post=601"}],"version-history":[{"count":1,"href":"https:\/\/www.crea.gov.co\/crea-lucero-bajo\/wp-json\/wp\/v2\/posts\/601\/revisions"}],"predecessor-version":[{"id":604,"href":"https:\/\/www.crea.gov.co\/crea-lucero-bajo\/wp-json\/wp\/v2\/posts\/601\/revisions\/604"}],"wp:featuredmedia":[{"embeddable":true,"href":"https:\/\/www.crea.gov.co\/crea-lucero-bajo\/wp-json\/wp\/v2\/media\/602"}],"wp:attachment":[{"href":"https:\/\/www.crea.gov.co\/crea-lucero-bajo\/wp-json\/wp\/v2\/media?parent=601"}],"wp:term":[{"taxonomy":"category","embeddable":true,"href":"https:\/\/www.crea.gov.co\/crea-lucero-bajo\/wp-json\/wp\/v2\/categories?post=601"},{"taxonomy":"post_tag","embeddable":true,"href":"https:\/\/www.crea.gov.co\/crea-lucero-bajo\/wp-json\/wp\/v2\/tags?post=601"}],"curies":[{"name":"wp","href":"https:\/\/api.w.org\/{rel}","templated":true}]}}