{"id":597,"date":"2024-02-27T20:25:28","date_gmt":"2024-02-27T20:25:28","guid":{"rendered":"https:\/\/www.crea.gov.co\/crea-lucero-bajo\/?p=597"},"modified":"2024-02-27T20:25:28","modified_gmt":"2024-02-27T20:25:28","slug":"los-cortos-crea-en-la-cinemateca-el-tunal","status":"publish","type":"post","link":"https:\/\/www.crea.gov.co\/crea-lucero-bajo\/los-cortos-crea-en-la-cinemateca-el-tunal\/","title":{"rendered":"<strong>Los cortos Crea en la Cinemateca El Tunal<\/strong>"},"content":{"rendered":"\n<figure class=\"wp-block-image size-full is-resized\"><img loading=\"lazy\" decoding=\"async\" src=\"https:\/\/www.crea.gov.co\/crea-lucero-bajo\/wp-content\/uploads\/sites\/18\/2024\/02\/foto....jpg\" alt=\"\" class=\"wp-image-598\" width=\"451\" height=\"499\" srcset=\"https:\/\/www.crea.gov.co\/crea-lucero-bajo\/wp-content\/uploads\/sites\/18\/2024\/02\/foto....jpg 452w, https:\/\/www.crea.gov.co\/crea-lucero-bajo\/wp-content\/uploads\/sites\/18\/2024\/02\/foto...-271x300.jpg 271w\" sizes=\"auto, (max-width: 451px) 100vw, 451px\" \/><\/figure>\n\n\n\n<p>Las obras audiovisuales de los grupos de formaci\u00f3n del Programa Crea, inician su viaje en 2024.<\/p>\n\n\n\n<p>Una selecci\u00f3n de cortometrajes realizados en 2023, por colectivos de ni\u00f1as, ni\u00f1os, j\u00f3venes y adultos de diferentes localidades y espacios de Bogot\u00e1, se presentar\u00e1n el pr\u00f3ximo s\u00e1bado 2 de marzo en la franja local de la Cinemateca del Tunal. Obras de animaci\u00f3n, ficci\u00f3n, documentales, video clip, dirigidas a p\u00fablico familiar, se proyectar\u00e1n con entrada libre. Tambi\u00e9n se realizar\u00e1 un di\u00e1logo con realizadores y artistas formadores del \u00e1rea de audiovisuales.<\/p>\n\n\n\n<p>Programaci\u00f3n:<\/p>\n\n\n\n<p>El cazador de fantasmas \u2013 Creaci\u00f3n colectiva 2023 \u2013 Colegio Antonio Nari\u00f1o, Engativ\u00e1<br>Mascarilla de cal\u00e9ndula \u2013 Creaci\u00f3n colectiva 2023 \u2013 Colectivo Lxs Perezosxs, Ciudad Bol\u00edvar<br>Crom\u00e1tico \u2013 Ang\u00e9lica Perilla, Carol Zambrano 2023 \u2013 Colectivo Focus, Suba<br>Rueda Olga Rueda \u2013 Nelson Cruz 2023 \u2013 Colectivo El Cuarto Oscuro, grupo distrital.<br>Ella se ahoga \u2013 Beiba Taina 2023 \u2013 Colectivo Nea Films, Bosa<br>Jaque Mate \u2013 Creaci\u00f3n colectiva 2023 \u2013 Cinescape, Centro penitenciario La Picota<br>Entretejer \u2013 Creaci\u00f3n colectiva 2023 \u2013 Colectivo Entretejer, Ciudad Bol\u00edvar<\/p>\n\n\n\n<p>S\u00e1bado 2 de marzo<br>Cinemateca Tunal \u2013 Centro Felicidad Tunal<br>Calle 56 sur No 23 \u2013 62<br>2:00 p.m. Entrada Libre<\/p>\n\n\n\n<p>M\u00e1s informaci\u00f3n sobre los procesos de formaci\u00f3n audiovisual al correo:<br>audiovisuales.crea@idartes.gov.co<\/p>\n","protected":false},"excerpt":{"rendered":"<p>Las obras audiovisuales de los grupos de formaci\u00f3n del Programa Crea, inician su viaje en 2024. Una selecci\u00f3n de cortometrajes realizados en 2023, por colectivos de ni\u00f1as, ni\u00f1os, j\u00f3venes y adultos de diferentes localidades y espacios de Bogot\u00e1, se presentar\u00e1n el pr\u00f3ximo s\u00e1bado 2 de marzo en la franja local de la Cinemateca del Tunal. [&hellip;]<\/p>\n","protected":false},"author":72,"featured_media":598,"comment_status":"open","ping_status":"open","sticky":false,"template":"","format":"standard","meta":{"footnotes":""},"categories":[1],"tags":[],"class_list":["post-597","post","type-post","status-publish","format-standard","has-post-thumbnail","hentry","category-sin-categoria"],"yoast_head":"<!-- This site is optimized with the Yoast SEO plugin v24.5 - https:\/\/yoast.com\/wordpress\/plugins\/seo\/ -->\n<title>Los cortos Crea en la Cinemateca El Tunal - Crea Lucero Bajo<\/title>\n<meta name=\"robots\" content=\"index, follow, max-snippet:-1, max-image-preview:large, max-video-preview:-1\" \/>\n<link rel=\"canonical\" href=\"https:\/\/www.crea.gov.co\/crea-lucero-bajo\/los-cortos-crea-en-la-cinemateca-el-tunal\/\" \/>\n<meta property=\"og:locale\" content=\"es_ES\" \/>\n<meta property=\"og:type\" content=\"article\" \/>\n<meta property=\"og:title\" content=\"Los cortos Crea en la Cinemateca El Tunal - Crea Lucero Bajo\" \/>\n<meta property=\"og:description\" content=\"Las obras audiovisuales de los grupos de formaci\u00f3n del Programa Crea, inician su viaje en 2024. Una selecci\u00f3n de cortometrajes realizados en 2023, por colectivos de ni\u00f1as, ni\u00f1os, j\u00f3venes y adultos de diferentes localidades y espacios de Bogot\u00e1, se presentar\u00e1n el pr\u00f3ximo s\u00e1bado 2 de marzo en la franja local de la Cinemateca del Tunal. [&hellip;]\" \/>\n<meta property=\"og:url\" content=\"https:\/\/www.crea.gov.co\/crea-lucero-bajo\/los-cortos-crea-en-la-cinemateca-el-tunal\/\" \/>\n<meta property=\"og:site_name\" content=\"Crea Lucero Bajo\" \/>\n<meta property=\"article:published_time\" content=\"2024-02-27T20:25:28+00:00\" \/>\n<meta property=\"og:image\" content=\"https:\/\/www.crea.gov.co\/crea-lucero-bajo\/wp-content\/uploads\/sites\/18\/2024\/02\/foto....jpg\" \/>\n\t<meta property=\"og:image:width\" content=\"452\" \/>\n\t<meta property=\"og:image:height\" content=\"500\" \/>\n\t<meta property=\"og:image:type\" content=\"image\/jpeg\" \/>\n<meta name=\"author\" content=\"angelahernandez\" \/>\n<meta name=\"twitter:card\" content=\"summary_large_image\" \/>\n<meta name=\"twitter:label1\" content=\"Escrito por\" \/>\n\t<meta name=\"twitter:data1\" content=\"angelahernandez\" \/>\n\t<meta name=\"twitter:label2\" content=\"Tiempo de lectura\" \/>\n\t<meta name=\"twitter:data2\" content=\"2 minutos\" \/>\n<script type=\"application\/ld+json\" class=\"yoast-schema-graph\">{\"@context\":\"https:\/\/schema.org\",\"@graph\":[{\"@type\":\"WebPage\",\"@id\":\"https:\/\/www.crea.gov.co\/crea-lucero-bajo\/los-cortos-crea-en-la-cinemateca-el-tunal\/\",\"url\":\"https:\/\/www.crea.gov.co\/crea-lucero-bajo\/los-cortos-crea-en-la-cinemateca-el-tunal\/\",\"name\":\"Los cortos Crea en la Cinemateca El Tunal - Crea Lucero Bajo\",\"isPartOf\":{\"@id\":\"https:\/\/www.crea.gov.co\/crea-lucero-bajo\/#website\"},\"primaryImageOfPage\":{\"@id\":\"https:\/\/www.crea.gov.co\/crea-lucero-bajo\/los-cortos-crea-en-la-cinemateca-el-tunal\/#primaryimage\"},\"image\":{\"@id\":\"https:\/\/www.crea.gov.co\/crea-lucero-bajo\/los-cortos-crea-en-la-cinemateca-el-tunal\/#primaryimage\"},\"thumbnailUrl\":\"https:\/\/www.crea.gov.co\/crea-lucero-bajo\/wp-content\/uploads\/sites\/18\/2024\/02\/foto....jpg\",\"datePublished\":\"2024-02-27T20:25:28+00:00\",\"author\":{\"@id\":\"https:\/\/www.crea.gov.co\/crea-lucero-bajo\/#\/schema\/person\/fa760553955240172cebbd5fa67f01f8\"},\"breadcrumb\":{\"@id\":\"https:\/\/www.crea.gov.co\/crea-lucero-bajo\/los-cortos-crea-en-la-cinemateca-el-tunal\/#breadcrumb\"},\"inLanguage\":\"es-CO\",\"potentialAction\":[{\"@type\":\"ReadAction\",\"target\":[\"https:\/\/www.crea.gov.co\/crea-lucero-bajo\/los-cortos-crea-en-la-cinemateca-el-tunal\/\"]}]},{\"@type\":\"ImageObject\",\"inLanguage\":\"es-CO\",\"@id\":\"https:\/\/www.crea.gov.co\/crea-lucero-bajo\/los-cortos-crea-en-la-cinemateca-el-tunal\/#primaryimage\",\"url\":\"https:\/\/www.crea.gov.co\/crea-lucero-bajo\/wp-content\/uploads\/sites\/18\/2024\/02\/foto....jpg\",\"contentUrl\":\"https:\/\/www.crea.gov.co\/crea-lucero-bajo\/wp-content\/uploads\/sites\/18\/2024\/02\/foto....jpg\",\"width\":452,\"height\":500},{\"@type\":\"BreadcrumbList\",\"@id\":\"https:\/\/www.crea.gov.co\/crea-lucero-bajo\/los-cortos-crea-en-la-cinemateca-el-tunal\/#breadcrumb\",\"itemListElement\":[{\"@type\":\"ListItem\",\"position\":1,\"name\":\"Home\",\"item\":\"https:\/\/www.crea.gov.co\/crea-lucero-bajo\/\"},{\"@type\":\"ListItem\",\"position\":2,\"name\":\"Los cortos Crea en la Cinemateca El Tunal\"}]},{\"@type\":\"WebSite\",\"@id\":\"https:\/\/www.crea.gov.co\/crea-lucero-bajo\/#website\",\"url\":\"https:\/\/www.crea.gov.co\/crea-lucero-bajo\/\",\"name\":\"Crea Lucero Bajo\",\"description\":\"En Ciudad Bol\u00edvar, entre calles inclinadas que cuentan historias de esfuerzo y constancia, este espacio crece junto a una comunidad que ha levantado su barrio paso a paso. Aqu\u00ed, ni\u00f1as, ni\u00f1os, j\u00f3venes y adultos se encuentran en talleres que nacen de sus propias realidades, tejiendo juntos un sentido profundo de pertenencia y orgullo por su territorio.\",\"potentialAction\":[{\"@type\":\"SearchAction\",\"target\":{\"@type\":\"EntryPoint\",\"urlTemplate\":\"https:\/\/www.crea.gov.co\/crea-lucero-bajo\/?s={search_term_string}\"},\"query-input\":{\"@type\":\"PropertyValueSpecification\",\"valueRequired\":true,\"valueName\":\"search_term_string\"}}],\"inLanguage\":\"es-CO\"},{\"@type\":\"Person\",\"@id\":\"https:\/\/www.crea.gov.co\/crea-lucero-bajo\/#\/schema\/person\/fa760553955240172cebbd5fa67f01f8\",\"name\":\"angelahernandez\",\"image\":{\"@type\":\"ImageObject\",\"inLanguage\":\"es-CO\",\"@id\":\"https:\/\/www.crea.gov.co\/crea-lucero-bajo\/#\/schema\/person\/image\/\",\"url\":\"https:\/\/secure.gravatar.com\/avatar\/274dc762143df7cc7128f298648373ff?s=96&d=mm&r=g\",\"contentUrl\":\"https:\/\/secure.gravatar.com\/avatar\/274dc762143df7cc7128f298648373ff?s=96&d=mm&r=g\",\"caption\":\"angelahernandez\"},\"url\":\"https:\/\/www.crea.gov.co\/crea-lucero-bajo\/author\/angelahernandez\/\"}]}<\/script>\n<!-- \/ Yoast SEO plugin. -->","yoast_head_json":{"title":"Los cortos Crea en la Cinemateca El Tunal - Crea Lucero Bajo","robots":{"index":"index","follow":"follow","max-snippet":"max-snippet:-1","max-image-preview":"max-image-preview:large","max-video-preview":"max-video-preview:-1"},"canonical":"https:\/\/www.crea.gov.co\/crea-lucero-bajo\/los-cortos-crea-en-la-cinemateca-el-tunal\/","og_locale":"es_ES","og_type":"article","og_title":"Los cortos Crea en la Cinemateca El Tunal - Crea Lucero Bajo","og_description":"Las obras audiovisuales de los grupos de formaci\u00f3n del Programa Crea, inician su viaje en 2024. Una selecci\u00f3n de cortometrajes realizados en 2023, por colectivos de ni\u00f1as, ni\u00f1os, j\u00f3venes y adultos de diferentes localidades y espacios de Bogot\u00e1, se presentar\u00e1n el pr\u00f3ximo s\u00e1bado 2 de marzo en la franja local de la Cinemateca del Tunal. [&hellip;]","og_url":"https:\/\/www.crea.gov.co\/crea-lucero-bajo\/los-cortos-crea-en-la-cinemateca-el-tunal\/","og_site_name":"Crea Lucero Bajo","article_published_time":"2024-02-27T20:25:28+00:00","og_image":[{"width":452,"height":500,"url":"https:\/\/www.crea.gov.co\/crea-lucero-bajo\/wp-content\/uploads\/sites\/18\/2024\/02\/foto....jpg","type":"image\/jpeg"}],"author":"angelahernandez","twitter_card":"summary_large_image","twitter_misc":{"Escrito por":"angelahernandez","Tiempo de lectura":"2 minutos"},"schema":{"@context":"https:\/\/schema.org","@graph":[{"@type":"WebPage","@id":"https:\/\/www.crea.gov.co\/crea-lucero-bajo\/los-cortos-crea-en-la-cinemateca-el-tunal\/","url":"https:\/\/www.crea.gov.co\/crea-lucero-bajo\/los-cortos-crea-en-la-cinemateca-el-tunal\/","name":"Los cortos Crea en la Cinemateca El Tunal - Crea Lucero Bajo","isPartOf":{"@id":"https:\/\/www.crea.gov.co\/crea-lucero-bajo\/#website"},"primaryImageOfPage":{"@id":"https:\/\/www.crea.gov.co\/crea-lucero-bajo\/los-cortos-crea-en-la-cinemateca-el-tunal\/#primaryimage"},"image":{"@id":"https:\/\/www.crea.gov.co\/crea-lucero-bajo\/los-cortos-crea-en-la-cinemateca-el-tunal\/#primaryimage"},"thumbnailUrl":"https:\/\/www.crea.gov.co\/crea-lucero-bajo\/wp-content\/uploads\/sites\/18\/2024\/02\/foto....jpg","datePublished":"2024-02-27T20:25:28+00:00","author":{"@id":"https:\/\/www.crea.gov.co\/crea-lucero-bajo\/#\/schema\/person\/fa760553955240172cebbd5fa67f01f8"},"breadcrumb":{"@id":"https:\/\/www.crea.gov.co\/crea-lucero-bajo\/los-cortos-crea-en-la-cinemateca-el-tunal\/#breadcrumb"},"inLanguage":"es-CO","potentialAction":[{"@type":"ReadAction","target":["https:\/\/www.crea.gov.co\/crea-lucero-bajo\/los-cortos-crea-en-la-cinemateca-el-tunal\/"]}]},{"@type":"ImageObject","inLanguage":"es-CO","@id":"https:\/\/www.crea.gov.co\/crea-lucero-bajo\/los-cortos-crea-en-la-cinemateca-el-tunal\/#primaryimage","url":"https:\/\/www.crea.gov.co\/crea-lucero-bajo\/wp-content\/uploads\/sites\/18\/2024\/02\/foto....jpg","contentUrl":"https:\/\/www.crea.gov.co\/crea-lucero-bajo\/wp-content\/uploads\/sites\/18\/2024\/02\/foto....jpg","width":452,"height":500},{"@type":"BreadcrumbList","@id":"https:\/\/www.crea.gov.co\/crea-lucero-bajo\/los-cortos-crea-en-la-cinemateca-el-tunal\/#breadcrumb","itemListElement":[{"@type":"ListItem","position":1,"name":"Home","item":"https:\/\/www.crea.gov.co\/crea-lucero-bajo\/"},{"@type":"ListItem","position":2,"name":"Los cortos Crea en la Cinemateca El Tunal"}]},{"@type":"WebSite","@id":"https:\/\/www.crea.gov.co\/crea-lucero-bajo\/#website","url":"https:\/\/www.crea.gov.co\/crea-lucero-bajo\/","name":"Crea Lucero Bajo","description":"En Ciudad Bol\u00edvar, entre calles inclinadas que cuentan historias de esfuerzo y constancia, este espacio crece junto a una comunidad que ha levantado su barrio paso a paso. Aqu\u00ed, ni\u00f1as, ni\u00f1os, j\u00f3venes y adultos se encuentran en talleres que nacen de sus propias realidades, tejiendo juntos un sentido profundo de pertenencia y orgullo por su territorio.","potentialAction":[{"@type":"SearchAction","target":{"@type":"EntryPoint","urlTemplate":"https:\/\/www.crea.gov.co\/crea-lucero-bajo\/?s={search_term_string}"},"query-input":{"@type":"PropertyValueSpecification","valueRequired":true,"valueName":"search_term_string"}}],"inLanguage":"es-CO"},{"@type":"Person","@id":"https:\/\/www.crea.gov.co\/crea-lucero-bajo\/#\/schema\/person\/fa760553955240172cebbd5fa67f01f8","name":"angelahernandez","image":{"@type":"ImageObject","inLanguage":"es-CO","@id":"https:\/\/www.crea.gov.co\/crea-lucero-bajo\/#\/schema\/person\/image\/","url":"https:\/\/secure.gravatar.com\/avatar\/274dc762143df7cc7128f298648373ff?s=96&d=mm&r=g","contentUrl":"https:\/\/secure.gravatar.com\/avatar\/274dc762143df7cc7128f298648373ff?s=96&d=mm&r=g","caption":"angelahernandez"},"url":"https:\/\/www.crea.gov.co\/crea-lucero-bajo\/author\/angelahernandez\/"}]}},"_links":{"self":[{"href":"https:\/\/www.crea.gov.co\/crea-lucero-bajo\/wp-json\/wp\/v2\/posts\/597","targetHints":{"allow":["GET"]}}],"collection":[{"href":"https:\/\/www.crea.gov.co\/crea-lucero-bajo\/wp-json\/wp\/v2\/posts"}],"about":[{"href":"https:\/\/www.crea.gov.co\/crea-lucero-bajo\/wp-json\/wp\/v2\/types\/post"}],"author":[{"embeddable":true,"href":"https:\/\/www.crea.gov.co\/crea-lucero-bajo\/wp-json\/wp\/v2\/users\/72"}],"replies":[{"embeddable":true,"href":"https:\/\/www.crea.gov.co\/crea-lucero-bajo\/wp-json\/wp\/v2\/comments?post=597"}],"version-history":[{"count":1,"href":"https:\/\/www.crea.gov.co\/crea-lucero-bajo\/wp-json\/wp\/v2\/posts\/597\/revisions"}],"predecessor-version":[{"id":599,"href":"https:\/\/www.crea.gov.co\/crea-lucero-bajo\/wp-json\/wp\/v2\/posts\/597\/revisions\/599"}],"wp:featuredmedia":[{"embeddable":true,"href":"https:\/\/www.crea.gov.co\/crea-lucero-bajo\/wp-json\/wp\/v2\/media\/598"}],"wp:attachment":[{"href":"https:\/\/www.crea.gov.co\/crea-lucero-bajo\/wp-json\/wp\/v2\/media?parent=597"}],"wp:term":[{"taxonomy":"category","embeddable":true,"href":"https:\/\/www.crea.gov.co\/crea-lucero-bajo\/wp-json\/wp\/v2\/categories?post=597"},{"taxonomy":"post_tag","embeddable":true,"href":"https:\/\/www.crea.gov.co\/crea-lucero-bajo\/wp-json\/wp\/v2\/tags?post=597"}],"curies":[{"name":"wp","href":"https:\/\/api.w.org\/{rel}","templated":true}]}}