{"id":400,"date":"2023-07-24T16:40:49","date_gmt":"2023-07-24T16:40:49","guid":{"rendered":"https:\/\/www.crea.gov.co\/crea-lucero-bajo\/?p=400"},"modified":"2023-07-24T16:40:51","modified_gmt":"2023-07-24T16:40:51","slug":"fiesta-de-los-territorios-artisticos-mas-de-9-horas-de-arte-ininterrumpidas","status":"publish","type":"post","link":"https:\/\/www.crea.gov.co\/crea-lucero-bajo\/fiesta-de-los-territorios-artisticos-mas-de-9-horas-de-arte-ininterrumpidas\/","title":{"rendered":"<strong>Fiesta de los territorios art\u00edsticos: m\u00e1s de 9 horas de arte ininterrumpidas<\/strong>"},"content":{"rendered":"\n<figure class=\"wp-block-image size-full\"><img loading=\"lazy\" decoding=\"async\" width=\"819\" height=\"1024\" src=\"https:\/\/www.crea.gov.co\/crea-lucero-bajo\/wp-content\/uploads\/sites\/18\/2023\/07\/fiesta-de-los-territorios.jpg\" alt=\"\" class=\"wp-image-401\" srcset=\"https:\/\/www.crea.gov.co\/crea-lucero-bajo\/wp-content\/uploads\/sites\/18\/2023\/07\/fiesta-de-los-territorios.jpg 819w, https:\/\/www.crea.gov.co\/crea-lucero-bajo\/wp-content\/uploads\/sites\/18\/2023\/07\/fiesta-de-los-territorios-240x300.jpg 240w, https:\/\/www.crea.gov.co\/crea-lucero-bajo\/wp-content\/uploads\/sites\/18\/2023\/07\/fiesta-de-los-territorios-768x960.jpg 768w\" sizes=\"auto, (max-width: 819px) 100vw, 819px\" \/><\/figure>\n\n\n\n<p><em>Con un evento que reunir\u00e1 a m\u00e1s de 300 artistas en presentaciones, talleres, performances y experiencias art\u00edsticas, el Instituto Distrital de las Artes \u2013 Idartes celebrar\u00e1 el d\u00e9cimo aniversario de sus programas de formaci\u00f3n.&nbsp;<\/em><\/p>\n\n\n\n<p>Con presentaciones y proyecciones art\u00edsticas, la Subdirecci\u00f3n de Formaci\u00f3n Art\u00edstica del I<a href=\"https:\/\/www.idartes.gov.co\/es\">nstituto Distrital de las Artes \u2013 Idartes<\/a>&nbsp;se tomar\u00e1 las instalaciones del&nbsp;<strong>Parque El Tunal&nbsp;<\/strong>para celebrar una d\u00e9cada de trabajo en pro de garantizar los derechos culturales de los ciudadanos.&nbsp;<\/p>\n\n\n\n<p>\u201cLa Fiesta de los territorios art\u00edsticos de la Subdirecci\u00f3n de Formaci\u00f3n tiene una doble connotaci\u00f3n, por una parte: celebramos los cumplea\u00f1os de los programas Nidos y Crea que corresponden a todo un camino de conocimiento y experiencia para acompa\u00f1ar la construcci\u00f3n del ser con la presencia de las artes desde la primera infancia y a lo largo de la vida. As\u00ed tambi\u00e9n los 24 a\u00f1os de nuestro programa Culturas en Com\u00fan y su manera de llegar a los territorios para el reconocimiento de los derechos culturales\u201d, afirma Leyla Castillo, Subdirectora de formaci\u00f3n art\u00edstica.&nbsp;<\/p>\n\n\n\n<p>La jornada, comenzar\u00e1 a las 8:30 a.m. con un performance en el que los colaboradores de la subdirecci\u00f3n har\u00e1n un tejido masivo de cuerpos, cuyos ejes tem\u00e1ticos ser\u00e1n el espiral, los juegos de rondas y los estribillos.<\/p>\n\n\n\n<p>\u201cA trav\u00e9s de la acci\u00f3n&nbsp;<strong>Un solo cuerpo<\/strong>, celebramos el encuentro de las y los artistas de la subdirecci\u00f3n para reconocer el cuerpo como el lugar del ser y de la vida, y las artes como aquel lugar en el que todas y todos tenemos un lugar. Ven, es una fiesta para disfrutar en familia. Te esperamos este cinco de agosto en el Crea Tunal\u201d a\u00f1ade Castillo&nbsp;<\/p>\n\n\n\n<p>Posteriormente, a partir de las 10:00 a.m. y hasta las 4:00 p.m., los bogotanos podr\u00e1n deleitarse con presentaciones y proyecciones art\u00edsticas. Adem\u00e1s podr\u00e1n conocer de primera mano c\u00f3mo funcionan los programas de formaci\u00f3n&nbsp;<a href=\"https:\/\/nidos.gov.co\/\"><strong>Nidos<\/strong><\/a>&nbsp;y&nbsp;<a href=\"https:\/\/www.crea.gov.co\/\"><strong>Crea<\/strong><\/a>&nbsp;gracias a una variada oferta de talleres y experiencias art\u00edsticas abiertos al p\u00fablico.&nbsp;<\/p>\n\n\n\n<p><strong>Programaci\u00f3n para la primera infancia&nbsp;<\/strong><\/p>\n\n\n\n<p>El&nbsp;<a href=\"https:\/\/nidos.gov.co\/\"><strong>Programa Nidos<\/strong><\/a>&nbsp;presentar\u00e1 dos obras art\u00edsticas dirigidas a la primera infancia:&nbsp;<strong>Ra ta t\u00e1n<\/strong>, en la que tres ratones le ense\u00f1an a los ni\u00f1os y ni\u00f1as la importancia de la ni\u00f1ez y c\u00f3mo cuidarla y&nbsp;<strong>Kivy Karavan Cirkus<\/strong>, la historia de un circo familiar muy particular.<\/p>\n\n\n\n<p>Tambi\u00e9n llevar\u00e1 a cabo cuatro sesiones de proyecci\u00f3n y mediaci\u00f3n de contenidos art\u00edsticos y una presentaci\u00f3n itinerante en la que los artistas interactuar\u00e1n con el p\u00fablico asistente desde distintas disciplinas art\u00edsticas.<\/p>\n\n\n\n<p>Como si fuera poco, de manera contin\u00faa habr\u00e1n experiencias art\u00edsticas al aire libre y en carpas con oferta desde las estrategias&nbsp;<strong>Anidando<\/strong>&nbsp;y&nbsp;<strong>Laboratorios Art\u00edsticos<\/strong>, que promover\u00e1n la apreciaci\u00f3n, la participaci\u00f3n, el disfrute y la apropiaci\u00f3n art\u00edstica en los ni\u00f1os y las ni\u00f1as de cero a cinco a\u00f1os junto con sus familias o sus adultos cuidadores.<\/p>\n\n\n\n<p><strong>Programaci\u00f3n para j\u00f3venes y adultos<\/strong><\/p>\n\n\n\n<p>El&nbsp;<a href=\"https:\/\/www.crea.gov.co\/\"><strong>Programa Crea&nbsp;<\/strong><\/a>aprovechar\u00e1 esta ocasi\u00f3n para hacer gala de toda la destreza, habilidad y creatividad de sus participantes, por ello llegar\u00e1 al&nbsp;<strong>Parque El Tunal<\/strong>&nbsp;con presentaciones e interdisciplinares entre la danza, las artes electr\u00f3nicas, el teatro, la literatura, las artes pl\u00e1sticas, la m\u00fasica y los audiovisuales.<\/p>\n\n\n\n<p>Tambi\u00e9n dispondr\u00e1 de espacios especialmente acondicionados para la experiencia art\u00edstica en la que los asistentes podr\u00e1n reunirse en peque\u00f1os grupos y explorar con diferentes lenguajes art\u00edsticos.&nbsp;<\/p>\n\n\n\n<p><strong>Para todos<\/strong><\/p>\n\n\n\n<p>El Programa&nbsp;<strong>Culturas en Com\u00fan<\/strong>&nbsp;llevar\u00e1 una oferta de presentaciones en la que, por medio de las artes esc\u00e9nicas, pl\u00e1sticas y audiovisuales, ofrecer\u00e1 herramientas e informaci\u00f3n para la apropiaci\u00f3n y el ejercicio de los derechos culturales. Esto se desarrollar\u00e1 a trav\u00e9s de presentaciones de teatro, talleres, foros y proyecciones audiovisuales.&nbsp;<\/p>\n\n\n\n<p>Viajes de papel:<\/p>\n\n\n\n<p>Seis juglares del tiempo vienen del futuro encarnados en un b\u00faho, un tigrillo, un oso de anteojos y un colibr\u00ed, animales humanizados de la sabana de Bogot\u00e1, quienes a trav\u00e9s de kamishibais (una forma muy original de contar cuentos en la que se utilizan ilustraciones que van pasando en un teatrillo de madera artesanal) llegan a contar historias de extraterrestres, semillas, ind\u00edgenas, artesanos y sue\u00f1os. Cada una muy diferente de la otra, logran en conjunto una divertida experiencia did\u00e1ctica para hablar de derechos culturales con los ni\u00f1os y ni\u00f1as de la ciudad.&nbsp;<\/p>\n\n\n\n<p>Culturas Impro:&nbsp;<\/p>\n\n\n\n<p>Una puesta en escena en la que se mezclan m\u00fasica, actuaci\u00f3n e improvisaci\u00f3n teatral creando y representando historias inspiradas en palabras, frases, t\u00edtulos o cualquier est\u00edmulo que propongan los espectadores.&nbsp;<\/p>\n\n\n\n<p>Vale la pena aclarar que la participaci\u00f3n en las actividades desarrolladas en el marco de Crea en la ciudad no tendr\u00e1n costo alguno.&nbsp;<\/p>\n","protected":false},"excerpt":{"rendered":"<p>Con un evento que reunir\u00e1 a m\u00e1s de 300 artistas en presentaciones, talleres, performances y experiencias art\u00edsticas, el Instituto Distrital de las Artes \u2013 Idartes celebrar\u00e1 el d\u00e9cimo aniversario de sus programas de formaci\u00f3n.&nbsp; Con presentaciones y proyecciones art\u00edsticas, la Subdirecci\u00f3n de Formaci\u00f3n Art\u00edstica del Instituto Distrital de las Artes \u2013 Idartes&nbsp;se tomar\u00e1 las instalaciones [&hellip;]<\/p>\n","protected":false},"author":72,"featured_media":401,"comment_status":"open","ping_status":"open","sticky":false,"template":"","format":"standard","meta":{"footnotes":""},"categories":[1],"tags":[],"class_list":["post-400","post","type-post","status-publish","format-standard","has-post-thumbnail","hentry","category-sin-categoria"],"yoast_head":"<!-- This site is optimized with the Yoast SEO plugin v24.5 - https:\/\/yoast.com\/wordpress\/plugins\/seo\/ -->\n<title>Fiesta de los territorios art\u00edsticos: m\u00e1s de 9 horas de arte ininterrumpidas - Crea Lucero Bajo<\/title>\n<meta name=\"robots\" content=\"index, follow, max-snippet:-1, max-image-preview:large, max-video-preview:-1\" \/>\n<link rel=\"canonical\" href=\"https:\/\/www.crea.gov.co\/crea-lucero-bajo\/fiesta-de-los-territorios-artisticos-mas-de-9-horas-de-arte-ininterrumpidas\/\" \/>\n<meta property=\"og:locale\" content=\"es_ES\" \/>\n<meta property=\"og:type\" content=\"article\" \/>\n<meta property=\"og:title\" content=\"Fiesta de los territorios art\u00edsticos: m\u00e1s de 9 horas de arte ininterrumpidas - Crea Lucero Bajo\" \/>\n<meta property=\"og:description\" content=\"Con un evento que reunir\u00e1 a m\u00e1s de 300 artistas en presentaciones, talleres, performances y experiencias art\u00edsticas, el Instituto Distrital de las Artes \u2013 Idartes celebrar\u00e1 el d\u00e9cimo aniversario de sus programas de formaci\u00f3n.&nbsp; Con presentaciones y proyecciones art\u00edsticas, la Subdirecci\u00f3n de Formaci\u00f3n Art\u00edstica del Instituto Distrital de las Artes \u2013 Idartes&nbsp;se tomar\u00e1 las instalaciones [&hellip;]\" \/>\n<meta property=\"og:url\" content=\"https:\/\/www.crea.gov.co\/crea-lucero-bajo\/fiesta-de-los-territorios-artisticos-mas-de-9-horas-de-arte-ininterrumpidas\/\" \/>\n<meta property=\"og:site_name\" content=\"Crea Lucero Bajo\" \/>\n<meta property=\"article:published_time\" content=\"2023-07-24T16:40:49+00:00\" \/>\n<meta property=\"article:modified_time\" content=\"2023-07-24T16:40:51+00:00\" \/>\n<meta property=\"og:image\" content=\"https:\/\/www.crea.gov.co\/crea-lucero-bajo\/wp-content\/uploads\/sites\/18\/2023\/07\/fiesta-de-los-territorios.jpg\" \/>\n\t<meta property=\"og:image:width\" content=\"819\" \/>\n\t<meta property=\"og:image:height\" content=\"1024\" \/>\n\t<meta property=\"og:image:type\" content=\"image\/jpeg\" \/>\n<meta name=\"author\" content=\"angelahernandez\" \/>\n<meta name=\"twitter:card\" content=\"summary_large_image\" \/>\n<meta name=\"twitter:label1\" content=\"Escrito por\" \/>\n\t<meta name=\"twitter:data1\" content=\"angelahernandez\" \/>\n\t<meta name=\"twitter:label2\" content=\"Tiempo de lectura\" \/>\n\t<meta name=\"twitter:data2\" content=\"4 minutos\" \/>\n<script type=\"application\/ld+json\" class=\"yoast-schema-graph\">{\"@context\":\"https:\/\/schema.org\",\"@graph\":[{\"@type\":\"WebPage\",\"@id\":\"https:\/\/www.crea.gov.co\/crea-lucero-bajo\/fiesta-de-los-territorios-artisticos-mas-de-9-horas-de-arte-ininterrumpidas\/\",\"url\":\"https:\/\/www.crea.gov.co\/crea-lucero-bajo\/fiesta-de-los-territorios-artisticos-mas-de-9-horas-de-arte-ininterrumpidas\/\",\"name\":\"Fiesta de los territorios art\u00edsticos: m\u00e1s de 9 horas de arte ininterrumpidas - Crea Lucero Bajo\",\"isPartOf\":{\"@id\":\"https:\/\/www.crea.gov.co\/crea-lucero-bajo\/#website\"},\"primaryImageOfPage\":{\"@id\":\"https:\/\/www.crea.gov.co\/crea-lucero-bajo\/fiesta-de-los-territorios-artisticos-mas-de-9-horas-de-arte-ininterrumpidas\/#primaryimage\"},\"image\":{\"@id\":\"https:\/\/www.crea.gov.co\/crea-lucero-bajo\/fiesta-de-los-territorios-artisticos-mas-de-9-horas-de-arte-ininterrumpidas\/#primaryimage\"},\"thumbnailUrl\":\"https:\/\/www.crea.gov.co\/crea-lucero-bajo\/wp-content\/uploads\/sites\/18\/2023\/07\/fiesta-de-los-territorios.jpg\",\"datePublished\":\"2023-07-24T16:40:49+00:00\",\"dateModified\":\"2023-07-24T16:40:51+00:00\",\"author\":{\"@id\":\"https:\/\/www.crea.gov.co\/crea-lucero-bajo\/#\/schema\/person\/fa760553955240172cebbd5fa67f01f8\"},\"breadcrumb\":{\"@id\":\"https:\/\/www.crea.gov.co\/crea-lucero-bajo\/fiesta-de-los-territorios-artisticos-mas-de-9-horas-de-arte-ininterrumpidas\/#breadcrumb\"},\"inLanguage\":\"es-CO\",\"potentialAction\":[{\"@type\":\"ReadAction\",\"target\":[\"https:\/\/www.crea.gov.co\/crea-lucero-bajo\/fiesta-de-los-territorios-artisticos-mas-de-9-horas-de-arte-ininterrumpidas\/\"]}]},{\"@type\":\"ImageObject\",\"inLanguage\":\"es-CO\",\"@id\":\"https:\/\/www.crea.gov.co\/crea-lucero-bajo\/fiesta-de-los-territorios-artisticos-mas-de-9-horas-de-arte-ininterrumpidas\/#primaryimage\",\"url\":\"https:\/\/www.crea.gov.co\/crea-lucero-bajo\/wp-content\/uploads\/sites\/18\/2023\/07\/fiesta-de-los-territorios.jpg\",\"contentUrl\":\"https:\/\/www.crea.gov.co\/crea-lucero-bajo\/wp-content\/uploads\/sites\/18\/2023\/07\/fiesta-de-los-territorios.jpg\",\"width\":819,\"height\":1024},{\"@type\":\"BreadcrumbList\",\"@id\":\"https:\/\/www.crea.gov.co\/crea-lucero-bajo\/fiesta-de-los-territorios-artisticos-mas-de-9-horas-de-arte-ininterrumpidas\/#breadcrumb\",\"itemListElement\":[{\"@type\":\"ListItem\",\"position\":1,\"name\":\"Home\",\"item\":\"https:\/\/www.crea.gov.co\/crea-lucero-bajo\/\"},{\"@type\":\"ListItem\",\"position\":2,\"name\":\"Fiesta de los territorios art\u00edsticos: m\u00e1s de 9 horas de arte ininterrumpidas\"}]},{\"@type\":\"WebSite\",\"@id\":\"https:\/\/www.crea.gov.co\/crea-lucero-bajo\/#website\",\"url\":\"https:\/\/www.crea.gov.co\/crea-lucero-bajo\/\",\"name\":\"Crea Lucero Bajo\",\"description\":\"En Ciudad Bol\u00edvar, entre calles inclinadas que cuentan historias de esfuerzo y constancia, este espacio crece junto a una comunidad que ha levantado su barrio paso a paso. Aqu\u00ed, ni\u00f1as, ni\u00f1os, j\u00f3venes y adultos se encuentran en talleres que nacen de sus propias realidades, tejiendo juntos un sentido profundo de pertenencia y orgullo por su territorio.\",\"potentialAction\":[{\"@type\":\"SearchAction\",\"target\":{\"@type\":\"EntryPoint\",\"urlTemplate\":\"https:\/\/www.crea.gov.co\/crea-lucero-bajo\/?s={search_term_string}\"},\"query-input\":{\"@type\":\"PropertyValueSpecification\",\"valueRequired\":true,\"valueName\":\"search_term_string\"}}],\"inLanguage\":\"es-CO\"},{\"@type\":\"Person\",\"@id\":\"https:\/\/www.crea.gov.co\/crea-lucero-bajo\/#\/schema\/person\/fa760553955240172cebbd5fa67f01f8\",\"name\":\"angelahernandez\",\"image\":{\"@type\":\"ImageObject\",\"inLanguage\":\"es-CO\",\"@id\":\"https:\/\/www.crea.gov.co\/crea-lucero-bajo\/#\/schema\/person\/image\/\",\"url\":\"https:\/\/secure.gravatar.com\/avatar\/274dc762143df7cc7128f298648373ff?s=96&d=mm&r=g\",\"contentUrl\":\"https:\/\/secure.gravatar.com\/avatar\/274dc762143df7cc7128f298648373ff?s=96&d=mm&r=g\",\"caption\":\"angelahernandez\"},\"url\":\"https:\/\/www.crea.gov.co\/crea-lucero-bajo\/author\/angelahernandez\/\"}]}<\/script>\n<!-- \/ Yoast SEO plugin. -->","yoast_head_json":{"title":"Fiesta de los territorios art\u00edsticos: m\u00e1s de 9 horas de arte ininterrumpidas - Crea Lucero Bajo","robots":{"index":"index","follow":"follow","max-snippet":"max-snippet:-1","max-image-preview":"max-image-preview:large","max-video-preview":"max-video-preview:-1"},"canonical":"https:\/\/www.crea.gov.co\/crea-lucero-bajo\/fiesta-de-los-territorios-artisticos-mas-de-9-horas-de-arte-ininterrumpidas\/","og_locale":"es_ES","og_type":"article","og_title":"Fiesta de los territorios art\u00edsticos: m\u00e1s de 9 horas de arte ininterrumpidas - Crea Lucero Bajo","og_description":"Con un evento que reunir\u00e1 a m\u00e1s de 300 artistas en presentaciones, talleres, performances y experiencias art\u00edsticas, el Instituto Distrital de las Artes \u2013 Idartes celebrar\u00e1 el d\u00e9cimo aniversario de sus programas de formaci\u00f3n.&nbsp; Con presentaciones y proyecciones art\u00edsticas, la Subdirecci\u00f3n de Formaci\u00f3n Art\u00edstica del Instituto Distrital de las Artes \u2013 Idartes&nbsp;se tomar\u00e1 las instalaciones [&hellip;]","og_url":"https:\/\/www.crea.gov.co\/crea-lucero-bajo\/fiesta-de-los-territorios-artisticos-mas-de-9-horas-de-arte-ininterrumpidas\/","og_site_name":"Crea Lucero Bajo","article_published_time":"2023-07-24T16:40:49+00:00","article_modified_time":"2023-07-24T16:40:51+00:00","og_image":[{"width":819,"height":1024,"url":"https:\/\/www.crea.gov.co\/crea-lucero-bajo\/wp-content\/uploads\/sites\/18\/2023\/07\/fiesta-de-los-territorios.jpg","type":"image\/jpeg"}],"author":"angelahernandez","twitter_card":"summary_large_image","twitter_misc":{"Escrito por":"angelahernandez","Tiempo de lectura":"4 minutos"},"schema":{"@context":"https:\/\/schema.org","@graph":[{"@type":"WebPage","@id":"https:\/\/www.crea.gov.co\/crea-lucero-bajo\/fiesta-de-los-territorios-artisticos-mas-de-9-horas-de-arte-ininterrumpidas\/","url":"https:\/\/www.crea.gov.co\/crea-lucero-bajo\/fiesta-de-los-territorios-artisticos-mas-de-9-horas-de-arte-ininterrumpidas\/","name":"Fiesta de los territorios art\u00edsticos: m\u00e1s de 9 horas de arte ininterrumpidas - Crea Lucero Bajo","isPartOf":{"@id":"https:\/\/www.crea.gov.co\/crea-lucero-bajo\/#website"},"primaryImageOfPage":{"@id":"https:\/\/www.crea.gov.co\/crea-lucero-bajo\/fiesta-de-los-territorios-artisticos-mas-de-9-horas-de-arte-ininterrumpidas\/#primaryimage"},"image":{"@id":"https:\/\/www.crea.gov.co\/crea-lucero-bajo\/fiesta-de-los-territorios-artisticos-mas-de-9-horas-de-arte-ininterrumpidas\/#primaryimage"},"thumbnailUrl":"https:\/\/www.crea.gov.co\/crea-lucero-bajo\/wp-content\/uploads\/sites\/18\/2023\/07\/fiesta-de-los-territorios.jpg","datePublished":"2023-07-24T16:40:49+00:00","dateModified":"2023-07-24T16:40:51+00:00","author":{"@id":"https:\/\/www.crea.gov.co\/crea-lucero-bajo\/#\/schema\/person\/fa760553955240172cebbd5fa67f01f8"},"breadcrumb":{"@id":"https:\/\/www.crea.gov.co\/crea-lucero-bajo\/fiesta-de-los-territorios-artisticos-mas-de-9-horas-de-arte-ininterrumpidas\/#breadcrumb"},"inLanguage":"es-CO","potentialAction":[{"@type":"ReadAction","target":["https:\/\/www.crea.gov.co\/crea-lucero-bajo\/fiesta-de-los-territorios-artisticos-mas-de-9-horas-de-arte-ininterrumpidas\/"]}]},{"@type":"ImageObject","inLanguage":"es-CO","@id":"https:\/\/www.crea.gov.co\/crea-lucero-bajo\/fiesta-de-los-territorios-artisticos-mas-de-9-horas-de-arte-ininterrumpidas\/#primaryimage","url":"https:\/\/www.crea.gov.co\/crea-lucero-bajo\/wp-content\/uploads\/sites\/18\/2023\/07\/fiesta-de-los-territorios.jpg","contentUrl":"https:\/\/www.crea.gov.co\/crea-lucero-bajo\/wp-content\/uploads\/sites\/18\/2023\/07\/fiesta-de-los-territorios.jpg","width":819,"height":1024},{"@type":"BreadcrumbList","@id":"https:\/\/www.crea.gov.co\/crea-lucero-bajo\/fiesta-de-los-territorios-artisticos-mas-de-9-horas-de-arte-ininterrumpidas\/#breadcrumb","itemListElement":[{"@type":"ListItem","position":1,"name":"Home","item":"https:\/\/www.crea.gov.co\/crea-lucero-bajo\/"},{"@type":"ListItem","position":2,"name":"Fiesta de los territorios art\u00edsticos: m\u00e1s de 9 horas de arte ininterrumpidas"}]},{"@type":"WebSite","@id":"https:\/\/www.crea.gov.co\/crea-lucero-bajo\/#website","url":"https:\/\/www.crea.gov.co\/crea-lucero-bajo\/","name":"Crea Lucero Bajo","description":"En Ciudad Bol\u00edvar, entre calles inclinadas que cuentan historias de esfuerzo y constancia, este espacio crece junto a una comunidad que ha levantado su barrio paso a paso. Aqu\u00ed, ni\u00f1as, ni\u00f1os, j\u00f3venes y adultos se encuentran en talleres que nacen de sus propias realidades, tejiendo juntos un sentido profundo de pertenencia y orgullo por su territorio.","potentialAction":[{"@type":"SearchAction","target":{"@type":"EntryPoint","urlTemplate":"https:\/\/www.crea.gov.co\/crea-lucero-bajo\/?s={search_term_string}"},"query-input":{"@type":"PropertyValueSpecification","valueRequired":true,"valueName":"search_term_string"}}],"inLanguage":"es-CO"},{"@type":"Person","@id":"https:\/\/www.crea.gov.co\/crea-lucero-bajo\/#\/schema\/person\/fa760553955240172cebbd5fa67f01f8","name":"angelahernandez","image":{"@type":"ImageObject","inLanguage":"es-CO","@id":"https:\/\/www.crea.gov.co\/crea-lucero-bajo\/#\/schema\/person\/image\/","url":"https:\/\/secure.gravatar.com\/avatar\/274dc762143df7cc7128f298648373ff?s=96&d=mm&r=g","contentUrl":"https:\/\/secure.gravatar.com\/avatar\/274dc762143df7cc7128f298648373ff?s=96&d=mm&r=g","caption":"angelahernandez"},"url":"https:\/\/www.crea.gov.co\/crea-lucero-bajo\/author\/angelahernandez\/"}]}},"_links":{"self":[{"href":"https:\/\/www.crea.gov.co\/crea-lucero-bajo\/wp-json\/wp\/v2\/posts\/400","targetHints":{"allow":["GET"]}}],"collection":[{"href":"https:\/\/www.crea.gov.co\/crea-lucero-bajo\/wp-json\/wp\/v2\/posts"}],"about":[{"href":"https:\/\/www.crea.gov.co\/crea-lucero-bajo\/wp-json\/wp\/v2\/types\/post"}],"author":[{"embeddable":true,"href":"https:\/\/www.crea.gov.co\/crea-lucero-bajo\/wp-json\/wp\/v2\/users\/72"}],"replies":[{"embeddable":true,"href":"https:\/\/www.crea.gov.co\/crea-lucero-bajo\/wp-json\/wp\/v2\/comments?post=400"}],"version-history":[{"count":1,"href":"https:\/\/www.crea.gov.co\/crea-lucero-bajo\/wp-json\/wp\/v2\/posts\/400\/revisions"}],"predecessor-version":[{"id":402,"href":"https:\/\/www.crea.gov.co\/crea-lucero-bajo\/wp-json\/wp\/v2\/posts\/400\/revisions\/402"}],"wp:featuredmedia":[{"embeddable":true,"href":"https:\/\/www.crea.gov.co\/crea-lucero-bajo\/wp-json\/wp\/v2\/media\/401"}],"wp:attachment":[{"href":"https:\/\/www.crea.gov.co\/crea-lucero-bajo\/wp-json\/wp\/v2\/media?parent=400"}],"wp:term":[{"taxonomy":"category","embeddable":true,"href":"https:\/\/www.crea.gov.co\/crea-lucero-bajo\/wp-json\/wp\/v2\/categories?post=400"},{"taxonomy":"post_tag","embeddable":true,"href":"https:\/\/www.crea.gov.co\/crea-lucero-bajo\/wp-json\/wp\/v2\/tags?post=400"}],"curies":[{"name":"wp","href":"https:\/\/api.w.org\/{rel}","templated":true}]}}