{"id":327,"date":"2023-06-14T19:29:10","date_gmt":"2023-06-14T19:29:10","guid":{"rendered":"https:\/\/www.crea.gov.co\/crea-lucero-bajo\/?p=327"},"modified":"2023-06-21T16:45:40","modified_gmt":"2023-06-21T16:45:40","slug":"vacaciones-crea-2","status":"publish","type":"post","link":"https:\/\/www.crea.gov.co\/crea-lucero-bajo\/vacaciones-crea-2\/","title":{"rendered":"VACACIONES CREA"},"content":{"rendered":"\n<p>Ven he inscr\u00edbete a las Vacaciones CREA<\/p>\n\n\n\n<p class=\"has-vivid-green-cyan-color has-vivid-cyan-blue-background-color has-text-color has-background\"><strong>M\u00fasica &#8211; Teatro &#8211; Danza &#8211; Literatura &#8211; Artes Pl\u00e1sticas &#8211; Artes Visuales &#8211; Artes Electr\u00f3nicas<\/strong> <\/p>\n\n\n\n<figure class=\"wp-block-gallery aligncenter has-nested-images columns-default is-cropped wp-block-gallery-1 is-layout-flex wp-block-gallery-is-layout-flex\">\n<figure class=\"wp-block-image size-large\"><img loading=\"lazy\" decoding=\"async\" width=\"1024\" height=\"676\" data-id=\"374\" src=\"https:\/\/www.crea.gov.co\/crea-lucero-bajo\/wp-content\/uploads\/sites\/18\/2023\/06\/WhatsApp-Image-2023-06-21-at-11.43.41-AM-1-1024x676.jpeg\" alt=\"\" class=\"wp-image-374\" srcset=\"https:\/\/www.crea.gov.co\/crea-lucero-bajo\/wp-content\/uploads\/sites\/18\/2023\/06\/WhatsApp-Image-2023-06-21-at-11.43.41-AM-1-1024x676.jpeg 1024w, https:\/\/www.crea.gov.co\/crea-lucero-bajo\/wp-content\/uploads\/sites\/18\/2023\/06\/WhatsApp-Image-2023-06-21-at-11.43.41-AM-1-300x198.jpeg 300w, https:\/\/www.crea.gov.co\/crea-lucero-bajo\/wp-content\/uploads\/sites\/18\/2023\/06\/WhatsApp-Image-2023-06-21-at-11.43.41-AM-1-768x507.jpeg 768w, https:\/\/www.crea.gov.co\/crea-lucero-bajo\/wp-content\/uploads\/sites\/18\/2023\/06\/WhatsApp-Image-2023-06-21-at-11.43.41-AM-1.jpeg 1280w\" sizes=\"auto, (max-width: 1024px) 100vw, 1024px\" \/><\/figure>\n<\/figure>\n\n\n\n<p>Es el a\u00f1o 2.322, vas en una nave rumbo a la luna a investigar la desaparici\u00f3n de un obrero en una cantera del lado oscuro. Al intentar alunizar, pierdes el control y chocas. Cuando despiertas, hay cables y circuitos chispeantes que salen de tus brazos y piernas. &#8220;\u00bfHe sido un robot todo el tiempo?&#8221; Te preguntas mir\u00e1ndote en un monitor roto&#8230; Si quieres saber c\u00f3mo termina la historia, sum\u00e9rgete en este taller alucinante.<\/p>\n\n\n\n<figure class=\"wp-block-gallery has-nested-images columns-default is-cropped wp-block-gallery-2 is-layout-flex wp-block-gallery-is-layout-flex\">\n<figure class=\"wp-block-image size-large\"><img loading=\"lazy\" decoding=\"async\" width=\"1024\" height=\"684\" data-id=\"375\" src=\"https:\/\/www.crea.gov.co\/crea-lucero-bajo\/wp-content\/uploads\/sites\/18\/2023\/06\/WhatsApp-Image-2023-06-21-at-11.43.41-AM-1024x684.jpeg\" alt=\"\" class=\"wp-image-375\" srcset=\"https:\/\/www.crea.gov.co\/crea-lucero-bajo\/wp-content\/uploads\/sites\/18\/2023\/06\/WhatsApp-Image-2023-06-21-at-11.43.41-AM-1024x684.jpeg 1024w, https:\/\/www.crea.gov.co\/crea-lucero-bajo\/wp-content\/uploads\/sites\/18\/2023\/06\/WhatsApp-Image-2023-06-21-at-11.43.41-AM-300x200.jpeg 300w, https:\/\/www.crea.gov.co\/crea-lucero-bajo\/wp-content\/uploads\/sites\/18\/2023\/06\/WhatsApp-Image-2023-06-21-at-11.43.41-AM-768x513.jpeg 768w, https:\/\/www.crea.gov.co\/crea-lucero-bajo\/wp-content\/uploads\/sites\/18\/2023\/06\/WhatsApp-Image-2023-06-21-at-11.43.41-AM.jpeg 1280w\" sizes=\"auto, (max-width: 1024px) 100vw, 1024px\" \/><\/figure>\n<\/figure>\n\n\n\n<p>Las im\u00e1genes, las palabras, los movimientos y nuestras acciones cotidianas pueden ser musicalizadas para agudizar nuestras emociones y nuestros sentidos. \u00bfQuieres transformar la percepci\u00f3n de ellas a trav\u00e9s de los sonidos? \u00a1Te esperamos!<\/p>\n\n\n\n<figure class=\"wp-block-gallery has-nested-images columns-default is-cropped wp-block-gallery-3 is-layout-flex wp-block-gallery-is-layout-flex\">\n<figure class=\"wp-block-image size-large\"><img loading=\"lazy\" decoding=\"async\" width=\"1024\" height=\"719\" data-id=\"376\" src=\"https:\/\/www.crea.gov.co\/crea-lucero-bajo\/wp-content\/uploads\/sites\/18\/2023\/06\/WhatsApp-Image-2023-06-21-at-11.41.38-AM-1-1024x719.jpeg\" alt=\"\" class=\"wp-image-376\" srcset=\"https:\/\/www.crea.gov.co\/crea-lucero-bajo\/wp-content\/uploads\/sites\/18\/2023\/06\/WhatsApp-Image-2023-06-21-at-11.41.38-AM-1-1024x719.jpeg 1024w, https:\/\/www.crea.gov.co\/crea-lucero-bajo\/wp-content\/uploads\/sites\/18\/2023\/06\/WhatsApp-Image-2023-06-21-at-11.41.38-AM-1-300x211.jpeg 300w, https:\/\/www.crea.gov.co\/crea-lucero-bajo\/wp-content\/uploads\/sites\/18\/2023\/06\/WhatsApp-Image-2023-06-21-at-11.41.38-AM-1-768x539.jpeg 768w, https:\/\/www.crea.gov.co\/crea-lucero-bajo\/wp-content\/uploads\/sites\/18\/2023\/06\/WhatsApp-Image-2023-06-21-at-11.41.38-AM-1.jpeg 1280w\" sizes=\"auto, (max-width: 1024px) 100vw, 1024px\" \/><\/figure>\n<\/figure>\n\n\n\n<p>Pon en pr\u00e1ctica tu imaginaci\u00f3n y crea las recetas m\u00e1s innovadoras combinando lenguajes art\u00edsticos como el teatro y la danza. Una combinaci\u00f3n exquisita de saberes, sabores, movimiento, expresi\u00f3n corporal, creaci\u00f3n y l\u00fadica. \u00a1Atr\u00e9vete y crea tu propia receta!<\/p>\n\n\n\n<p><\/p>\n\n\n\n<figure class=\"wp-block-gallery has-nested-images columns-default is-cropped wp-block-gallery-4 is-layout-flex wp-block-gallery-is-layout-flex\">\n<figure class=\"wp-block-image size-large\"><img loading=\"lazy\" decoding=\"async\" width=\"1024\" height=\"716\" data-id=\"377\" src=\"https:\/\/www.crea.gov.co\/crea-lucero-bajo\/wp-content\/uploads\/sites\/18\/2023\/06\/WhatsApp-Image-2023-06-21-at-11.41.37-AM-2-1024x716.jpeg\" alt=\"\" class=\"wp-image-377\" srcset=\"https:\/\/www.crea.gov.co\/crea-lucero-bajo\/wp-content\/uploads\/sites\/18\/2023\/06\/WhatsApp-Image-2023-06-21-at-11.41.37-AM-2-1024x716.jpeg 1024w, https:\/\/www.crea.gov.co\/crea-lucero-bajo\/wp-content\/uploads\/sites\/18\/2023\/06\/WhatsApp-Image-2023-06-21-at-11.41.37-AM-2-300x210.jpeg 300w, https:\/\/www.crea.gov.co\/crea-lucero-bajo\/wp-content\/uploads\/sites\/18\/2023\/06\/WhatsApp-Image-2023-06-21-at-11.41.37-AM-2-768x537.jpeg 768w, https:\/\/www.crea.gov.co\/crea-lucero-bajo\/wp-content\/uploads\/sites\/18\/2023\/06\/WhatsApp-Image-2023-06-21-at-11.41.37-AM-2.jpeg 1280w\" sizes=\"auto, (max-width: 1024px) 100vw, 1024px\" \/><\/figure>\n<\/figure>\n\n\n\n<p>El sonido mueve nuestras emociones y tambi\u00e9n cuenta historias. \u00bfTe animas a contarlas y a crear mundos distintos con todas las posibilidades sonoras que est\u00e1n a tu alcance? \u00a1Te esperamos!<\/p>\n\n\n\n<figure class=\"wp-block-gallery has-nested-images columns-default is-cropped wp-block-gallery-5 is-layout-flex wp-block-gallery-is-layout-flex\">\n<figure class=\"wp-block-image size-large\"><img loading=\"lazy\" decoding=\"async\" width=\"1024\" height=\"768\" data-id=\"378\" src=\"https:\/\/www.crea.gov.co\/crea-lucero-bajo\/wp-content\/uploads\/sites\/18\/2023\/06\/WhatsApp-Image-2023-06-21-at-11.41.37-AM-1-1024x768.jpeg\" alt=\"\" class=\"wp-image-378\" srcset=\"https:\/\/www.crea.gov.co\/crea-lucero-bajo\/wp-content\/uploads\/sites\/18\/2023\/06\/WhatsApp-Image-2023-06-21-at-11.41.37-AM-1-1024x768.jpeg 1024w, https:\/\/www.crea.gov.co\/crea-lucero-bajo\/wp-content\/uploads\/sites\/18\/2023\/06\/WhatsApp-Image-2023-06-21-at-11.41.37-AM-1-300x225.jpeg 300w, https:\/\/www.crea.gov.co\/crea-lucero-bajo\/wp-content\/uploads\/sites\/18\/2023\/06\/WhatsApp-Image-2023-06-21-at-11.41.37-AM-1-768x576.jpeg 768w, https:\/\/www.crea.gov.co\/crea-lucero-bajo\/wp-content\/uploads\/sites\/18\/2023\/06\/WhatsApp-Image-2023-06-21-at-11.41.37-AM-1-1536x1152.jpeg 1536w, https:\/\/www.crea.gov.co\/crea-lucero-bajo\/wp-content\/uploads\/sites\/18\/2023\/06\/WhatsApp-Image-2023-06-21-at-11.41.37-AM-1.jpeg 1600w\" sizes=\"auto, (max-width: 1024px) 100vw, 1024px\" \/><\/figure>\n<\/figure>\n\n\n\n<p>\u00bfQu\u00e9 uso le das a las cosas, qu\u00e9 pasa con los empaques, las botellas y todo ese material reciclable? Este taller te propone darle una segunda oportunidad a todos estos materiales y objetos para crear animales, estructuras, etc. Arte cin\u00e9tico, arte en movimiento con intervenciones electr\u00f3nicas.<\/p>\n\n\n\n<figure class=\"wp-block-gallery has-nested-images columns-default is-cropped wp-block-gallery-6 is-layout-flex wp-block-gallery-is-layout-flex\">\n<figure class=\"wp-block-image size-large\"><img loading=\"lazy\" decoding=\"async\" width=\"1024\" height=\"718\" data-id=\"379\" src=\"https:\/\/www.crea.gov.co\/crea-lucero-bajo\/wp-content\/uploads\/sites\/18\/2023\/06\/WhatsApp-Image-2023-06-21-at-11.41.37-AM-1024x718.jpeg\" alt=\"\" class=\"wp-image-379\" srcset=\"https:\/\/www.crea.gov.co\/crea-lucero-bajo\/wp-content\/uploads\/sites\/18\/2023\/06\/WhatsApp-Image-2023-06-21-at-11.41.37-AM-1024x718.jpeg 1024w, https:\/\/www.crea.gov.co\/crea-lucero-bajo\/wp-content\/uploads\/sites\/18\/2023\/06\/WhatsApp-Image-2023-06-21-at-11.41.37-AM-300x210.jpeg 300w, https:\/\/www.crea.gov.co\/crea-lucero-bajo\/wp-content\/uploads\/sites\/18\/2023\/06\/WhatsApp-Image-2023-06-21-at-11.41.37-AM-768x539.jpeg 768w, https:\/\/www.crea.gov.co\/crea-lucero-bajo\/wp-content\/uploads\/sites\/18\/2023\/06\/WhatsApp-Image-2023-06-21-at-11.41.37-AM.jpeg 1280w\" sizes=\"auto, (max-width: 1024px) 100vw, 1024px\" \/><\/figure>\n<\/figure>\n\n\n\n<p>Este taller te propone la experiencia de enlazar imagen y movimiento corporal. Juega y experimenta para crear espacios por medio de proyecciones grandes de video o de im\u00e1genes creadas en programaci\u00f3n para as\u00ed desplegar todo el potencial del movimiento corporal.<\/p>\n\n\n\n<figure class=\"wp-block-gallery has-nested-images columns-default is-cropped wp-block-gallery-7 is-layout-flex wp-block-gallery-is-layout-flex\">\n<figure class=\"wp-block-image size-large\"><img loading=\"lazy\" decoding=\"async\" width=\"1024\" height=\"768\" data-id=\"351\" src=\"https:\/\/www.crea.gov.co\/crea-lucero-bajo\/wp-content\/uploads\/sites\/18\/2023\/06\/WhatsApp-Image-2023-06-14-at-2.19.29-PM-4-1024x768.jpeg\" alt=\"\" class=\"wp-image-351\" srcset=\"https:\/\/www.crea.gov.co\/crea-lucero-bajo\/wp-content\/uploads\/sites\/18\/2023\/06\/WhatsApp-Image-2023-06-14-at-2.19.29-PM-4-1024x768.jpeg 1024w, https:\/\/www.crea.gov.co\/crea-lucero-bajo\/wp-content\/uploads\/sites\/18\/2023\/06\/WhatsApp-Image-2023-06-14-at-2.19.29-PM-4-300x225.jpeg 300w, https:\/\/www.crea.gov.co\/crea-lucero-bajo\/wp-content\/uploads\/sites\/18\/2023\/06\/WhatsApp-Image-2023-06-14-at-2.19.29-PM-4-768x576.jpeg 768w, https:\/\/www.crea.gov.co\/crea-lucero-bajo\/wp-content\/uploads\/sites\/18\/2023\/06\/WhatsApp-Image-2023-06-14-at-2.19.29-PM-4-1536x1152.jpeg 1536w, https:\/\/www.crea.gov.co\/crea-lucero-bajo\/wp-content\/uploads\/sites\/18\/2023\/06\/WhatsApp-Image-2023-06-14-at-2.19.29-PM-4.jpeg 1600w\" sizes=\"auto, (max-width: 1024px) 100vw, 1024px\" \/><\/figure>\n<\/figure>\n\n\n\n<p>\u00a1Vamos a crear nuestro propio universo! Con personajes, conflictos y lugares inquietantes. Luego, dise\u00f1aremos una baraja para jugar con la famila y los amigos. Alisten sus dotes creativas y adivinatorias, \u00a1es hora de poner las cartas sobre la mesa!<\/p>\n\n\n\n<figure class=\"wp-block-gallery has-nested-images columns-default is-cropped wp-block-gallery-8 is-layout-flex wp-block-gallery-is-layout-flex\">\n<figure class=\"wp-block-image size-large\"><img loading=\"lazy\" decoding=\"async\" width=\"1024\" height=\"768\" data-id=\"352\" src=\"https:\/\/www.crea.gov.co\/crea-lucero-bajo\/wp-content\/uploads\/sites\/18\/2023\/06\/WhatsApp-Image-2023-06-14-at-2.19.28-PM-2-1-1024x768.jpeg\" alt=\"\" class=\"wp-image-352\" srcset=\"https:\/\/www.crea.gov.co\/crea-lucero-bajo\/wp-content\/uploads\/sites\/18\/2023\/06\/WhatsApp-Image-2023-06-14-at-2.19.28-PM-2-1-1024x768.jpeg 1024w, https:\/\/www.crea.gov.co\/crea-lucero-bajo\/wp-content\/uploads\/sites\/18\/2023\/06\/WhatsApp-Image-2023-06-14-at-2.19.28-PM-2-1-300x225.jpeg 300w, https:\/\/www.crea.gov.co\/crea-lucero-bajo\/wp-content\/uploads\/sites\/18\/2023\/06\/WhatsApp-Image-2023-06-14-at-2.19.28-PM-2-1-768x576.jpeg 768w, https:\/\/www.crea.gov.co\/crea-lucero-bajo\/wp-content\/uploads\/sites\/18\/2023\/06\/WhatsApp-Image-2023-06-14-at-2.19.28-PM-2-1-1536x1152.jpeg 1536w, https:\/\/www.crea.gov.co\/crea-lucero-bajo\/wp-content\/uploads\/sites\/18\/2023\/06\/WhatsApp-Image-2023-06-14-at-2.19.28-PM-2-1.jpeg 1600w\" sizes=\"auto, (max-width: 1024px) 100vw, 1024px\" \/><\/figure>\n<\/figure>\n\n\n\n<p>De esas canciones que nos cuentan historias, que tal vez en la familia siempre se escuchan, la ropa que ya no se usa puede cobrar vida. Juguemos a vivirlas. \u00a1Te esperamos en este grandioso espacio en el que te divertir\u00e1s con la m\u00fasica y el teatro!<\/p>\n\n\n\n<figure class=\"wp-block-gallery has-nested-images columns-default is-cropped wp-block-gallery-9 is-layout-flex wp-block-gallery-is-layout-flex\">\n<figure class=\"wp-block-image size-large\"><img loading=\"lazy\" decoding=\"async\" width=\"1024\" height=\"991\" data-id=\"380\" src=\"https:\/\/www.crea.gov.co\/crea-lucero-bajo\/wp-content\/uploads\/sites\/18\/2023\/06\/WhatsApp-Image-2023-06-21-at-11.41.36-AM-1-1024x991.jpeg\" alt=\"\" class=\"wp-image-380\" srcset=\"https:\/\/www.crea.gov.co\/crea-lucero-bajo\/wp-content\/uploads\/sites\/18\/2023\/06\/WhatsApp-Image-2023-06-21-at-11.41.36-AM-1-1024x991.jpeg 1024w, https:\/\/www.crea.gov.co\/crea-lucero-bajo\/wp-content\/uploads\/sites\/18\/2023\/06\/WhatsApp-Image-2023-06-21-at-11.41.36-AM-1-300x290.jpeg 300w, https:\/\/www.crea.gov.co\/crea-lucero-bajo\/wp-content\/uploads\/sites\/18\/2023\/06\/WhatsApp-Image-2023-06-21-at-11.41.36-AM-1-768x743.jpeg 768w, https:\/\/www.crea.gov.co\/crea-lucero-bajo\/wp-content\/uploads\/sites\/18\/2023\/06\/WhatsApp-Image-2023-06-21-at-11.41.36-AM-1.jpeg 1208w\" sizes=\"auto, (max-width: 1024px) 100vw, 1024px\" \/><\/figure>\n<\/figure>\n\n\n\n<p>En este espacio de creaci\u00f3n combinaremos el texto y la imagen para contar historias. Reconoceremos los elementos b\u00e1sicos del c\u00f3mic o la fotonovela como los planos, las vi\u00f1etas, los globos y la diagramaci\u00f3n de las p\u00e1ginas. Abordaremos la escritura de guiones y dibujaremos o tomaremos fotograf\u00edas para dar forma a las narraciones que queremos compartir.<\/p>\n\n\n\n<figure class=\"wp-block-gallery has-nested-images columns-default is-cropped wp-block-gallery-10 is-layout-flex wp-block-gallery-is-layout-flex\">\n<figure class=\"wp-block-image size-large\"><img loading=\"lazy\" decoding=\"async\" width=\"1024\" height=\"768\" data-id=\"381\" src=\"https:\/\/www.crea.gov.co\/crea-lucero-bajo\/wp-content\/uploads\/sites\/18\/2023\/06\/WhatsApp-Image-2023-06-21-at-11.41.36-AM-1024x768.jpeg\" alt=\"\" class=\"wp-image-381\" srcset=\"https:\/\/www.crea.gov.co\/crea-lucero-bajo\/wp-content\/uploads\/sites\/18\/2023\/06\/WhatsApp-Image-2023-06-21-at-11.41.36-AM-1024x768.jpeg 1024w, https:\/\/www.crea.gov.co\/crea-lucero-bajo\/wp-content\/uploads\/sites\/18\/2023\/06\/WhatsApp-Image-2023-06-21-at-11.41.36-AM-300x225.jpeg 300w, https:\/\/www.crea.gov.co\/crea-lucero-bajo\/wp-content\/uploads\/sites\/18\/2023\/06\/WhatsApp-Image-2023-06-21-at-11.41.36-AM-768x576.jpeg 768w, https:\/\/www.crea.gov.co\/crea-lucero-bajo\/wp-content\/uploads\/sites\/18\/2023\/06\/WhatsApp-Image-2023-06-21-at-11.41.36-AM-1536x1152.jpeg 1536w, https:\/\/www.crea.gov.co\/crea-lucero-bajo\/wp-content\/uploads\/sites\/18\/2023\/06\/WhatsApp-Image-2023-06-21-at-11.41.36-AM.jpeg 1600w\" sizes=\"auto, (max-width: 1024px) 100vw, 1024px\" \/><\/figure>\n<\/figure>\n\n\n\n<p>Nuestro cuerpo es un instrumento musical poderoso que te permite el movimiento con diferentes ritmos y que cuenta con diversas sonoridades. Desde hace mucho tiempo ha sido el instrumento predilecto en muchas culturas en el mundo para expresar y crear m\u00fasica con \u00e9l. \u00bfQuieres descubrirlo? \u00a1Te esperamos!<\/p>\n","protected":false},"excerpt":{"rendered":"<p>Ven he inscr\u00edbete a las Vacaciones CREA M\u00fasica &#8211; Teatro &#8211; Danza &#8211; Literatura &#8211; Artes Pl\u00e1sticas &#8211; Artes Visuales &#8211; Artes Electr\u00f3nicas Es el a\u00f1o 2.322, vas en una nave rumbo a la luna a investigar la desaparici\u00f3n de un obrero en una cantera del lado oscuro. Al intentar alunizar, pierdes el control y [&hellip;]<\/p>\n","protected":false},"author":72,"featured_media":341,"comment_status":"open","ping_status":"open","sticky":false,"template":"","format":"standard","meta":{"footnotes":""},"categories":[1],"tags":[],"class_list":["post-327","post","type-post","status-publish","format-standard","has-post-thumbnail","hentry","category-sin-categoria"],"yoast_head":"<!-- This site is optimized with the Yoast SEO plugin v24.5 - https:\/\/yoast.com\/wordpress\/plugins\/seo\/ -->\n<title>VACACIONES CREA - Crea Lucero Bajo<\/title>\n<meta name=\"robots\" content=\"index, follow, max-snippet:-1, max-image-preview:large, max-video-preview:-1\" \/>\n<link rel=\"canonical\" href=\"https:\/\/www.crea.gov.co\/crea-lucero-bajo\/vacaciones-crea-2\/\" \/>\n<meta property=\"og:locale\" content=\"es_ES\" \/>\n<meta property=\"og:type\" content=\"article\" \/>\n<meta property=\"og:title\" content=\"VACACIONES CREA - Crea Lucero Bajo\" \/>\n<meta property=\"og:description\" content=\"Ven he inscr\u00edbete a las Vacaciones CREA M\u00fasica &#8211; Teatro &#8211; Danza &#8211; Literatura &#8211; Artes Pl\u00e1sticas &#8211; Artes Visuales &#8211; Artes Electr\u00f3nicas Es el a\u00f1o 2.322, vas en una nave rumbo a la luna a investigar la desaparici\u00f3n de un obrero en una cantera del lado oscuro. Al intentar alunizar, pierdes el control y [&hellip;]\" \/>\n<meta property=\"og:url\" content=\"https:\/\/www.crea.gov.co\/crea-lucero-bajo\/vacaciones-crea-2\/\" \/>\n<meta property=\"og:site_name\" content=\"Crea Lucero Bajo\" \/>\n<meta property=\"article:published_time\" content=\"2023-06-14T19:29:10+00:00\" \/>\n<meta property=\"article:modified_time\" content=\"2023-06-21T16:45:40+00:00\" \/>\n<meta property=\"og:image\" content=\"https:\/\/www.crea.gov.co\/crea-lucero-bajo\/wp-content\/uploads\/sites\/18\/2023\/06\/WhatsApp-Image-2023-06-09-at-11.12.29-AM.jpeg\" \/>\n\t<meta property=\"og:image:width\" content=\"1600\" \/>\n\t<meta property=\"og:image:height\" content=\"1200\" \/>\n\t<meta property=\"og:image:type\" content=\"image\/jpeg\" \/>\n<meta name=\"author\" content=\"angelahernandez\" \/>\n<meta name=\"twitter:card\" content=\"summary_large_image\" \/>\n<meta name=\"twitter:label1\" content=\"Escrito por\" \/>\n\t<meta name=\"twitter:data1\" content=\"angelahernandez\" \/>\n\t<meta name=\"twitter:label2\" content=\"Tiempo de lectura\" \/>\n\t<meta name=\"twitter:data2\" content=\"5 minutos\" \/>\n<script type=\"application\/ld+json\" class=\"yoast-schema-graph\">{\"@context\":\"https:\/\/schema.org\",\"@graph\":[{\"@type\":\"WebPage\",\"@id\":\"https:\/\/www.crea.gov.co\/crea-lucero-bajo\/vacaciones-crea-2\/\",\"url\":\"https:\/\/www.crea.gov.co\/crea-lucero-bajo\/vacaciones-crea-2\/\",\"name\":\"VACACIONES CREA - Crea Lucero Bajo\",\"isPartOf\":{\"@id\":\"https:\/\/www.crea.gov.co\/crea-lucero-bajo\/#website\"},\"primaryImageOfPage\":{\"@id\":\"https:\/\/www.crea.gov.co\/crea-lucero-bajo\/vacaciones-crea-2\/#primaryimage\"},\"image\":{\"@id\":\"https:\/\/www.crea.gov.co\/crea-lucero-bajo\/vacaciones-crea-2\/#primaryimage\"},\"thumbnailUrl\":\"https:\/\/www.crea.gov.co\/crea-lucero-bajo\/wp-content\/uploads\/sites\/18\/2023\/06\/WhatsApp-Image-2023-06-09-at-11.12.29-AM.jpeg\",\"datePublished\":\"2023-06-14T19:29:10+00:00\",\"dateModified\":\"2023-06-21T16:45:40+00:00\",\"author\":{\"@id\":\"https:\/\/www.crea.gov.co\/crea-lucero-bajo\/#\/schema\/person\/fa760553955240172cebbd5fa67f01f8\"},\"breadcrumb\":{\"@id\":\"https:\/\/www.crea.gov.co\/crea-lucero-bajo\/vacaciones-crea-2\/#breadcrumb\"},\"inLanguage\":\"es-CO\",\"potentialAction\":[{\"@type\":\"ReadAction\",\"target\":[\"https:\/\/www.crea.gov.co\/crea-lucero-bajo\/vacaciones-crea-2\/\"]}]},{\"@type\":\"ImageObject\",\"inLanguage\":\"es-CO\",\"@id\":\"https:\/\/www.crea.gov.co\/crea-lucero-bajo\/vacaciones-crea-2\/#primaryimage\",\"url\":\"https:\/\/www.crea.gov.co\/crea-lucero-bajo\/wp-content\/uploads\/sites\/18\/2023\/06\/WhatsApp-Image-2023-06-09-at-11.12.29-AM.jpeg\",\"contentUrl\":\"https:\/\/www.crea.gov.co\/crea-lucero-bajo\/wp-content\/uploads\/sites\/18\/2023\/06\/WhatsApp-Image-2023-06-09-at-11.12.29-AM.jpeg\",\"width\":1600,\"height\":1200},{\"@type\":\"BreadcrumbList\",\"@id\":\"https:\/\/www.crea.gov.co\/crea-lucero-bajo\/vacaciones-crea-2\/#breadcrumb\",\"itemListElement\":[{\"@type\":\"ListItem\",\"position\":1,\"name\":\"Home\",\"item\":\"https:\/\/www.crea.gov.co\/crea-lucero-bajo\/\"},{\"@type\":\"ListItem\",\"position\":2,\"name\":\"VACACIONES CREA\"}]},{\"@type\":\"WebSite\",\"@id\":\"https:\/\/www.crea.gov.co\/crea-lucero-bajo\/#website\",\"url\":\"https:\/\/www.crea.gov.co\/crea-lucero-bajo\/\",\"name\":\"Crea Lucero Bajo\",\"description\":\"En Ciudad Bol\u00edvar, entre calles inclinadas que cuentan historias de esfuerzo y constancia, este espacio crece junto a una comunidad que ha levantado su barrio paso a paso. Aqu\u00ed, ni\u00f1as, ni\u00f1os, j\u00f3venes y adultos se encuentran en talleres que nacen de sus propias realidades, tejiendo juntos un sentido profundo de pertenencia y orgullo por su territorio.\",\"potentialAction\":[{\"@type\":\"SearchAction\",\"target\":{\"@type\":\"EntryPoint\",\"urlTemplate\":\"https:\/\/www.crea.gov.co\/crea-lucero-bajo\/?s={search_term_string}\"},\"query-input\":{\"@type\":\"PropertyValueSpecification\",\"valueRequired\":true,\"valueName\":\"search_term_string\"}}],\"inLanguage\":\"es-CO\"},{\"@type\":\"Person\",\"@id\":\"https:\/\/www.crea.gov.co\/crea-lucero-bajo\/#\/schema\/person\/fa760553955240172cebbd5fa67f01f8\",\"name\":\"angelahernandez\",\"image\":{\"@type\":\"ImageObject\",\"inLanguage\":\"es-CO\",\"@id\":\"https:\/\/www.crea.gov.co\/crea-lucero-bajo\/#\/schema\/person\/image\/\",\"url\":\"https:\/\/secure.gravatar.com\/avatar\/274dc762143df7cc7128f298648373ff?s=96&d=mm&r=g\",\"contentUrl\":\"https:\/\/secure.gravatar.com\/avatar\/274dc762143df7cc7128f298648373ff?s=96&d=mm&r=g\",\"caption\":\"angelahernandez\"},\"url\":\"https:\/\/www.crea.gov.co\/crea-lucero-bajo\/author\/angelahernandez\/\"}]}<\/script>\n<!-- \/ Yoast SEO plugin. -->","yoast_head_json":{"title":"VACACIONES CREA - Crea Lucero Bajo","robots":{"index":"index","follow":"follow","max-snippet":"max-snippet:-1","max-image-preview":"max-image-preview:large","max-video-preview":"max-video-preview:-1"},"canonical":"https:\/\/www.crea.gov.co\/crea-lucero-bajo\/vacaciones-crea-2\/","og_locale":"es_ES","og_type":"article","og_title":"VACACIONES CREA - Crea Lucero Bajo","og_description":"Ven he inscr\u00edbete a las Vacaciones CREA M\u00fasica &#8211; Teatro &#8211; Danza &#8211; Literatura &#8211; Artes Pl\u00e1sticas &#8211; Artes Visuales &#8211; Artes Electr\u00f3nicas Es el a\u00f1o 2.322, vas en una nave rumbo a la luna a investigar la desaparici\u00f3n de un obrero en una cantera del lado oscuro. Al intentar alunizar, pierdes el control y [&hellip;]","og_url":"https:\/\/www.crea.gov.co\/crea-lucero-bajo\/vacaciones-crea-2\/","og_site_name":"Crea Lucero Bajo","article_published_time":"2023-06-14T19:29:10+00:00","article_modified_time":"2023-06-21T16:45:40+00:00","og_image":[{"width":1600,"height":1200,"url":"https:\/\/www.crea.gov.co\/crea-lucero-bajo\/wp-content\/uploads\/sites\/18\/2023\/06\/WhatsApp-Image-2023-06-09-at-11.12.29-AM.jpeg","type":"image\/jpeg"}],"author":"angelahernandez","twitter_card":"summary_large_image","twitter_misc":{"Escrito por":"angelahernandez","Tiempo de lectura":"5 minutos"},"schema":{"@context":"https:\/\/schema.org","@graph":[{"@type":"WebPage","@id":"https:\/\/www.crea.gov.co\/crea-lucero-bajo\/vacaciones-crea-2\/","url":"https:\/\/www.crea.gov.co\/crea-lucero-bajo\/vacaciones-crea-2\/","name":"VACACIONES CREA - Crea Lucero Bajo","isPartOf":{"@id":"https:\/\/www.crea.gov.co\/crea-lucero-bajo\/#website"},"primaryImageOfPage":{"@id":"https:\/\/www.crea.gov.co\/crea-lucero-bajo\/vacaciones-crea-2\/#primaryimage"},"image":{"@id":"https:\/\/www.crea.gov.co\/crea-lucero-bajo\/vacaciones-crea-2\/#primaryimage"},"thumbnailUrl":"https:\/\/www.crea.gov.co\/crea-lucero-bajo\/wp-content\/uploads\/sites\/18\/2023\/06\/WhatsApp-Image-2023-06-09-at-11.12.29-AM.jpeg","datePublished":"2023-06-14T19:29:10+00:00","dateModified":"2023-06-21T16:45:40+00:00","author":{"@id":"https:\/\/www.crea.gov.co\/crea-lucero-bajo\/#\/schema\/person\/fa760553955240172cebbd5fa67f01f8"},"breadcrumb":{"@id":"https:\/\/www.crea.gov.co\/crea-lucero-bajo\/vacaciones-crea-2\/#breadcrumb"},"inLanguage":"es-CO","potentialAction":[{"@type":"ReadAction","target":["https:\/\/www.crea.gov.co\/crea-lucero-bajo\/vacaciones-crea-2\/"]}]},{"@type":"ImageObject","inLanguage":"es-CO","@id":"https:\/\/www.crea.gov.co\/crea-lucero-bajo\/vacaciones-crea-2\/#primaryimage","url":"https:\/\/www.crea.gov.co\/crea-lucero-bajo\/wp-content\/uploads\/sites\/18\/2023\/06\/WhatsApp-Image-2023-06-09-at-11.12.29-AM.jpeg","contentUrl":"https:\/\/www.crea.gov.co\/crea-lucero-bajo\/wp-content\/uploads\/sites\/18\/2023\/06\/WhatsApp-Image-2023-06-09-at-11.12.29-AM.jpeg","width":1600,"height":1200},{"@type":"BreadcrumbList","@id":"https:\/\/www.crea.gov.co\/crea-lucero-bajo\/vacaciones-crea-2\/#breadcrumb","itemListElement":[{"@type":"ListItem","position":1,"name":"Home","item":"https:\/\/www.crea.gov.co\/crea-lucero-bajo\/"},{"@type":"ListItem","position":2,"name":"VACACIONES CREA"}]},{"@type":"WebSite","@id":"https:\/\/www.crea.gov.co\/crea-lucero-bajo\/#website","url":"https:\/\/www.crea.gov.co\/crea-lucero-bajo\/","name":"Crea Lucero Bajo","description":"En Ciudad Bol\u00edvar, entre calles inclinadas que cuentan historias de esfuerzo y constancia, este espacio crece junto a una comunidad que ha levantado su barrio paso a paso. Aqu\u00ed, ni\u00f1as, ni\u00f1os, j\u00f3venes y adultos se encuentran en talleres que nacen de sus propias realidades, tejiendo juntos un sentido profundo de pertenencia y orgullo por su territorio.","potentialAction":[{"@type":"SearchAction","target":{"@type":"EntryPoint","urlTemplate":"https:\/\/www.crea.gov.co\/crea-lucero-bajo\/?s={search_term_string}"},"query-input":{"@type":"PropertyValueSpecification","valueRequired":true,"valueName":"search_term_string"}}],"inLanguage":"es-CO"},{"@type":"Person","@id":"https:\/\/www.crea.gov.co\/crea-lucero-bajo\/#\/schema\/person\/fa760553955240172cebbd5fa67f01f8","name":"angelahernandez","image":{"@type":"ImageObject","inLanguage":"es-CO","@id":"https:\/\/www.crea.gov.co\/crea-lucero-bajo\/#\/schema\/person\/image\/","url":"https:\/\/secure.gravatar.com\/avatar\/274dc762143df7cc7128f298648373ff?s=96&d=mm&r=g","contentUrl":"https:\/\/secure.gravatar.com\/avatar\/274dc762143df7cc7128f298648373ff?s=96&d=mm&r=g","caption":"angelahernandez"},"url":"https:\/\/www.crea.gov.co\/crea-lucero-bajo\/author\/angelahernandez\/"}]}},"_links":{"self":[{"href":"https:\/\/www.crea.gov.co\/crea-lucero-bajo\/wp-json\/wp\/v2\/posts\/327","targetHints":{"allow":["GET"]}}],"collection":[{"href":"https:\/\/www.crea.gov.co\/crea-lucero-bajo\/wp-json\/wp\/v2\/posts"}],"about":[{"href":"https:\/\/www.crea.gov.co\/crea-lucero-bajo\/wp-json\/wp\/v2\/types\/post"}],"author":[{"embeddable":true,"href":"https:\/\/www.crea.gov.co\/crea-lucero-bajo\/wp-json\/wp\/v2\/users\/72"}],"replies":[{"embeddable":true,"href":"https:\/\/www.crea.gov.co\/crea-lucero-bajo\/wp-json\/wp\/v2\/comments?post=327"}],"version-history":[{"count":5,"href":"https:\/\/www.crea.gov.co\/crea-lucero-bajo\/wp-json\/wp\/v2\/posts\/327\/revisions"}],"predecessor-version":[{"id":382,"href":"https:\/\/www.crea.gov.co\/crea-lucero-bajo\/wp-json\/wp\/v2\/posts\/327\/revisions\/382"}],"wp:featuredmedia":[{"embeddable":true,"href":"https:\/\/www.crea.gov.co\/crea-lucero-bajo\/wp-json\/wp\/v2\/media\/341"}],"wp:attachment":[{"href":"https:\/\/www.crea.gov.co\/crea-lucero-bajo\/wp-json\/wp\/v2\/media?parent=327"}],"wp:term":[{"taxonomy":"category","embeddable":true,"href":"https:\/\/www.crea.gov.co\/crea-lucero-bajo\/wp-json\/wp\/v2\/categories?post=327"},{"taxonomy":"post_tag","embeddable":true,"href":"https:\/\/www.crea.gov.co\/crea-lucero-bajo\/wp-json\/wp\/v2\/tags?post=327"}],"curies":[{"name":"wp","href":"https:\/\/api.w.org\/{rel}","templated":true}]}}