{"id":28,"date":"2021-10-19T13:26:00","date_gmt":"2021-10-19T13:26:00","guid":{"rendered":"https:\/\/www.crea.gov.co\/crea-lucero-bajo\/?post_type=news&#038;p=28"},"modified":"2021-11-25T04:11:23","modified_gmt":"2021-11-25T04:11:23","slug":"festival-creadores-a-la-escena-gira-inter-crea","status":"publish","type":"post","link":"https:\/\/www.crea.gov.co\/crea-lucero-bajo\/festival-creadores-a-la-escena-gira-inter-crea\/","title":{"rendered":"FESTIVAL CREADORES A LA ESCENA &#8211; GIRA INTER-CREA."},"content":{"rendered":"\n<p>En el marco del IV Festival Creadores a la escena: Gira InterCrea, el&nbsp;<em>Crea Lucero Bajo<\/em> presenta el pr\u00f3ximo 21 de octubre al colectivo teatral <strong>Matrioshka<\/strong> con su Obra &#8220;La fiesta de los locos&#8221;,  invitados especiales que vienen del \u2013&nbsp;<strong>Crea La Campi\u00f1a.<\/strong><\/p>\n\n\n\n<p>Adem\u00e1s se presentara el colectivo del Danza Break Dance <strong>Soul kids<\/strong> del <em>Crea Lucero Bajo<\/em> con su puesta en escena &#8220;Un Zapato sin talla&#8221; No Se lo pueden Perder 4:00pm. <\/p>\n\n\n\n<figure class=\"wp-block-image size-large\"><img loading=\"lazy\" decoding=\"async\" width=\"1024\" height=\"1024\" src=\"https:\/\/www.crea.gov.co\/crea-lucero-bajo\/wp-content\/uploads\/sites\/18\/2021\/10\/WhatsApp-Image-2021-10-15-at-3.28.22-PM-1024x1024.jpeg\" alt=\"\" class=\"wp-image-29\" srcset=\"https:\/\/www.crea.gov.co\/crea-lucero-bajo\/wp-content\/uploads\/sites\/18\/2021\/10\/WhatsApp-Image-2021-10-15-at-3.28.22-PM-1024x1024.jpeg 1024w, https:\/\/www.crea.gov.co\/crea-lucero-bajo\/wp-content\/uploads\/sites\/18\/2021\/10\/WhatsApp-Image-2021-10-15-at-3.28.22-PM-300x300.jpeg 300w, https:\/\/www.crea.gov.co\/crea-lucero-bajo\/wp-content\/uploads\/sites\/18\/2021\/10\/WhatsApp-Image-2021-10-15-at-3.28.22-PM-150x150.jpeg 150w, https:\/\/www.crea.gov.co\/crea-lucero-bajo\/wp-content\/uploads\/sites\/18\/2021\/10\/WhatsApp-Image-2021-10-15-at-3.28.22-PM-768x768.jpeg 768w, https:\/\/www.crea.gov.co\/crea-lucero-bajo\/wp-content\/uploads\/sites\/18\/2021\/10\/WhatsApp-Image-2021-10-15-at-3.28.22-PM.jpeg 1500w\" sizes=\"auto, (max-width: 1024px) 100vw, 1024px\" \/><\/figure>\n","protected":false},"excerpt":{"rendered":"<p>En el marco del IV Festival Creadores a la escena: Gira InterCrea, el&nbsp;Crea Lucero Bajo presenta el pr\u00f3ximo 21 de octubre al colectivo teatral Matrioshka con su Obra &#8220;La fiesta de los locos&#8221;, invitados especiales que vienen del \u2013&nbsp;Crea La Campi\u00f1a. Adem\u00e1s se presentara el colectivo del Danza Break Dance Soul kids del Crea Lucero [&hellip;]<\/p>\n","protected":false},"author":52,"featured_media":29,"comment_status":"open","ping_status":"closed","sticky":false,"template":"","format":"standard","meta":{"footnotes":""},"categories":[],"tags":[],"class_list":["post-28","post","type-post","status-publish","format-standard","has-post-thumbnail","hentry"],"yoast_head":"<!-- This site is optimized with the Yoast SEO plugin v24.5 - https:\/\/yoast.com\/wordpress\/plugins\/seo\/ -->\n<title>FESTIVAL CREADORES A LA ESCENA - GIRA INTER-CREA. - Crea Lucero Bajo<\/title>\n<meta name=\"robots\" content=\"index, follow, max-snippet:-1, max-image-preview:large, max-video-preview:-1\" \/>\n<link rel=\"canonical\" href=\"https:\/\/www.crea.gov.co\/crea-lucero-bajo\/festival-creadores-a-la-escena-gira-inter-crea\/\" \/>\n<meta property=\"og:locale\" content=\"es_ES\" \/>\n<meta property=\"og:type\" content=\"article\" \/>\n<meta property=\"og:title\" content=\"FESTIVAL CREADORES A LA ESCENA - GIRA INTER-CREA. - Crea Lucero Bajo\" \/>\n<meta property=\"og:description\" content=\"En el marco del IV Festival Creadores a la escena: Gira InterCrea, el&nbsp;Crea Lucero Bajo presenta el pr\u00f3ximo 21 de octubre al colectivo teatral Matrioshka con su Obra &#8220;La fiesta de los locos&#8221;, invitados especiales que vienen del \u2013&nbsp;Crea La Campi\u00f1a. Adem\u00e1s se presentara el colectivo del Danza Break Dance Soul kids del Crea Lucero [&hellip;]\" \/>\n<meta property=\"og:url\" content=\"https:\/\/www.crea.gov.co\/crea-lucero-bajo\/festival-creadores-a-la-escena-gira-inter-crea\/\" \/>\n<meta property=\"og:site_name\" content=\"Crea Lucero Bajo\" \/>\n<meta property=\"article:published_time\" content=\"2021-10-19T13:26:00+00:00\" \/>\n<meta property=\"article:modified_time\" content=\"2021-11-25T04:11:23+00:00\" \/>\n<meta property=\"og:image\" content=\"https:\/\/www.crea.gov.co\/crea-lucero-bajo\/wp-content\/uploads\/sites\/18\/2021\/10\/WhatsApp-Image-2021-10-15-at-3.28.22-PM.jpeg\" \/>\n\t<meta property=\"og:image:width\" content=\"1500\" \/>\n\t<meta property=\"og:image:height\" content=\"1500\" \/>\n\t<meta property=\"og:image:type\" content=\"image\/jpeg\" \/>\n<meta name=\"author\" content=\"andreabuitrago\" \/>\n<meta name=\"twitter:card\" content=\"summary_large_image\" \/>\n<meta name=\"twitter:label1\" content=\"Escrito por\" \/>\n\t<meta name=\"twitter:data1\" content=\"andreabuitrago\" \/>\n<script type=\"application\/ld+json\" class=\"yoast-schema-graph\">{\"@context\":\"https:\/\/schema.org\",\"@graph\":[{\"@type\":\"WebPage\",\"@id\":\"https:\/\/www.crea.gov.co\/crea-lucero-bajo\/festival-creadores-a-la-escena-gira-inter-crea\/\",\"url\":\"https:\/\/www.crea.gov.co\/crea-lucero-bajo\/festival-creadores-a-la-escena-gira-inter-crea\/\",\"name\":\"FESTIVAL CREADORES A LA ESCENA - GIRA INTER-CREA. - Crea Lucero Bajo\",\"isPartOf\":{\"@id\":\"https:\/\/www.crea.gov.co\/crea-lucero-bajo\/#website\"},\"primaryImageOfPage\":{\"@id\":\"https:\/\/www.crea.gov.co\/crea-lucero-bajo\/festival-creadores-a-la-escena-gira-inter-crea\/#primaryimage\"},\"image\":{\"@id\":\"https:\/\/www.crea.gov.co\/crea-lucero-bajo\/festival-creadores-a-la-escena-gira-inter-crea\/#primaryimage\"},\"thumbnailUrl\":\"https:\/\/www.crea.gov.co\/crea-lucero-bajo\/wp-content\/uploads\/sites\/18\/2021\/10\/WhatsApp-Image-2021-10-15-at-3.28.22-PM.jpeg\",\"datePublished\":\"2021-10-19T13:26:00+00:00\",\"dateModified\":\"2021-11-25T04:11:23+00:00\",\"author\":{\"@id\":\"https:\/\/www.crea.gov.co\/crea-lucero-bajo\/#\/schema\/person\/cd88a2bb5a059a97b34a2c9b19a9ec08\"},\"breadcrumb\":{\"@id\":\"https:\/\/www.crea.gov.co\/crea-lucero-bajo\/festival-creadores-a-la-escena-gira-inter-crea\/#breadcrumb\"},\"inLanguage\":\"es-CO\",\"potentialAction\":[{\"@type\":\"ReadAction\",\"target\":[\"https:\/\/www.crea.gov.co\/crea-lucero-bajo\/festival-creadores-a-la-escena-gira-inter-crea\/\"]}]},{\"@type\":\"ImageObject\",\"inLanguage\":\"es-CO\",\"@id\":\"https:\/\/www.crea.gov.co\/crea-lucero-bajo\/festival-creadores-a-la-escena-gira-inter-crea\/#primaryimage\",\"url\":\"https:\/\/www.crea.gov.co\/crea-lucero-bajo\/wp-content\/uploads\/sites\/18\/2021\/10\/WhatsApp-Image-2021-10-15-at-3.28.22-PM.jpeg\",\"contentUrl\":\"https:\/\/www.crea.gov.co\/crea-lucero-bajo\/wp-content\/uploads\/sites\/18\/2021\/10\/WhatsApp-Image-2021-10-15-at-3.28.22-PM.jpeg\",\"width\":1500,\"height\":1500},{\"@type\":\"BreadcrumbList\",\"@id\":\"https:\/\/www.crea.gov.co\/crea-lucero-bajo\/festival-creadores-a-la-escena-gira-inter-crea\/#breadcrumb\",\"itemListElement\":[{\"@type\":\"ListItem\",\"position\":1,\"name\":\"Home\",\"item\":\"https:\/\/www.crea.gov.co\/crea-lucero-bajo\/\"},{\"@type\":\"ListItem\",\"position\":2,\"name\":\"FESTIVAL CREADORES A LA ESCENA &#8211; GIRA INTER-CREA.\"}]},{\"@type\":\"WebSite\",\"@id\":\"https:\/\/www.crea.gov.co\/crea-lucero-bajo\/#website\",\"url\":\"https:\/\/www.crea.gov.co\/crea-lucero-bajo\/\",\"name\":\"Crea Lucero Bajo\",\"description\":\"En Ciudad Bol\u00edvar, entre calles inclinadas que cuentan historias de esfuerzo y constancia, este espacio crece junto a una comunidad que ha levantado su barrio paso a paso. Aqu\u00ed, ni\u00f1as, ni\u00f1os, j\u00f3venes y adultos se encuentran en talleres que nacen de sus propias realidades, tejiendo juntos un sentido profundo de pertenencia y orgullo por su territorio.\",\"potentialAction\":[{\"@type\":\"SearchAction\",\"target\":{\"@type\":\"EntryPoint\",\"urlTemplate\":\"https:\/\/www.crea.gov.co\/crea-lucero-bajo\/?s={search_term_string}\"},\"query-input\":{\"@type\":\"PropertyValueSpecification\",\"valueRequired\":true,\"valueName\":\"search_term_string\"}}],\"inLanguage\":\"es-CO\"},{\"@type\":\"Person\",\"@id\":\"https:\/\/www.crea.gov.co\/crea-lucero-bajo\/#\/schema\/person\/cd88a2bb5a059a97b34a2c9b19a9ec08\",\"name\":\"andreabuitrago\",\"image\":{\"@type\":\"ImageObject\",\"inLanguage\":\"es-CO\",\"@id\":\"https:\/\/www.crea.gov.co\/crea-lucero-bajo\/#\/schema\/person\/image\/\",\"url\":\"https:\/\/secure.gravatar.com\/avatar\/e6b54eb2c91227e6015338d3251762db?s=96&d=mm&r=g\",\"contentUrl\":\"https:\/\/secure.gravatar.com\/avatar\/e6b54eb2c91227e6015338d3251762db?s=96&d=mm&r=g\",\"caption\":\"andreabuitrago\"},\"url\":\"https:\/\/www.crea.gov.co\/crea-lucero-bajo\/author\/andreabuitrago\/\"}]}<\/script>\n<!-- \/ Yoast SEO plugin. -->","yoast_head_json":{"title":"FESTIVAL CREADORES A LA ESCENA - GIRA INTER-CREA. - Crea Lucero Bajo","robots":{"index":"index","follow":"follow","max-snippet":"max-snippet:-1","max-image-preview":"max-image-preview:large","max-video-preview":"max-video-preview:-1"},"canonical":"https:\/\/www.crea.gov.co\/crea-lucero-bajo\/festival-creadores-a-la-escena-gira-inter-crea\/","og_locale":"es_ES","og_type":"article","og_title":"FESTIVAL CREADORES A LA ESCENA - GIRA INTER-CREA. - Crea Lucero Bajo","og_description":"En el marco del IV Festival Creadores a la escena: Gira InterCrea, el&nbsp;Crea Lucero Bajo presenta el pr\u00f3ximo 21 de octubre al colectivo teatral Matrioshka con su Obra &#8220;La fiesta de los locos&#8221;, invitados especiales que vienen del \u2013&nbsp;Crea La Campi\u00f1a. Adem\u00e1s se presentara el colectivo del Danza Break Dance Soul kids del Crea Lucero [&hellip;]","og_url":"https:\/\/www.crea.gov.co\/crea-lucero-bajo\/festival-creadores-a-la-escena-gira-inter-crea\/","og_site_name":"Crea Lucero Bajo","article_published_time":"2021-10-19T13:26:00+00:00","article_modified_time":"2021-11-25T04:11:23+00:00","og_image":[{"width":1500,"height":1500,"url":"https:\/\/www.crea.gov.co\/crea-lucero-bajo\/wp-content\/uploads\/sites\/18\/2021\/10\/WhatsApp-Image-2021-10-15-at-3.28.22-PM.jpeg","type":"image\/jpeg"}],"author":"andreabuitrago","twitter_card":"summary_large_image","twitter_misc":{"Escrito por":"andreabuitrago"},"schema":{"@context":"https:\/\/schema.org","@graph":[{"@type":"WebPage","@id":"https:\/\/www.crea.gov.co\/crea-lucero-bajo\/festival-creadores-a-la-escena-gira-inter-crea\/","url":"https:\/\/www.crea.gov.co\/crea-lucero-bajo\/festival-creadores-a-la-escena-gira-inter-crea\/","name":"FESTIVAL CREADORES A LA ESCENA - GIRA INTER-CREA. - Crea Lucero Bajo","isPartOf":{"@id":"https:\/\/www.crea.gov.co\/crea-lucero-bajo\/#website"},"primaryImageOfPage":{"@id":"https:\/\/www.crea.gov.co\/crea-lucero-bajo\/festival-creadores-a-la-escena-gira-inter-crea\/#primaryimage"},"image":{"@id":"https:\/\/www.crea.gov.co\/crea-lucero-bajo\/festival-creadores-a-la-escena-gira-inter-crea\/#primaryimage"},"thumbnailUrl":"https:\/\/www.crea.gov.co\/crea-lucero-bajo\/wp-content\/uploads\/sites\/18\/2021\/10\/WhatsApp-Image-2021-10-15-at-3.28.22-PM.jpeg","datePublished":"2021-10-19T13:26:00+00:00","dateModified":"2021-11-25T04:11:23+00:00","author":{"@id":"https:\/\/www.crea.gov.co\/crea-lucero-bajo\/#\/schema\/person\/cd88a2bb5a059a97b34a2c9b19a9ec08"},"breadcrumb":{"@id":"https:\/\/www.crea.gov.co\/crea-lucero-bajo\/festival-creadores-a-la-escena-gira-inter-crea\/#breadcrumb"},"inLanguage":"es-CO","potentialAction":[{"@type":"ReadAction","target":["https:\/\/www.crea.gov.co\/crea-lucero-bajo\/festival-creadores-a-la-escena-gira-inter-crea\/"]}]},{"@type":"ImageObject","inLanguage":"es-CO","@id":"https:\/\/www.crea.gov.co\/crea-lucero-bajo\/festival-creadores-a-la-escena-gira-inter-crea\/#primaryimage","url":"https:\/\/www.crea.gov.co\/crea-lucero-bajo\/wp-content\/uploads\/sites\/18\/2021\/10\/WhatsApp-Image-2021-10-15-at-3.28.22-PM.jpeg","contentUrl":"https:\/\/www.crea.gov.co\/crea-lucero-bajo\/wp-content\/uploads\/sites\/18\/2021\/10\/WhatsApp-Image-2021-10-15-at-3.28.22-PM.jpeg","width":1500,"height":1500},{"@type":"BreadcrumbList","@id":"https:\/\/www.crea.gov.co\/crea-lucero-bajo\/festival-creadores-a-la-escena-gira-inter-crea\/#breadcrumb","itemListElement":[{"@type":"ListItem","position":1,"name":"Home","item":"https:\/\/www.crea.gov.co\/crea-lucero-bajo\/"},{"@type":"ListItem","position":2,"name":"FESTIVAL CREADORES A LA ESCENA &#8211; GIRA INTER-CREA."}]},{"@type":"WebSite","@id":"https:\/\/www.crea.gov.co\/crea-lucero-bajo\/#website","url":"https:\/\/www.crea.gov.co\/crea-lucero-bajo\/","name":"Crea Lucero Bajo","description":"En Ciudad Bol\u00edvar, entre calles inclinadas que cuentan historias de esfuerzo y constancia, este espacio crece junto a una comunidad que ha levantado su barrio paso a paso. Aqu\u00ed, ni\u00f1as, ni\u00f1os, j\u00f3venes y adultos se encuentran en talleres que nacen de sus propias realidades, tejiendo juntos un sentido profundo de pertenencia y orgullo por su territorio.","potentialAction":[{"@type":"SearchAction","target":{"@type":"EntryPoint","urlTemplate":"https:\/\/www.crea.gov.co\/crea-lucero-bajo\/?s={search_term_string}"},"query-input":{"@type":"PropertyValueSpecification","valueRequired":true,"valueName":"search_term_string"}}],"inLanguage":"es-CO"},{"@type":"Person","@id":"https:\/\/www.crea.gov.co\/crea-lucero-bajo\/#\/schema\/person\/cd88a2bb5a059a97b34a2c9b19a9ec08","name":"andreabuitrago","image":{"@type":"ImageObject","inLanguage":"es-CO","@id":"https:\/\/www.crea.gov.co\/crea-lucero-bajo\/#\/schema\/person\/image\/","url":"https:\/\/secure.gravatar.com\/avatar\/e6b54eb2c91227e6015338d3251762db?s=96&d=mm&r=g","contentUrl":"https:\/\/secure.gravatar.com\/avatar\/e6b54eb2c91227e6015338d3251762db?s=96&d=mm&r=g","caption":"andreabuitrago"},"url":"https:\/\/www.crea.gov.co\/crea-lucero-bajo\/author\/andreabuitrago\/"}]}},"_links":{"self":[{"href":"https:\/\/www.crea.gov.co\/crea-lucero-bajo\/wp-json\/wp\/v2\/posts\/28","targetHints":{"allow":["GET"]}}],"collection":[{"href":"https:\/\/www.crea.gov.co\/crea-lucero-bajo\/wp-json\/wp\/v2\/posts"}],"about":[{"href":"https:\/\/www.crea.gov.co\/crea-lucero-bajo\/wp-json\/wp\/v2\/types\/post"}],"author":[{"embeddable":true,"href":"https:\/\/www.crea.gov.co\/crea-lucero-bajo\/wp-json\/wp\/v2\/users\/52"}],"replies":[{"embeddable":true,"href":"https:\/\/www.crea.gov.co\/crea-lucero-bajo\/wp-json\/wp\/v2\/comments?post=28"}],"version-history":[{"count":0,"href":"https:\/\/www.crea.gov.co\/crea-lucero-bajo\/wp-json\/wp\/v2\/posts\/28\/revisions"}],"wp:featuredmedia":[{"embeddable":true,"href":"https:\/\/www.crea.gov.co\/crea-lucero-bajo\/wp-json\/wp\/v2\/media\/29"}],"wp:attachment":[{"href":"https:\/\/www.crea.gov.co\/crea-lucero-bajo\/wp-json\/wp\/v2\/media?parent=28"}],"wp:term":[{"taxonomy":"category","embeddable":true,"href":"https:\/\/www.crea.gov.co\/crea-lucero-bajo\/wp-json\/wp\/v2\/categories?post=28"},{"taxonomy":"post_tag","embeddable":true,"href":"https:\/\/www.crea.gov.co\/crea-lucero-bajo\/wp-json\/wp\/v2\/tags?post=28"}],"curies":[{"name":"wp","href":"https:\/\/api.w.org\/{rel}","templated":true}]}}