{"id":24,"date":"2021-10-15T16:43:28","date_gmt":"2021-10-15T16:43:28","guid":{"rendered":"https:\/\/www.crea.gov.co\/crea-lucero-bajo\/?post_type=news&#038;p=24"},"modified":"2021-11-25T04:10:38","modified_gmt":"2021-11-25T04:10:38","slug":"iii-encuentro-pedagogico-de-danza","status":"publish","type":"post","link":"https:\/\/www.crea.gov.co\/crea-lucero-bajo\/iii-encuentro-pedagogico-de-danza\/","title":{"rendered":"III ENCUENTRO PEDAGOGICO DE DANZA"},"content":{"rendered":"\n<p>Este encuentro busca&nbsp;generar&nbsp; un espacio de visibilizaci\u00f3n y reflexi\u00f3n en torno a la pr\u00e1ctica art\u00edstica de los artistas formadores, haciendo visibles sus aportes, retos, preguntas y metodolog\u00edas implementadas alrededor de los procesos de&nbsp; investigaci\u00f3n,&nbsp; formaci\u00f3n y creaci\u00f3n del \u00e1rea de danza, este 19 y 20 de octubre en el&nbsp;III Encuentro Pedag\u00f3gico de Danza, Mentes Creativas Cuerpos en Movimiento&nbsp;&nbsp;que se llevar\u00e1 a cabo en el Teatro Jorge Eli\u00e9cer Gait\u00e1n, tendremos la oportunidad de ver varios colectivos art\u00edsticos uno de ellos Sould Kids del Crea Lucero Bajo, con su puesta en escena &#8220;Zapato sin talla&#8221;.  <\/p>\n\n\n\n<p>No se pierdan la oportunidad de ver la nueva propuesta de este colectivo de Break Dance, La cita es el pr\u00f3ximo 20 de octubre a las 4:00 Pm Aforo limitado<a rel=\"noreferrer noopener\" href=\"https:\/\/meet.google.com\/obw-jwbb-wjd\" target=\"_blank\">.<\/a><br><strong>\u00a1Te esperamos!<\/strong><\/p>\n\n\n\n<figure class=\"wp-block-image size-large\"><img loading=\"lazy\" decoding=\"async\" width=\"1024\" height=\"1024\" src=\"https:\/\/www.crea.gov.co\/crea-lucero-bajo\/wp-content\/uploads\/sites\/18\/2021\/10\/3er-Encuentro-Pedagogico-de-Danza_programacion_3-2-1024x1024.jpg\" alt=\"\" class=\"wp-image-25\" srcset=\"https:\/\/www.crea.gov.co\/crea-lucero-bajo\/wp-content\/uploads\/sites\/18\/2021\/10\/3er-Encuentro-Pedagogico-de-Danza_programacion_3-2-1024x1024.jpg 1024w, https:\/\/www.crea.gov.co\/crea-lucero-bajo\/wp-content\/uploads\/sites\/18\/2021\/10\/3er-Encuentro-Pedagogico-de-Danza_programacion_3-2-300x300.jpg 300w, https:\/\/www.crea.gov.co\/crea-lucero-bajo\/wp-content\/uploads\/sites\/18\/2021\/10\/3er-Encuentro-Pedagogico-de-Danza_programacion_3-2-150x150.jpg 150w, https:\/\/www.crea.gov.co\/crea-lucero-bajo\/wp-content\/uploads\/sites\/18\/2021\/10\/3er-Encuentro-Pedagogico-de-Danza_programacion_3-2-768x768.jpg 768w, https:\/\/www.crea.gov.co\/crea-lucero-bajo\/wp-content\/uploads\/sites\/18\/2021\/10\/3er-Encuentro-Pedagogico-de-Danza_programacion_3-2.jpg 1500w\" sizes=\"auto, (max-width: 1024px) 100vw, 1024px\" \/><\/figure>\n","protected":false},"excerpt":{"rendered":"<p>Este encuentro busca&nbsp;generar&nbsp; un espacio de visibilizaci\u00f3n y reflexi\u00f3n en torno a la pr\u00e1ctica art\u00edstica de los artistas formadores, haciendo visibles sus aportes, retos, preguntas y metodolog\u00edas implementadas alrededor de los procesos de&nbsp; investigaci\u00f3n,&nbsp; formaci\u00f3n y creaci\u00f3n del \u00e1rea de danza, este 19 y 20 de octubre en el&nbsp;III Encuentro Pedag\u00f3gico de Danza, Mentes Creativas [&hellip;]<\/p>\n","protected":false},"author":52,"featured_media":25,"comment_status":"open","ping_status":"closed","sticky":false,"template":"","format":"standard","meta":{"footnotes":""},"categories":[],"tags":[],"class_list":["post-24","post","type-post","status-publish","format-standard","has-post-thumbnail","hentry"],"yoast_head":"<!-- This site is optimized with the Yoast SEO plugin v24.5 - https:\/\/yoast.com\/wordpress\/plugins\/seo\/ -->\n<title>III ENCUENTRO PEDAGOGICO DE DANZA - Crea Lucero Bajo<\/title>\n<meta name=\"robots\" content=\"index, follow, max-snippet:-1, max-image-preview:large, max-video-preview:-1\" \/>\n<link rel=\"canonical\" href=\"https:\/\/www.crea.gov.co\/crea-lucero-bajo\/iii-encuentro-pedagogico-de-danza\/\" \/>\n<meta property=\"og:locale\" content=\"es_ES\" \/>\n<meta property=\"og:type\" content=\"article\" \/>\n<meta property=\"og:title\" content=\"III ENCUENTRO PEDAGOGICO DE DANZA - Crea Lucero Bajo\" \/>\n<meta property=\"og:description\" content=\"Este encuentro busca&nbsp;generar&nbsp; un espacio de visibilizaci\u00f3n y reflexi\u00f3n en torno a la pr\u00e1ctica art\u00edstica de los artistas formadores, haciendo visibles sus aportes, retos, preguntas y metodolog\u00edas implementadas alrededor de los procesos de&nbsp; investigaci\u00f3n,&nbsp; formaci\u00f3n y creaci\u00f3n del \u00e1rea de danza, este 19 y 20 de octubre en el&nbsp;III Encuentro Pedag\u00f3gico de Danza, Mentes Creativas [&hellip;]\" \/>\n<meta property=\"og:url\" content=\"https:\/\/www.crea.gov.co\/crea-lucero-bajo\/iii-encuentro-pedagogico-de-danza\/\" \/>\n<meta property=\"og:site_name\" content=\"Crea Lucero Bajo\" \/>\n<meta property=\"article:published_time\" content=\"2021-10-15T16:43:28+00:00\" \/>\n<meta property=\"article:modified_time\" content=\"2021-11-25T04:10:38+00:00\" \/>\n<meta property=\"og:image\" content=\"https:\/\/www.crea.gov.co\/crea-lucero-bajo\/wp-content\/uploads\/sites\/18\/2021\/10\/3er-Encuentro-Pedagogico-de-Danza_programacion_3-2.jpg\" \/>\n\t<meta property=\"og:image:width\" content=\"1500\" \/>\n\t<meta property=\"og:image:height\" content=\"1500\" \/>\n\t<meta property=\"og:image:type\" content=\"image\/jpeg\" \/>\n<meta name=\"author\" content=\"andreabuitrago\" \/>\n<meta name=\"twitter:card\" content=\"summary_large_image\" \/>\n<meta name=\"twitter:label1\" content=\"Escrito por\" \/>\n\t<meta name=\"twitter:data1\" content=\"andreabuitrago\" \/>\n\t<meta name=\"twitter:label2\" content=\"Tiempo de lectura\" \/>\n\t<meta name=\"twitter:data2\" content=\"1 minuto\" \/>\n<script type=\"application\/ld+json\" class=\"yoast-schema-graph\">{\"@context\":\"https:\/\/schema.org\",\"@graph\":[{\"@type\":\"WebPage\",\"@id\":\"https:\/\/www.crea.gov.co\/crea-lucero-bajo\/iii-encuentro-pedagogico-de-danza\/\",\"url\":\"https:\/\/www.crea.gov.co\/crea-lucero-bajo\/iii-encuentro-pedagogico-de-danza\/\",\"name\":\"III ENCUENTRO PEDAGOGICO DE DANZA - Crea Lucero Bajo\",\"isPartOf\":{\"@id\":\"https:\/\/www.crea.gov.co\/crea-lucero-bajo\/#website\"},\"primaryImageOfPage\":{\"@id\":\"https:\/\/www.crea.gov.co\/crea-lucero-bajo\/iii-encuentro-pedagogico-de-danza\/#primaryimage\"},\"image\":{\"@id\":\"https:\/\/www.crea.gov.co\/crea-lucero-bajo\/iii-encuentro-pedagogico-de-danza\/#primaryimage\"},\"thumbnailUrl\":\"https:\/\/www.crea.gov.co\/crea-lucero-bajo\/wp-content\/uploads\/sites\/18\/2021\/10\/3er-Encuentro-Pedagogico-de-Danza_programacion_3-2.jpg\",\"datePublished\":\"2021-10-15T16:43:28+00:00\",\"dateModified\":\"2021-11-25T04:10:38+00:00\",\"author\":{\"@id\":\"https:\/\/www.crea.gov.co\/crea-lucero-bajo\/#\/schema\/person\/cd88a2bb5a059a97b34a2c9b19a9ec08\"},\"breadcrumb\":{\"@id\":\"https:\/\/www.crea.gov.co\/crea-lucero-bajo\/iii-encuentro-pedagogico-de-danza\/#breadcrumb\"},\"inLanguage\":\"es-CO\",\"potentialAction\":[{\"@type\":\"ReadAction\",\"target\":[\"https:\/\/www.crea.gov.co\/crea-lucero-bajo\/iii-encuentro-pedagogico-de-danza\/\"]}]},{\"@type\":\"ImageObject\",\"inLanguage\":\"es-CO\",\"@id\":\"https:\/\/www.crea.gov.co\/crea-lucero-bajo\/iii-encuentro-pedagogico-de-danza\/#primaryimage\",\"url\":\"https:\/\/www.crea.gov.co\/crea-lucero-bajo\/wp-content\/uploads\/sites\/18\/2021\/10\/3er-Encuentro-Pedagogico-de-Danza_programacion_3-2.jpg\",\"contentUrl\":\"https:\/\/www.crea.gov.co\/crea-lucero-bajo\/wp-content\/uploads\/sites\/18\/2021\/10\/3er-Encuentro-Pedagogico-de-Danza_programacion_3-2.jpg\",\"width\":1500,\"height\":1500},{\"@type\":\"BreadcrumbList\",\"@id\":\"https:\/\/www.crea.gov.co\/crea-lucero-bajo\/iii-encuentro-pedagogico-de-danza\/#breadcrumb\",\"itemListElement\":[{\"@type\":\"ListItem\",\"position\":1,\"name\":\"Home\",\"item\":\"https:\/\/www.crea.gov.co\/crea-lucero-bajo\/\"},{\"@type\":\"ListItem\",\"position\":2,\"name\":\"III ENCUENTRO PEDAGOGICO DE DANZA\"}]},{\"@type\":\"WebSite\",\"@id\":\"https:\/\/www.crea.gov.co\/crea-lucero-bajo\/#website\",\"url\":\"https:\/\/www.crea.gov.co\/crea-lucero-bajo\/\",\"name\":\"Crea Lucero Bajo\",\"description\":\"En Ciudad Bol\u00edvar, entre calles inclinadas que cuentan historias de esfuerzo y constancia, este espacio crece junto a una comunidad que ha levantado su barrio paso a paso. Aqu\u00ed, ni\u00f1as, ni\u00f1os, j\u00f3venes y adultos se encuentran en talleres que nacen de sus propias realidades, tejiendo juntos un sentido profundo de pertenencia y orgullo por su territorio.\",\"potentialAction\":[{\"@type\":\"SearchAction\",\"target\":{\"@type\":\"EntryPoint\",\"urlTemplate\":\"https:\/\/www.crea.gov.co\/crea-lucero-bajo\/?s={search_term_string}\"},\"query-input\":{\"@type\":\"PropertyValueSpecification\",\"valueRequired\":true,\"valueName\":\"search_term_string\"}}],\"inLanguage\":\"es-CO\"},{\"@type\":\"Person\",\"@id\":\"https:\/\/www.crea.gov.co\/crea-lucero-bajo\/#\/schema\/person\/cd88a2bb5a059a97b34a2c9b19a9ec08\",\"name\":\"andreabuitrago\",\"image\":{\"@type\":\"ImageObject\",\"inLanguage\":\"es-CO\",\"@id\":\"https:\/\/www.crea.gov.co\/crea-lucero-bajo\/#\/schema\/person\/image\/\",\"url\":\"https:\/\/secure.gravatar.com\/avatar\/e6b54eb2c91227e6015338d3251762db?s=96&d=mm&r=g\",\"contentUrl\":\"https:\/\/secure.gravatar.com\/avatar\/e6b54eb2c91227e6015338d3251762db?s=96&d=mm&r=g\",\"caption\":\"andreabuitrago\"},\"url\":\"https:\/\/www.crea.gov.co\/crea-lucero-bajo\/author\/andreabuitrago\/\"}]}<\/script>\n<!-- \/ Yoast SEO plugin. -->","yoast_head_json":{"title":"III ENCUENTRO PEDAGOGICO DE DANZA - Crea Lucero Bajo","robots":{"index":"index","follow":"follow","max-snippet":"max-snippet:-1","max-image-preview":"max-image-preview:large","max-video-preview":"max-video-preview:-1"},"canonical":"https:\/\/www.crea.gov.co\/crea-lucero-bajo\/iii-encuentro-pedagogico-de-danza\/","og_locale":"es_ES","og_type":"article","og_title":"III ENCUENTRO PEDAGOGICO DE DANZA - Crea Lucero Bajo","og_description":"Este encuentro busca&nbsp;generar&nbsp; un espacio de visibilizaci\u00f3n y reflexi\u00f3n en torno a la pr\u00e1ctica art\u00edstica de los artistas formadores, haciendo visibles sus aportes, retos, preguntas y metodolog\u00edas implementadas alrededor de los procesos de&nbsp; investigaci\u00f3n,&nbsp; formaci\u00f3n y creaci\u00f3n del \u00e1rea de danza, este 19 y 20 de octubre en el&nbsp;III Encuentro Pedag\u00f3gico de Danza, Mentes Creativas [&hellip;]","og_url":"https:\/\/www.crea.gov.co\/crea-lucero-bajo\/iii-encuentro-pedagogico-de-danza\/","og_site_name":"Crea Lucero Bajo","article_published_time":"2021-10-15T16:43:28+00:00","article_modified_time":"2021-11-25T04:10:38+00:00","og_image":[{"width":1500,"height":1500,"url":"https:\/\/www.crea.gov.co\/crea-lucero-bajo\/wp-content\/uploads\/sites\/18\/2021\/10\/3er-Encuentro-Pedagogico-de-Danza_programacion_3-2.jpg","type":"image\/jpeg"}],"author":"andreabuitrago","twitter_card":"summary_large_image","twitter_misc":{"Escrito por":"andreabuitrago","Tiempo de lectura":"1 minuto"},"schema":{"@context":"https:\/\/schema.org","@graph":[{"@type":"WebPage","@id":"https:\/\/www.crea.gov.co\/crea-lucero-bajo\/iii-encuentro-pedagogico-de-danza\/","url":"https:\/\/www.crea.gov.co\/crea-lucero-bajo\/iii-encuentro-pedagogico-de-danza\/","name":"III ENCUENTRO PEDAGOGICO DE DANZA - Crea Lucero Bajo","isPartOf":{"@id":"https:\/\/www.crea.gov.co\/crea-lucero-bajo\/#website"},"primaryImageOfPage":{"@id":"https:\/\/www.crea.gov.co\/crea-lucero-bajo\/iii-encuentro-pedagogico-de-danza\/#primaryimage"},"image":{"@id":"https:\/\/www.crea.gov.co\/crea-lucero-bajo\/iii-encuentro-pedagogico-de-danza\/#primaryimage"},"thumbnailUrl":"https:\/\/www.crea.gov.co\/crea-lucero-bajo\/wp-content\/uploads\/sites\/18\/2021\/10\/3er-Encuentro-Pedagogico-de-Danza_programacion_3-2.jpg","datePublished":"2021-10-15T16:43:28+00:00","dateModified":"2021-11-25T04:10:38+00:00","author":{"@id":"https:\/\/www.crea.gov.co\/crea-lucero-bajo\/#\/schema\/person\/cd88a2bb5a059a97b34a2c9b19a9ec08"},"breadcrumb":{"@id":"https:\/\/www.crea.gov.co\/crea-lucero-bajo\/iii-encuentro-pedagogico-de-danza\/#breadcrumb"},"inLanguage":"es-CO","potentialAction":[{"@type":"ReadAction","target":["https:\/\/www.crea.gov.co\/crea-lucero-bajo\/iii-encuentro-pedagogico-de-danza\/"]}]},{"@type":"ImageObject","inLanguage":"es-CO","@id":"https:\/\/www.crea.gov.co\/crea-lucero-bajo\/iii-encuentro-pedagogico-de-danza\/#primaryimage","url":"https:\/\/www.crea.gov.co\/crea-lucero-bajo\/wp-content\/uploads\/sites\/18\/2021\/10\/3er-Encuentro-Pedagogico-de-Danza_programacion_3-2.jpg","contentUrl":"https:\/\/www.crea.gov.co\/crea-lucero-bajo\/wp-content\/uploads\/sites\/18\/2021\/10\/3er-Encuentro-Pedagogico-de-Danza_programacion_3-2.jpg","width":1500,"height":1500},{"@type":"BreadcrumbList","@id":"https:\/\/www.crea.gov.co\/crea-lucero-bajo\/iii-encuentro-pedagogico-de-danza\/#breadcrumb","itemListElement":[{"@type":"ListItem","position":1,"name":"Home","item":"https:\/\/www.crea.gov.co\/crea-lucero-bajo\/"},{"@type":"ListItem","position":2,"name":"III ENCUENTRO PEDAGOGICO DE DANZA"}]},{"@type":"WebSite","@id":"https:\/\/www.crea.gov.co\/crea-lucero-bajo\/#website","url":"https:\/\/www.crea.gov.co\/crea-lucero-bajo\/","name":"Crea Lucero Bajo","description":"En Ciudad Bol\u00edvar, entre calles inclinadas que cuentan historias de esfuerzo y constancia, este espacio crece junto a una comunidad que ha levantado su barrio paso a paso. Aqu\u00ed, ni\u00f1as, ni\u00f1os, j\u00f3venes y adultos se encuentran en talleres que nacen de sus propias realidades, tejiendo juntos un sentido profundo de pertenencia y orgullo por su territorio.","potentialAction":[{"@type":"SearchAction","target":{"@type":"EntryPoint","urlTemplate":"https:\/\/www.crea.gov.co\/crea-lucero-bajo\/?s={search_term_string}"},"query-input":{"@type":"PropertyValueSpecification","valueRequired":true,"valueName":"search_term_string"}}],"inLanguage":"es-CO"},{"@type":"Person","@id":"https:\/\/www.crea.gov.co\/crea-lucero-bajo\/#\/schema\/person\/cd88a2bb5a059a97b34a2c9b19a9ec08","name":"andreabuitrago","image":{"@type":"ImageObject","inLanguage":"es-CO","@id":"https:\/\/www.crea.gov.co\/crea-lucero-bajo\/#\/schema\/person\/image\/","url":"https:\/\/secure.gravatar.com\/avatar\/e6b54eb2c91227e6015338d3251762db?s=96&d=mm&r=g","contentUrl":"https:\/\/secure.gravatar.com\/avatar\/e6b54eb2c91227e6015338d3251762db?s=96&d=mm&r=g","caption":"andreabuitrago"},"url":"https:\/\/www.crea.gov.co\/crea-lucero-bajo\/author\/andreabuitrago\/"}]}},"_links":{"self":[{"href":"https:\/\/www.crea.gov.co\/crea-lucero-bajo\/wp-json\/wp\/v2\/posts\/24","targetHints":{"allow":["GET"]}}],"collection":[{"href":"https:\/\/www.crea.gov.co\/crea-lucero-bajo\/wp-json\/wp\/v2\/posts"}],"about":[{"href":"https:\/\/www.crea.gov.co\/crea-lucero-bajo\/wp-json\/wp\/v2\/types\/post"}],"author":[{"embeddable":true,"href":"https:\/\/www.crea.gov.co\/crea-lucero-bajo\/wp-json\/wp\/v2\/users\/52"}],"replies":[{"embeddable":true,"href":"https:\/\/www.crea.gov.co\/crea-lucero-bajo\/wp-json\/wp\/v2\/comments?post=24"}],"version-history":[{"count":0,"href":"https:\/\/www.crea.gov.co\/crea-lucero-bajo\/wp-json\/wp\/v2\/posts\/24\/revisions"}],"wp:featuredmedia":[{"embeddable":true,"href":"https:\/\/www.crea.gov.co\/crea-lucero-bajo\/wp-json\/wp\/v2\/media\/25"}],"wp:attachment":[{"href":"https:\/\/www.crea.gov.co\/crea-lucero-bajo\/wp-json\/wp\/v2\/media?parent=24"}],"wp:term":[{"taxonomy":"category","embeddable":true,"href":"https:\/\/www.crea.gov.co\/crea-lucero-bajo\/wp-json\/wp\/v2\/categories?post=24"},{"taxonomy":"post_tag","embeddable":true,"href":"https:\/\/www.crea.gov.co\/crea-lucero-bajo\/wp-json\/wp\/v2\/tags?post=24"}],"curies":[{"name":"wp","href":"https:\/\/api.w.org\/{rel}","templated":true}]}}